{"id":1023,"date":"2018-05-15T15:36:22","date_gmt":"2018-05-15T15:36:22","guid":{"rendered":"http:\/\/450841.test-my-website.de\/?p=1023"},"modified":"2018-05-15T15:36:22","modified_gmt":"2018-05-15T15:36:22","slug":"reilinger-gruene-zur-schulsozialarbeit-und-zur-mobilen-jugendarbeit","status":"publish","type":"post","link":"https:\/\/gruene-reilingen.de\/?p=1023","title":{"rendered":"Reilinger Gr\u00fcne zur Schulsozialarbeit und zur mobilen Jugendarbeit"},"content":{"rendered":"<p>Mit unserer Gemeinschaftsschule werden k\u00fcnftig wieder mehr Sch\u00fclerinnen und Sch\u00fcler in Reilingen zur Schule gehen. Wir begr\u00fc\u00dfen daher den geplanten Ausbau der Schulsozialarbeit von einer Halbtagsstelle in eine Vollzeitstelle. Durch Zusch\u00fcsse wird diese Stelle zu 50 Prozent von Kreis und Land finanziert werden.<\/p>\n<p>Als Erg\u00e4nzung der Schulsozialarbeit ist jedoch die mobile Jugendarbeit aus unserer Sicht ebenfalls s<span class=\"text_exposed_show\">ehr wichtig. Wir haben in Reilingen viele tolle Vereine, die sich in der Jugendarbeit engagieren. Eine mobile Jugendarbeit kann hier als Bindeglied zwischen Schule, Familie und Freizeit dienen.<\/span><\/p>\n<div class=\"text_exposed_show\">\n<p>Der Jugendtreff war jahrelang im Keller des Franz-Riegler-Hauses untergebracht. Die Luft war dort sehr feucht. Geschirr und Besteck waren von Schimmel befallen. Es ergab Sinn, den Jugendtreff aus dem Keller im Rieglerhaus herauszuholen. Unser Antrag, das Alte Wasserwerk zum Jugendtreff umzubauen, konnte leider nicht realisiert werden. Ein Jugendtreff wird aus unserer Sicht dann erfolgreich, wenn er auch einen Au\u00dfenbereich hat. Daher finden wir es gut, dass \u00fcber alternative Aufenthaltsm\u00f6glichkeiten wie z.B. hinter den Fritz-Mannherz-Hallen nachgedacht wird.<\/p>\n<p>Gut ist, dass die Gemeinde anerkennt, dass die mobile Jugendarbeit wichtig ist und erhalten bleiben soll. Schlecht ist aus unserer Sicht, dass man trotz dieser Feststellung die mobile Jugendarbeit auf eine 50 Prozent-Teilzeitstelle reduziert.<\/p>\n<p>Die Gr\u00fcnen h\u00e4tten sich eher gew\u00fcnscht, dass man bei der mobilen Jugendarbeit keine Reduzierung vornimmt. Wir nehmen aber auch zur Kenntnis, dass die Vorschl\u00e4ge (Ausbau Schulsozialarbeit, Reduzierung mobile Jugendarbeit, neuer Standort f\u00fcr den Jugendtreff) mit dem Postillion gemeinsam erarbeitet wurden, die Schulsozialarbeit deutlich ausgebaut wird und eine neue Aufenthaltsm\u00f6glichkeit f\u00fcr Jugendliche geschaffen werden soll. Unterm Strich stellt dies eine Verbesserung dar.<\/p>\n<\/div>\n","protected":false},"excerpt":{"rendered":"<p>Mit unserer Gemeinschaftsschule werden k\u00fcnftig wieder mehr Sch\u00fclerinnen und Sch\u00fcler in Reilingen zur Schule gehen. Wir begr\u00fc\u00dfen daher den geplanten Ausbau der Schulsozialarbeit von einer Halbtagsstelle in eine Vollzeitstelle. Durch [&hellip;]<\/p>\n","protected":false},"author":-1,"featured_media":0,"comment_status":"open","ping_status":"open","sticky":false,"template":"","format":"standard","meta":{"footnotes":""},"categories":[3],"tags":[],"class_list":["post-1023","post","type-post","status-publish","format-standard","hentry","category-news"],"yoast_head":"<!-- This site is optimized with the Yoast SEO plugin v27.5 - https:\/\/yoast.com\/product\/yoast-seo-wordpress\/ -->\n<title>Reilinger Gr\u00fcne zur Schulsozialarbeit und zur mobilen Jugendarbeit - B\u00dcNDNIS 90\/DIE GR\u00dcNEN REILINGEN<\/title>\n<meta name=\"robots\" content=\"index, follow, max-snippet:-1, max-image-preview:large, max-video-preview:-1\" \/>\n<link rel=\"canonical\" href=\"https:\/\/gruene-reilingen.de\/?p=1023\" \/>\n<meta property=\"og:locale\" content=\"de_DE\" \/>\n<meta property=\"og:type\" content=\"article\" \/>\n<meta property=\"og:title\" content=\"Reilinger Gr\u00fcne zur Schulsozialarbeit und zur mobilen Jugendarbeit - B\u00dcNDNIS 90\/DIE GR\u00dcNEN REILINGEN\" \/>\n<meta property=\"og:description\" content=\"Mit unserer Gemeinschaftsschule werden k\u00fcnftig wieder mehr Sch\u00fclerinnen und Sch\u00fcler in Reilingen zur Schule gehen. Wir begr\u00fc\u00dfen daher den geplanten Ausbau der Schulsozialarbeit von einer Halbtagsstelle in eine Vollzeitstelle. Durch [&hellip;]\" \/>\n<meta property=\"og:url\" content=\"https:\/\/gruene-reilingen.de\/?p=1023\" \/>\n<meta property=\"og:site_name\" content=\"B\u00dcNDNIS 90\/DIE GR\u00dcNEN REILINGEN\" \/>\n<meta property=\"article:published_time\" content=\"2018-05-15T15:36:22+00:00\" \/>\n<meta name=\"author\" content=\"gruene_reilingen\" \/>\n<meta name=\"twitter:card\" content=\"summary_large_image\" \/>\n<meta name=\"twitter:label1\" content=\"Verfasst von\" \/>\n\t<meta name=\"twitter:data1\" content=\"gruene_reilingen\" \/>\n\t<meta name=\"twitter:label2\" content=\"Gesch\u00e4tzte Lesezeit\" \/>\n\t<meta name=\"twitter:data2\" content=\"1\u00a0Minute\" \/>\n<script type=\"application\/ld+json\" class=\"yoast-schema-graph\">{\"@context\":\"https:\\\/\\\/schema.org\",\"@graph\":[{\"@type\":\"Article\",\"@id\":\"https:\\\/\\\/gruene-reilingen.de\\\/?p=1023#article\",\"isPartOf\":{\"@id\":\"https:\\\/\\\/gruene-reilingen.de\\\/?p=1023\"},\"author\":{\"name\":\"gruene_reilingen\",\"@id\":\"https:\\\/\\\/gruene-reilingen.de\\\/#\\\/schema\\\/person\\\/f9da928f04550d0db757afd781f08df8\"},\"headline\":\"Reilinger Gr\u00fcne zur Schulsozialarbeit und zur mobilen Jugendarbeit\",\"datePublished\":\"2018-05-15T15:36:22+00:00\",\"mainEntityOfPage\":{\"@id\":\"https:\\\/\\\/gruene-reilingen.de\\\/?p=1023\"},\"wordCount\":278,\"commentCount\":0,\"articleSection\":[\"News\"],\"inLanguage\":\"de\",\"potentialAction\":[{\"@type\":\"CommentAction\",\"name\":\"Comment\",\"target\":[\"https:\\\/\\\/gruene-reilingen.de\\\/?p=1023#respond\"]}]},{\"@type\":\"WebPage\",\"@id\":\"https:\\\/\\\/gruene-reilingen.de\\\/?p=1023\",\"url\":\"https:\\\/\\\/gruene-reilingen.de\\\/?p=1023\",\"name\":\"Reilinger Gr\u00fcne zur Schulsozialarbeit und zur mobilen Jugendarbeit - B\u00dcNDNIS 90\\\/DIE GR\u00dcNEN REILINGEN\",\"isPartOf\":{\"@id\":\"https:\\\/\\\/gruene-reilingen.de\\\/#website\"},\"datePublished\":\"2018-05-15T15:36:22+00:00\",\"author\":{\"@id\":\"https:\\\/\\\/gruene-reilingen.de\\\/#\\\/schema\\\/person\\\/f9da928f04550d0db757afd781f08df8\"},\"breadcrumb\":{\"@id\":\"https:\\\/\\\/gruene-reilingen.de\\\/?p=1023#breadcrumb\"},\"inLanguage\":\"de\",\"potentialAction\":[{\"@type\":\"ReadAction\",\"target\":[\"https:\\\/\\\/gruene-reilingen.de\\\/?p=1023\"]}]},{\"@type\":\"BreadcrumbList\",\"@id\":\"https:\\\/\\\/gruene-reilingen.de\\\/?p=1023#breadcrumb\",\"itemListElement\":[{\"@type\":\"ListItem\",\"position\":1,\"name\":\"Startseite\",\"item\":\"https:\\\/\\\/gruene-reilingen.de\\\/\"},{\"@type\":\"ListItem\",\"position\":2,\"name\":\"Reilinger Gr\u00fcne zur Schulsozialarbeit und zur mobilen Jugendarbeit\"}]},{\"@type\":\"WebSite\",\"@id\":\"https:\\\/\\\/gruene-reilingen.de\\\/#website\",\"url\":\"https:\\\/\\\/gruene-reilingen.de\\\/\",\"name\":\"B\u00dcNDNIS 90\\\/DIE GR\u00dcNEN REILINGEN\",\"description\":\"\",\"potentialAction\":[{\"@type\":\"SearchAction\",\"target\":{\"@type\":\"EntryPoint\",\"urlTemplate\":\"https:\\\/\\\/gruene-reilingen.de\\\/?s={search_term_string}\"},\"query-input\":{\"@type\":\"PropertyValueSpecification\",\"valueRequired\":true,\"valueName\":\"search_term_string\"}}],\"inLanguage\":\"de\"},{\"@type\":\"Person\",\"@id\":\"https:\\\/\\\/gruene-reilingen.de\\\/#\\\/schema\\\/person\\\/f9da928f04550d0db757afd781f08df8\",\"name\":\"gruene_reilingen\",\"image\":{\"@type\":\"ImageObject\",\"inLanguage\":\"de\",\"@id\":\"https:\\\/\\\/secure.gravatar.com\\\/avatar\\\/913acc38ce102bffd85b7d788472a0913fa53d9b1fe59056f1fe4e704a8231cb?s=96&d=mm&r=g\",\"url\":\"https:\\\/\\\/secure.gravatar.com\\\/avatar\\\/913acc38ce102bffd85b7d788472a0913fa53d9b1fe59056f1fe4e704a8231cb?s=96&d=mm&r=g\",\"contentUrl\":\"https:\\\/\\\/secure.gravatar.com\\\/avatar\\\/913acc38ce102bffd85b7d788472a0913fa53d9b1fe59056f1fe4e704a8231cb?s=96&d=mm&r=g\",\"caption\":\"gruene_reilingen\"},\"sameAs\":[\"http:\\\/\\\/www.gruene-reilingen.de\"],\"url\":\"https:\\\/\\\/gruene-reilingen.de\\\/?author=2\"}]}<\/script>\n<!-- \/ Yoast SEO plugin. -->","yoast_head_json":{"title":"Reilinger Gr\u00fcne zur Schulsozialarbeit und zur mobilen Jugendarbeit - B\u00dcNDNIS 90\/DIE GR\u00dcNEN REILINGEN","robots":{"index":"index","follow":"follow","max-snippet":"max-snippet:-1","max-image-preview":"max-image-preview:large","max-video-preview":"max-video-preview:-1"},"canonical":"https:\/\/gruene-reilingen.de\/?p=1023","og_locale":"de_DE","og_type":"article","og_title":"Reilinger Gr\u00fcne zur Schulsozialarbeit und zur mobilen Jugendarbeit - B\u00dcNDNIS 90\/DIE GR\u00dcNEN REILINGEN","og_description":"Mit unserer Gemeinschaftsschule werden k\u00fcnftig wieder mehr Sch\u00fclerinnen und Sch\u00fcler in Reilingen zur Schule gehen. Wir begr\u00fc\u00dfen daher den geplanten Ausbau der Schulsozialarbeit von einer Halbtagsstelle in eine Vollzeitstelle. Durch [&hellip;]","og_url":"https:\/\/gruene-reilingen.de\/?p=1023","og_site_name":"B\u00dcNDNIS 90\/DIE GR\u00dcNEN REILINGEN","article_published_time":"2018-05-15T15:36:22+00:00","author":"gruene_reilingen","twitter_card":"summary_large_image","twitter_misc":{"Verfasst von":"gruene_reilingen","Gesch\u00e4tzte Lesezeit":"1\u00a0Minute"},"schema":{"@context":"https:\/\/schema.org","@graph":[{"@type":"Article","@id":"https:\/\/gruene-reilingen.de\/?p=1023#article","isPartOf":{"@id":"https:\/\/gruene-reilingen.de\/?p=1023"},"author":{"name":"gruene_reilingen","@id":"https:\/\/gruene-reilingen.de\/#\/schema\/person\/f9da928f04550d0db757afd781f08df8"},"headline":"Reilinger Gr\u00fcne zur Schulsozialarbeit und zur mobilen Jugendarbeit","datePublished":"2018-05-15T15:36:22+00:00","mainEntityOfPage":{"@id":"https:\/\/gruene-reilingen.de\/?p=1023"},"wordCount":278,"commentCount":0,"articleSection":["News"],"inLanguage":"de","potentialAction":[{"@type":"CommentAction","name":"Comment","target":["https:\/\/gruene-reilingen.de\/?p=1023#respond"]}]},{"@type":"WebPage","@id":"https:\/\/gruene-reilingen.de\/?p=1023","url":"https:\/\/gruene-reilingen.de\/?p=1023","name":"Reilinger Gr\u00fcne zur Schulsozialarbeit und zur mobilen Jugendarbeit - B\u00dcNDNIS 90\/DIE GR\u00dcNEN REILINGEN","isPartOf":{"@id":"https:\/\/gruene-reilingen.de\/#website"},"datePublished":"2018-05-15T15:36:22+00:00","author":{"@id":"https:\/\/gruene-reilingen.de\/#\/schema\/person\/f9da928f04550d0db757afd781f08df8"},"breadcrumb":{"@id":"https:\/\/gruene-reilingen.de\/?p=1023#breadcrumb"},"inLanguage":"de","potentialAction":[{"@type":"ReadAction","target":["https:\/\/gruene-reilingen.de\/?p=1023"]}]},{"@type":"BreadcrumbList","@id":"https:\/\/gruene-reilingen.de\/?p=1023#breadcrumb","itemListElement":[{"@type":"ListItem","position":1,"name":"Startseite","item":"https:\/\/gruene-reilingen.de\/"},{"@type":"ListItem","position":2,"name":"Reilinger Gr\u00fcne zur Schulsozialarbeit und zur mobilen Jugendarbeit"}]},{"@type":"WebSite","@id":"https:\/\/gruene-reilingen.de\/#website","url":"https:\/\/gruene-reilingen.de\/","name":"B\u00dcNDNIS 90\/DIE GR\u00dcNEN REILINGEN","description":"","potentialAction":[{"@type":"SearchAction","target":{"@type":"EntryPoint","urlTemplate":"https:\/\/gruene-reilingen.de\/?s={search_term_string}"},"query-input":{"@type":"PropertyValueSpecification","valueRequired":true,"valueName":"search_term_string"}}],"inLanguage":"de"},{"@type":"Person","@id":"https:\/\/gruene-reilingen.de\/#\/schema\/person\/f9da928f04550d0db757afd781f08df8","name":"gruene_reilingen","image":{"@type":"ImageObject","inLanguage":"de","@id":"https:\/\/secure.gravatar.com\/avatar\/913acc38ce102bffd85b7d788472a0913fa53d9b1fe59056f1fe4e704a8231cb?s=96&d=mm&r=g","url":"https:\/\/secure.gravatar.com\/avatar\/913acc38ce102bffd85b7d788472a0913fa53d9b1fe59056f1fe4e704a8231cb?s=96&d=mm&r=g","contentUrl":"https:\/\/secure.gravatar.com\/avatar\/913acc38ce102bffd85b7d788472a0913fa53d9b1fe59056f1fe4e704a8231cb?s=96&d=mm&r=g","caption":"gruene_reilingen"},"sameAs":["http:\/\/www.gruene-reilingen.de"],"url":"https:\/\/gruene-reilingen.de\/?author=2"}]}},"_links":{"self":[{"href":"https:\/\/gruene-reilingen.de\/index.php?rest_route=\/wp\/v2\/posts\/1023","targetHints":{"allow":["GET"]}}],"collection":[{"href":"https:\/\/gruene-reilingen.de\/index.php?rest_route=\/wp\/v2\/posts"}],"about":[{"href":"https:\/\/gruene-reilingen.de\/index.php?rest_route=\/wp\/v2\/types\/post"}],"author":[{"embeddable":true,"href":"https:\/\/gruene-reilingen.de\/index.php?rest_route=\/wp\/v2\/users\/2"}],"replies":[{"embeddable":true,"href":"https:\/\/gruene-reilingen.de\/index.php?rest_route=%2Fwp%2Fv2%2Fcomments&post=1023"}],"version-history":[{"count":1,"href":"https:\/\/gruene-reilingen.de\/index.php?rest_route=\/wp\/v2\/posts\/1023\/revisions"}],"predecessor-version":[{"id":1024,"href":"https:\/\/gruene-reilingen.de\/index.php?rest_route=\/wp\/v2\/posts\/1023\/revisions\/1024"}],"wp:attachment":[{"href":"https:\/\/gruene-reilingen.de\/index.php?rest_route=%2Fwp%2Fv2%2Fmedia&parent=1023"}],"wp:term":[{"taxonomy":"category","embeddable":true,"href":"https:\/\/gruene-reilingen.de\/index.php?rest_route=%2Fwp%2Fv2%2Fcategories&post=1023"},{"taxonomy":"post_tag","embeddable":true,"href":"https:\/\/gruene-reilingen.de\/index.php?rest_route=%2Fwp%2Fv2%2Ftags&post=1023"}],"curies":[{"name":"wp","href":"https:\/\/api.w.org\/{rel}","templated":true}]}}