{"id":1025,"date":"2018-05-16T17:33:08","date_gmt":"2018-05-16T17:33:08","guid":{"rendered":"http:\/\/450841.test-my-website.de\/?p=1025"},"modified":"2018-05-16T17:34:49","modified_gmt":"2018-05-16T17:34:49","slug":"5-tour-dhoran-eine-zeitreise-der-besonderen-art","status":"publish","type":"post","link":"https:\/\/gruene-reilingen.de\/?p=1025","title":{"rendered":"5.Tour d&#8217;HoRAN &#8211; Eine Zeitreise der besonderen Art"},"content":{"rendered":"<div>HoRAN.Eine Zeitreise der besonderen Art unternahmen die Gr\u00fcnen im Horan bei ihrer\u00a0f\u00fcnften Tour d`HoRAN. Adolf H\u00e4rdle hatte die Idee und Jochen Rotter die Federf\u00fchrung\u00a0f\u00fcr die Vorbereitung \u00fcbernommen. Den Besuch des Friseurmuseums in Altlu\u00dfheim, des\u00a0Turmuhrenmuseums in Neulu\u00dfheim und des Heimatmuseums in Reilingen hatten sich\u00a0die Radtour-Teilnehmer vorgenommen und sie nahmen sich daf\u00fcr die Zeit.<\/div>\n<div><\/div>\n<div><strong>Friseurmuseum: Der Friseurberuf hat eine lange Tradition<\/strong><\/div>\n<div>Am Treffpunkt im liebevoll eingerichteten \u201eSchnuteputzer`s Friseurmuseum\u201c im B\u00fcrgerhaus Altlu\u00dfheim angekommen, gelang es Friseurmeister Willi D\u00f6rr den<\/div>\n<div>interessierten Besuchern manch Wissenswertes \u00fcber die Geschichte des Friseurhandwerks zu vermitteln.\u00a0Der Kauf einer Saloneinrichtung aus den 1930er Jahren\u00a0war der Ausgangspunkt f\u00fcr die Idee, ein Friseurmuseum einzurichten. EinF\u00f6rderverein\u00a0Friseurmuseum Altlu\u00dfheim e.V. wurde gegr\u00fcndet und es war nur eine Frage der Zeit bis\u00a0ein geeigneter Raum gefunden wurde. Der Friseurberuf hat eine lange Tradition, wu\u00dfte\u00a0D\u00f6rr zu berichten. Der Barbier oder Bader im Mittelalter war nicht nur f\u00fcr die Frisur und\u00a0die Bartpflege zust\u00e4ndig, auch wenn es um Probleme mit den Z\u00e4hnen ging, war er ein\u00a0gefragter Mann. Zur Veranschaulichung holte Willi D\u00f6rr eine Zange aus der Vitrine, mit\u00a0der die Z\u00e4hne gezogen wurden. Die Begeisterung der interessierten Zuh\u00f6rer hielt sich\u00a0doch deutlich in Grenzen. In fr\u00fcheren Zeiten wurden, ganz im Sinne der Nachhaltigkeit,\u00a0die Haare nicht einfach entsorgt, sondern regelrecht gesammelt. Uhren-, Halsketten,Broschen, Armreife aus Haaren wurden gefertigt. Die gezeigten Exemplare trafen da\u00a0schon mehr den Geschmack der weiblichen Museumsbesucher. Um die\u00a03.000 Exponate,\u00a0darunter 400 Ondulierger\u00e4te, 250 Rasiermesser (das \u00e4lteste aus dem Jahr 1813), jede\u00a0Menge Trockenhauben konnten bewundert werden. Es fiel schwer Abschied zu nehmen.\u00a0Gest\u00e4rkt durch ein erfrischendes Getr\u00e4nk, von Willi D\u00f6rr kredenzt, wurde die Radtour,\u00a0an der neben Mitgliedern der Gr\u00fcnen, den Gemeinder\u00e4ten und Stadtr\u00e4ten aus der Verwaltungsgemeinschaft auch die Wahlkreisabgeordneten Manfred Kern (MdL) und Dr.\u00a0Danyal Bayaz (MdB) teilnahmen, fortgesetzt.<\/div>\n<div><\/div>\n<div>\n<div class=\"page\">\n<div class=\"textLayer\">\n<div><strong>Turmuhrenmuseum: Faszinierende Welt der Turmuhren<\/strong><\/div>\n<\/div>\n<\/div>\n<div class=\"page\">\n<div class=\"textLayer\">\n<div>In Neulu\u00dfheim angekommen, folgten die Tourteilnehmer fasziniert den Ausf\u00fchrungen von Norbert Sch\u00e4fer \u00fcber seine Turmuhrensammlung in Neulu\u00dfheim.<\/div>\n<div>Kaum waren die\u00a0steilen Treppen erklommen, er\u00f6ffnete sich im Dachgescho\u00df eines ehemaligen\u00a0Schulgeb\u00e4udes die faszinierende Welt der Turmuhren. Museumsleiter und leidenschaftlicher Sammler, Norbert Sch\u00e4fer, verstand es den interessierten Besuchern\u00a0nicht nur seine Turmuhren zu pr\u00e4sentieren, sondern auch die Geschichte der\u00a0Zeitmessung zu vermitteln. Mit dem Ausspruch\u00a0\u201eWir treffen uns auf ein Glas\u201c war laut Sch\u00e4fer nicht das Trinken eines Glas Weins gemeint, sondern die Zeit des Gespr\u00e4chs. Eine Sanduhr, ein sogenanntes Stundenglas, veranschaulichte dies plastisch. Die ersten Uhrwerke nach dem 12. Jahrhundert hatten noch keine Zeiger, war zu erfahren. Erst um 1500 kam der erste und um 1700 der zweite Zeiger hinzu. Im Mittelalter hatten die Menschen noch kein Zeitgef\u00fchl. Die Tage waren bestimmt durch den Lauf der Sonne. Erst durch die industrielle Weiterentwicklung im 19. Jahrhundert mit dem einhergehenden Einsatz von Maschinen wurde der Tag in Stunden eingeteilt. Die Eisenbahn ver\u00e4nderte die Welt, Zeit und Raum r\u00fcckten n\u00e4her zusammen. In Folgedavon wurde 1893 in Deutschland die allgemeing\u00fcltige Einheitszeit eingef\u00fchrt. Die von\u00a0Sch\u00e4fer entwickelte Unendlichkeitsmaschine,\u00a0fand das besondere Interesse der\u00a0Museumsbesucher. \u201eDa komm \u0301 ich noch mal privat vorbei und schau mir das genauer\u00a0an\u201c, meinte Dr. Holger O. Porath.\u00a0Ob der fortgeschrittenen Zeit, das Zeitgef\u00fchl war zwischenzeitlich vollkommen\u00a0abhanden gekommen,\u00a0wurde die Tour Richtung Reilingen fortgesetzt.<\/div>\n<div><\/div>\n<\/div>\n<\/div>\n<\/div>\n<div>\n<div class=\"textLayer\">\n<div>\n<div><strong>Heimatmuseum: Claudia Kohpei\u00df f\u00fchlt sich in der alten Schulbank sichtlich wohl<\/strong><\/div>\n<\/div>\n<\/div>\n<div class=\"textLayer\">\n<div>Das Heimatmuseum, in einem der \u00e4ltesten Geb\u00e4ude der Gemeinde (erste Erw\u00e4hnung 1435) untergebracht, erwies sich als eine wahre Fundgrube der Ortsgeschichte Reilingens. Ludwig Schell vom\u00a0\u201eVerein Freunde Reilinger Geschichte\u201c f\u00fchrte durch die\u00a0R\u00e4ume. Erinnerungen an die \u201egute, alte Zeit\u201c wurden geweckt. Die Zeit schien stehen\u00a0geblieben zu sein. Die Wohnungen, deren W\u00e4nde\u00a0nach alten Malertechniken des 19. und\u00a0fr\u00fchen 20. Jahrhunderts gestaltet sind, erweckten den Eindruck als h\u00e4tten die Bewohner\u00a0den Raum nur f\u00fcr kurze Zeit verlassen. \u201eSo einen K\u00fcchenherd hatten wir auch\u201c\u00a0erinnerte sich Adolf H\u00e4rdle beim Anblick des\u00a0alten Holzherds, der mit einem praktischen\u00a0Wasserschiff versehen war. Aufmerksamkeit zogen auch die aus Emaille gefertigten\u00a0Bettpfannen im Schlafzimmer auf sich, ersparten diese bis in die 50er Jahre hinein den\u00a0n\u00e4chtlichen Gang auf das au\u00dferhalb des Hauses gelegenen Plumpsklos.\u00a0Sichtlich wohl\u00a0f\u00fchlte sich Claudia Kohpei\u00df in der alten Schulbank und testete gleich mal ihre\u00a0Rechenk\u00fcnste.<\/div>\n<div><\/div>\n<div><a href=\"https:\/\/gruene-reilingen.de\/wp-content\/uploads\/2018\/05\/IMG_50655.jpg\"><img decoding=\"async\" class=\"aligncenter size-full wp-image-1027\" src=\"https:\/\/gruene-reilingen.de\/wp-content\/uploads\/2018\/05\/IMG_50655.jpg\" alt=\"IMG_5065[5]\" width=\"1382\" height=\"2074<\/a><\/div>\n<div><\/div>\n<div>\n<div>\u201eDie Verwaltungsgemeinschaft HoRAN ist mehr als eine Zweckgemeinschaft\u201c, darin waren sich Monika Schroth (Neulu\u00dfheim) Heike Roll (Altlu\u00dfheim), Larissa Rotter (Hockenheim) und Anna-Lena Becker (Reilingen) einig. Bei der Einkehr im neuen Stadtladen des Johanneshofs gab es noch gen\u00fcgend Gespr\u00e4chsstoff. Der Austausch wurde nach der vierst\u00fcndigen Radtour noch kr\u00e4ftig gepflegt. So viel Zeit musste sein.<\/div>\n<div>Adolf H\u00e4rdle<\/div>\n<\/div>\n<\/div>\n<\/div>\n","protected":false},"excerpt":{"rendered":"<p>HoRAN.Eine Zeitreise der besonderen Art unternahmen die Gr\u00fcnen im Horan bei ihrer\u00a0f\u00fcnften Tour d`HoRAN. Adolf H\u00e4rdle hatte die Idee und Jochen Rotter die Federf\u00fchrung\u00a0f\u00fcr die Vorbereitung \u00fcbernommen. Den Besuch des [&hellip;]<\/p>\n","protected":false},"author":-1,"featured_media":0,"comment_status":"open","ping_status":"open","sticky":false,"template":"","format":"standard","meta":{"footnotes":""},"categories":[3],"tags":[],"class_list":["post-1025","post","type-post","status-publish","format-standard","hentry","category-news"],"yoast_head":"<!-- This site is optimized with the Yoast SEO plugin v27.5 - https:\/\/yoast.com\/product\/yoast-seo-wordpress\/ -->\n<title>5.Tour d&#039;HoRAN - Eine Zeitreise der besonderen Art - B\u00dcNDNIS 90\/DIE GR\u00dcNEN REILINGEN<\/title>\n<meta name=\"robots\" content=\"index, follow, max-snippet:-1, max-image-preview:large, max-video-preview:-1\" \/>\n<link rel=\"canonical\" href=\"https:\/\/gruene-reilingen.de\/?p=1025\" \/>\n<meta property=\"og:locale\" content=\"de_DE\" \/>\n<meta property=\"og:type\" content=\"article\" \/>\n<meta property=\"og:title\" content=\"5.Tour d&#039;HoRAN - Eine Zeitreise der besonderen Art - B\u00dcNDNIS 90\/DIE GR\u00dcNEN REILINGEN\" \/>\n<meta property=\"og:description\" content=\"HoRAN.Eine Zeitreise der besonderen Art unternahmen die Gr\u00fcnen im Horan bei ihrer\u00a0f\u00fcnften Tour d`HoRAN. Adolf H\u00e4rdle hatte die Idee und Jochen Rotter die Federf\u00fchrung\u00a0f\u00fcr die Vorbereitung \u00fcbernommen. Den Besuch des [&hellip;]\" \/>\n<meta property=\"og:url\" content=\"https:\/\/gruene-reilingen.de\/?p=1025\" \/>\n<meta property=\"og:site_name\" content=\"B\u00dcNDNIS 90\/DIE GR\u00dcNEN REILINGEN\" \/>\n<meta property=\"article:published_time\" content=\"2018-05-16T17:33:08+00:00\" \/>\n<meta property=\"article:modified_time\" content=\"2018-05-16T17:34:49+00:00\" \/>\n<meta property=\"og:image\" content=\"https:\/\/gruene-reilingen.de\/wp-content\/uploads\/2018\/05\/IMG_50655.jpg\" \/>\n<meta name=\"author\" content=\"gruene_reilingen\" \/>\n<meta name=\"twitter:card\" content=\"summary_large_image\" \/>\n<meta name=\"twitter:label1\" content=\"Verfasst von\" \/>\n\t<meta name=\"twitter:data1\" content=\"gruene_reilingen\" \/>\n\t<meta name=\"twitter:label2\" content=\"Gesch\u00e4tzte Lesezeit\" \/>\n\t<meta name=\"twitter:data2\" content=\"4\u00a0Minuten\" \/>\n<script type=\"application\/ld+json\" class=\"yoast-schema-graph\">{\"@context\":\"https:\\\/\\\/schema.org\",\"@graph\":[{\"@type\":\"Article\",\"@id\":\"https:\\\/\\\/gruene-reilingen.de\\\/?p=1025#article\",\"isPartOf\":{\"@id\":\"https:\\\/\\\/gruene-reilingen.de\\\/?p=1025\"},\"author\":{\"name\":\"gruene_reilingen\",\"@id\":\"https:\\\/\\\/gruene-reilingen.de\\\/#\\\/schema\\\/person\\\/f9da928f04550d0db757afd781f08df8\"},\"headline\":\"5.Tour d&#8217;HoRAN &#8211; Eine Zeitreise der besonderen Art\",\"datePublished\":\"2018-05-16T17:33:08+00:00\",\"dateModified\":\"2018-05-16T17:34:49+00:00\",\"mainEntityOfPage\":{\"@id\":\"https:\\\/\\\/gruene-reilingen.de\\\/?p=1025\"},\"wordCount\":746,\"commentCount\":0,\"image\":{\"@id\":\"https:\\\/\\\/gruene-reilingen.de\\\/?p=1025#primaryimage\"},\"thumbnailUrl\":\"https:\\\/\\\/gruene-reilingen.de\\\/wp-content\\\/uploads\\\/2018\\\/05\\\/IMG_50655.jpg\",\"articleSection\":[\"News\"],\"inLanguage\":\"de\",\"potentialAction\":[{\"@type\":\"CommentAction\",\"name\":\"Comment\",\"target\":[\"https:\\\/\\\/gruene-reilingen.de\\\/?p=1025#respond\"]}]},{\"@type\":\"WebPage\",\"@id\":\"https:\\\/\\\/gruene-reilingen.de\\\/?p=1025\",\"url\":\"https:\\\/\\\/gruene-reilingen.de\\\/?p=1025\",\"name\":\"5.Tour d'HoRAN - Eine Zeitreise der besonderen Art - B\u00dcNDNIS 90\\\/DIE GR\u00dcNEN REILINGEN\",\"isPartOf\":{\"@id\":\"https:\\\/\\\/gruene-reilingen.de\\\/#website\"},\"primaryImageOfPage\":{\"@id\":\"https:\\\/\\\/gruene-reilingen.de\\\/?p=1025#primaryimage\"},\"image\":{\"@id\":\"https:\\\/\\\/gruene-reilingen.de\\\/?p=1025#primaryimage\"},\"thumbnailUrl\":\"https:\\\/\\\/gruene-reilingen.de\\\/wp-content\\\/uploads\\\/2018\\\/05\\\/IMG_50655.jpg\",\"datePublished\":\"2018-05-16T17:33:08+00:00\",\"dateModified\":\"2018-05-16T17:34:49+00:00\",\"author\":{\"@id\":\"https:\\\/\\\/gruene-reilingen.de\\\/#\\\/schema\\\/person\\\/f9da928f04550d0db757afd781f08df8\"},\"breadcrumb\":{\"@id\":\"https:\\\/\\\/gruene-reilingen.de\\\/?p=1025#breadcrumb\"},\"inLanguage\":\"de\",\"potentialAction\":[{\"@type\":\"ReadAction\",\"target\":[\"https:\\\/\\\/gruene-reilingen.de\\\/?p=1025\"]}]},{\"@type\":\"ImageObject\",\"inLanguage\":\"de\",\"@id\":\"https:\\\/\\\/gruene-reilingen.de\\\/?p=1025#primaryimage\",\"url\":\"https:\\\/\\\/gruene-reilingen.de\\\/wp-content\\\/uploads\\\/2018\\\/05\\\/IMG_50655.jpg\",\"contentUrl\":\"https:\\\/\\\/gruene-reilingen.de\\\/wp-content\\\/uploads\\\/2018\\\/05\\\/IMG_50655.jpg\"},{\"@type\":\"BreadcrumbList\",\"@id\":\"https:\\\/\\\/gruene-reilingen.de\\\/?p=1025#breadcrumb\",\"itemListElement\":[{\"@type\":\"ListItem\",\"position\":1,\"name\":\"Startseite\",\"item\":\"https:\\\/\\\/gruene-reilingen.de\\\/\"},{\"@type\":\"ListItem\",\"position\":2,\"name\":\"5.Tour d&#8217;HoRAN &#8211; Eine Zeitreise der besonderen Art\"}]},{\"@type\":\"WebSite\",\"@id\":\"https:\\\/\\\/gruene-reilingen.de\\\/#website\",\"url\":\"https:\\\/\\\/gruene-reilingen.de\\\/\",\"name\":\"B\u00dcNDNIS 90\\\/DIE GR\u00dcNEN REILINGEN\",\"description\":\"\",\"potentialAction\":[{\"@type\":\"SearchAction\",\"target\":{\"@type\":\"EntryPoint\",\"urlTemplate\":\"https:\\\/\\\/gruene-reilingen.de\\\/?s={search_term_string}\"},\"query-input\":{\"@type\":\"PropertyValueSpecification\",\"valueRequired\":true,\"valueName\":\"search_term_string\"}}],\"inLanguage\":\"de\"},{\"@type\":\"Person\",\"@id\":\"https:\\\/\\\/gruene-reilingen.de\\\/#\\\/schema\\\/person\\\/f9da928f04550d0db757afd781f08df8\",\"name\":\"gruene_reilingen\",\"image\":{\"@type\":\"ImageObject\",\"inLanguage\":\"de\",\"@id\":\"https:\\\/\\\/secure.gravatar.com\\\/avatar\\\/913acc38ce102bffd85b7d788472a0913fa53d9b1fe59056f1fe4e704a8231cb?s=96&d=mm&r=g\",\"url\":\"https:\\\/\\\/secure.gravatar.com\\\/avatar\\\/913acc38ce102bffd85b7d788472a0913fa53d9b1fe59056f1fe4e704a8231cb?s=96&d=mm&r=g\",\"contentUrl\":\"https:\\\/\\\/secure.gravatar.com\\\/avatar\\\/913acc38ce102bffd85b7d788472a0913fa53d9b1fe59056f1fe4e704a8231cb?s=96&d=mm&r=g\",\"caption\":\"gruene_reilingen\"},\"sameAs\":[\"http:\\\/\\\/www.gruene-reilingen.de\"],\"url\":\"https:\\\/\\\/gruene-reilingen.de\\\/?author=2\"}]}<\/script>\n<!-- \/ Yoast SEO plugin. -->","yoast_head_json":{"title":"5.Tour d'HoRAN - Eine Zeitreise der besonderen Art - B\u00dcNDNIS 90\/DIE GR\u00dcNEN REILINGEN","robots":{"index":"index","follow":"follow","max-snippet":"max-snippet:-1","max-image-preview":"max-image-preview:large","max-video-preview":"max-video-preview:-1"},"canonical":"https:\/\/gruene-reilingen.de\/?p=1025","og_locale":"de_DE","og_type":"article","og_title":"5.Tour d'HoRAN - Eine Zeitreise der besonderen Art - B\u00dcNDNIS 90\/DIE GR\u00dcNEN REILINGEN","og_description":"HoRAN.Eine Zeitreise der besonderen Art unternahmen die Gr\u00fcnen im Horan bei ihrer\u00a0f\u00fcnften Tour d`HoRAN. Adolf H\u00e4rdle hatte die Idee und Jochen Rotter die Federf\u00fchrung\u00a0f\u00fcr die Vorbereitung \u00fcbernommen. Den Besuch des [&hellip;]","og_url":"https:\/\/gruene-reilingen.de\/?p=1025","og_site_name":"B\u00dcNDNIS 90\/DIE GR\u00dcNEN REILINGEN","article_published_time":"2018-05-16T17:33:08+00:00","article_modified_time":"2018-05-16T17:34:49+00:00","og_image":[{"url":"https:\/\/gruene-reilingen.de\/wp-content\/uploads\/2018\/05\/IMG_50655.jpg","type":"","width":"","height":""}],"author":"gruene_reilingen","twitter_card":"summary_large_image","twitter_misc":{"Verfasst von":"gruene_reilingen","Gesch\u00e4tzte Lesezeit":"4\u00a0Minuten"},"schema":{"@context":"https:\/\/schema.org","@graph":[{"@type":"Article","@id":"https:\/\/gruene-reilingen.de\/?p=1025#article","isPartOf":{"@id":"https:\/\/gruene-reilingen.de\/?p=1025"},"author":{"name":"gruene_reilingen","@id":"https:\/\/gruene-reilingen.de\/#\/schema\/person\/f9da928f04550d0db757afd781f08df8"},"headline":"5.Tour d&#8217;HoRAN &#8211; Eine Zeitreise der besonderen Art","datePublished":"2018-05-16T17:33:08+00:00","dateModified":"2018-05-16T17:34:49+00:00","mainEntityOfPage":{"@id":"https:\/\/gruene-reilingen.de\/?p=1025"},"wordCount":746,"commentCount":0,"image":{"@id":"https:\/\/gruene-reilingen.de\/?p=1025#primaryimage"},"thumbnailUrl":"https:\/\/gruene-reilingen.de\/wp-content\/uploads\/2018\/05\/IMG_50655.jpg","articleSection":["News"],"inLanguage":"de","potentialAction":[{"@type":"CommentAction","name":"Comment","target":["https:\/\/gruene-reilingen.de\/?p=1025#respond"]}]},{"@type":"WebPage","@id":"https:\/\/gruene-reilingen.de\/?p=1025","url":"https:\/\/gruene-reilingen.de\/?p=1025","name":"5.Tour d'HoRAN - Eine Zeitreise der besonderen Art - B\u00dcNDNIS 90\/DIE GR\u00dcNEN REILINGEN","isPartOf":{"@id":"https:\/\/gruene-reilingen.de\/#website"},"primaryImageOfPage":{"@id":"https:\/\/gruene-reilingen.de\/?p=1025#primaryimage"},"image":{"@id":"https:\/\/gruene-reilingen.de\/?p=1025#primaryimage"},"thumbnailUrl":"https:\/\/gruene-reilingen.de\/wp-content\/uploads\/2018\/05\/IMG_50655.jpg","datePublished":"2018-05-16T17:33:08+00:00","dateModified":"2018-05-16T17:34:49+00:00","author":{"@id":"https:\/\/gruene-reilingen.de\/#\/schema\/person\/f9da928f04550d0db757afd781f08df8"},"breadcrumb":{"@id":"https:\/\/gruene-reilingen.de\/?p=1025#breadcrumb"},"inLanguage":"de","potentialAction":[{"@type":"ReadAction","target":["https:\/\/gruene-reilingen.de\/?p=1025"]}]},{"@type":"ImageObject","inLanguage":"de","@id":"https:\/\/gruene-reilingen.de\/?p=1025#primaryimage","url":"https:\/\/gruene-reilingen.de\/wp-content\/uploads\/2018\/05\/IMG_50655.jpg","contentUrl":"https:\/\/gruene-reilingen.de\/wp-content\/uploads\/2018\/05\/IMG_50655.jpg"},{"@type":"BreadcrumbList","@id":"https:\/\/gruene-reilingen.de\/?p=1025#breadcrumb","itemListElement":[{"@type":"ListItem","position":1,"name":"Startseite","item":"https:\/\/gruene-reilingen.de\/"},{"@type":"ListItem","position":2,"name":"5.Tour d&#8217;HoRAN &#8211; Eine Zeitreise der besonderen Art"}]},{"@type":"WebSite","@id":"https:\/\/gruene-reilingen.de\/#website","url":"https:\/\/gruene-reilingen.de\/","name":"B\u00dcNDNIS 90\/DIE GR\u00dcNEN REILINGEN","description":"","potentialAction":[{"@type":"SearchAction","target":{"@type":"EntryPoint","urlTemplate":"https:\/\/gruene-reilingen.de\/?s={search_term_string}"},"query-input":{"@type":"PropertyValueSpecification","valueRequired":true,"valueName":"search_term_string"}}],"inLanguage":"de"},{"@type":"Person","@id":"https:\/\/gruene-reilingen.de\/#\/schema\/person\/f9da928f04550d0db757afd781f08df8","name":"gruene_reilingen","image":{"@type":"ImageObject","inLanguage":"de","@id":"https:\/\/secure.gravatar.com\/avatar\/913acc38ce102bffd85b7d788472a0913fa53d9b1fe59056f1fe4e704a8231cb?s=96&d=mm&r=g","url":"https:\/\/secure.gravatar.com\/avatar\/913acc38ce102bffd85b7d788472a0913fa53d9b1fe59056f1fe4e704a8231cb?s=96&d=mm&r=g","contentUrl":"https:\/\/secure.gravatar.com\/avatar\/913acc38ce102bffd85b7d788472a0913fa53d9b1fe59056f1fe4e704a8231cb?s=96&d=mm&r=g","caption":"gruene_reilingen"},"sameAs":["http:\/\/www.gruene-reilingen.de"],"url":"https:\/\/gruene-reilingen.de\/?author=2"}]}},"_links":{"self":[{"href":"https:\/\/gruene-reilingen.de\/index.php?rest_route=\/wp\/v2\/posts\/1025","targetHints":{"allow":["GET"]}}],"collection":[{"href":"https:\/\/gruene-reilingen.de\/index.php?rest_route=\/wp\/v2\/posts"}],"about":[{"href":"https:\/\/gruene-reilingen.de\/index.php?rest_route=\/wp\/v2\/types\/post"}],"author":[{"embeddable":true,"href":"https:\/\/gruene-reilingen.de\/index.php?rest_route=\/wp\/v2\/users\/2"}],"replies":[{"embeddable":true,"href":"https:\/\/gruene-reilingen.de\/index.php?rest_route=%2Fwp%2Fv2%2Fcomments&post=1025"}],"version-history":[{"count":2,"href":"https:\/\/gruene-reilingen.de\/index.php?rest_route=\/wp\/v2\/posts\/1025\/revisions"}],"predecessor-version":[{"id":1028,"href":"https:\/\/gruene-reilingen.de\/index.php?rest_route=\/wp\/v2\/posts\/1025\/revisions\/1028"}],"wp:attachment":[{"href":"https:\/\/gruene-reilingen.de\/index.php?rest_route=%2Fwp%2Fv2%2Fmedia&parent=1025"}],"wp:term":[{"taxonomy":"category","embeddable":true,"href":"https:\/\/gruene-reilingen.de\/index.php?rest_route=%2Fwp%2Fv2%2Fcategories&post=1025"},{"taxonomy":"post_tag","embeddable":true,"href":"https:\/\/gruene-reilingen.de\/index.php?rest_route=%2Fwp%2Fv2%2Ftags&post=1025"}],"curies":[{"name":"wp","href":"https:\/\/api.w.org\/{rel}","templated":true}]}}