{"id":1031,"date":"2018-05-17T12:40:15","date_gmt":"2018-05-17T12:40:15","guid":{"rendered":"http:\/\/450841.test-my-website.de\/?p=1031"},"modified":"2018-06-06T20:22:46","modified_gmt":"2018-06-06T20:22:46","slug":"3-gruener-kinoabend-mit-the-true-cost-der-preis-der-mode","status":"publish","type":"post","link":"https:\/\/gruene-reilingen.de\/?p=1031","title":{"rendered":"Gr\u00fcnes Kino mit &#8222;The True Cost &#8211; Der Preis der Mode&#8220;"},"content":{"rendered":"<p>Der dritte Gr\u00fcne Kinoabend in Reilingen war ein voller Erfolg. Die Reilinger Gr\u00fcnen-Sprecherin Anna-Lena Becker begr\u00fc\u00dfte zu Beginn zahlreiche G\u00e4ste, darunter auch den Gr\u00fcnen Landtagsabgeordneten Manfred Kern.<\/p>\n<p>Nachdem bei den ersten beiden Kinoabenden die Themen Ern\u00e4hrung und Klimawandel im Fokus standen, widmete sich der Dokumentarfilm &#8222;The True Cost &#8211; Der Preis der Mode&#8220; den\u00a0negativen Seiten der Textilindustrie. St\u00e4ndig wird neue Mode pr\u00e4sentiert, &#8222;Fast Fashion&#8220; hei\u00dft dieser Trend. War es fr\u00fcher \u00fcblich, 2 Mal pro Jahr neue Mode zu pr\u00e4sentieren, bringen die Modeketten\u00a0heutzutage nahezu w\u00f6chentlich neue Kleidungsst\u00fccke auf den Markt. Trotz gestiegener Kosten wird\u00a0immer mehr Kleidung zu g\u00fcnstigeren Preisen produziert. Geld eingespart wird bei den Textilfabrikarbeitern in den Entwicklungsl\u00e4ndern, die unter erb\u00e4rmlichen Bedingungen arbeiten und ca. 3 EUR Tageslohn erhalten. 2013 starben beim Einsturz der Rana Plaza in Bangladesch ca. 1.100 Menschen, weitere rund 2.500 Menschen wurden verletzt.<\/p>\n<p>Neben der Ausbeutung der Menschen in den Fabriken leidet auch die Umwelt. Die Textilbranche ist nach der \u00d6lindustrie die umweltsch\u00e4dlichste Branche der Welt. Der Film berichtete\u00a0auch von der\u00a0auff\u00e4llig hohen Anzahl von geistig behinderten Kindern im indischen Punjab-Gebiet. Ursache ist der massive Einsatz von Pestiziden. Die Baumwollbauern in Indien haben eine sehr hohe Selbstmordrate. Grund ist\u00a0die ausweglose Situation, da sie teures genmanipuliertes Saatgut kaufen m\u00fcssen und somit von den Ertr\u00e4gen kaum was bei ihnen \u00fcbrig bleibt.<\/p>\n<p>M\u00f6gliche L\u00f6sungsans\u00e4tze sind sogenannte &#8222;Fairtrade&#8220;-Modemarken und die Produktion von Biobaumwolle. Die Menschen sollten angemessen bezahlt werden, \u00a0vern\u00fcnftige Arbeitsbedingungen haben und die Umwelt geschont werden.<\/p>\n<p>Sp\u00e4testens seit der Katastrophe von Bangladesch 2013 wissen auch die Menschen in Deutschland \u00fcber die Schattenseiten der billigen Mode bescheid. Dieses Wissen wird aber h\u00e4ufig ausgeblendet, wenn man im Modeladen steht oder online einkauft. Die Verlockung, Markenartikel zu g\u00fcnstigen Preisen zu erwerben, ist h\u00e4ufig zu gro\u00df.<\/p>\n<p>Bei der anschlie\u00dfenden Diskussionsrunde wurde neben Hinweisen auf Bio-Modeketten auch auf Kleidertauschpartys hingewiesen. Der Neulu\u00dfheimer Gr\u00fcnen-Gemeinderat Alexander Mansel machte\u00a0daraufhin auf die anstehende Kleidertauschparty der Gr\u00fcnen Jugend Kurpfalz-Hardt aufmerksam. Diese findet am Samstag, 09.06.2018 von 14 Uhr bis 18 Uhr im Alten Bahnhof in Neulu\u00dfheim statt.<\/p>\n<p>&nbsp;<\/p>\n<p><a href=\"https:\/\/gruene-reilingen.de\/wp-content\/uploads\/2018\/06\/34365449_1852261154795625_7486940939747852288_n.jpg\"><img decoding=\"async\" class=\"aligncenter size-full wp-image-1036\" src=\"https:\/\/gruene-reilingen.de\/wp-content\/uploads\/2018\/06\/34365449_1852261154795625_7486940939747852288_n.jpg\" alt=\"34365449_1852261154795625_7486940939747852288_n\" width=\"954\" height=\"478<\/a><\/p>\n","protected":false},"excerpt":{"rendered":"<p>Der dritte Gr\u00fcne Kinoabend in Reilingen war ein voller Erfolg. Die Reilinger Gr\u00fcnen-Sprecherin Anna-Lena Becker begr\u00fc\u00dfte zu Beginn zahlreiche G\u00e4ste, darunter auch den Gr\u00fcnen Landtagsabgeordneten Manfred Kern. Nachdem bei den [&hellip;]<\/p>\n","protected":false},"author":-1,"featured_media":0,"comment_status":"open","ping_status":"open","sticky":false,"template":"","format":"standard","meta":{"footnotes":""},"categories":[3],"tags":[],"class_list":["post-1031","post","type-post","status-publish","format-standard","hentry","category-news"],"yoast_head":"<!-- This site is optimized with the Yoast SEO plugin v27.5 - https:\/\/yoast.com\/product\/yoast-seo-wordpress\/ -->\n<title>Gr\u00fcnes Kino mit &quot;The True Cost - Der Preis der Mode&quot; - B\u00dcNDNIS 90\/DIE GR\u00dcNEN REILINGEN<\/title>\n<meta name=\"robots\" content=\"index, follow, max-snippet:-1, max-image-preview:large, max-video-preview:-1\" \/>\n<link rel=\"canonical\" href=\"https:\/\/gruene-reilingen.de\/?p=1031\" \/>\n<meta property=\"og:locale\" content=\"de_DE\" \/>\n<meta property=\"og:type\" content=\"article\" \/>\n<meta property=\"og:title\" content=\"Gr\u00fcnes Kino mit &quot;The True Cost - Der Preis der Mode&quot; - B\u00dcNDNIS 90\/DIE GR\u00dcNEN REILINGEN\" \/>\n<meta property=\"og:description\" content=\"Der dritte Gr\u00fcne Kinoabend in Reilingen war ein voller Erfolg. Die Reilinger Gr\u00fcnen-Sprecherin Anna-Lena Becker begr\u00fc\u00dfte zu Beginn zahlreiche G\u00e4ste, darunter auch den Gr\u00fcnen Landtagsabgeordneten Manfred Kern. Nachdem bei den [&hellip;]\" \/>\n<meta property=\"og:url\" content=\"https:\/\/gruene-reilingen.de\/?p=1031\" \/>\n<meta property=\"og:site_name\" content=\"B\u00dcNDNIS 90\/DIE GR\u00dcNEN REILINGEN\" \/>\n<meta property=\"article:published_time\" content=\"2018-05-17T12:40:15+00:00\" \/>\n<meta property=\"article:modified_time\" content=\"2018-06-06T20:22:46+00:00\" \/>\n<meta property=\"og:image\" content=\"https:\/\/gruene-reilingen.de\/wp-content\/uploads\/2018\/06\/34365449_1852261154795625_7486940939747852288_n.jpg\" \/>\n<meta name=\"author\" content=\"gruene_reilingen\" \/>\n<meta name=\"twitter:card\" content=\"summary_large_image\" \/>\n<meta name=\"twitter:label1\" content=\"Verfasst von\" \/>\n\t<meta name=\"twitter:data1\" content=\"gruene_reilingen\" \/>\n\t<meta name=\"twitter:label2\" content=\"Gesch\u00e4tzte Lesezeit\" \/>\n\t<meta name=\"twitter:data2\" content=\"2\u00a0Minuten\" \/>\n<script type=\"application\/ld+json\" class=\"yoast-schema-graph\">{\"@context\":\"https:\\\/\\\/schema.org\",\"@graph\":[{\"@type\":\"Article\",\"@id\":\"https:\\\/\\\/gruene-reilingen.de\\\/?p=1031#article\",\"isPartOf\":{\"@id\":\"https:\\\/\\\/gruene-reilingen.de\\\/?p=1031\"},\"author\":{\"name\":\"gruene_reilingen\",\"@id\":\"https:\\\/\\\/gruene-reilingen.de\\\/#\\\/schema\\\/person\\\/f9da928f04550d0db757afd781f08df8\"},\"headline\":\"Gr\u00fcnes Kino mit &#8222;The True Cost &#8211; Der Preis der Mode&#8220;\",\"datePublished\":\"2018-05-17T12:40:15+00:00\",\"dateModified\":\"2018-06-06T20:22:46+00:00\",\"mainEntityOfPage\":{\"@id\":\"https:\\\/\\\/gruene-reilingen.de\\\/?p=1031\"},\"wordCount\":372,\"commentCount\":0,\"image\":{\"@id\":\"https:\\\/\\\/gruene-reilingen.de\\\/?p=1031#primaryimage\"},\"thumbnailUrl\":\"https:\\\/\\\/gruene-reilingen.de\\\/wp-content\\\/uploads\\\/2018\\\/06\\\/34365449_1852261154795625_7486940939747852288_n.jpg\",\"articleSection\":[\"News\"],\"inLanguage\":\"de\",\"potentialAction\":[{\"@type\":\"CommentAction\",\"name\":\"Comment\",\"target\":[\"https:\\\/\\\/gruene-reilingen.de\\\/?p=1031#respond\"]}]},{\"@type\":\"WebPage\",\"@id\":\"https:\\\/\\\/gruene-reilingen.de\\\/?p=1031\",\"url\":\"https:\\\/\\\/gruene-reilingen.de\\\/?p=1031\",\"name\":\"Gr\u00fcnes Kino mit \\\"The True Cost - Der Preis der Mode\\\" - B\u00dcNDNIS 90\\\/DIE GR\u00dcNEN REILINGEN\",\"isPartOf\":{\"@id\":\"https:\\\/\\\/gruene-reilingen.de\\\/#website\"},\"primaryImageOfPage\":{\"@id\":\"https:\\\/\\\/gruene-reilingen.de\\\/?p=1031#primaryimage\"},\"image\":{\"@id\":\"https:\\\/\\\/gruene-reilingen.de\\\/?p=1031#primaryimage\"},\"thumbnailUrl\":\"https:\\\/\\\/gruene-reilingen.de\\\/wp-content\\\/uploads\\\/2018\\\/06\\\/34365449_1852261154795625_7486940939747852288_n.jpg\",\"datePublished\":\"2018-05-17T12:40:15+00:00\",\"dateModified\":\"2018-06-06T20:22:46+00:00\",\"author\":{\"@id\":\"https:\\\/\\\/gruene-reilingen.de\\\/#\\\/schema\\\/person\\\/f9da928f04550d0db757afd781f08df8\"},\"breadcrumb\":{\"@id\":\"https:\\\/\\\/gruene-reilingen.de\\\/?p=1031#breadcrumb\"},\"inLanguage\":\"de\",\"potentialAction\":[{\"@type\":\"ReadAction\",\"target\":[\"https:\\\/\\\/gruene-reilingen.de\\\/?p=1031\"]}]},{\"@type\":\"ImageObject\",\"inLanguage\":\"de\",\"@id\":\"https:\\\/\\\/gruene-reilingen.de\\\/?p=1031#primaryimage\",\"url\":\"https:\\\/\\\/gruene-reilingen.de\\\/wp-content\\\/uploads\\\/2018\\\/06\\\/34365449_1852261154795625_7486940939747852288_n.jpg\",\"contentUrl\":\"https:\\\/\\\/gruene-reilingen.de\\\/wp-content\\\/uploads\\\/2018\\\/06\\\/34365449_1852261154795625_7486940939747852288_n.jpg\"},{\"@type\":\"BreadcrumbList\",\"@id\":\"https:\\\/\\\/gruene-reilingen.de\\\/?p=1031#breadcrumb\",\"itemListElement\":[{\"@type\":\"ListItem\",\"position\":1,\"name\":\"Startseite\",\"item\":\"https:\\\/\\\/gruene-reilingen.de\\\/\"},{\"@type\":\"ListItem\",\"position\":2,\"name\":\"Gr\u00fcnes Kino mit &#8222;The True Cost &#8211; Der Preis der Mode&#8220;\"}]},{\"@type\":\"WebSite\",\"@id\":\"https:\\\/\\\/gruene-reilingen.de\\\/#website\",\"url\":\"https:\\\/\\\/gruene-reilingen.de\\\/\",\"name\":\"B\u00dcNDNIS 90\\\/DIE GR\u00dcNEN REILINGEN\",\"description\":\"\",\"potentialAction\":[{\"@type\":\"SearchAction\",\"target\":{\"@type\":\"EntryPoint\",\"urlTemplate\":\"https:\\\/\\\/gruene-reilingen.de\\\/?s={search_term_string}\"},\"query-input\":{\"@type\":\"PropertyValueSpecification\",\"valueRequired\":true,\"valueName\":\"search_term_string\"}}],\"inLanguage\":\"de\"},{\"@type\":\"Person\",\"@id\":\"https:\\\/\\\/gruene-reilingen.de\\\/#\\\/schema\\\/person\\\/f9da928f04550d0db757afd781f08df8\",\"name\":\"gruene_reilingen\",\"image\":{\"@type\":\"ImageObject\",\"inLanguage\":\"de\",\"@id\":\"https:\\\/\\\/secure.gravatar.com\\\/avatar\\\/913acc38ce102bffd85b7d788472a0913fa53d9b1fe59056f1fe4e704a8231cb?s=96&d=mm&r=g\",\"url\":\"https:\\\/\\\/secure.gravatar.com\\\/avatar\\\/913acc38ce102bffd85b7d788472a0913fa53d9b1fe59056f1fe4e704a8231cb?s=96&d=mm&r=g\",\"contentUrl\":\"https:\\\/\\\/secure.gravatar.com\\\/avatar\\\/913acc38ce102bffd85b7d788472a0913fa53d9b1fe59056f1fe4e704a8231cb?s=96&d=mm&r=g\",\"caption\":\"gruene_reilingen\"},\"sameAs\":[\"http:\\\/\\\/www.gruene-reilingen.de\"],\"url\":\"https:\\\/\\\/gruene-reilingen.de\\\/?author=2\"}]}<\/script>\n<!-- \/ Yoast SEO plugin. -->","yoast_head_json":{"title":"Gr\u00fcnes Kino mit \"The True Cost - Der Preis der Mode\" - B\u00dcNDNIS 90\/DIE GR\u00dcNEN REILINGEN","robots":{"index":"index","follow":"follow","max-snippet":"max-snippet:-1","max-image-preview":"max-image-preview:large","max-video-preview":"max-video-preview:-1"},"canonical":"https:\/\/gruene-reilingen.de\/?p=1031","og_locale":"de_DE","og_type":"article","og_title":"Gr\u00fcnes Kino mit \"The True Cost - Der Preis der Mode\" - B\u00dcNDNIS 90\/DIE GR\u00dcNEN REILINGEN","og_description":"Der dritte Gr\u00fcne Kinoabend in Reilingen war ein voller Erfolg. Die Reilinger Gr\u00fcnen-Sprecherin Anna-Lena Becker begr\u00fc\u00dfte zu Beginn zahlreiche G\u00e4ste, darunter auch den Gr\u00fcnen Landtagsabgeordneten Manfred Kern. Nachdem bei den [&hellip;]","og_url":"https:\/\/gruene-reilingen.de\/?p=1031","og_site_name":"B\u00dcNDNIS 90\/DIE GR\u00dcNEN REILINGEN","article_published_time":"2018-05-17T12:40:15+00:00","article_modified_time":"2018-06-06T20:22:46+00:00","og_image":[{"url":"https:\/\/gruene-reilingen.de\/wp-content\/uploads\/2018\/06\/34365449_1852261154795625_7486940939747852288_n.jpg","type":"","width":"","height":""}],"author":"gruene_reilingen","twitter_card":"summary_large_image","twitter_misc":{"Verfasst von":"gruene_reilingen","Gesch\u00e4tzte Lesezeit":"2\u00a0Minuten"},"schema":{"@context":"https:\/\/schema.org","@graph":[{"@type":"Article","@id":"https:\/\/gruene-reilingen.de\/?p=1031#article","isPartOf":{"@id":"https:\/\/gruene-reilingen.de\/?p=1031"},"author":{"name":"gruene_reilingen","@id":"https:\/\/gruene-reilingen.de\/#\/schema\/person\/f9da928f04550d0db757afd781f08df8"},"headline":"Gr\u00fcnes Kino mit &#8222;The True Cost &#8211; Der Preis der Mode&#8220;","datePublished":"2018-05-17T12:40:15+00:00","dateModified":"2018-06-06T20:22:46+00:00","mainEntityOfPage":{"@id":"https:\/\/gruene-reilingen.de\/?p=1031"},"wordCount":372,"commentCount":0,"image":{"@id":"https:\/\/gruene-reilingen.de\/?p=1031#primaryimage"},"thumbnailUrl":"https:\/\/gruene-reilingen.de\/wp-content\/uploads\/2018\/06\/34365449_1852261154795625_7486940939747852288_n.jpg","articleSection":["News"],"inLanguage":"de","potentialAction":[{"@type":"CommentAction","name":"Comment","target":["https:\/\/gruene-reilingen.de\/?p=1031#respond"]}]},{"@type":"WebPage","@id":"https:\/\/gruene-reilingen.de\/?p=1031","url":"https:\/\/gruene-reilingen.de\/?p=1031","name":"Gr\u00fcnes Kino mit \"The True Cost - Der Preis der Mode\" - B\u00dcNDNIS 90\/DIE GR\u00dcNEN REILINGEN","isPartOf":{"@id":"https:\/\/gruene-reilingen.de\/#website"},"primaryImageOfPage":{"@id":"https:\/\/gruene-reilingen.de\/?p=1031#primaryimage"},"image":{"@id":"https:\/\/gruene-reilingen.de\/?p=1031#primaryimage"},"thumbnailUrl":"https:\/\/gruene-reilingen.de\/wp-content\/uploads\/2018\/06\/34365449_1852261154795625_7486940939747852288_n.jpg","datePublished":"2018-05-17T12:40:15+00:00","dateModified":"2018-06-06T20:22:46+00:00","author":{"@id":"https:\/\/gruene-reilingen.de\/#\/schema\/person\/f9da928f04550d0db757afd781f08df8"},"breadcrumb":{"@id":"https:\/\/gruene-reilingen.de\/?p=1031#breadcrumb"},"inLanguage":"de","potentialAction":[{"@type":"ReadAction","target":["https:\/\/gruene-reilingen.de\/?p=1031"]}]},{"@type":"ImageObject","inLanguage":"de","@id":"https:\/\/gruene-reilingen.de\/?p=1031#primaryimage","url":"https:\/\/gruene-reilingen.de\/wp-content\/uploads\/2018\/06\/34365449_1852261154795625_7486940939747852288_n.jpg","contentUrl":"https:\/\/gruene-reilingen.de\/wp-content\/uploads\/2018\/06\/34365449_1852261154795625_7486940939747852288_n.jpg"},{"@type":"BreadcrumbList","@id":"https:\/\/gruene-reilingen.de\/?p=1031#breadcrumb","itemListElement":[{"@type":"ListItem","position":1,"name":"Startseite","item":"https:\/\/gruene-reilingen.de\/"},{"@type":"ListItem","position":2,"name":"Gr\u00fcnes Kino mit &#8222;The True Cost &#8211; Der Preis der Mode&#8220;"}]},{"@type":"WebSite","@id":"https:\/\/gruene-reilingen.de\/#website","url":"https:\/\/gruene-reilingen.de\/","name":"B\u00dcNDNIS 90\/DIE GR\u00dcNEN REILINGEN","description":"","potentialAction":[{"@type":"SearchAction","target":{"@type":"EntryPoint","urlTemplate":"https:\/\/gruene-reilingen.de\/?s={search_term_string}"},"query-input":{"@type":"PropertyValueSpecification","valueRequired":true,"valueName":"search_term_string"}}],"inLanguage":"de"},{"@type":"Person","@id":"https:\/\/gruene-reilingen.de\/#\/schema\/person\/f9da928f04550d0db757afd781f08df8","name":"gruene_reilingen","image":{"@type":"ImageObject","inLanguage":"de","@id":"https:\/\/secure.gravatar.com\/avatar\/913acc38ce102bffd85b7d788472a0913fa53d9b1fe59056f1fe4e704a8231cb?s=96&d=mm&r=g","url":"https:\/\/secure.gravatar.com\/avatar\/913acc38ce102bffd85b7d788472a0913fa53d9b1fe59056f1fe4e704a8231cb?s=96&d=mm&r=g","contentUrl":"https:\/\/secure.gravatar.com\/avatar\/913acc38ce102bffd85b7d788472a0913fa53d9b1fe59056f1fe4e704a8231cb?s=96&d=mm&r=g","caption":"gruene_reilingen"},"sameAs":["http:\/\/www.gruene-reilingen.de"],"url":"https:\/\/gruene-reilingen.de\/?author=2"}]}},"_links":{"self":[{"href":"https:\/\/gruene-reilingen.de\/index.php?rest_route=\/wp\/v2\/posts\/1031","targetHints":{"allow":["GET"]}}],"collection":[{"href":"https:\/\/gruene-reilingen.de\/index.php?rest_route=\/wp\/v2\/posts"}],"about":[{"href":"https:\/\/gruene-reilingen.de\/index.php?rest_route=\/wp\/v2\/types\/post"}],"author":[{"embeddable":true,"href":"https:\/\/gruene-reilingen.de\/index.php?rest_route=\/wp\/v2\/users\/2"}],"replies":[{"embeddable":true,"href":"https:\/\/gruene-reilingen.de\/index.php?rest_route=%2Fwp%2Fv2%2Fcomments&post=1031"}],"version-history":[{"count":15,"href":"https:\/\/gruene-reilingen.de\/index.php?rest_route=\/wp\/v2\/posts\/1031\/revisions"}],"predecessor-version":[{"id":1051,"href":"https:\/\/gruene-reilingen.de\/index.php?rest_route=\/wp\/v2\/posts\/1031\/revisions\/1051"}],"wp:attachment":[{"href":"https:\/\/gruene-reilingen.de\/index.php?rest_route=%2Fwp%2Fv2%2Fmedia&parent=1031"}],"wp:term":[{"taxonomy":"category","embeddable":true,"href":"https:\/\/gruene-reilingen.de\/index.php?rest_route=%2Fwp%2Fv2%2Fcategories&post=1031"},{"taxonomy":"post_tag","embeddable":true,"href":"https:\/\/gruene-reilingen.de\/index.php?rest_route=%2Fwp%2Fv2%2Ftags&post=1031"}],"curies":[{"name":"wp","href":"https:\/\/api.w.org\/{rel}","templated":true}]}}