{"id":1060,"date":"2018-08-12T09:20:27","date_gmt":"2018-08-12T09:20:27","guid":{"rendered":"http:\/\/450841.test-my-website.de\/?p=1060"},"modified":"2018-08-17T05:02:29","modified_gmt":"2018-08-17T05:02:29","slug":"gruene-fuer-ausbau-der-mobilitaet-in-reilingen","status":"publish","type":"post","link":"https:\/\/gruene-reilingen.de\/?p=1060","title":{"rendered":"Gr\u00fcne f\u00fcr Ausbau der Mobilit\u00e4t in Reilingen"},"content":{"rendered":"<p><a href=\"https:\/\/gruene-reilingen.de\/wp-content\/uploads\/2018\/07\/Gr\u00fcner-Stammtisch-050718.jpg\"><img decoding=\"async\" class=\"aligncenter size-full wp-image-1062\" src=\"https:\/\/gruene-reilingen.de\/wp-content\/uploads\/2018\/07\/Gr\u00fcner-Stammtisch-050718.jpg\" alt=\"Gr\u00fcner Stammtisch 050718\" width=\"1600\" height=\"1200<\/a>Die Reilinger Gr\u00fcnen haben beim letzten Gr\u00fcnen Stammtisch \u00fcber das Thema Mobilit\u00e4t gesprochen. Neben dem allgemeinen Wunsch nach pers\u00f6nlicher Mobilit\u00e4t gibt es auch Herausforderungen wie zum Beispiel einen eingeschr\u00e4nkten Busverkehr am Wochenende zu bew\u00e4ltigen. Die Reilinger Gr\u00fcnen loben die bisherigen Anstrengungen der Gemeinde, die jedoch nicht nachlassen sollten. Auf der Einwohnerversammlung wurde mitgeteilt, dass der Autoverkehr in Reilingen alleine in den letzten 5 Jahren um rund 10 bis 15 Prozent zugenommen hat.<\/p>\n<p>Die Mobilit\u00e4t k\u00f6nnte mit folgenden Ma\u00dfnahmen weiter verbessert werden:<\/p>\n<p><strong>1. \u00d6ffentlichen Personennahverkehr ausbauen<\/strong><\/p>\n<p>Dass die Buslinie 719 seit rund zwei Jahren in Reilingen h\u00e4lt und von Pendlern gut angenommen wird, begr\u00fc\u00dfen die Gr\u00fcnen. Damit haben Reilinger Pendler die M\u00f6glichkeit, per Bus den Bahnhof Rot-Malsch (719) zu erreichen. Au\u00dferdem f\u00e4hrt die Buslinie 719 neben der seit Jahren etablierten Buslinie 717 den Bahnhof Neulu\u00dfheim an.<\/p>\n<p>Bei der n\u00e4chsten Ausschreibung sollte Reilingen die M\u00f6glichkeit pr\u00fcfen, die Buslinie 718 bis zum Bahnhof Wiesloch\/Walldorf fahren zu lassen. Der Bus h\u00e4lt in der Walldorfer Innenstadt und f\u00e4hrt nur von montags bis freitags. Daher sollten auch Busverbindungen am Wochenende angeboten werden.<\/p>\n<p><strong>2. Radwege erhalten und ausbauen<\/strong><\/p>\n<p>Eine gute und sinnvolle Entscheidung war es, bei der Sanierung und Neugestaltung der Haydnallee einen Radweg zu schaffen. Die L\u00fccke des Radweges am Alten Rottweg zu schlie\u00dfen, war ebenfalls sinnvoll und \u00fcberf\u00e4llig. Der Fr\u00f6schau-Radweg wurde k\u00fcrzlich er\u00f6ffnet. Mit diesen Ma\u00dfnahmen werden die Radwegl\u00fccken in Reilingen weiter reduziert. Die Gr\u00fcnen begr\u00fc\u00dfen auch die Teilnahme der Gemeinde am \u201eStadtradeln\u201c.<\/p>\n<p>Der bereits bestehende Weg durch den Wald nach Kirrlach sollte saniert werden. Die Gr\u00fcnen haben dazu bereits 2015 einen Haushaltsantrag gestellt.<\/p>\n<p><strong>3. Car-Sharing-Station errichten<\/strong><\/p>\n<p>Gemeinsam mit den Nachbargemeinden k\u00f6nnten an den Bahnh\u00f6fen in Neulu\u00dfheim und Hockenheim Carsharing-Stationen aufgebaut werden.<br \/>\nIn Reilingen k\u00f6nnte ebenfalls eine Carsharing-Station entstehen. Diese w\u00fcrde eine wichtige<br \/>\nErg\u00e4nzung zu den Buslinien darstellen.<\/p>\n<p><strong>4. Umstieg auf Elektromobilit\u00e4t unterst\u00fctzen<\/strong><\/p>\n<p>Im n\u00e4heren Umkreis gibt es heute nur an den Autobahnrastst\u00e4tten \u00f6ffentliche Elektroladestationen f\u00fcr Autos. Daher war es aus Sicht der Gr\u00fcnen-Fraktion klar, dass man den Antrag der CDU-Fraktion auf Errichtung einer Elektroladestation unterst\u00fctzt. Das Land Baden-W\u00fcrttemberg m\u00f6chte 2.000 Ladestationen im Land errichten. Die Gemeinde sollte sich daher mit dem Land entsprechend abstimmen, so dass auch Reilingen von einer m\u00f6glichen F\u00f6rderung profitieren kann.<\/p>\n<p>Mit gutem Beispiel voran gehen k\u00f6nnte die Gemeinde und bei Neuanschaffungen E-Autos zulegen.\u00a0Au\u00dferdem k\u00f6nnte die Gemeinde ein Elektroauto als E-Carsharing-Auto beisteuern.<\/p>\n<p>Eine Zusammenarbeit mit Reilinger Firmen k\u00f6nnte bei der Elektromobilt\u00e4t Sinn ergeben. So k\u00f6nnten in Kooperation Lades\u00e4ulen entstehen. Als Standort k\u00f6nnte beispielsweise das Achat-Hotel dienen. Dieses Modell wird in einigen Kommunen Baden-W\u00fcrttembergs bereits erfolgreich betrieben.<\/p>\n<p><strong>5. E-Bike-Ladestation bauen<\/strong><\/p>\n<p>E-Bikes erfreuen sich immer gr\u00f6\u00dferer Beliebtheit. Viele Radfahrer vergr\u00f6\u00dfern ihre Reichweite mit E-Bikes, andere fahren \u00fcberhaupt erst mit dem Fahrrad aufgrund des bequemen Elektroantriebs. \u00c4hnlich wie beim Elektroauto ist auch bei den E-Bikes ein gut ausgebautes Netz von Ladestationen notwendig. Eine Ladestation f\u00fcr E-Bikes (z.B. am Rathaus) k\u00f6nnte die Nutzung von diesen unterst\u00fctzen. Dazu gibt es verschiedene M\u00f6glichkeiten. Die Ladestation k\u00f6nnte z.B. in einem Fahrradst\u00e4nder mit integrierter Steckdose oder auch klassisch als Lades\u00e4ule entstehen.<\/p>\n<p><strong>6. VRNextbike<\/strong><\/p>\n<p>Schwetzingen, Hockenheim und St.Leon-Rot bieten den Fahrradverleih-Service VRNextbike bereits an. Reilingen k\u00f6nnte aus Sicht der Gr\u00fcnen diesen Service ebenfalls anbieten und eine sinnvolle L\u00fccke zwischen den einzelnen Bahnh\u00f6fen der Nachbargemeinden schlie\u00dfen.<\/p>\n<p>Die Reilinger Gr\u00fcnen kommen zu der Schlussfolgerung, dass die Gemeinde Reilingen auf einem guten Weg ist, zuk\u00fcnftige Bedarfe jedoch weitere neue und innovative L\u00f6sungen erfordern.<\/p>\n","protected":false},"excerpt":{"rendered":"","protected":false},"author":-1,"featured_media":0,"comment_status":"open","ping_status":"open","sticky":false,"template":"","format":"standard","meta":{"footnotes":""},"categories":[3],"tags":[],"class_list":["post-1060","post","type-post","status-publish","format-standard","hentry","category-news"],"yoast_head":"<!-- This site is optimized with the Yoast SEO plugin v27.5 - https:\/\/yoast.com\/product\/yoast-seo-wordpress\/ -->\n<title>Gr\u00fcne f\u00fcr Ausbau der Mobilit\u00e4t in Reilingen - B\u00dcNDNIS 90\/DIE GR\u00dcNEN REILINGEN<\/title>\n<meta name=\"robots\" content=\"index, follow, max-snippet:-1, max-image-preview:large, max-video-preview:-1\" \/>\n<link rel=\"canonical\" href=\"https:\/\/gruene-reilingen.de\/?p=1060\" \/>\n<meta property=\"og:locale\" content=\"de_DE\" \/>\n<meta property=\"og:type\" content=\"article\" \/>\n<meta property=\"og:title\" content=\"Gr\u00fcne f\u00fcr Ausbau der Mobilit\u00e4t in Reilingen - B\u00dcNDNIS 90\/DIE GR\u00dcNEN REILINGEN\" \/>\n<meta property=\"og:url\" content=\"https:\/\/gruene-reilingen.de\/?p=1060\" \/>\n<meta property=\"og:site_name\" content=\"B\u00dcNDNIS 90\/DIE GR\u00dcNEN REILINGEN\" \/>\n<meta property=\"article:published_time\" content=\"2018-08-12T09:20:27+00:00\" \/>\n<meta property=\"article:modified_time\" content=\"2018-08-17T05:02:29+00:00\" \/>\n<meta name=\"author\" content=\"gruene_reilingen\" \/>\n<meta name=\"twitter:card\" content=\"summary_large_image\" \/>\n<meta name=\"twitter:label1\" content=\"Verfasst von\" \/>\n\t<meta name=\"twitter:data1\" content=\"gruene_reilingen\" \/>\n<script type=\"application\/ld+json\" class=\"yoast-schema-graph\">{\"@context\":\"https:\\\/\\\/schema.org\",\"@graph\":[{\"@type\":\"Article\",\"@id\":\"https:\\\/\\\/gruene-reilingen.de\\\/?p=1060#article\",\"isPartOf\":{\"@id\":\"https:\\\/\\\/gruene-reilingen.de\\\/?p=1060\"},\"author\":{\"name\":\"gruene_reilingen\",\"@id\":\"https:\\\/\\\/gruene-reilingen.de\\\/#\\\/schema\\\/person\\\/f9da928f04550d0db757afd781f08df8\"},\"headline\":\"Gr\u00fcne f\u00fcr Ausbau der Mobilit\u00e4t in Reilingen\",\"datePublished\":\"2018-08-12T09:20:27+00:00\",\"dateModified\":\"2018-08-17T05:02:29+00:00\",\"mainEntityOfPage\":{\"@id\":\"https:\\\/\\\/gruene-reilingen.de\\\/?p=1060\"},\"wordCount\":10,\"commentCount\":0,\"articleSection\":[\"News\"],\"inLanguage\":\"de\",\"potentialAction\":[{\"@type\":\"CommentAction\",\"name\":\"Comment\",\"target\":[\"https:\\\/\\\/gruene-reilingen.de\\\/?p=1060#respond\"]}]},{\"@type\":\"WebPage\",\"@id\":\"https:\\\/\\\/gruene-reilingen.de\\\/?p=1060\",\"url\":\"https:\\\/\\\/gruene-reilingen.de\\\/?p=1060\",\"name\":\"Gr\u00fcne f\u00fcr Ausbau der Mobilit\u00e4t in Reilingen - B\u00dcNDNIS 90\\\/DIE GR\u00dcNEN REILINGEN\",\"isPartOf\":{\"@id\":\"https:\\\/\\\/gruene-reilingen.de\\\/#website\"},\"datePublished\":\"2018-08-12T09:20:27+00:00\",\"dateModified\":\"2018-08-17T05:02:29+00:00\",\"author\":{\"@id\":\"https:\\\/\\\/gruene-reilingen.de\\\/#\\\/schema\\\/person\\\/f9da928f04550d0db757afd781f08df8\"},\"breadcrumb\":{\"@id\":\"https:\\\/\\\/gruene-reilingen.de\\\/?p=1060#breadcrumb\"},\"inLanguage\":\"de\",\"potentialAction\":[{\"@type\":\"ReadAction\",\"target\":[\"https:\\\/\\\/gruene-reilingen.de\\\/?p=1060\"]}]},{\"@type\":\"BreadcrumbList\",\"@id\":\"https:\\\/\\\/gruene-reilingen.de\\\/?p=1060#breadcrumb\",\"itemListElement\":[{\"@type\":\"ListItem\",\"position\":1,\"name\":\"Startseite\",\"item\":\"https:\\\/\\\/gruene-reilingen.de\\\/\"},{\"@type\":\"ListItem\",\"position\":2,\"name\":\"Gr\u00fcne f\u00fcr Ausbau der Mobilit\u00e4t in Reilingen\"}]},{\"@type\":\"WebSite\",\"@id\":\"https:\\\/\\\/gruene-reilingen.de\\\/#website\",\"url\":\"https:\\\/\\\/gruene-reilingen.de\\\/\",\"name\":\"B\u00dcNDNIS 90\\\/DIE GR\u00dcNEN REILINGEN\",\"description\":\"\",\"potentialAction\":[{\"@type\":\"SearchAction\",\"target\":{\"@type\":\"EntryPoint\",\"urlTemplate\":\"https:\\\/\\\/gruene-reilingen.de\\\/?s={search_term_string}\"},\"query-input\":{\"@type\":\"PropertyValueSpecification\",\"valueRequired\":true,\"valueName\":\"search_term_string\"}}],\"inLanguage\":\"de\"},{\"@type\":\"Person\",\"@id\":\"https:\\\/\\\/gruene-reilingen.de\\\/#\\\/schema\\\/person\\\/f9da928f04550d0db757afd781f08df8\",\"name\":\"gruene_reilingen\",\"image\":{\"@type\":\"ImageObject\",\"inLanguage\":\"de\",\"@id\":\"https:\\\/\\\/secure.gravatar.com\\\/avatar\\\/913acc38ce102bffd85b7d788472a0913fa53d9b1fe59056f1fe4e704a8231cb?s=96&d=mm&r=g\",\"url\":\"https:\\\/\\\/secure.gravatar.com\\\/avatar\\\/913acc38ce102bffd85b7d788472a0913fa53d9b1fe59056f1fe4e704a8231cb?s=96&d=mm&r=g\",\"contentUrl\":\"https:\\\/\\\/secure.gravatar.com\\\/avatar\\\/913acc38ce102bffd85b7d788472a0913fa53d9b1fe59056f1fe4e704a8231cb?s=96&d=mm&r=g\",\"caption\":\"gruene_reilingen\"},\"sameAs\":[\"http:\\\/\\\/www.gruene-reilingen.de\"],\"url\":\"https:\\\/\\\/gruene-reilingen.de\\\/?author=2\"}]}<\/script>\n<!-- \/ Yoast SEO plugin. -->","yoast_head_json":{"title":"Gr\u00fcne f\u00fcr Ausbau der Mobilit\u00e4t in Reilingen - B\u00dcNDNIS 90\/DIE GR\u00dcNEN REILINGEN","robots":{"index":"index","follow":"follow","max-snippet":"max-snippet:-1","max-image-preview":"max-image-preview:large","max-video-preview":"max-video-preview:-1"},"canonical":"https:\/\/gruene-reilingen.de\/?p=1060","og_locale":"de_DE","og_type":"article","og_title":"Gr\u00fcne f\u00fcr Ausbau der Mobilit\u00e4t in Reilingen - B\u00dcNDNIS 90\/DIE GR\u00dcNEN REILINGEN","og_url":"https:\/\/gruene-reilingen.de\/?p=1060","og_site_name":"B\u00dcNDNIS 90\/DIE GR\u00dcNEN REILINGEN","article_published_time":"2018-08-12T09:20:27+00:00","article_modified_time":"2018-08-17T05:02:29+00:00","author":"gruene_reilingen","twitter_card":"summary_large_image","twitter_misc":{"Verfasst von":"gruene_reilingen"},"schema":{"@context":"https:\/\/schema.org","@graph":[{"@type":"Article","@id":"https:\/\/gruene-reilingen.de\/?p=1060#article","isPartOf":{"@id":"https:\/\/gruene-reilingen.de\/?p=1060"},"author":{"name":"gruene_reilingen","@id":"https:\/\/gruene-reilingen.de\/#\/schema\/person\/f9da928f04550d0db757afd781f08df8"},"headline":"Gr\u00fcne f\u00fcr Ausbau der Mobilit\u00e4t in Reilingen","datePublished":"2018-08-12T09:20:27+00:00","dateModified":"2018-08-17T05:02:29+00:00","mainEntityOfPage":{"@id":"https:\/\/gruene-reilingen.de\/?p=1060"},"wordCount":10,"commentCount":0,"articleSection":["News"],"inLanguage":"de","potentialAction":[{"@type":"CommentAction","name":"Comment","target":["https:\/\/gruene-reilingen.de\/?p=1060#respond"]}]},{"@type":"WebPage","@id":"https:\/\/gruene-reilingen.de\/?p=1060","url":"https:\/\/gruene-reilingen.de\/?p=1060","name":"Gr\u00fcne f\u00fcr Ausbau der Mobilit\u00e4t in Reilingen - B\u00dcNDNIS 90\/DIE GR\u00dcNEN REILINGEN","isPartOf":{"@id":"https:\/\/gruene-reilingen.de\/#website"},"datePublished":"2018-08-12T09:20:27+00:00","dateModified":"2018-08-17T05:02:29+00:00","author":{"@id":"https:\/\/gruene-reilingen.de\/#\/schema\/person\/f9da928f04550d0db757afd781f08df8"},"breadcrumb":{"@id":"https:\/\/gruene-reilingen.de\/?p=1060#breadcrumb"},"inLanguage":"de","potentialAction":[{"@type":"ReadAction","target":["https:\/\/gruene-reilingen.de\/?p=1060"]}]},{"@type":"BreadcrumbList","@id":"https:\/\/gruene-reilingen.de\/?p=1060#breadcrumb","itemListElement":[{"@type":"ListItem","position":1,"name":"Startseite","item":"https:\/\/gruene-reilingen.de\/"},{"@type":"ListItem","position":2,"name":"Gr\u00fcne f\u00fcr Ausbau der Mobilit\u00e4t in Reilingen"}]},{"@type":"WebSite","@id":"https:\/\/gruene-reilingen.de\/#website","url":"https:\/\/gruene-reilingen.de\/","name":"B\u00dcNDNIS 90\/DIE GR\u00dcNEN REILINGEN","description":"","potentialAction":[{"@type":"SearchAction","target":{"@type":"EntryPoint","urlTemplate":"https:\/\/gruene-reilingen.de\/?s={search_term_string}"},"query-input":{"@type":"PropertyValueSpecification","valueRequired":true,"valueName":"search_term_string"}}],"inLanguage":"de"},{"@type":"Person","@id":"https:\/\/gruene-reilingen.de\/#\/schema\/person\/f9da928f04550d0db757afd781f08df8","name":"gruene_reilingen","image":{"@type":"ImageObject","inLanguage":"de","@id":"https:\/\/secure.gravatar.com\/avatar\/913acc38ce102bffd85b7d788472a0913fa53d9b1fe59056f1fe4e704a8231cb?s=96&d=mm&r=g","url":"https:\/\/secure.gravatar.com\/avatar\/913acc38ce102bffd85b7d788472a0913fa53d9b1fe59056f1fe4e704a8231cb?s=96&d=mm&r=g","contentUrl":"https:\/\/secure.gravatar.com\/avatar\/913acc38ce102bffd85b7d788472a0913fa53d9b1fe59056f1fe4e704a8231cb?s=96&d=mm&r=g","caption":"gruene_reilingen"},"sameAs":["http:\/\/www.gruene-reilingen.de"],"url":"https:\/\/gruene-reilingen.de\/?author=2"}]}},"_links":{"self":[{"href":"https:\/\/gruene-reilingen.de\/index.php?rest_route=\/wp\/v2\/posts\/1060","targetHints":{"allow":["GET"]}}],"collection":[{"href":"https:\/\/gruene-reilingen.de\/index.php?rest_route=\/wp\/v2\/posts"}],"about":[{"href":"https:\/\/gruene-reilingen.de\/index.php?rest_route=\/wp\/v2\/types\/post"}],"author":[{"embeddable":true,"href":"https:\/\/gruene-reilingen.de\/index.php?rest_route=\/wp\/v2\/users\/2"}],"replies":[{"embeddable":true,"href":"https:\/\/gruene-reilingen.de\/index.php?rest_route=%2Fwp%2Fv2%2Fcomments&post=1060"}],"version-history":[{"count":4,"href":"https:\/\/gruene-reilingen.de\/index.php?rest_route=\/wp\/v2\/posts\/1060\/revisions"}],"predecessor-version":[{"id":1065,"href":"https:\/\/gruene-reilingen.de\/index.php?rest_route=\/wp\/v2\/posts\/1060\/revisions\/1065"}],"wp:attachment":[{"href":"https:\/\/gruene-reilingen.de\/index.php?rest_route=%2Fwp%2Fv2%2Fmedia&parent=1060"}],"wp:term":[{"taxonomy":"category","embeddable":true,"href":"https:\/\/gruene-reilingen.de\/index.php?rest_route=%2Fwp%2Fv2%2Fcategories&post=1060"},{"taxonomy":"post_tag","embeddable":true,"href":"https:\/\/gruene-reilingen.de\/index.php?rest_route=%2Fwp%2Fv2%2Ftags&post=1060"}],"curies":[{"name":"wp","href":"https:\/\/api.w.org\/{rel}","templated":true}]}}