{"id":1117,"date":"2018-11-18T20:42:28","date_gmt":"2018-11-18T20:42:28","guid":{"rendered":"https:\/\/gruene-reilingen.de\/?p=1117"},"modified":"2018-11-21T22:52:15","modified_gmt":"2018-11-21T22:52:15","slug":"reilinger-gruene-feiern-5-jahre-ortsverband-reilingen","status":"publish","type":"post","link":"https:\/\/gruene-reilingen.de\/?p=1117","title":{"rendered":"Reilinger Gr\u00fcne feiern 5 Jahre Ortsverband"},"content":{"rendered":"<p>Bereits f\u00fcnf Jahre ist es schon her, als sich mit Anna-Lena Becker (geb. Gro\u00dfhans), Jochen Rotter, Simon Schell, Oliver Keim, Christopher P\u00f6schel und anderen eine Gruppe an jungen und hochmotivierten Menschen zum B\u00fcndnis&#8217;90\/Die Gr\u00fcnen-Ortsverband Reilingen zusammenschloss, mit einem gemeinsamen Ziel: Frischen Wind ins Rathaus zu bringen! Als Ziele des Ortsverbands wurden damals eine bessere B\u00fcrgerbeteiligung und Transparenz, Natur- und Umweltschutz sowie die Sicherung des Schulstandortes ausgegeben.<span class=\"Apple-converted-space\">\u00a0<\/span><\/p>\n<p>Mit Erfolg: Bei der Gemeinderatswahl im Jahre 2014 konnten gleich zwei Mitglieder, Anna-Lena Becker und Jochen Rotter ins Rathaus einziehen.<span class=\"Apple-converted-space\">\u00a0<\/span>Und so treffen sich die Mitglieder und interessierte B\u00fcrger seitdem zu monatlichen Stammtischen. Zum 5-J\u00e4hrigen Jubil\u00e4um wurde nun Bilanz gezogen:<\/p>\n<p>Als Erfolge k\u00f6nnen die Gr\u00fcnen die Schlie\u00dfung der Radwegl\u00fccke im Alten Rottweg, die mittlerweile eingef\u00fchrte Transparenz bei Baumf\u00e4llungen, der barrierefreie Zugang zur Mehrzweckhalle der Fritz-Mannherz-Hallen oder auch das Blockheizkraftwerk f\u00fcr die Fritz-Mannherz-Hallen und die Schiller-Schule verbuchen. Die Reilinger Gr\u00fcnen haben auch mehrere Anfragen an die Gemeindeverwaltung gestellt, u.a. zum Pestizideinsatz in der Gemeinde und zur Wasserqualit\u00e4t in den Reilinger Gew\u00e4ssern.<\/p>\n<p>Seit der Gr\u00fcndung des Ortsverbandes werden regelm\u00e4\u00dfige Veranstaltungen zu Themen, die nat\u00fcrlich auch die Einwohner Reilingens betreffen, durchgef\u00fchrt. Angefangen hat man 2013 mit einem Vortrag von Dr. Ute Kratzmeier von der GEW (Gewerkschaft Erziehung und Wissenschaft) zur Gemeinschaftsschule. Neben den regelm\u00e4\u00dfigen monatlichen \u00f6ffentlichen Stammtischen, der j\u00e4hrlichen Teilnahme an der Ferienfreizeit und der Aktion \u201eSaubere Gemeinde\u201c hat der Ortsverband der Gr\u00fcnen Reilingen mit dem \u201eGr\u00fcnen Kino\u201c 2017 eine neue Informations- und Austauschplattform etabliert: Dabei werden Dokumentarfilme zu aktuellen Themen gezeigt. Als Experten f\u00fcr die anschlie\u00dfende Diskussion konnten bisher unter anderem Biolandwirt Michael Hoffmann und Umweltstaatssekret\u00e4r Dr. Andre Baumann gewonnen werden.\u00a0Auch die Abgeordneten Kreisrat Adolf H\u00e4rdle, MdL Manfred Kern und MdB Dr. Danyal Bayaz sind regelm\u00e4\u00dfig in Reilingen zu Gast.<\/p>\n<p>Der Ortsverband stellte nach dem R\u00fcckblick fest, dass bei so wichtigen Themen wie der Biotopvernetzung, dem Ausbau des \u00f6ffentlichen Personennahverkehrs, der Jugendbeteiligung und auch der M\u00fcllvermeidung noch einige Anstrengungen notwendig sind.<\/p>\n<p>Mit einem Ausblick auf kommende Veranstaltungen ging der Gr\u00fcne Jubil\u00e4ums-Stammtisch zu Ende.<\/p>\n","protected":false},"excerpt":{"rendered":"<p>Bereits f\u00fcnf Jahre ist es schon her, als sich mit Anna-Lena Becker (geb. Gro\u00dfhans), Jochen Rotter, Simon Schell, Oliver Keim, Christopher P\u00f6schel und anderen eine Gruppe an jungen und hochmotivierten [&hellip;]<\/p>\n","protected":false},"author":-1,"featured_media":0,"comment_status":"open","ping_status":"open","sticky":false,"template":"","format":"standard","meta":{"footnotes":""},"categories":[3],"tags":[],"class_list":["post-1117","post","type-post","status-publish","format-standard","hentry","category-news"],"yoast_head":"<!-- This site is optimized with the Yoast SEO plugin v27.5 - https:\/\/yoast.com\/product\/yoast-seo-wordpress\/ -->\n<title>Reilinger Gr\u00fcne feiern 5 Jahre Ortsverband - B\u00dcNDNIS 90\/DIE GR\u00dcNEN REILINGEN<\/title>\n<meta name=\"robots\" content=\"index, follow, max-snippet:-1, max-image-preview:large, max-video-preview:-1\" \/>\n<link rel=\"canonical\" href=\"https:\/\/gruene-reilingen.de\/?p=1117\" \/>\n<meta property=\"og:locale\" content=\"de_DE\" \/>\n<meta property=\"og:type\" content=\"article\" \/>\n<meta property=\"og:title\" content=\"Reilinger Gr\u00fcne feiern 5 Jahre Ortsverband - B\u00dcNDNIS 90\/DIE GR\u00dcNEN REILINGEN\" \/>\n<meta property=\"og:description\" content=\"Bereits f\u00fcnf Jahre ist es schon her, als sich mit Anna-Lena Becker (geb. Gro\u00dfhans), Jochen Rotter, Simon Schell, Oliver Keim, Christopher P\u00f6schel und anderen eine Gruppe an jungen und hochmotivierten [&hellip;]\" \/>\n<meta property=\"og:url\" content=\"https:\/\/gruene-reilingen.de\/?p=1117\" \/>\n<meta property=\"og:site_name\" content=\"B\u00dcNDNIS 90\/DIE GR\u00dcNEN REILINGEN\" \/>\n<meta property=\"article:published_time\" content=\"2018-11-18T20:42:28+00:00\" \/>\n<meta property=\"article:modified_time\" content=\"2018-11-21T22:52:15+00:00\" \/>\n<meta name=\"author\" content=\"gruene_reilingen\" \/>\n<meta name=\"twitter:card\" content=\"summary_large_image\" \/>\n<meta name=\"twitter:label1\" content=\"Verfasst von\" \/>\n\t<meta name=\"twitter:data1\" content=\"gruene_reilingen\" \/>\n\t<meta name=\"twitter:label2\" content=\"Gesch\u00e4tzte Lesezeit\" \/>\n\t<meta name=\"twitter:data2\" content=\"2\u00a0Minuten\" \/>\n<script type=\"application\/ld+json\" class=\"yoast-schema-graph\">{\"@context\":\"https:\\\/\\\/schema.org\",\"@graph\":[{\"@type\":\"Article\",\"@id\":\"https:\\\/\\\/gruene-reilingen.de\\\/?p=1117#article\",\"isPartOf\":{\"@id\":\"https:\\\/\\\/gruene-reilingen.de\\\/?p=1117\"},\"author\":{\"name\":\"gruene_reilingen\",\"@id\":\"https:\\\/\\\/gruene-reilingen.de\\\/#\\\/schema\\\/person\\\/f9da928f04550d0db757afd781f08df8\"},\"headline\":\"Reilinger Gr\u00fcne feiern 5 Jahre Ortsverband\",\"datePublished\":\"2018-11-18T20:42:28+00:00\",\"dateModified\":\"2018-11-21T22:52:15+00:00\",\"mainEntityOfPage\":{\"@id\":\"https:\\\/\\\/gruene-reilingen.de\\\/?p=1117\"},\"wordCount\":369,\"commentCount\":0,\"articleSection\":[\"News\"],\"inLanguage\":\"de\",\"potentialAction\":[{\"@type\":\"CommentAction\",\"name\":\"Comment\",\"target\":[\"https:\\\/\\\/gruene-reilingen.de\\\/?p=1117#respond\"]}]},{\"@type\":\"WebPage\",\"@id\":\"https:\\\/\\\/gruene-reilingen.de\\\/?p=1117\",\"url\":\"https:\\\/\\\/gruene-reilingen.de\\\/?p=1117\",\"name\":\"Reilinger Gr\u00fcne feiern 5 Jahre Ortsverband - B\u00dcNDNIS 90\\\/DIE GR\u00dcNEN REILINGEN\",\"isPartOf\":{\"@id\":\"https:\\\/\\\/gruene-reilingen.de\\\/#website\"},\"datePublished\":\"2018-11-18T20:42:28+00:00\",\"dateModified\":\"2018-11-21T22:52:15+00:00\",\"author\":{\"@id\":\"https:\\\/\\\/gruene-reilingen.de\\\/#\\\/schema\\\/person\\\/f9da928f04550d0db757afd781f08df8\"},\"breadcrumb\":{\"@id\":\"https:\\\/\\\/gruene-reilingen.de\\\/?p=1117#breadcrumb\"},\"inLanguage\":\"de\",\"potentialAction\":[{\"@type\":\"ReadAction\",\"target\":[\"https:\\\/\\\/gruene-reilingen.de\\\/?p=1117\"]}]},{\"@type\":\"BreadcrumbList\",\"@id\":\"https:\\\/\\\/gruene-reilingen.de\\\/?p=1117#breadcrumb\",\"itemListElement\":[{\"@type\":\"ListItem\",\"position\":1,\"name\":\"Startseite\",\"item\":\"https:\\\/\\\/gruene-reilingen.de\\\/\"},{\"@type\":\"ListItem\",\"position\":2,\"name\":\"Reilinger Gr\u00fcne feiern 5 Jahre Ortsverband\"}]},{\"@type\":\"WebSite\",\"@id\":\"https:\\\/\\\/gruene-reilingen.de\\\/#website\",\"url\":\"https:\\\/\\\/gruene-reilingen.de\\\/\",\"name\":\"B\u00dcNDNIS 90\\\/DIE GR\u00dcNEN REILINGEN\",\"description\":\"\",\"potentialAction\":[{\"@type\":\"SearchAction\",\"target\":{\"@type\":\"EntryPoint\",\"urlTemplate\":\"https:\\\/\\\/gruene-reilingen.de\\\/?s={search_term_string}\"},\"query-input\":{\"@type\":\"PropertyValueSpecification\",\"valueRequired\":true,\"valueName\":\"search_term_string\"}}],\"inLanguage\":\"de\"},{\"@type\":\"Person\",\"@id\":\"https:\\\/\\\/gruene-reilingen.de\\\/#\\\/schema\\\/person\\\/f9da928f04550d0db757afd781f08df8\",\"name\":\"gruene_reilingen\",\"image\":{\"@type\":\"ImageObject\",\"inLanguage\":\"de\",\"@id\":\"https:\\\/\\\/secure.gravatar.com\\\/avatar\\\/913acc38ce102bffd85b7d788472a0913fa53d9b1fe59056f1fe4e704a8231cb?s=96&d=mm&r=g\",\"url\":\"https:\\\/\\\/secure.gravatar.com\\\/avatar\\\/913acc38ce102bffd85b7d788472a0913fa53d9b1fe59056f1fe4e704a8231cb?s=96&d=mm&r=g\",\"contentUrl\":\"https:\\\/\\\/secure.gravatar.com\\\/avatar\\\/913acc38ce102bffd85b7d788472a0913fa53d9b1fe59056f1fe4e704a8231cb?s=96&d=mm&r=g\",\"caption\":\"gruene_reilingen\"},\"sameAs\":[\"http:\\\/\\\/www.gruene-reilingen.de\"],\"url\":\"https:\\\/\\\/gruene-reilingen.de\\\/?author=2\"}]}<\/script>\n<!-- \/ Yoast SEO plugin. -->","yoast_head_json":{"title":"Reilinger Gr\u00fcne feiern 5 Jahre Ortsverband - B\u00dcNDNIS 90\/DIE GR\u00dcNEN REILINGEN","robots":{"index":"index","follow":"follow","max-snippet":"max-snippet:-1","max-image-preview":"max-image-preview:large","max-video-preview":"max-video-preview:-1"},"canonical":"https:\/\/gruene-reilingen.de\/?p=1117","og_locale":"de_DE","og_type":"article","og_title":"Reilinger Gr\u00fcne feiern 5 Jahre Ortsverband - B\u00dcNDNIS 90\/DIE GR\u00dcNEN REILINGEN","og_description":"Bereits f\u00fcnf Jahre ist es schon her, als sich mit Anna-Lena Becker (geb. Gro\u00dfhans), Jochen Rotter, Simon Schell, Oliver Keim, Christopher P\u00f6schel und anderen eine Gruppe an jungen und hochmotivierten [&hellip;]","og_url":"https:\/\/gruene-reilingen.de\/?p=1117","og_site_name":"B\u00dcNDNIS 90\/DIE GR\u00dcNEN REILINGEN","article_published_time":"2018-11-18T20:42:28+00:00","article_modified_time":"2018-11-21T22:52:15+00:00","author":"gruene_reilingen","twitter_card":"summary_large_image","twitter_misc":{"Verfasst von":"gruene_reilingen","Gesch\u00e4tzte Lesezeit":"2\u00a0Minuten"},"schema":{"@context":"https:\/\/schema.org","@graph":[{"@type":"Article","@id":"https:\/\/gruene-reilingen.de\/?p=1117#article","isPartOf":{"@id":"https:\/\/gruene-reilingen.de\/?p=1117"},"author":{"name":"gruene_reilingen","@id":"https:\/\/gruene-reilingen.de\/#\/schema\/person\/f9da928f04550d0db757afd781f08df8"},"headline":"Reilinger Gr\u00fcne feiern 5 Jahre Ortsverband","datePublished":"2018-11-18T20:42:28+00:00","dateModified":"2018-11-21T22:52:15+00:00","mainEntityOfPage":{"@id":"https:\/\/gruene-reilingen.de\/?p=1117"},"wordCount":369,"commentCount":0,"articleSection":["News"],"inLanguage":"de","potentialAction":[{"@type":"CommentAction","name":"Comment","target":["https:\/\/gruene-reilingen.de\/?p=1117#respond"]}]},{"@type":"WebPage","@id":"https:\/\/gruene-reilingen.de\/?p=1117","url":"https:\/\/gruene-reilingen.de\/?p=1117","name":"Reilinger Gr\u00fcne feiern 5 Jahre Ortsverband - B\u00dcNDNIS 90\/DIE GR\u00dcNEN REILINGEN","isPartOf":{"@id":"https:\/\/gruene-reilingen.de\/#website"},"datePublished":"2018-11-18T20:42:28+00:00","dateModified":"2018-11-21T22:52:15+00:00","author":{"@id":"https:\/\/gruene-reilingen.de\/#\/schema\/person\/f9da928f04550d0db757afd781f08df8"},"breadcrumb":{"@id":"https:\/\/gruene-reilingen.de\/?p=1117#breadcrumb"},"inLanguage":"de","potentialAction":[{"@type":"ReadAction","target":["https:\/\/gruene-reilingen.de\/?p=1117"]}]},{"@type":"BreadcrumbList","@id":"https:\/\/gruene-reilingen.de\/?p=1117#breadcrumb","itemListElement":[{"@type":"ListItem","position":1,"name":"Startseite","item":"https:\/\/gruene-reilingen.de\/"},{"@type":"ListItem","position":2,"name":"Reilinger Gr\u00fcne feiern 5 Jahre Ortsverband"}]},{"@type":"WebSite","@id":"https:\/\/gruene-reilingen.de\/#website","url":"https:\/\/gruene-reilingen.de\/","name":"B\u00dcNDNIS 90\/DIE GR\u00dcNEN REILINGEN","description":"","potentialAction":[{"@type":"SearchAction","target":{"@type":"EntryPoint","urlTemplate":"https:\/\/gruene-reilingen.de\/?s={search_term_string}"},"query-input":{"@type":"PropertyValueSpecification","valueRequired":true,"valueName":"search_term_string"}}],"inLanguage":"de"},{"@type":"Person","@id":"https:\/\/gruene-reilingen.de\/#\/schema\/person\/f9da928f04550d0db757afd781f08df8","name":"gruene_reilingen","image":{"@type":"ImageObject","inLanguage":"de","@id":"https:\/\/secure.gravatar.com\/avatar\/913acc38ce102bffd85b7d788472a0913fa53d9b1fe59056f1fe4e704a8231cb?s=96&d=mm&r=g","url":"https:\/\/secure.gravatar.com\/avatar\/913acc38ce102bffd85b7d788472a0913fa53d9b1fe59056f1fe4e704a8231cb?s=96&d=mm&r=g","contentUrl":"https:\/\/secure.gravatar.com\/avatar\/913acc38ce102bffd85b7d788472a0913fa53d9b1fe59056f1fe4e704a8231cb?s=96&d=mm&r=g","caption":"gruene_reilingen"},"sameAs":["http:\/\/www.gruene-reilingen.de"],"url":"https:\/\/gruene-reilingen.de\/?author=2"}]}},"_links":{"self":[{"href":"https:\/\/gruene-reilingen.de\/index.php?rest_route=\/wp\/v2\/posts\/1117","targetHints":{"allow":["GET"]}}],"collection":[{"href":"https:\/\/gruene-reilingen.de\/index.php?rest_route=\/wp\/v2\/posts"}],"about":[{"href":"https:\/\/gruene-reilingen.de\/index.php?rest_route=\/wp\/v2\/types\/post"}],"author":[{"embeddable":true,"href":"https:\/\/gruene-reilingen.de\/index.php?rest_route=\/wp\/v2\/users\/2"}],"replies":[{"embeddable":true,"href":"https:\/\/gruene-reilingen.de\/index.php?rest_route=%2Fwp%2Fv2%2Fcomments&post=1117"}],"version-history":[{"count":8,"href":"https:\/\/gruene-reilingen.de\/index.php?rest_route=\/wp\/v2\/posts\/1117\/revisions"}],"predecessor-version":[{"id":1127,"href":"https:\/\/gruene-reilingen.de\/index.php?rest_route=\/wp\/v2\/posts\/1117\/revisions\/1127"}],"wp:attachment":[{"href":"https:\/\/gruene-reilingen.de\/index.php?rest_route=%2Fwp%2Fv2%2Fmedia&parent=1117"}],"wp:term":[{"taxonomy":"category","embeddable":true,"href":"https:\/\/gruene-reilingen.de\/index.php?rest_route=%2Fwp%2Fv2%2Fcategories&post=1117"},{"taxonomy":"post_tag","embeddable":true,"href":"https:\/\/gruene-reilingen.de\/index.php?rest_route=%2Fwp%2Fv2%2Ftags&post=1117"}],"curies":[{"name":"wp","href":"https:\/\/api.w.org\/{rel}","templated":true}]}}