{"id":1285,"date":"2019-04-13T08:41:40","date_gmt":"2019-04-13T08:41:40","guid":{"rendered":"https:\/\/gruene-reilingen.de\/?p=1285"},"modified":"2019-04-14T15:38:17","modified_gmt":"2019-04-14T15:38:17","slug":"reilinger-gruene-stellen-wahlprogramm-vor","status":"publish","type":"post","link":"https:\/\/gruene-reilingen.de\/?p=1285","title":{"rendered":"Reilinger Gr\u00fcne stellen Wahlprogramm vor"},"content":{"rendered":"<p><a href=\"https:\/\/gruene-reilingen.de\/wp-content\/uploads\/2019\/04\/Gruene_Reilingen_Gruppenbild-Gemeinderatswahl-2019.jpg\"><img decoding=\"async\" class=\"aligncenter size-full wp-image-1290\" src=\"https:\/\/gruene-reilingen.de\/wp-content\/uploads\/2019\/04\/Gruene_Reilingen_Gruppenbild-Gemeinderatswahl-2019.jpg\" alt=\"\" width=\"800\" height=\"620<\/a srcset=\"https:\/\/gruene-reilingen.de\/wp-content\/uploads\/2019\/04\/Gruene_Reilingen_Gruppenbild-Gemeinderatswahl-2019.jpg 800w, https:\/\/gruene-reilingen.de\/wp-content\/uploads\/2019\/04\/Gruene_Reilingen_Gruppenbild-Gemeinderatswahl-2019-768x595.jpg 768w\" sizes=\"(max-width: 800px) 100vw, 800px\" \/><a href=\"https:\/\/gruene-reilingen.de\/wp-content\/uploads\/2019\/04\/DSC01121-2.jpg\"><br \/>\n<\/a><\/p>\n<p>stehend v.l.nr. Janina P\u00f6schel, Heike D\u00f6hren, Karin \u00d6zbilen, Carolin Hoffmann, Werner Borowski, Simon Schell, Lisa Lautenschl\u00e4ger, Anna-Lena Becker, Jochen Rotter, Christopher P\u00f6schel, Alena M\u00fcller, in der Hocke v.l.n.r. Robin Ciuman, Oliver Keim<\/p>\n<p>Die Reilinger Gr\u00fcnen haben ihr Wahlprogramm unter dem Motto \u201eHeute f\u00fcr ein Reilingen von morgen\u201c beschlossen.<\/p>\n<p>Das Blockheizkraftwerk f\u00fcr die Mannherzhallen und die Schillerschule zur Einsparung von j\u00e4hrlich 38 Tonnen CO2, die barrierefreien Zug\u00e4nge zur Mehrzweckhalle der Mannherzhallen und zur Altenbegegnungsst\u00e4tte des Riegler-Hauses sind nur einige Beispiele f\u00fcr erfolgreiche Gr\u00fcne Antr\u00e4ge. Auch der Erhalt des B\u00fcrgerparks oder der Radwegl\u00fcckenschluss im Alten Rottweg sind Erfolge der Reilinger Gr\u00fcnen. Das die Kinderbetreuung massiv ausgebaut wurde und der Schulstandort der weiterf\u00fchrenden Schule als Gemeinschaftsschule zukunftsf\u00e4hig ist, sind Realisierungen des Gr\u00fcnen Wahlprogramms 2014 bis 2019. Auch wenn viele Gr\u00fcne Themen und Antr\u00e4ge erf\u00fcllt wurden, gilt es aus Sicht der 18 Kandidatinnen und Kandidaten auf die Herausforderungen von heute und morgen L\u00f6sungen zu finden.<\/p>\n<p>In das aktuelle Wahlprogramm sind auch Ideen und Anregungen aus der Bev\u00f6lkerung eingeflossen. Diese haben die Gr\u00fcnen bei Infost\u00e4nden, bei den Gr\u00fcnen Kinoabenden und Gr\u00fcnen Stammtischen oder \u00fcber die sozialen Medien aufgegriffen.<span class=\"Apple-converted-space\">\u00a0<\/span><\/p>\n<p>Das f\u00fcnfk\u00f6pfige Spitzenteam der Reilinger Gr\u00fcnen \u00e4u\u00dfert sich zum Wahlprogramm:<\/p>\n<p>Laut der auf Listenplatz 1 kandidierenden Sprecherin der Gr\u00fcnen Jugend Carolin Hoffmann \u201em\u00f6chten die Gr\u00fcnen sich f\u00fcr eine verantwortungsvolle Landwirtschaft einsetzen. Der massive Fl\u00e4chenverbrauch der letzten Jahre soll gestoppt werden. Au\u00dferdem soll der Einsatz von Ackergiften wie Glyphosat reduziert werden. Schlie\u00dflich m\u00f6chten wir auch in Zukunft noch etwas von unserer sch\u00f6nen Reilinger Natur haben.\u201c<\/p>\n<p>Fraktionssprecher Jochen Rotter liegt die Mobilit\u00e4t und ein Ausbau des \u00f6ffentlichen Personennahverkehr am Herzen: \u201eDie Buslinie 718 nach Walldorf ist aus unserer Sicht bis zum Bahnhof Wiesloch-Walldorf zu verl\u00e4ngern und soll auch am Wochenende fahren. Die Buslinie 719 soll ebenfalls auch am Wochenende Reilingen anfahren.\u201c<\/p>\n<p>\u201eBereits in der vergangenen Amtszeit haben wir uns f\u00fcr die Eind\u00e4mmung der M\u00fcllflut an der B\u00fcrgerbegegnungsst\u00e4tte und dem Rieglerhaus eingesetzt. Dies m\u00f6chten wir auch weiterhin tun!\u201c so Ortsverbandssprecherin Anna-Lena Becker.<\/p>\n<p>Gr\u00fcnen-Gr\u00fcndungsmitglied Simon Schell spricht sich neben einer gelebten B\u00fcrgerbeteiligung vor allem f\u00fcr mehr Transparenz aus, \u201edenn wir wollen nicht, dass \u00fcber die K\u00f6pfe der B\u00fcrgerinnen und B\u00fcrger entschieden wird.\u201c<\/p>\n<p>F\u00fcr die langj\u00e4hrige CVJM-Vorsitzende Lisa Lautenschl\u00e4ger ist eine Beteiligung der Jugendlichen sehr wichtig. \u201eDa ist noch viel Luft nach oben, die bisherige Jugendbeteiligung ist ausbauf\u00e4hig\u201c. so Lautenschl\u00e4ger. \u201eWir setzen uns daf\u00fcr ein, dass es k\u00fcnftig eine Jugendsprechstunde im Rathaus geben soll.\u201c<\/p>\n<p>Das vollst\u00e4ndige Wahlprogramm der Reilinger Gr\u00fcnen kann auf der Internetseite oder in den sozialen Medien angeschaut werden.<span class=\"Apple-converted-space\">\u00a0<\/span><\/p>\n","protected":false},"excerpt":{"rendered":"","protected":false},"author":-1,"featured_media":0,"comment_status":"open","ping_status":"open","sticky":false,"template":"","format":"standard","meta":{"footnotes":""},"categories":[3],"tags":[],"class_list":["post-1285","post","type-post","status-publish","format-standard","hentry","category-news"],"yoast_head":"<!-- This site is optimized with the Yoast SEO plugin v27.5 - https:\/\/yoast.com\/product\/yoast-seo-wordpress\/ -->\n<title>Reilinger Gr\u00fcne stellen Wahlprogramm vor - B\u00dcNDNIS 90\/DIE GR\u00dcNEN REILINGEN<\/title>\n<meta name=\"robots\" content=\"index, follow, max-snippet:-1, max-image-preview:large, max-video-preview:-1\" \/>\n<link rel=\"canonical\" href=\"https:\/\/gruene-reilingen.de\/?p=1285\" \/>\n<meta property=\"og:locale\" content=\"de_DE\" \/>\n<meta property=\"og:type\" content=\"article\" \/>\n<meta property=\"og:title\" content=\"Reilinger Gr\u00fcne stellen Wahlprogramm vor - B\u00dcNDNIS 90\/DIE GR\u00dcNEN REILINGEN\" \/>\n<meta property=\"og:url\" content=\"https:\/\/gruene-reilingen.de\/?p=1285\" \/>\n<meta property=\"og:site_name\" content=\"B\u00dcNDNIS 90\/DIE GR\u00dcNEN REILINGEN\" \/>\n<meta property=\"article:published_time\" content=\"2019-04-13T08:41:40+00:00\" \/>\n<meta property=\"article:modified_time\" content=\"2019-04-14T15:38:17+00:00\" \/>\n<meta property=\"og:image\" content=\"https:\/\/gruene-reilingen.de\/wp-content\/uploads\/2019\/04\/Gruene_Reilingen_Gruppenbild-Gemeinderatswahl-2019.jpg\" \/>\n<meta name=\"author\" content=\"gruene_reilingen\" \/>\n<meta name=\"twitter:card\" content=\"summary_large_image\" \/>\n<meta name=\"twitter:label1\" content=\"Verfasst von\" \/>\n\t<meta name=\"twitter:data1\" content=\"gruene_reilingen\" \/>\n<script type=\"application\/ld+json\" class=\"yoast-schema-graph\">{\"@context\":\"https:\\\/\\\/schema.org\",\"@graph\":[{\"@type\":\"Article\",\"@id\":\"https:\\\/\\\/gruene-reilingen.de\\\/?p=1285#article\",\"isPartOf\":{\"@id\":\"https:\\\/\\\/gruene-reilingen.de\\\/?p=1285\"},\"author\":{\"name\":\"gruene_reilingen\",\"@id\":\"https:\\\/\\\/gruene-reilingen.de\\\/#\\\/schema\\\/person\\\/f9da928f04550d0db757afd781f08df8\"},\"headline\":\"Reilinger Gr\u00fcne stellen Wahlprogramm vor\",\"datePublished\":\"2019-04-13T08:41:40+00:00\",\"dateModified\":\"2019-04-14T15:38:17+00:00\",\"mainEntityOfPage\":{\"@id\":\"https:\\\/\\\/gruene-reilingen.de\\\/?p=1285\"},\"wordCount\":6,\"commentCount\":0,\"image\":{\"@id\":\"https:\\\/\\\/gruene-reilingen.de\\\/?p=1285#primaryimage\"},\"thumbnailUrl\":\"https:\\\/\\\/gruene-reilingen.de\\\/wp-content\\\/uploads\\\/2019\\\/04\\\/Gruene_Reilingen_Gruppenbild-Gemeinderatswahl-2019.jpg\",\"articleSection\":[\"News\"],\"inLanguage\":\"de\",\"potentialAction\":[{\"@type\":\"CommentAction\",\"name\":\"Comment\",\"target\":[\"https:\\\/\\\/gruene-reilingen.de\\\/?p=1285#respond\"]}]},{\"@type\":\"WebPage\",\"@id\":\"https:\\\/\\\/gruene-reilingen.de\\\/?p=1285\",\"url\":\"https:\\\/\\\/gruene-reilingen.de\\\/?p=1285\",\"name\":\"Reilinger Gr\u00fcne stellen Wahlprogramm vor - B\u00dcNDNIS 90\\\/DIE GR\u00dcNEN REILINGEN\",\"isPartOf\":{\"@id\":\"https:\\\/\\\/gruene-reilingen.de\\\/#website\"},\"primaryImageOfPage\":{\"@id\":\"https:\\\/\\\/gruene-reilingen.de\\\/?p=1285#primaryimage\"},\"image\":{\"@id\":\"https:\\\/\\\/gruene-reilingen.de\\\/?p=1285#primaryimage\"},\"thumbnailUrl\":\"https:\\\/\\\/gruene-reilingen.de\\\/wp-content\\\/uploads\\\/2019\\\/04\\\/Gruene_Reilingen_Gruppenbild-Gemeinderatswahl-2019.jpg\",\"datePublished\":\"2019-04-13T08:41:40+00:00\",\"dateModified\":\"2019-04-14T15:38:17+00:00\",\"author\":{\"@id\":\"https:\\\/\\\/gruene-reilingen.de\\\/#\\\/schema\\\/person\\\/f9da928f04550d0db757afd781f08df8\"},\"breadcrumb\":{\"@id\":\"https:\\\/\\\/gruene-reilingen.de\\\/?p=1285#breadcrumb\"},\"inLanguage\":\"de\",\"potentialAction\":[{\"@type\":\"ReadAction\",\"target\":[\"https:\\\/\\\/gruene-reilingen.de\\\/?p=1285\"]}]},{\"@type\":\"ImageObject\",\"inLanguage\":\"de\",\"@id\":\"https:\\\/\\\/gruene-reilingen.de\\\/?p=1285#primaryimage\",\"url\":\"https:\\\/\\\/gruene-reilingen.de\\\/wp-content\\\/uploads\\\/2019\\\/04\\\/Gruene_Reilingen_Gruppenbild-Gemeinderatswahl-2019.jpg\",\"contentUrl\":\"https:\\\/\\\/gruene-reilingen.de\\\/wp-content\\\/uploads\\\/2019\\\/04\\\/Gruene_Reilingen_Gruppenbild-Gemeinderatswahl-2019.jpg\"},{\"@type\":\"BreadcrumbList\",\"@id\":\"https:\\\/\\\/gruene-reilingen.de\\\/?p=1285#breadcrumb\",\"itemListElement\":[{\"@type\":\"ListItem\",\"position\":1,\"name\":\"Startseite\",\"item\":\"https:\\\/\\\/gruene-reilingen.de\\\/\"},{\"@type\":\"ListItem\",\"position\":2,\"name\":\"Reilinger Gr\u00fcne stellen Wahlprogramm vor\"}]},{\"@type\":\"WebSite\",\"@id\":\"https:\\\/\\\/gruene-reilingen.de\\\/#website\",\"url\":\"https:\\\/\\\/gruene-reilingen.de\\\/\",\"name\":\"B\u00dcNDNIS 90\\\/DIE GR\u00dcNEN REILINGEN\",\"description\":\"\",\"potentialAction\":[{\"@type\":\"SearchAction\",\"target\":{\"@type\":\"EntryPoint\",\"urlTemplate\":\"https:\\\/\\\/gruene-reilingen.de\\\/?s={search_term_string}\"},\"query-input\":{\"@type\":\"PropertyValueSpecification\",\"valueRequired\":true,\"valueName\":\"search_term_string\"}}],\"inLanguage\":\"de\"},{\"@type\":\"Person\",\"@id\":\"https:\\\/\\\/gruene-reilingen.de\\\/#\\\/schema\\\/person\\\/f9da928f04550d0db757afd781f08df8\",\"name\":\"gruene_reilingen\",\"image\":{\"@type\":\"ImageObject\",\"inLanguage\":\"de\",\"@id\":\"https:\\\/\\\/secure.gravatar.com\\\/avatar\\\/913acc38ce102bffd85b7d788472a0913fa53d9b1fe59056f1fe4e704a8231cb?s=96&d=mm&r=g\",\"url\":\"https:\\\/\\\/secure.gravatar.com\\\/avatar\\\/913acc38ce102bffd85b7d788472a0913fa53d9b1fe59056f1fe4e704a8231cb?s=96&d=mm&r=g\",\"contentUrl\":\"https:\\\/\\\/secure.gravatar.com\\\/avatar\\\/913acc38ce102bffd85b7d788472a0913fa53d9b1fe59056f1fe4e704a8231cb?s=96&d=mm&r=g\",\"caption\":\"gruene_reilingen\"},\"sameAs\":[\"http:\\\/\\\/www.gruene-reilingen.de\"],\"url\":\"https:\\\/\\\/gruene-reilingen.de\\\/?author=2\"}]}<\/script>\n<!-- \/ Yoast SEO plugin. -->","yoast_head_json":{"title":"Reilinger Gr\u00fcne stellen Wahlprogramm vor - B\u00dcNDNIS 90\/DIE GR\u00dcNEN REILINGEN","robots":{"index":"index","follow":"follow","max-snippet":"max-snippet:-1","max-image-preview":"max-image-preview:large","max-video-preview":"max-video-preview:-1"},"canonical":"https:\/\/gruene-reilingen.de\/?p=1285","og_locale":"de_DE","og_type":"article","og_title":"Reilinger Gr\u00fcne stellen Wahlprogramm vor - B\u00dcNDNIS 90\/DIE GR\u00dcNEN REILINGEN","og_url":"https:\/\/gruene-reilingen.de\/?p=1285","og_site_name":"B\u00dcNDNIS 90\/DIE GR\u00dcNEN REILINGEN","article_published_time":"2019-04-13T08:41:40+00:00","article_modified_time":"2019-04-14T15:38:17+00:00","og_image":[{"url":"https:\/\/gruene-reilingen.de\/wp-content\/uploads\/2019\/04\/Gruene_Reilingen_Gruppenbild-Gemeinderatswahl-2019.jpg","type":"","width":"","height":""}],"author":"gruene_reilingen","twitter_card":"summary_large_image","twitter_misc":{"Verfasst von":"gruene_reilingen"},"schema":{"@context":"https:\/\/schema.org","@graph":[{"@type":"Article","@id":"https:\/\/gruene-reilingen.de\/?p=1285#article","isPartOf":{"@id":"https:\/\/gruene-reilingen.de\/?p=1285"},"author":{"name":"gruene_reilingen","@id":"https:\/\/gruene-reilingen.de\/#\/schema\/person\/f9da928f04550d0db757afd781f08df8"},"headline":"Reilinger Gr\u00fcne stellen Wahlprogramm vor","datePublished":"2019-04-13T08:41:40+00:00","dateModified":"2019-04-14T15:38:17+00:00","mainEntityOfPage":{"@id":"https:\/\/gruene-reilingen.de\/?p=1285"},"wordCount":6,"commentCount":0,"image":{"@id":"https:\/\/gruene-reilingen.de\/?p=1285#primaryimage"},"thumbnailUrl":"https:\/\/gruene-reilingen.de\/wp-content\/uploads\/2019\/04\/Gruene_Reilingen_Gruppenbild-Gemeinderatswahl-2019.jpg","articleSection":["News"],"inLanguage":"de","potentialAction":[{"@type":"CommentAction","name":"Comment","target":["https:\/\/gruene-reilingen.de\/?p=1285#respond"]}]},{"@type":"WebPage","@id":"https:\/\/gruene-reilingen.de\/?p=1285","url":"https:\/\/gruene-reilingen.de\/?p=1285","name":"Reilinger Gr\u00fcne stellen Wahlprogramm vor - B\u00dcNDNIS 90\/DIE GR\u00dcNEN REILINGEN","isPartOf":{"@id":"https:\/\/gruene-reilingen.de\/#website"},"primaryImageOfPage":{"@id":"https:\/\/gruene-reilingen.de\/?p=1285#primaryimage"},"image":{"@id":"https:\/\/gruene-reilingen.de\/?p=1285#primaryimage"},"thumbnailUrl":"https:\/\/gruene-reilingen.de\/wp-content\/uploads\/2019\/04\/Gruene_Reilingen_Gruppenbild-Gemeinderatswahl-2019.jpg","datePublished":"2019-04-13T08:41:40+00:00","dateModified":"2019-04-14T15:38:17+00:00","author":{"@id":"https:\/\/gruene-reilingen.de\/#\/schema\/person\/f9da928f04550d0db757afd781f08df8"},"breadcrumb":{"@id":"https:\/\/gruene-reilingen.de\/?p=1285#breadcrumb"},"inLanguage":"de","potentialAction":[{"@type":"ReadAction","target":["https:\/\/gruene-reilingen.de\/?p=1285"]}]},{"@type":"ImageObject","inLanguage":"de","@id":"https:\/\/gruene-reilingen.de\/?p=1285#primaryimage","url":"https:\/\/gruene-reilingen.de\/wp-content\/uploads\/2019\/04\/Gruene_Reilingen_Gruppenbild-Gemeinderatswahl-2019.jpg","contentUrl":"https:\/\/gruene-reilingen.de\/wp-content\/uploads\/2019\/04\/Gruene_Reilingen_Gruppenbild-Gemeinderatswahl-2019.jpg"},{"@type":"BreadcrumbList","@id":"https:\/\/gruene-reilingen.de\/?p=1285#breadcrumb","itemListElement":[{"@type":"ListItem","position":1,"name":"Startseite","item":"https:\/\/gruene-reilingen.de\/"},{"@type":"ListItem","position":2,"name":"Reilinger Gr\u00fcne stellen Wahlprogramm vor"}]},{"@type":"WebSite","@id":"https:\/\/gruene-reilingen.de\/#website","url":"https:\/\/gruene-reilingen.de\/","name":"B\u00dcNDNIS 90\/DIE GR\u00dcNEN REILINGEN","description":"","potentialAction":[{"@type":"SearchAction","target":{"@type":"EntryPoint","urlTemplate":"https:\/\/gruene-reilingen.de\/?s={search_term_string}"},"query-input":{"@type":"PropertyValueSpecification","valueRequired":true,"valueName":"search_term_string"}}],"inLanguage":"de"},{"@type":"Person","@id":"https:\/\/gruene-reilingen.de\/#\/schema\/person\/f9da928f04550d0db757afd781f08df8","name":"gruene_reilingen","image":{"@type":"ImageObject","inLanguage":"de","@id":"https:\/\/secure.gravatar.com\/avatar\/913acc38ce102bffd85b7d788472a0913fa53d9b1fe59056f1fe4e704a8231cb?s=96&d=mm&r=g","url":"https:\/\/secure.gravatar.com\/avatar\/913acc38ce102bffd85b7d788472a0913fa53d9b1fe59056f1fe4e704a8231cb?s=96&d=mm&r=g","contentUrl":"https:\/\/secure.gravatar.com\/avatar\/913acc38ce102bffd85b7d788472a0913fa53d9b1fe59056f1fe4e704a8231cb?s=96&d=mm&r=g","caption":"gruene_reilingen"},"sameAs":["http:\/\/www.gruene-reilingen.de"],"url":"https:\/\/gruene-reilingen.de\/?author=2"}]}},"_links":{"self":[{"href":"https:\/\/gruene-reilingen.de\/index.php?rest_route=\/wp\/v2\/posts\/1285","targetHints":{"allow":["GET"]}}],"collection":[{"href":"https:\/\/gruene-reilingen.de\/index.php?rest_route=\/wp\/v2\/posts"}],"about":[{"href":"https:\/\/gruene-reilingen.de\/index.php?rest_route=\/wp\/v2\/types\/post"}],"author":[{"embeddable":true,"href":"https:\/\/gruene-reilingen.de\/index.php?rest_route=\/wp\/v2\/users\/2"}],"replies":[{"embeddable":true,"href":"https:\/\/gruene-reilingen.de\/index.php?rest_route=%2Fwp%2Fv2%2Fcomments&post=1285"}],"version-history":[{"count":4,"href":"https:\/\/gruene-reilingen.de\/index.php?rest_route=\/wp\/v2\/posts\/1285\/revisions"}],"predecessor-version":[{"id":1291,"href":"https:\/\/gruene-reilingen.de\/index.php?rest_route=\/wp\/v2\/posts\/1285\/revisions\/1291"}],"wp:attachment":[{"href":"https:\/\/gruene-reilingen.de\/index.php?rest_route=%2Fwp%2Fv2%2Fmedia&parent=1285"}],"wp:term":[{"taxonomy":"category","embeddable":true,"href":"https:\/\/gruene-reilingen.de\/index.php?rest_route=%2Fwp%2Fv2%2Fcategories&post=1285"},{"taxonomy":"post_tag","embeddable":true,"href":"https:\/\/gruene-reilingen.de\/index.php?rest_route=%2Fwp%2Fv2%2Ftags&post=1285"}],"curies":[{"name":"wp","href":"https:\/\/api.w.org\/{rel}","templated":true}]}}