{"id":13,"date":"2013-09-11T12:00:59","date_gmt":"2013-09-11T12:00:59","guid":{"rendered":"http:\/\/450841.test-my-website.de\/?p=13"},"modified":"2016-06-25T08:18:44","modified_gmt":"2016-06-25T08:18:44","slug":"buendnis90die-gruenen-ortsverband-reilingen-gegruendet","status":"publish","type":"post","link":"https:\/\/gruene-reilingen.de\/?p=13","title":{"rendered":"B\u00fcndnis\u201990\/Die Gr\u00fcnen-Ortsverband Reilingen gegr\u00fcndet"},"content":{"rendered":"<p>Seit Dienstag ist die Parteienlandschaft in Reilingen bunter. Der B\u00fcndnis\u201990\/Die Gr\u00fcnen-Ortsverband Reilingen gr\u00fcndete sich in der Pizzeria zur Tennisklause.<\/p>\n<p>Die Kreisvorstandsmitglieder Monika Schroth, Adolf H\u00e4rdle und Martin Gramm waren bei der Gr\u00fcndungsversammlung anwesend. Auch der Bundestagskandidat f\u00fcr den Wahl-kreis Bruchsal\/Schwetzingen, Alexander Geiger, nahm an der Gr\u00fcndungsversammlung teil.<\/p>\n<p>Die Reilinger Mitglieder w\u00e4hlten Anna-Lena Gro\u00dfhans und Jochen Rotter zu den Sprechern des Ortsverbandes. Die Vorstandschaft komplettieren Kassier Christopher P\u00f6schel und Schriftf\u00fchrer Oliver Keim.<\/p>\n<p>Wichtige Themen, f\u00fcr die sich die Reilinger Gr\u00fcnen unter anderem einsetzen werden, sind die Einf\u00fchrung der Gemeinschaftsschule, der Umwelt- und Naturschutz sowie eine bessere B\u00fcrgerinformation und \u2013beteiligung in Reilingen.<\/p>\n<p>Die \u00f6ffentlichen Gr\u00fcnen-Stammtische finden immer am ersten Donnerstag eines Monats ab 20 Uhr statt. Die Gr\u00fcnen-Stammtische stehen allen interessierten B\u00fcrger offen.<\/p>\n<p>&nbsp;<\/p>\n","protected":false},"excerpt":{"rendered":"<p>Seit Dienstag ist die Parteienlandschaft in Reilingen bunter. Der B\u00fcndnis\u201990\/Die Gr\u00fcnen-Ortsverband Reilingen gr\u00fcndete sich in der Pizzeria zur Tennisklause. Die Kreisvorstandsmitglieder Monika Schroth, Adolf H\u00e4rdle und Martin Gramm waren bei [&hellip;]<\/p>\n","protected":false},"author":-1,"featured_media":15,"comment_status":"open","ping_status":"open","sticky":false,"template":"","format":"standard","meta":{"footnotes":""},"categories":[3],"tags":[],"class_list":["post-13","post","type-post","status-publish","format-standard","has-post-thumbnail","hentry","category-news"],"yoast_head":"<!-- This site is optimized with the Yoast SEO plugin v27.5 - https:\/\/yoast.com\/product\/yoast-seo-wordpress\/ -->\n<title>B\u00fcndnis\u201990\/Die Gr\u00fcnen-Ortsverband Reilingen gegr\u00fcndet - B\u00dcNDNIS 90\/DIE GR\u00dcNEN REILINGEN<\/title>\n<meta name=\"robots\" content=\"index, follow, max-snippet:-1, max-image-preview:large, max-video-preview:-1\" \/>\n<link rel=\"canonical\" href=\"https:\/\/gruene-reilingen.de\/?p=13\" \/>\n<meta property=\"og:locale\" content=\"de_DE\" \/>\n<meta property=\"og:type\" content=\"article\" \/>\n<meta property=\"og:title\" content=\"B\u00fcndnis\u201990\/Die Gr\u00fcnen-Ortsverband Reilingen gegr\u00fcndet - B\u00dcNDNIS 90\/DIE GR\u00dcNEN REILINGEN\" \/>\n<meta property=\"og:description\" content=\"Seit Dienstag ist die Parteienlandschaft in Reilingen bunter. Der B\u00fcndnis\u201990\/Die Gr\u00fcnen-Ortsverband Reilingen gr\u00fcndete sich in der Pizzeria zur Tennisklause. Die Kreisvorstandsmitglieder Monika Schroth, Adolf H\u00e4rdle und Martin Gramm waren bei [&hellip;]\" \/>\n<meta property=\"og:url\" content=\"https:\/\/gruene-reilingen.de\/?p=13\" \/>\n<meta property=\"og:site_name\" content=\"B\u00dcNDNIS 90\/DIE GR\u00dcNEN REILINGEN\" \/>\n<meta property=\"article:published_time\" content=\"2013-09-11T12:00:59+00:00\" \/>\n<meta property=\"article:modified_time\" content=\"2016-06-25T08:18:44+00:00\" \/>\n<meta property=\"og:image\" content=\"https:\/\/gruene-reilingen.de\/wp-content\/uploads\/2013\/09\/K640_IMG_1640.jpg\" \/>\n\t<meta property=\"og:image:width\" content=\"720\" \/>\n\t<meta property=\"og:image:height\" content=\"480\" \/>\n\t<meta property=\"og:image:type\" content=\"image\/jpeg\" \/>\n<meta name=\"author\" content=\"gruene_reilingen\" \/>\n<meta name=\"twitter:card\" content=\"summary_large_image\" \/>\n<meta name=\"twitter:label1\" content=\"Verfasst von\" \/>\n\t<meta name=\"twitter:data1\" content=\"gruene_reilingen\" \/>\n\t<meta name=\"twitter:label2\" content=\"Gesch\u00e4tzte Lesezeit\" \/>\n\t<meta name=\"twitter:data2\" content=\"1\u00a0Minute\" \/>\n<script type=\"application\/ld+json\" class=\"yoast-schema-graph\">{\"@context\":\"https:\\\/\\\/schema.org\",\"@graph\":[{\"@type\":\"Article\",\"@id\":\"https:\\\/\\\/gruene-reilingen.de\\\/?p=13#article\",\"isPartOf\":{\"@id\":\"https:\\\/\\\/gruene-reilingen.de\\\/?p=13\"},\"author\":{\"name\":\"gruene_reilingen\",\"@id\":\"https:\\\/\\\/gruene-reilingen.de\\\/#\\\/schema\\\/person\\\/f9da928f04550d0db757afd781f08df8\"},\"headline\":\"B\u00fcndnis\u201990\\\/Die Gr\u00fcnen-Ortsverband Reilingen gegr\u00fcndet\",\"datePublished\":\"2013-09-11T12:00:59+00:00\",\"dateModified\":\"2016-06-25T08:18:44+00:00\",\"mainEntityOfPage\":{\"@id\":\"https:\\\/\\\/gruene-reilingen.de\\\/?p=13\"},\"wordCount\":149,\"commentCount\":0,\"image\":{\"@id\":\"https:\\\/\\\/gruene-reilingen.de\\\/?p=13#primaryimage\"},\"thumbnailUrl\":\"https:\\\/\\\/gruene-reilingen.de\\\/wp-content\\\/uploads\\\/2013\\\/09\\\/K640_IMG_1640.jpg\",\"articleSection\":[\"News\"],\"inLanguage\":\"de\",\"potentialAction\":[{\"@type\":\"CommentAction\",\"name\":\"Comment\",\"target\":[\"https:\\\/\\\/gruene-reilingen.de\\\/?p=13#respond\"]}]},{\"@type\":\"WebPage\",\"@id\":\"https:\\\/\\\/gruene-reilingen.de\\\/?p=13\",\"url\":\"https:\\\/\\\/gruene-reilingen.de\\\/?p=13\",\"name\":\"B\u00fcndnis\u201990\\\/Die Gr\u00fcnen-Ortsverband Reilingen gegr\u00fcndet - B\u00dcNDNIS 90\\\/DIE GR\u00dcNEN REILINGEN\",\"isPartOf\":{\"@id\":\"https:\\\/\\\/gruene-reilingen.de\\\/#website\"},\"primaryImageOfPage\":{\"@id\":\"https:\\\/\\\/gruene-reilingen.de\\\/?p=13#primaryimage\"},\"image\":{\"@id\":\"https:\\\/\\\/gruene-reilingen.de\\\/?p=13#primaryimage\"},\"thumbnailUrl\":\"https:\\\/\\\/gruene-reilingen.de\\\/wp-content\\\/uploads\\\/2013\\\/09\\\/K640_IMG_1640.jpg\",\"datePublished\":\"2013-09-11T12:00:59+00:00\",\"dateModified\":\"2016-06-25T08:18:44+00:00\",\"author\":{\"@id\":\"https:\\\/\\\/gruene-reilingen.de\\\/#\\\/schema\\\/person\\\/f9da928f04550d0db757afd781f08df8\"},\"breadcrumb\":{\"@id\":\"https:\\\/\\\/gruene-reilingen.de\\\/?p=13#breadcrumb\"},\"inLanguage\":\"de\",\"potentialAction\":[{\"@type\":\"ReadAction\",\"target\":[\"https:\\\/\\\/gruene-reilingen.de\\\/?p=13\"]}]},{\"@type\":\"ImageObject\",\"inLanguage\":\"de\",\"@id\":\"https:\\\/\\\/gruene-reilingen.de\\\/?p=13#primaryimage\",\"url\":\"https:\\\/\\\/gruene-reilingen.de\\\/wp-content\\\/uploads\\\/2013\\\/09\\\/K640_IMG_1640.jpg\",\"contentUrl\":\"https:\\\/\\\/gruene-reilingen.de\\\/wp-content\\\/uploads\\\/2013\\\/09\\\/K640_IMG_1640.jpg\",\"width\":720,\"height\":480},{\"@type\":\"BreadcrumbList\",\"@id\":\"https:\\\/\\\/gruene-reilingen.de\\\/?p=13#breadcrumb\",\"itemListElement\":[{\"@type\":\"ListItem\",\"position\":1,\"name\":\"Startseite\",\"item\":\"https:\\\/\\\/gruene-reilingen.de\\\/\"},{\"@type\":\"ListItem\",\"position\":2,\"name\":\"B\u00fcndnis\u201990\\\/Die Gr\u00fcnen-Ortsverband Reilingen gegr\u00fcndet\"}]},{\"@type\":\"WebSite\",\"@id\":\"https:\\\/\\\/gruene-reilingen.de\\\/#website\",\"url\":\"https:\\\/\\\/gruene-reilingen.de\\\/\",\"name\":\"B\u00dcNDNIS 90\\\/DIE GR\u00dcNEN REILINGEN\",\"description\":\"\",\"potentialAction\":[{\"@type\":\"SearchAction\",\"target\":{\"@type\":\"EntryPoint\",\"urlTemplate\":\"https:\\\/\\\/gruene-reilingen.de\\\/?s={search_term_string}\"},\"query-input\":{\"@type\":\"PropertyValueSpecification\",\"valueRequired\":true,\"valueName\":\"search_term_string\"}}],\"inLanguage\":\"de\"},{\"@type\":\"Person\",\"@id\":\"https:\\\/\\\/gruene-reilingen.de\\\/#\\\/schema\\\/person\\\/f9da928f04550d0db757afd781f08df8\",\"name\":\"gruene_reilingen\",\"image\":{\"@type\":\"ImageObject\",\"inLanguage\":\"de\",\"@id\":\"https:\\\/\\\/secure.gravatar.com\\\/avatar\\\/913acc38ce102bffd85b7d788472a0913fa53d9b1fe59056f1fe4e704a8231cb?s=96&d=mm&r=g\",\"url\":\"https:\\\/\\\/secure.gravatar.com\\\/avatar\\\/913acc38ce102bffd85b7d788472a0913fa53d9b1fe59056f1fe4e704a8231cb?s=96&d=mm&r=g\",\"contentUrl\":\"https:\\\/\\\/secure.gravatar.com\\\/avatar\\\/913acc38ce102bffd85b7d788472a0913fa53d9b1fe59056f1fe4e704a8231cb?s=96&d=mm&r=g\",\"caption\":\"gruene_reilingen\"},\"sameAs\":[\"http:\\\/\\\/www.gruene-reilingen.de\"],\"url\":\"https:\\\/\\\/gruene-reilingen.de\\\/?author=2\"}]}<\/script>\n<!-- \/ Yoast SEO plugin. -->","yoast_head_json":{"title":"B\u00fcndnis\u201990\/Die Gr\u00fcnen-Ortsverband Reilingen gegr\u00fcndet - B\u00dcNDNIS 90\/DIE GR\u00dcNEN REILINGEN","robots":{"index":"index","follow":"follow","max-snippet":"max-snippet:-1","max-image-preview":"max-image-preview:large","max-video-preview":"max-video-preview:-1"},"canonical":"https:\/\/gruene-reilingen.de\/?p=13","og_locale":"de_DE","og_type":"article","og_title":"B\u00fcndnis\u201990\/Die Gr\u00fcnen-Ortsverband Reilingen gegr\u00fcndet - B\u00dcNDNIS 90\/DIE GR\u00dcNEN REILINGEN","og_description":"Seit Dienstag ist die Parteienlandschaft in Reilingen bunter. Der B\u00fcndnis\u201990\/Die Gr\u00fcnen-Ortsverband Reilingen gr\u00fcndete sich in der Pizzeria zur Tennisklause. Die Kreisvorstandsmitglieder Monika Schroth, Adolf H\u00e4rdle und Martin Gramm waren bei [&hellip;]","og_url":"https:\/\/gruene-reilingen.de\/?p=13","og_site_name":"B\u00dcNDNIS 90\/DIE GR\u00dcNEN REILINGEN","article_published_time":"2013-09-11T12:00:59+00:00","article_modified_time":"2016-06-25T08:18:44+00:00","og_image":[{"width":720,"height":480,"url":"https:\/\/gruene-reilingen.de\/wp-content\/uploads\/2013\/09\/K640_IMG_1640.jpg","type":"image\/jpeg"}],"author":"gruene_reilingen","twitter_card":"summary_large_image","twitter_misc":{"Verfasst von":"gruene_reilingen","Gesch\u00e4tzte Lesezeit":"1\u00a0Minute"},"schema":{"@context":"https:\/\/schema.org","@graph":[{"@type":"Article","@id":"https:\/\/gruene-reilingen.de\/?p=13#article","isPartOf":{"@id":"https:\/\/gruene-reilingen.de\/?p=13"},"author":{"name":"gruene_reilingen","@id":"https:\/\/gruene-reilingen.de\/#\/schema\/person\/f9da928f04550d0db757afd781f08df8"},"headline":"B\u00fcndnis\u201990\/Die Gr\u00fcnen-Ortsverband Reilingen gegr\u00fcndet","datePublished":"2013-09-11T12:00:59+00:00","dateModified":"2016-06-25T08:18:44+00:00","mainEntityOfPage":{"@id":"https:\/\/gruene-reilingen.de\/?p=13"},"wordCount":149,"commentCount":0,"image":{"@id":"https:\/\/gruene-reilingen.de\/?p=13#primaryimage"},"thumbnailUrl":"https:\/\/gruene-reilingen.de\/wp-content\/uploads\/2013\/09\/K640_IMG_1640.jpg","articleSection":["News"],"inLanguage":"de","potentialAction":[{"@type":"CommentAction","name":"Comment","target":["https:\/\/gruene-reilingen.de\/?p=13#respond"]}]},{"@type":"WebPage","@id":"https:\/\/gruene-reilingen.de\/?p=13","url":"https:\/\/gruene-reilingen.de\/?p=13","name":"B\u00fcndnis\u201990\/Die Gr\u00fcnen-Ortsverband Reilingen gegr\u00fcndet - B\u00dcNDNIS 90\/DIE GR\u00dcNEN REILINGEN","isPartOf":{"@id":"https:\/\/gruene-reilingen.de\/#website"},"primaryImageOfPage":{"@id":"https:\/\/gruene-reilingen.de\/?p=13#primaryimage"},"image":{"@id":"https:\/\/gruene-reilingen.de\/?p=13#primaryimage"},"thumbnailUrl":"https:\/\/gruene-reilingen.de\/wp-content\/uploads\/2013\/09\/K640_IMG_1640.jpg","datePublished":"2013-09-11T12:00:59+00:00","dateModified":"2016-06-25T08:18:44+00:00","author":{"@id":"https:\/\/gruene-reilingen.de\/#\/schema\/person\/f9da928f04550d0db757afd781f08df8"},"breadcrumb":{"@id":"https:\/\/gruene-reilingen.de\/?p=13#breadcrumb"},"inLanguage":"de","potentialAction":[{"@type":"ReadAction","target":["https:\/\/gruene-reilingen.de\/?p=13"]}]},{"@type":"ImageObject","inLanguage":"de","@id":"https:\/\/gruene-reilingen.de\/?p=13#primaryimage","url":"https:\/\/gruene-reilingen.de\/wp-content\/uploads\/2013\/09\/K640_IMG_1640.jpg","contentUrl":"https:\/\/gruene-reilingen.de\/wp-content\/uploads\/2013\/09\/K640_IMG_1640.jpg","width":720,"height":480},{"@type":"BreadcrumbList","@id":"https:\/\/gruene-reilingen.de\/?p=13#breadcrumb","itemListElement":[{"@type":"ListItem","position":1,"name":"Startseite","item":"https:\/\/gruene-reilingen.de\/"},{"@type":"ListItem","position":2,"name":"B\u00fcndnis\u201990\/Die Gr\u00fcnen-Ortsverband Reilingen gegr\u00fcndet"}]},{"@type":"WebSite","@id":"https:\/\/gruene-reilingen.de\/#website","url":"https:\/\/gruene-reilingen.de\/","name":"B\u00dcNDNIS 90\/DIE GR\u00dcNEN REILINGEN","description":"","potentialAction":[{"@type":"SearchAction","target":{"@type":"EntryPoint","urlTemplate":"https:\/\/gruene-reilingen.de\/?s={search_term_string}"},"query-input":{"@type":"PropertyValueSpecification","valueRequired":true,"valueName":"search_term_string"}}],"inLanguage":"de"},{"@type":"Person","@id":"https:\/\/gruene-reilingen.de\/#\/schema\/person\/f9da928f04550d0db757afd781f08df8","name":"gruene_reilingen","image":{"@type":"ImageObject","inLanguage":"de","@id":"https:\/\/secure.gravatar.com\/avatar\/913acc38ce102bffd85b7d788472a0913fa53d9b1fe59056f1fe4e704a8231cb?s=96&d=mm&r=g","url":"https:\/\/secure.gravatar.com\/avatar\/913acc38ce102bffd85b7d788472a0913fa53d9b1fe59056f1fe4e704a8231cb?s=96&d=mm&r=g","contentUrl":"https:\/\/secure.gravatar.com\/avatar\/913acc38ce102bffd85b7d788472a0913fa53d9b1fe59056f1fe4e704a8231cb?s=96&d=mm&r=g","caption":"gruene_reilingen"},"sameAs":["http:\/\/www.gruene-reilingen.de"],"url":"https:\/\/gruene-reilingen.de\/?author=2"}]}},"_links":{"self":[{"href":"https:\/\/gruene-reilingen.de\/index.php?rest_route=\/wp\/v2\/posts\/13","targetHints":{"allow":["GET"]}}],"collection":[{"href":"https:\/\/gruene-reilingen.de\/index.php?rest_route=\/wp\/v2\/posts"}],"about":[{"href":"https:\/\/gruene-reilingen.de\/index.php?rest_route=\/wp\/v2\/types\/post"}],"author":[{"embeddable":true,"href":"https:\/\/gruene-reilingen.de\/index.php?rest_route=\/wp\/v2\/users\/2"}],"replies":[{"embeddable":true,"href":"https:\/\/gruene-reilingen.de\/index.php?rest_route=%2Fwp%2Fv2%2Fcomments&post=13"}],"version-history":[{"count":5,"href":"https:\/\/gruene-reilingen.de\/index.php?rest_route=\/wp\/v2\/posts\/13\/revisions"}],"predecessor-version":[{"id":761,"href":"https:\/\/gruene-reilingen.de\/index.php?rest_route=\/wp\/v2\/posts\/13\/revisions\/761"}],"wp:featuredmedia":[{"embeddable":true,"href":"https:\/\/gruene-reilingen.de\/index.php?rest_route=\/wp\/v2\/media\/15"}],"wp:attachment":[{"href":"https:\/\/gruene-reilingen.de\/index.php?rest_route=%2Fwp%2Fv2%2Fmedia&parent=13"}],"wp:term":[{"taxonomy":"category","embeddable":true,"href":"https:\/\/gruene-reilingen.de\/index.php?rest_route=%2Fwp%2Fv2%2Fcategories&post=13"},{"taxonomy":"post_tag","embeddable":true,"href":"https:\/\/gruene-reilingen.de\/index.php?rest_route=%2Fwp%2Fv2%2Ftags&post=13"}],"curies":[{"name":"wp","href":"https:\/\/api.w.org\/{rel}","templated":true}]}}