{"id":1398,"date":"2019-07-21T12:06:24","date_gmt":"2019-07-21T12:06:24","guid":{"rendered":"https:\/\/gruene-reilingen.de\/?p=1398"},"modified":"2019-07-21T12:09:43","modified_gmt":"2019-07-21T12:09:43","slug":"gemeinderatsabschiedsrede-fuer-jochen-rotter","status":"publish","type":"post","link":"https:\/\/gruene-reilingen.de\/?p=1398","title":{"rendered":"Gemeinderatsabschiedsrede f\u00fcr Jochen Rotter"},"content":{"rendered":"<p><a href=\"https:\/\/gruene-reilingen.de\/wp-content\/uploads\/2019\/07\/66068404_1106842112840999_5880437168895164416_n.jpg\"><img decoding=\"async\" class=\"aligncenter size-full wp-image-1401\" src=\"https:\/\/gruene-reilingen.de\/wp-content\/uploads\/2019\/07\/66068404_1106842112840999_5880437168895164416_n.jpg\" alt=\"\" width=\"720\" height=\"960<\/a><\/p>\n<p><span id=\"fbPhotoSnowliftCaption\" class=\"fbPhotosPhotoCaption\" tabindex=\"0\" aria-live=\"polite\" data-ft=\"{&quot;tn&quot;:&quot;K&quot;}\"><span class=\"hasCaption\">\u201eHerr B\u00fcrgermeister Weisbrod, meine sehr verehrten Damen und Herren, lieber Jochen,<\/span><\/span><\/p>\n<p>Als Jochen und ich vor knapp 6 Jahren die Reilinger Gr\u00fcnen mitbegr\u00fcndet haben, h\u00e4tten wir uns nicht vorstellen k\u00f6nnen, dass ab diesem Sommer 3 gr\u00fcne Gemeinder\u00e4te in Reilingen vertreten sind. Traurigerweise wird die neue Fraktion ohne Jochen au<span class=\"text_exposed_show\">fgestellt sein. Nicht nur Jochens Fachwissen sondern auch seine ruhige, besonnene Art und sein trockener Humor werden fehlen. Jochen ist kein Mann der vielen Worte sondern der klaren und deutlichen.<br \/>\nDaher m\u00f6chte auch ich mich kurz fassen. Danke f\u00fcr deine Arbeit in den letzten f\u00fcnf Jahren. H\u00e4ufig wird vergessen, dass die Reilinger Gemeinder\u00e4te dieses Amt ehrenamtlich begleiten. Du hast dein Amt stets mit viel Verantwortungsbewusstsein ausge\u00fcbt und alle deine F\u00e4higkeiten einflie\u00dfen lassen, sei es effizient Statistiken auswerten oder dein gro\u00dfes Know-how bei Verwaltungsthemen. Die Struktur liegt dir im Blut und das verbunden mit deiner vern\u00fcnftigen, abwartenden Ader werden mir sicherlich fehlen.<br \/>\nIch freue mich, dass du der gr\u00fcnen Sprecher an meiner Seite bleibst und sp\u00e4testens am 1. April wieder alle etwas von deinem Humor zu lesen bekommen, lieber Parteifreund.\u201c<\/span><\/p>\n<p>Anna-Lena Becker<\/p>\n","protected":false},"excerpt":{"rendered":"","protected":false},"author":-1,"featured_media":0,"comment_status":"open","ping_status":"open","sticky":false,"template":"","format":"standard","meta":{"footnotes":""},"categories":[3],"tags":[],"class_list":["post-1398","post","type-post","status-publish","format-standard","hentry","category-news"],"yoast_head":"<!-- This site is optimized with the Yoast SEO plugin v27.5 - https:\/\/yoast.com\/product\/yoast-seo-wordpress\/ -->\n<title>Gemeinderatsabschiedsrede f\u00fcr Jochen Rotter - B\u00dcNDNIS 90\/DIE GR\u00dcNEN REILINGEN<\/title>\n<meta name=\"robots\" content=\"index, follow, max-snippet:-1, max-image-preview:large, max-video-preview:-1\" \/>\n<link rel=\"canonical\" href=\"https:\/\/gruene-reilingen.de\/?p=1398\" \/>\n<meta property=\"og:locale\" content=\"de_DE\" \/>\n<meta property=\"og:type\" content=\"article\" \/>\n<meta property=\"og:title\" content=\"Gemeinderatsabschiedsrede f\u00fcr Jochen Rotter - B\u00dcNDNIS 90\/DIE GR\u00dcNEN REILINGEN\" \/>\n<meta property=\"og:url\" content=\"https:\/\/gruene-reilingen.de\/?p=1398\" \/>\n<meta property=\"og:site_name\" content=\"B\u00dcNDNIS 90\/DIE GR\u00dcNEN REILINGEN\" \/>\n<meta property=\"article:published_time\" content=\"2019-07-21T12:06:24+00:00\" \/>\n<meta property=\"article:modified_time\" content=\"2019-07-21T12:09:43+00:00\" \/>\n<meta property=\"og:image\" content=\"https:\/\/gruene-reilingen.de\/wp-content\/uploads\/2019\/07\/66068404_1106842112840999_5880437168895164416_n.jpg\" \/>\n<meta name=\"author\" content=\"gruene_reilingen\" \/>\n<meta name=\"twitter:card\" content=\"summary_large_image\" \/>\n<meta name=\"twitter:label1\" content=\"Verfasst von\" \/>\n\t<meta name=\"twitter:data1\" content=\"gruene_reilingen\" \/>\n<script type=\"application\/ld+json\" class=\"yoast-schema-graph\">{\"@context\":\"https:\\\/\\\/schema.org\",\"@graph\":[{\"@type\":\"Article\",\"@id\":\"https:\\\/\\\/gruene-reilingen.de\\\/?p=1398#article\",\"isPartOf\":{\"@id\":\"https:\\\/\\\/gruene-reilingen.de\\\/?p=1398\"},\"author\":{\"name\":\"gruene_reilingen\",\"@id\":\"https:\\\/\\\/gruene-reilingen.de\\\/#\\\/schema\\\/person\\\/f9da928f04550d0db757afd781f08df8\"},\"headline\":\"Gemeinderatsabschiedsrede f\u00fcr Jochen Rotter\",\"datePublished\":\"2019-07-21T12:06:24+00:00\",\"dateModified\":\"2019-07-21T12:09:43+00:00\",\"mainEntityOfPage\":{\"@id\":\"https:\\\/\\\/gruene-reilingen.de\\\/?p=1398\"},\"wordCount\":5,\"commentCount\":0,\"image\":{\"@id\":\"https:\\\/\\\/gruene-reilingen.de\\\/?p=1398#primaryimage\"},\"thumbnailUrl\":\"https:\\\/\\\/gruene-reilingen.de\\\/wp-content\\\/uploads\\\/2019\\\/07\\\/66068404_1106842112840999_5880437168895164416_n.jpg\",\"articleSection\":[\"News\"],\"inLanguage\":\"de\",\"potentialAction\":[{\"@type\":\"CommentAction\",\"name\":\"Comment\",\"target\":[\"https:\\\/\\\/gruene-reilingen.de\\\/?p=1398#respond\"]}]},{\"@type\":\"WebPage\",\"@id\":\"https:\\\/\\\/gruene-reilingen.de\\\/?p=1398\",\"url\":\"https:\\\/\\\/gruene-reilingen.de\\\/?p=1398\",\"name\":\"Gemeinderatsabschiedsrede f\u00fcr Jochen Rotter - B\u00dcNDNIS 90\\\/DIE GR\u00dcNEN REILINGEN\",\"isPartOf\":{\"@id\":\"https:\\\/\\\/gruene-reilingen.de\\\/#website\"},\"primaryImageOfPage\":{\"@id\":\"https:\\\/\\\/gruene-reilingen.de\\\/?p=1398#primaryimage\"},\"image\":{\"@id\":\"https:\\\/\\\/gruene-reilingen.de\\\/?p=1398#primaryimage\"},\"thumbnailUrl\":\"https:\\\/\\\/gruene-reilingen.de\\\/wp-content\\\/uploads\\\/2019\\\/07\\\/66068404_1106842112840999_5880437168895164416_n.jpg\",\"datePublished\":\"2019-07-21T12:06:24+00:00\",\"dateModified\":\"2019-07-21T12:09:43+00:00\",\"author\":{\"@id\":\"https:\\\/\\\/gruene-reilingen.de\\\/#\\\/schema\\\/person\\\/f9da928f04550d0db757afd781f08df8\"},\"breadcrumb\":{\"@id\":\"https:\\\/\\\/gruene-reilingen.de\\\/?p=1398#breadcrumb\"},\"inLanguage\":\"de\",\"potentialAction\":[{\"@type\":\"ReadAction\",\"target\":[\"https:\\\/\\\/gruene-reilingen.de\\\/?p=1398\"]}]},{\"@type\":\"ImageObject\",\"inLanguage\":\"de\",\"@id\":\"https:\\\/\\\/gruene-reilingen.de\\\/?p=1398#primaryimage\",\"url\":\"https:\\\/\\\/gruene-reilingen.de\\\/wp-content\\\/uploads\\\/2019\\\/07\\\/66068404_1106842112840999_5880437168895164416_n.jpg\",\"contentUrl\":\"https:\\\/\\\/gruene-reilingen.de\\\/wp-content\\\/uploads\\\/2019\\\/07\\\/66068404_1106842112840999_5880437168895164416_n.jpg\"},{\"@type\":\"BreadcrumbList\",\"@id\":\"https:\\\/\\\/gruene-reilingen.de\\\/?p=1398#breadcrumb\",\"itemListElement\":[{\"@type\":\"ListItem\",\"position\":1,\"name\":\"Startseite\",\"item\":\"https:\\\/\\\/gruene-reilingen.de\\\/\"},{\"@type\":\"ListItem\",\"position\":2,\"name\":\"Gemeinderatsabschiedsrede f\u00fcr Jochen Rotter\"}]},{\"@type\":\"WebSite\",\"@id\":\"https:\\\/\\\/gruene-reilingen.de\\\/#website\",\"url\":\"https:\\\/\\\/gruene-reilingen.de\\\/\",\"name\":\"B\u00dcNDNIS 90\\\/DIE GR\u00dcNEN REILINGEN\",\"description\":\"\",\"potentialAction\":[{\"@type\":\"SearchAction\",\"target\":{\"@type\":\"EntryPoint\",\"urlTemplate\":\"https:\\\/\\\/gruene-reilingen.de\\\/?s={search_term_string}\"},\"query-input\":{\"@type\":\"PropertyValueSpecification\",\"valueRequired\":true,\"valueName\":\"search_term_string\"}}],\"inLanguage\":\"de\"},{\"@type\":\"Person\",\"@id\":\"https:\\\/\\\/gruene-reilingen.de\\\/#\\\/schema\\\/person\\\/f9da928f04550d0db757afd781f08df8\",\"name\":\"gruene_reilingen\",\"image\":{\"@type\":\"ImageObject\",\"inLanguage\":\"de\",\"@id\":\"https:\\\/\\\/secure.gravatar.com\\\/avatar\\\/913acc38ce102bffd85b7d788472a0913fa53d9b1fe59056f1fe4e704a8231cb?s=96&d=mm&r=g\",\"url\":\"https:\\\/\\\/secure.gravatar.com\\\/avatar\\\/913acc38ce102bffd85b7d788472a0913fa53d9b1fe59056f1fe4e704a8231cb?s=96&d=mm&r=g\",\"contentUrl\":\"https:\\\/\\\/secure.gravatar.com\\\/avatar\\\/913acc38ce102bffd85b7d788472a0913fa53d9b1fe59056f1fe4e704a8231cb?s=96&d=mm&r=g\",\"caption\":\"gruene_reilingen\"},\"sameAs\":[\"http:\\\/\\\/www.gruene-reilingen.de\"],\"url\":\"https:\\\/\\\/gruene-reilingen.de\\\/?author=2\"}]}<\/script>\n<!-- \/ Yoast SEO plugin. -->","yoast_head_json":{"title":"Gemeinderatsabschiedsrede f\u00fcr Jochen Rotter - B\u00dcNDNIS 90\/DIE GR\u00dcNEN REILINGEN","robots":{"index":"index","follow":"follow","max-snippet":"max-snippet:-1","max-image-preview":"max-image-preview:large","max-video-preview":"max-video-preview:-1"},"canonical":"https:\/\/gruene-reilingen.de\/?p=1398","og_locale":"de_DE","og_type":"article","og_title":"Gemeinderatsabschiedsrede f\u00fcr Jochen Rotter - B\u00dcNDNIS 90\/DIE GR\u00dcNEN REILINGEN","og_url":"https:\/\/gruene-reilingen.de\/?p=1398","og_site_name":"B\u00dcNDNIS 90\/DIE GR\u00dcNEN REILINGEN","article_published_time":"2019-07-21T12:06:24+00:00","article_modified_time":"2019-07-21T12:09:43+00:00","og_image":[{"url":"https:\/\/gruene-reilingen.de\/wp-content\/uploads\/2019\/07\/66068404_1106842112840999_5880437168895164416_n.jpg","type":"","width":"","height":""}],"author":"gruene_reilingen","twitter_card":"summary_large_image","twitter_misc":{"Verfasst von":"gruene_reilingen"},"schema":{"@context":"https:\/\/schema.org","@graph":[{"@type":"Article","@id":"https:\/\/gruene-reilingen.de\/?p=1398#article","isPartOf":{"@id":"https:\/\/gruene-reilingen.de\/?p=1398"},"author":{"name":"gruene_reilingen","@id":"https:\/\/gruene-reilingen.de\/#\/schema\/person\/f9da928f04550d0db757afd781f08df8"},"headline":"Gemeinderatsabschiedsrede f\u00fcr Jochen Rotter","datePublished":"2019-07-21T12:06:24+00:00","dateModified":"2019-07-21T12:09:43+00:00","mainEntityOfPage":{"@id":"https:\/\/gruene-reilingen.de\/?p=1398"},"wordCount":5,"commentCount":0,"image":{"@id":"https:\/\/gruene-reilingen.de\/?p=1398#primaryimage"},"thumbnailUrl":"https:\/\/gruene-reilingen.de\/wp-content\/uploads\/2019\/07\/66068404_1106842112840999_5880437168895164416_n.jpg","articleSection":["News"],"inLanguage":"de","potentialAction":[{"@type":"CommentAction","name":"Comment","target":["https:\/\/gruene-reilingen.de\/?p=1398#respond"]}]},{"@type":"WebPage","@id":"https:\/\/gruene-reilingen.de\/?p=1398","url":"https:\/\/gruene-reilingen.de\/?p=1398","name":"Gemeinderatsabschiedsrede f\u00fcr Jochen Rotter - B\u00dcNDNIS 90\/DIE GR\u00dcNEN REILINGEN","isPartOf":{"@id":"https:\/\/gruene-reilingen.de\/#website"},"primaryImageOfPage":{"@id":"https:\/\/gruene-reilingen.de\/?p=1398#primaryimage"},"image":{"@id":"https:\/\/gruene-reilingen.de\/?p=1398#primaryimage"},"thumbnailUrl":"https:\/\/gruene-reilingen.de\/wp-content\/uploads\/2019\/07\/66068404_1106842112840999_5880437168895164416_n.jpg","datePublished":"2019-07-21T12:06:24+00:00","dateModified":"2019-07-21T12:09:43+00:00","author":{"@id":"https:\/\/gruene-reilingen.de\/#\/schema\/person\/f9da928f04550d0db757afd781f08df8"},"breadcrumb":{"@id":"https:\/\/gruene-reilingen.de\/?p=1398#breadcrumb"},"inLanguage":"de","potentialAction":[{"@type":"ReadAction","target":["https:\/\/gruene-reilingen.de\/?p=1398"]}]},{"@type":"ImageObject","inLanguage":"de","@id":"https:\/\/gruene-reilingen.de\/?p=1398#primaryimage","url":"https:\/\/gruene-reilingen.de\/wp-content\/uploads\/2019\/07\/66068404_1106842112840999_5880437168895164416_n.jpg","contentUrl":"https:\/\/gruene-reilingen.de\/wp-content\/uploads\/2019\/07\/66068404_1106842112840999_5880437168895164416_n.jpg"},{"@type":"BreadcrumbList","@id":"https:\/\/gruene-reilingen.de\/?p=1398#breadcrumb","itemListElement":[{"@type":"ListItem","position":1,"name":"Startseite","item":"https:\/\/gruene-reilingen.de\/"},{"@type":"ListItem","position":2,"name":"Gemeinderatsabschiedsrede f\u00fcr Jochen Rotter"}]},{"@type":"WebSite","@id":"https:\/\/gruene-reilingen.de\/#website","url":"https:\/\/gruene-reilingen.de\/","name":"B\u00dcNDNIS 90\/DIE GR\u00dcNEN REILINGEN","description":"","potentialAction":[{"@type":"SearchAction","target":{"@type":"EntryPoint","urlTemplate":"https:\/\/gruene-reilingen.de\/?s={search_term_string}"},"query-input":{"@type":"PropertyValueSpecification","valueRequired":true,"valueName":"search_term_string"}}],"inLanguage":"de"},{"@type":"Person","@id":"https:\/\/gruene-reilingen.de\/#\/schema\/person\/f9da928f04550d0db757afd781f08df8","name":"gruene_reilingen","image":{"@type":"ImageObject","inLanguage":"de","@id":"https:\/\/secure.gravatar.com\/avatar\/913acc38ce102bffd85b7d788472a0913fa53d9b1fe59056f1fe4e704a8231cb?s=96&d=mm&r=g","url":"https:\/\/secure.gravatar.com\/avatar\/913acc38ce102bffd85b7d788472a0913fa53d9b1fe59056f1fe4e704a8231cb?s=96&d=mm&r=g","contentUrl":"https:\/\/secure.gravatar.com\/avatar\/913acc38ce102bffd85b7d788472a0913fa53d9b1fe59056f1fe4e704a8231cb?s=96&d=mm&r=g","caption":"gruene_reilingen"},"sameAs":["http:\/\/www.gruene-reilingen.de"],"url":"https:\/\/gruene-reilingen.de\/?author=2"}]}},"_links":{"self":[{"href":"https:\/\/gruene-reilingen.de\/index.php?rest_route=\/wp\/v2\/posts\/1398","targetHints":{"allow":["GET"]}}],"collection":[{"href":"https:\/\/gruene-reilingen.de\/index.php?rest_route=\/wp\/v2\/posts"}],"about":[{"href":"https:\/\/gruene-reilingen.de\/index.php?rest_route=\/wp\/v2\/types\/post"}],"author":[{"embeddable":true,"href":"https:\/\/gruene-reilingen.de\/index.php?rest_route=\/wp\/v2\/users\/2"}],"replies":[{"embeddable":true,"href":"https:\/\/gruene-reilingen.de\/index.php?rest_route=%2Fwp%2Fv2%2Fcomments&post=1398"}],"version-history":[{"count":3,"href":"https:\/\/gruene-reilingen.de\/index.php?rest_route=\/wp\/v2\/posts\/1398\/revisions"}],"predecessor-version":[{"id":1402,"href":"https:\/\/gruene-reilingen.de\/index.php?rest_route=\/wp\/v2\/posts\/1398\/revisions\/1402"}],"wp:attachment":[{"href":"https:\/\/gruene-reilingen.de\/index.php?rest_route=%2Fwp%2Fv2%2Fmedia&parent=1398"}],"wp:term":[{"taxonomy":"category","embeddable":true,"href":"https:\/\/gruene-reilingen.de\/index.php?rest_route=%2Fwp%2Fv2%2Fcategories&post=1398"},{"taxonomy":"post_tag","embeddable":true,"href":"https:\/\/gruene-reilingen.de\/index.php?rest_route=%2Fwp%2Fv2%2Ftags&post=1398"}],"curies":[{"name":"wp","href":"https:\/\/api.w.org\/{rel}","templated":true}]}}