{"id":1461,"date":"2019-11-10T19:58:11","date_gmt":"2019-11-10T19:58:11","guid":{"rendered":"https:\/\/gruene-reilingen.de\/?p=1461"},"modified":"2019-11-24T20:01:46","modified_gmt":"2019-11-24T20:01:46","slug":"5-gruenes-kino-mit-das-wunder-von-mals","status":"publish","type":"post","link":"https:\/\/gruene-reilingen.de\/?p=1461","title":{"rendered":"5. Gr\u00fcnes Kino mit &#8222;Das Wunder von Mals&#8220;"},"content":{"rendered":"<p>Pestizide! \u00dcberall auf der Welt sind sie auf dem Vormarsch. \u00dcberall? Nein! Ein von unbeugsamen Vinschgern bewohntes Dorf in S\u00fcdtirol h\u00f6rt nicht auf diesem Eindringling Widerstand zu leisten. Mals will zur ersten Gemeinde Europas werden, die den Einsatz von Pestiziden in der Landwirtschaft verbietet. In einer Volksabstimmung entscheiden sich 76 Prozent der Bewohner f\u00fcr eine Zukunft ohne Glyphosat &amp; Co.<\/p>\n<p>Das ist in Kurzform der Inhalt des Films &#8222;Das Wunder von Mals&#8220;, den die Reilinger Gr\u00fcnen bei ihrem 5. gr\u00fcnen Kino am vergangenen Freitag zeigten. Im Anschluss an den interessanten Film diskutierten die Anwesenden mit Biolandwirt Hubert Merz, der bereits seit 1991 in Neulu\u00dfheim Biolandwirtschaft betreibt. Schnell war klar, dass das Thema sehr emotional ist. Die Zuschauer hatten viele Fragen mitgebracht. Sehr erfreulich war, dass auch konventionelle Reilinger Landwirte unter den Zuschauern waren. Somit war die Diskussion nicht einseitig und es waren viele Meinungen vertreten. Am Ende waren sich alle einig, dass nur die m\u00fcndigen B\u00fcrgerInnen etwas bewegen k\u00f6nnen. Sie entscheiden mit ihrem Kaufverhalten. Die VerbraucherInnen haben es in der Hand und ihnen muss auch bewusst sein, dass gute Lebensmittel ihren Preis haben. Des Weiteren regte Landtagsabgeordneter Manfred Kern an, dass Institutionen auch bei Lebensmitteln eine Vorbildfunktion einnehmen sollten. Zu Beginn sowie am Ende des Films gab es die M\u00f6glichkeit bei einem Stand des Hockenheimer Archeladens Fairtrade Produkte zu kaufen.<\/p>\n<figure id=\"attachment_1463\" aria-describedby=\"caption-attachment-1463\" style=\"width: 960px\" class=\"wp-caption aligncenter\"><a href=\"https:\/\/gruene-reilingen.de\/wp-content\/uploads\/2019\/11\/78078930_1208206882704521_9064430604493258752_n.jpg\"><img decoding=\"async\" class=\"size-full wp-image-1463\" src=\"https:\/\/gruene-reilingen.de\/wp-content\/uploads\/2019\/11\/78078930_1208206882704521_9064430604493258752_n.jpg\" alt=\"\" width=\"960\" height=\"960<\/a srcset=\"https:\/\/gruene-reilingen.de\/wp-content\/uploads\/2019\/11\/78078930_1208206882704521_9064430604493258752_n.jpg 960w, https:\/\/gruene-reilingen.de\/wp-content\/uploads\/2019\/11\/78078930_1208206882704521_9064430604493258752_n-150x150.jpg 150w, https:\/\/gruene-reilingen.de\/wp-content\/uploads\/2019\/11\/78078930_1208206882704521_9064430604493258752_n-768x768.jpg 768w, https:\/\/gruene-reilingen.de\/wp-content\/uploads\/2019\/11\/78078930_1208206882704521_9064430604493258752_n-125x125.jpg 125w\" sizes=\"(max-width: 960px) 100vw, 960px\" \/><figcaption id=\"caption-attachment-1463\" class=\"wp-caption-text\">v.l.n.r. Gemeinder\u00e4tin Lisa Lautenschl\u00e4ger, Landtagsabgeordneter Manfred Kern, Gemeinder\u00e4tin Carolin Hoffmann, Biolandwirt Hubert Merz<\/figcaption><\/figure>\n<p><a href=\"https:\/\/gruene-reilingen.de\/wp-content\/uploads\/2019\/11\/78267738_1208205336038009_2579553939183632384_n.jpg\"><img decoding=\"async\" class=\"aligncenter size-full wp-image-1473\" src=\"https:\/\/gruene-reilingen.de\/wp-content\/uploads\/2019\/11\/78267738_1208205336038009_2579553939183632384_n.jpg\" alt=\"\" width=\"960\" height=\"720<\/a srcset=\"https:\/\/gruene-reilingen.de\/wp-content\/uploads\/2019\/11\/78267738_1208205336038009_2579553939183632384_n.jpg 960w, https:\/\/gruene-reilingen.de\/wp-content\/uploads\/2019\/11\/78267738_1208205336038009_2579553939183632384_n-768x576.jpg 768w\" sizes=\"(max-width: 960px) 100vw, 960px\" \/><\/p>\n<p>Biolandwirt Hubert Merz bei der Diskussionsrunde.<\/p>\n","protected":false},"excerpt":{"rendered":"<p>Pestizide! \u00dcberall auf der Welt sind sie auf dem Vormarsch. \u00dcberall? Nein! Ein von unbeugsamen Vinschgern bewohntes Dorf in S\u00fcdtirol h\u00f6rt nicht auf diesem Eindringling Widerstand zu leisten. Mals will [&hellip;]<\/p>\n","protected":false},"author":-1,"featured_media":0,"comment_status":"open","ping_status":"open","sticky":false,"template":"","format":"standard","meta":{"footnotes":""},"categories":[3],"tags":[],"class_list":["post-1461","post","type-post","status-publish","format-standard","hentry","category-news"],"yoast_head":"<!-- This site is optimized with the Yoast SEO plugin v27.5 - https:\/\/yoast.com\/product\/yoast-seo-wordpress\/ -->\n<title>5. Gr\u00fcnes Kino mit &quot;Das Wunder von Mals&quot; - B\u00dcNDNIS 90\/DIE GR\u00dcNEN REILINGEN<\/title>\n<meta name=\"robots\" content=\"index, follow, max-snippet:-1, max-image-preview:large, max-video-preview:-1\" \/>\n<link rel=\"canonical\" href=\"https:\/\/gruene-reilingen.de\/?p=1461\" \/>\n<meta property=\"og:locale\" content=\"de_DE\" \/>\n<meta property=\"og:type\" content=\"article\" \/>\n<meta property=\"og:title\" content=\"5. Gr\u00fcnes Kino mit &quot;Das Wunder von Mals&quot; - B\u00dcNDNIS 90\/DIE GR\u00dcNEN REILINGEN\" \/>\n<meta property=\"og:description\" content=\"Pestizide! \u00dcberall auf der Welt sind sie auf dem Vormarsch. \u00dcberall? Nein! Ein von unbeugsamen Vinschgern bewohntes Dorf in S\u00fcdtirol h\u00f6rt nicht auf diesem Eindringling Widerstand zu leisten. Mals will [&hellip;]\" \/>\n<meta property=\"og:url\" content=\"https:\/\/gruene-reilingen.de\/?p=1461\" \/>\n<meta property=\"og:site_name\" content=\"B\u00dcNDNIS 90\/DIE GR\u00dcNEN REILINGEN\" \/>\n<meta property=\"article:published_time\" content=\"2019-11-10T19:58:11+00:00\" \/>\n<meta property=\"article:modified_time\" content=\"2019-11-24T20:01:46+00:00\" \/>\n<meta property=\"og:image\" content=\"https:\/\/gruene-reilingen.de\/wp-content\/uploads\/2019\/11\/78078930_1208206882704521_9064430604493258752_n.jpg\" \/>\n<meta name=\"author\" content=\"gruene_reilingen\" \/>\n<meta name=\"twitter:card\" content=\"summary_large_image\" \/>\n<meta name=\"twitter:label1\" content=\"Verfasst von\" \/>\n\t<meta name=\"twitter:data1\" content=\"gruene_reilingen\" \/>\n\t<meta name=\"twitter:label2\" content=\"Gesch\u00e4tzte Lesezeit\" \/>\n\t<meta name=\"twitter:data2\" content=\"1\u00a0Minute\" \/>\n<script type=\"application\/ld+json\" class=\"yoast-schema-graph\">{\"@context\":\"https:\\\/\\\/schema.org\",\"@graph\":[{\"@type\":\"Article\",\"@id\":\"https:\\\/\\\/gruene-reilingen.de\\\/?p=1461#article\",\"isPartOf\":{\"@id\":\"https:\\\/\\\/gruene-reilingen.de\\\/?p=1461\"},\"author\":{\"name\":\"gruene_reilingen\",\"@id\":\"https:\\\/\\\/gruene-reilingen.de\\\/#\\\/schema\\\/person\\\/f9da928f04550d0db757afd781f08df8\"},\"headline\":\"5. Gr\u00fcnes Kino mit &#8222;Das Wunder von Mals&#8220;\",\"datePublished\":\"2019-11-10T19:58:11+00:00\",\"dateModified\":\"2019-11-24T20:01:46+00:00\",\"mainEntityOfPage\":{\"@id\":\"https:\\\/\\\/gruene-reilingen.de\\\/?p=1461\"},\"wordCount\":241,\"commentCount\":0,\"image\":{\"@id\":\"https:\\\/\\\/gruene-reilingen.de\\\/?p=1461#primaryimage\"},\"thumbnailUrl\":\"https:\\\/\\\/gruene-reilingen.de\\\/wp-content\\\/uploads\\\/2019\\\/11\\\/78078930_1208206882704521_9064430604493258752_n.jpg\",\"articleSection\":[\"News\"],\"inLanguage\":\"de\",\"potentialAction\":[{\"@type\":\"CommentAction\",\"name\":\"Comment\",\"target\":[\"https:\\\/\\\/gruene-reilingen.de\\\/?p=1461#respond\"]}]},{\"@type\":\"WebPage\",\"@id\":\"https:\\\/\\\/gruene-reilingen.de\\\/?p=1461\",\"url\":\"https:\\\/\\\/gruene-reilingen.de\\\/?p=1461\",\"name\":\"5. Gr\u00fcnes Kino mit \\\"Das Wunder von Mals\\\" - B\u00dcNDNIS 90\\\/DIE GR\u00dcNEN REILINGEN\",\"isPartOf\":{\"@id\":\"https:\\\/\\\/gruene-reilingen.de\\\/#website\"},\"primaryImageOfPage\":{\"@id\":\"https:\\\/\\\/gruene-reilingen.de\\\/?p=1461#primaryimage\"},\"image\":{\"@id\":\"https:\\\/\\\/gruene-reilingen.de\\\/?p=1461#primaryimage\"},\"thumbnailUrl\":\"https:\\\/\\\/gruene-reilingen.de\\\/wp-content\\\/uploads\\\/2019\\\/11\\\/78078930_1208206882704521_9064430604493258752_n.jpg\",\"datePublished\":\"2019-11-10T19:58:11+00:00\",\"dateModified\":\"2019-11-24T20:01:46+00:00\",\"author\":{\"@id\":\"https:\\\/\\\/gruene-reilingen.de\\\/#\\\/schema\\\/person\\\/f9da928f04550d0db757afd781f08df8\"},\"breadcrumb\":{\"@id\":\"https:\\\/\\\/gruene-reilingen.de\\\/?p=1461#breadcrumb\"},\"inLanguage\":\"de\",\"potentialAction\":[{\"@type\":\"ReadAction\",\"target\":[\"https:\\\/\\\/gruene-reilingen.de\\\/?p=1461\"]}]},{\"@type\":\"ImageObject\",\"inLanguage\":\"de\",\"@id\":\"https:\\\/\\\/gruene-reilingen.de\\\/?p=1461#primaryimage\",\"url\":\"https:\\\/\\\/gruene-reilingen.de\\\/wp-content\\\/uploads\\\/2019\\\/11\\\/78078930_1208206882704521_9064430604493258752_n.jpg\",\"contentUrl\":\"https:\\\/\\\/gruene-reilingen.de\\\/wp-content\\\/uploads\\\/2019\\\/11\\\/78078930_1208206882704521_9064430604493258752_n.jpg\"},{\"@type\":\"BreadcrumbList\",\"@id\":\"https:\\\/\\\/gruene-reilingen.de\\\/?p=1461#breadcrumb\",\"itemListElement\":[{\"@type\":\"ListItem\",\"position\":1,\"name\":\"Startseite\",\"item\":\"https:\\\/\\\/gruene-reilingen.de\\\/\"},{\"@type\":\"ListItem\",\"position\":2,\"name\":\"5. Gr\u00fcnes Kino mit &#8222;Das Wunder von Mals&#8220;\"}]},{\"@type\":\"WebSite\",\"@id\":\"https:\\\/\\\/gruene-reilingen.de\\\/#website\",\"url\":\"https:\\\/\\\/gruene-reilingen.de\\\/\",\"name\":\"B\u00dcNDNIS 90\\\/DIE GR\u00dcNEN REILINGEN\",\"description\":\"\",\"potentialAction\":[{\"@type\":\"SearchAction\",\"target\":{\"@type\":\"EntryPoint\",\"urlTemplate\":\"https:\\\/\\\/gruene-reilingen.de\\\/?s={search_term_string}\"},\"query-input\":{\"@type\":\"PropertyValueSpecification\",\"valueRequired\":true,\"valueName\":\"search_term_string\"}}],\"inLanguage\":\"de\"},{\"@type\":\"Person\",\"@id\":\"https:\\\/\\\/gruene-reilingen.de\\\/#\\\/schema\\\/person\\\/f9da928f04550d0db757afd781f08df8\",\"name\":\"gruene_reilingen\",\"image\":{\"@type\":\"ImageObject\",\"inLanguage\":\"de\",\"@id\":\"https:\\\/\\\/secure.gravatar.com\\\/avatar\\\/913acc38ce102bffd85b7d788472a0913fa53d9b1fe59056f1fe4e704a8231cb?s=96&d=mm&r=g\",\"url\":\"https:\\\/\\\/secure.gravatar.com\\\/avatar\\\/913acc38ce102bffd85b7d788472a0913fa53d9b1fe59056f1fe4e704a8231cb?s=96&d=mm&r=g\",\"contentUrl\":\"https:\\\/\\\/secure.gravatar.com\\\/avatar\\\/913acc38ce102bffd85b7d788472a0913fa53d9b1fe59056f1fe4e704a8231cb?s=96&d=mm&r=g\",\"caption\":\"gruene_reilingen\"},\"sameAs\":[\"http:\\\/\\\/www.gruene-reilingen.de\"],\"url\":\"https:\\\/\\\/gruene-reilingen.de\\\/?author=2\"}]}<\/script>\n<!-- \/ Yoast SEO plugin. -->","yoast_head_json":{"title":"5. Gr\u00fcnes Kino mit \"Das Wunder von Mals\" - B\u00dcNDNIS 90\/DIE GR\u00dcNEN REILINGEN","robots":{"index":"index","follow":"follow","max-snippet":"max-snippet:-1","max-image-preview":"max-image-preview:large","max-video-preview":"max-video-preview:-1"},"canonical":"https:\/\/gruene-reilingen.de\/?p=1461","og_locale":"de_DE","og_type":"article","og_title":"5. Gr\u00fcnes Kino mit \"Das Wunder von Mals\" - B\u00dcNDNIS 90\/DIE GR\u00dcNEN REILINGEN","og_description":"Pestizide! \u00dcberall auf der Welt sind sie auf dem Vormarsch. \u00dcberall? Nein! Ein von unbeugsamen Vinschgern bewohntes Dorf in S\u00fcdtirol h\u00f6rt nicht auf diesem Eindringling Widerstand zu leisten. Mals will [&hellip;]","og_url":"https:\/\/gruene-reilingen.de\/?p=1461","og_site_name":"B\u00dcNDNIS 90\/DIE GR\u00dcNEN REILINGEN","article_published_time":"2019-11-10T19:58:11+00:00","article_modified_time":"2019-11-24T20:01:46+00:00","og_image":[{"url":"https:\/\/gruene-reilingen.de\/wp-content\/uploads\/2019\/11\/78078930_1208206882704521_9064430604493258752_n.jpg","type":"","width":"","height":""}],"author":"gruene_reilingen","twitter_card":"summary_large_image","twitter_misc":{"Verfasst von":"gruene_reilingen","Gesch\u00e4tzte Lesezeit":"1\u00a0Minute"},"schema":{"@context":"https:\/\/schema.org","@graph":[{"@type":"Article","@id":"https:\/\/gruene-reilingen.de\/?p=1461#article","isPartOf":{"@id":"https:\/\/gruene-reilingen.de\/?p=1461"},"author":{"name":"gruene_reilingen","@id":"https:\/\/gruene-reilingen.de\/#\/schema\/person\/f9da928f04550d0db757afd781f08df8"},"headline":"5. Gr\u00fcnes Kino mit &#8222;Das Wunder von Mals&#8220;","datePublished":"2019-11-10T19:58:11+00:00","dateModified":"2019-11-24T20:01:46+00:00","mainEntityOfPage":{"@id":"https:\/\/gruene-reilingen.de\/?p=1461"},"wordCount":241,"commentCount":0,"image":{"@id":"https:\/\/gruene-reilingen.de\/?p=1461#primaryimage"},"thumbnailUrl":"https:\/\/gruene-reilingen.de\/wp-content\/uploads\/2019\/11\/78078930_1208206882704521_9064430604493258752_n.jpg","articleSection":["News"],"inLanguage":"de","potentialAction":[{"@type":"CommentAction","name":"Comment","target":["https:\/\/gruene-reilingen.de\/?p=1461#respond"]}]},{"@type":"WebPage","@id":"https:\/\/gruene-reilingen.de\/?p=1461","url":"https:\/\/gruene-reilingen.de\/?p=1461","name":"5. Gr\u00fcnes Kino mit \"Das Wunder von Mals\" - B\u00dcNDNIS 90\/DIE GR\u00dcNEN REILINGEN","isPartOf":{"@id":"https:\/\/gruene-reilingen.de\/#website"},"primaryImageOfPage":{"@id":"https:\/\/gruene-reilingen.de\/?p=1461#primaryimage"},"image":{"@id":"https:\/\/gruene-reilingen.de\/?p=1461#primaryimage"},"thumbnailUrl":"https:\/\/gruene-reilingen.de\/wp-content\/uploads\/2019\/11\/78078930_1208206882704521_9064430604493258752_n.jpg","datePublished":"2019-11-10T19:58:11+00:00","dateModified":"2019-11-24T20:01:46+00:00","author":{"@id":"https:\/\/gruene-reilingen.de\/#\/schema\/person\/f9da928f04550d0db757afd781f08df8"},"breadcrumb":{"@id":"https:\/\/gruene-reilingen.de\/?p=1461#breadcrumb"},"inLanguage":"de","potentialAction":[{"@type":"ReadAction","target":["https:\/\/gruene-reilingen.de\/?p=1461"]}]},{"@type":"ImageObject","inLanguage":"de","@id":"https:\/\/gruene-reilingen.de\/?p=1461#primaryimage","url":"https:\/\/gruene-reilingen.de\/wp-content\/uploads\/2019\/11\/78078930_1208206882704521_9064430604493258752_n.jpg","contentUrl":"https:\/\/gruene-reilingen.de\/wp-content\/uploads\/2019\/11\/78078930_1208206882704521_9064430604493258752_n.jpg"},{"@type":"BreadcrumbList","@id":"https:\/\/gruene-reilingen.de\/?p=1461#breadcrumb","itemListElement":[{"@type":"ListItem","position":1,"name":"Startseite","item":"https:\/\/gruene-reilingen.de\/"},{"@type":"ListItem","position":2,"name":"5. Gr\u00fcnes Kino mit &#8222;Das Wunder von Mals&#8220;"}]},{"@type":"WebSite","@id":"https:\/\/gruene-reilingen.de\/#website","url":"https:\/\/gruene-reilingen.de\/","name":"B\u00dcNDNIS 90\/DIE GR\u00dcNEN REILINGEN","description":"","potentialAction":[{"@type":"SearchAction","target":{"@type":"EntryPoint","urlTemplate":"https:\/\/gruene-reilingen.de\/?s={search_term_string}"},"query-input":{"@type":"PropertyValueSpecification","valueRequired":true,"valueName":"search_term_string"}}],"inLanguage":"de"},{"@type":"Person","@id":"https:\/\/gruene-reilingen.de\/#\/schema\/person\/f9da928f04550d0db757afd781f08df8","name":"gruene_reilingen","image":{"@type":"ImageObject","inLanguage":"de","@id":"https:\/\/secure.gravatar.com\/avatar\/913acc38ce102bffd85b7d788472a0913fa53d9b1fe59056f1fe4e704a8231cb?s=96&d=mm&r=g","url":"https:\/\/secure.gravatar.com\/avatar\/913acc38ce102bffd85b7d788472a0913fa53d9b1fe59056f1fe4e704a8231cb?s=96&d=mm&r=g","contentUrl":"https:\/\/secure.gravatar.com\/avatar\/913acc38ce102bffd85b7d788472a0913fa53d9b1fe59056f1fe4e704a8231cb?s=96&d=mm&r=g","caption":"gruene_reilingen"},"sameAs":["http:\/\/www.gruene-reilingen.de"],"url":"https:\/\/gruene-reilingen.de\/?author=2"}]}},"_links":{"self":[{"href":"https:\/\/gruene-reilingen.de\/index.php?rest_route=\/wp\/v2\/posts\/1461","targetHints":{"allow":["GET"]}}],"collection":[{"href":"https:\/\/gruene-reilingen.de\/index.php?rest_route=\/wp\/v2\/posts"}],"about":[{"href":"https:\/\/gruene-reilingen.de\/index.php?rest_route=\/wp\/v2\/types\/post"}],"author":[{"embeddable":true,"href":"https:\/\/gruene-reilingen.de\/index.php?rest_route=\/wp\/v2\/users\/2"}],"replies":[{"embeddable":true,"href":"https:\/\/gruene-reilingen.de\/index.php?rest_route=%2Fwp%2Fv2%2Fcomments&post=1461"}],"version-history":[{"count":6,"href":"https:\/\/gruene-reilingen.de\/index.php?rest_route=\/wp\/v2\/posts\/1461\/revisions"}],"predecessor-version":[{"id":1474,"href":"https:\/\/gruene-reilingen.de\/index.php?rest_route=\/wp\/v2\/posts\/1461\/revisions\/1474"}],"wp:attachment":[{"href":"https:\/\/gruene-reilingen.de\/index.php?rest_route=%2Fwp%2Fv2%2Fmedia&parent=1461"}],"wp:term":[{"taxonomy":"category","embeddable":true,"href":"https:\/\/gruene-reilingen.de\/index.php?rest_route=%2Fwp%2Fv2%2Fcategories&post=1461"},{"taxonomy":"post_tag","embeddable":true,"href":"https:\/\/gruene-reilingen.de\/index.php?rest_route=%2Fwp%2Fv2%2Ftags&post=1461"}],"curies":[{"name":"wp","href":"https:\/\/api.w.org\/{rel}","templated":true}]}}