{"id":1490,"date":"2020-01-09T16:07:14","date_gmt":"2020-01-09T16:07:14","guid":{"rendered":"https:\/\/gruene-reilingen.de\/?p=1490"},"modified":"2020-01-20T06:29:55","modified_gmt":"2020-01-20T06:29:55","slug":"jahreshauptversammlung-der-reilinger-gruenen-grosse-freude-ueber-erfolgreiche-wahlen-kinoabende-radtouren-und-solarschifffahrt-als-jahres-highlights","status":"publish","type":"post","link":"https:\/\/gruene-reilingen.de\/?p=1490","title":{"rendered":"Jahreshauptversammlung der Reilinger Gr\u00fcnen \/ Gro\u00dfe Freude \u00fcber erfolgreiche Wahlen \/ Kinoabende, Radtouren und Solarschifffahrt als Jahres-Highlights"},"content":{"rendered":"<p>Die Jahreshauptversammlung der Reilinger Gr\u00fcnen fand im Gasthaus zum L\u00f6wen statt. Ortsverbandssprecherin Anna-Lena Becker berichtete den zahlreichen Mitgliedern \u00fcber die Aktivit\u00e4ten des Ortsverbandes im vergangenen Jahr.<\/p>\n<p>Im Februar wurde im Rahmen des Gr\u00fcnen Kinos der kapitalismuskritische Film \u201eSystem Error\u201c gezeigt. Als Experte war Bundestagsabgeordneter Dr. Danyal Bayaz zu Gast. Im M\u00e4rz nahm man an der Aktion Saubere Gemeinde teil. Landtagsabgeordneter Manfred Kern war im April zu Gast und berichtete u.a. \u00fcber die Arbeit im Landtag. Im Mai wurden dieses Mal gleich zwei gemeinsame Radtouren der Gr\u00fcnen aus Hockenheim, Reilingen, Alt- und Neulu\u00dfheim, durchgef\u00fchrt. Bei der Tour d\u2019HoRAN wurde sich mit den Speyerer Gr\u00fcnen auf der Salierbr\u00fccke getroffen. Bei der Tour d\u2019Wasserwerk besichtigte man das Wasserwerk in Reilingen. Bei der Aktion Stadtradeln nahmen die Reilinger Gr\u00fcnen mit einem eigenen Fahrrad-Team teil und radelten 1.386 km. Im August wurde im Rahmen des Ferienprogramms der Gemeinde f\u00fcr 30 Kinder zwischen 6 und 10 Jahren ein Nachmittag im Wald veranstaltet. Auch dieses Jahr wieder unter der Leitung von Heike D\u00f6hren. Der Jahresausflug f\u00fchrte dieses Mal nach Heidelberg. Mit dem weltweit gr\u00f6\u00dften Edelstahl-Solarkatamaran &#8222;Neckarsonne&#8220; wurde der Neckar bereist. Im November fand das mittlerweile 5.Gr\u00fcne Kino statt. Gezeigt wurde die Pestizid-Dokumentation \u201eDas Wunder von Mals\u201c. Als Experte war Biolandwirt Hubert Merz zu Gast.<\/p>\n<p>Ortsverbandssprecher Jochen Rotter berichtete \u00fcber die Wahlen am 26.05.2019. Das Ergebnis bei der Gemeinderatswahl wurde von 12,4 Prozent auf 18,8 Prozent gesteigert. So konnte ein dritter Sitz im Gemeinderat errungen werden.<span class=\"Apple-converted-space\">\u00a0 <\/span>Die Gr\u00fcne Gemeinderatsfraktion wird seitdem von Anna-Lena Becker, Carolin Hoffmann und Lisa Lautenschl\u00e4ger gebildet. Bei der Kreistagswahl wurde mit 14,5 Prozent (2014: 8,8 Prozent) ein tolles Ergebnis erzielt und Spitzenkandidat Adolf H\u00e4rdle konnte in den Kreistag einziehen. Die Stimmenanzahl konnte mehr als verdoppelt werden (2014: 1.632 Stimmen, 2019: 3.627 Stimmen). Bei der Europawahl wurden die Gr\u00fcnen in Reilingen mit 21,5 Prozent (2014: 9,8 Prozent) erstmals auf den zweiten Platz gew\u00e4hlt.<span class=\"Apple-converted-space\">\u00a0<\/span><\/p>\n<p>Den Bericht aus dem Gemeinderat teilten sich Anna-Lena Becker und Jochen Rotter. Der ehemalige Fraktionssprecher Jochen Rotter berichtete \u00fcber die wichtigsten Themen des ersten Halbjahres. Am Jahresanfang konnte das Blockheizkraftwerk f\u00fcr die Fritz-Mannherz-Hallen und die Schiller-Schule eingeweiht werden. Dazu hatten die Gr\u00fcnen einen Haushaltsantrag gestellt. Das Blockheizkraftwerk spart j\u00e4hrlich 38 Tonnen CO 2 ein. Die Gr\u00fcnen-Fraktion lehnte den nicht ausgeglichenen Haushalt im Gemeinderat ab und forderte eine Klausurtagung, um den Haushalt k\u00fcnftig wieder ausgeglichen aufstellen zu k\u00f6nnen. Den nachfolgenden Generationen d\u00fcrfen keine Schuldenberge hinterlassen werden. Spielr\u00e4ume f\u00fcr Investitionen in die Zukunft Reilingens sind dringend notwendig. Der Ausbau der Kinderbetreuungspl\u00e4tze und die Einrichtung eines Jugendplatzes waren wichtige Themen im ersten Halbjahr. Daneben ging Jochen Rotter auch auf die Vereinsf\u00f6rderung ein. So befasste sich der Gemeinderat u.a. mit einer finanziellen Unterst\u00fctzung f\u00fcr den Turnerbund Germania mit der geplanten Sanierung des TBG-H\u00e4usels.<span class=\"Apple-converted-space\">\u00a0<\/span><\/p>\n<p>Fraktionssprecherin Anna-Lena Becker berichtete dann \u00fcber die Themen des zweiten Halbjahres. So f\u00fchrte die Gemeindeverwaltung fl\u00e4chendeckend Tempo 30 in Reilingen ein. Dies war auch eine Forderung der Reilinger Gr\u00fcnen im Gemeinderatswahlkampf. Der Ausbau der Friedrich-von-Schiller-Schule sowie die Kooperation mit der Comenius-Schule wurde von der Gr\u00fcnen-Fraktion begr\u00fc\u00dft. Becker erl\u00e4uterte auch die Ablehnung des Ausbaus der Tank- und Rastanlage auf Reilinger Gemarkung.<span class=\"Apple-converted-space\">\u00a0<\/span><\/p>\n<p>Kassier Christopher P\u00f6schel konnte wieder einmal solide Zahlen pr\u00e4sentieren. Kassenpr\u00fcfer Werner Borowski best\u00e4tigte eine korrekte Kassenf\u00fchrung und stellte den Antrag auf Entlastung der Vorstandschaft. Diese wurde einstimmig entlastet.<\/p>\n<p>Mit einem Ausblick auf das Jahr 2020 ging die Jahreshauptversammlung der Reilinger Gr\u00fcnen zu Ende.<\/p>\n","protected":false},"excerpt":{"rendered":"<p>Die Jahreshauptversammlung der Reilinger Gr\u00fcnen fand im Gasthaus zum L\u00f6wen statt. Ortsverbandssprecherin Anna-Lena Becker berichtete den zahlreichen Mitgliedern \u00fcber die Aktivit\u00e4ten des Ortsverbandes im vergangenen Jahr. Im Februar wurde im [&hellip;]<\/p>\n","protected":false},"author":-1,"featured_media":0,"comment_status":"open","ping_status":"open","sticky":false,"template":"","format":"standard","meta":{"footnotes":""},"categories":[3],"tags":[],"class_list":["post-1490","post","type-post","status-publish","format-standard","hentry","category-news"],"yoast_head":"<!-- This site is optimized with the Yoast SEO plugin v27.5 - https:\/\/yoast.com\/product\/yoast-seo-wordpress\/ -->\n<title>Jahreshauptversammlung der Reilinger Gr\u00fcnen \/ Gro\u00dfe Freude \u00fcber erfolgreiche Wahlen \/ Kinoabende, Radtouren und Solarschifffahrt als Jahres-Highlights - B\u00dcNDNIS 90\/DIE GR\u00dcNEN REILINGEN<\/title>\n<meta name=\"robots\" content=\"index, follow, max-snippet:-1, max-image-preview:large, max-video-preview:-1\" \/>\n<link rel=\"canonical\" href=\"https:\/\/gruene-reilingen.de\/?p=1490\" \/>\n<meta property=\"og:locale\" content=\"de_DE\" \/>\n<meta property=\"og:type\" content=\"article\" \/>\n<meta property=\"og:title\" content=\"Jahreshauptversammlung der Reilinger Gr\u00fcnen \/ Gro\u00dfe Freude \u00fcber erfolgreiche Wahlen \/ Kinoabende, Radtouren und Solarschifffahrt als Jahres-Highlights - B\u00dcNDNIS 90\/DIE GR\u00dcNEN REILINGEN\" \/>\n<meta property=\"og:description\" content=\"Die Jahreshauptversammlung der Reilinger Gr\u00fcnen fand im Gasthaus zum L\u00f6wen statt. Ortsverbandssprecherin Anna-Lena Becker berichtete den zahlreichen Mitgliedern \u00fcber die Aktivit\u00e4ten des Ortsverbandes im vergangenen Jahr. Im Februar wurde im [&hellip;]\" \/>\n<meta property=\"og:url\" content=\"https:\/\/gruene-reilingen.de\/?p=1490\" \/>\n<meta property=\"og:site_name\" content=\"B\u00dcNDNIS 90\/DIE GR\u00dcNEN REILINGEN\" \/>\n<meta property=\"article:published_time\" content=\"2020-01-09T16:07:14+00:00\" \/>\n<meta property=\"article:modified_time\" content=\"2020-01-20T06:29:55+00:00\" \/>\n<meta name=\"author\" content=\"gruene_reilingen\" \/>\n<meta name=\"twitter:card\" content=\"summary_large_image\" \/>\n<meta name=\"twitter:label1\" content=\"Verfasst von\" \/>\n\t<meta name=\"twitter:data1\" content=\"gruene_reilingen\" \/>\n\t<meta name=\"twitter:label2\" content=\"Gesch\u00e4tzte Lesezeit\" \/>\n\t<meta name=\"twitter:data2\" content=\"3\u00a0Minuten\" \/>\n<script type=\"application\/ld+json\" class=\"yoast-schema-graph\">{\"@context\":\"https:\\\/\\\/schema.org\",\"@graph\":[{\"@type\":\"Article\",\"@id\":\"https:\\\/\\\/gruene-reilingen.de\\\/?p=1490#article\",\"isPartOf\":{\"@id\":\"https:\\\/\\\/gruene-reilingen.de\\\/?p=1490\"},\"author\":{\"name\":\"gruene_reilingen\",\"@id\":\"https:\\\/\\\/gruene-reilingen.de\\\/#\\\/schema\\\/person\\\/f9da928f04550d0db757afd781f08df8\"},\"headline\":\"Jahreshauptversammlung der Reilinger Gr\u00fcnen \\\/ Gro\u00dfe Freude \u00fcber erfolgreiche Wahlen \\\/ Kinoabende, Radtouren und Solarschifffahrt als Jahres-Highlights\",\"datePublished\":\"2020-01-09T16:07:14+00:00\",\"dateModified\":\"2020-01-20T06:29:55+00:00\",\"mainEntityOfPage\":{\"@id\":\"https:\\\/\\\/gruene-reilingen.de\\\/?p=1490\"},\"wordCount\":597,\"commentCount\":0,\"articleSection\":[\"News\"],\"inLanguage\":\"de\",\"potentialAction\":[{\"@type\":\"CommentAction\",\"name\":\"Comment\",\"target\":[\"https:\\\/\\\/gruene-reilingen.de\\\/?p=1490#respond\"]}]},{\"@type\":\"WebPage\",\"@id\":\"https:\\\/\\\/gruene-reilingen.de\\\/?p=1490\",\"url\":\"https:\\\/\\\/gruene-reilingen.de\\\/?p=1490\",\"name\":\"Jahreshauptversammlung der Reilinger Gr\u00fcnen \\\/ Gro\u00dfe Freude \u00fcber erfolgreiche Wahlen \\\/ Kinoabende, Radtouren und Solarschifffahrt als Jahres-Highlights - B\u00dcNDNIS 90\\\/DIE GR\u00dcNEN REILINGEN\",\"isPartOf\":{\"@id\":\"https:\\\/\\\/gruene-reilingen.de\\\/#website\"},\"datePublished\":\"2020-01-09T16:07:14+00:00\",\"dateModified\":\"2020-01-20T06:29:55+00:00\",\"author\":{\"@id\":\"https:\\\/\\\/gruene-reilingen.de\\\/#\\\/schema\\\/person\\\/f9da928f04550d0db757afd781f08df8\"},\"breadcrumb\":{\"@id\":\"https:\\\/\\\/gruene-reilingen.de\\\/?p=1490#breadcrumb\"},\"inLanguage\":\"de\",\"potentialAction\":[{\"@type\":\"ReadAction\",\"target\":[\"https:\\\/\\\/gruene-reilingen.de\\\/?p=1490\"]}]},{\"@type\":\"BreadcrumbList\",\"@id\":\"https:\\\/\\\/gruene-reilingen.de\\\/?p=1490#breadcrumb\",\"itemListElement\":[{\"@type\":\"ListItem\",\"position\":1,\"name\":\"Startseite\",\"item\":\"https:\\\/\\\/gruene-reilingen.de\\\/\"},{\"@type\":\"ListItem\",\"position\":2,\"name\":\"Jahreshauptversammlung der Reilinger Gr\u00fcnen \\\/ Gro\u00dfe Freude \u00fcber erfolgreiche Wahlen \\\/ Kinoabende, Radtouren und Solarschifffahrt als Jahres-Highlights\"}]},{\"@type\":\"WebSite\",\"@id\":\"https:\\\/\\\/gruene-reilingen.de\\\/#website\",\"url\":\"https:\\\/\\\/gruene-reilingen.de\\\/\",\"name\":\"B\u00dcNDNIS 90\\\/DIE GR\u00dcNEN REILINGEN\",\"description\":\"\",\"potentialAction\":[{\"@type\":\"SearchAction\",\"target\":{\"@type\":\"EntryPoint\",\"urlTemplate\":\"https:\\\/\\\/gruene-reilingen.de\\\/?s={search_term_string}\"},\"query-input\":{\"@type\":\"PropertyValueSpecification\",\"valueRequired\":true,\"valueName\":\"search_term_string\"}}],\"inLanguage\":\"de\"},{\"@type\":\"Person\",\"@id\":\"https:\\\/\\\/gruene-reilingen.de\\\/#\\\/schema\\\/person\\\/f9da928f04550d0db757afd781f08df8\",\"name\":\"gruene_reilingen\",\"image\":{\"@type\":\"ImageObject\",\"inLanguage\":\"de\",\"@id\":\"https:\\\/\\\/secure.gravatar.com\\\/avatar\\\/913acc38ce102bffd85b7d788472a0913fa53d9b1fe59056f1fe4e704a8231cb?s=96&d=mm&r=g\",\"url\":\"https:\\\/\\\/secure.gravatar.com\\\/avatar\\\/913acc38ce102bffd85b7d788472a0913fa53d9b1fe59056f1fe4e704a8231cb?s=96&d=mm&r=g\",\"contentUrl\":\"https:\\\/\\\/secure.gravatar.com\\\/avatar\\\/913acc38ce102bffd85b7d788472a0913fa53d9b1fe59056f1fe4e704a8231cb?s=96&d=mm&r=g\",\"caption\":\"gruene_reilingen\"},\"sameAs\":[\"http:\\\/\\\/www.gruene-reilingen.de\"],\"url\":\"https:\\\/\\\/gruene-reilingen.de\\\/?author=2\"}]}<\/script>\n<!-- \/ Yoast SEO plugin. -->","yoast_head_json":{"title":"Jahreshauptversammlung der Reilinger Gr\u00fcnen \/ Gro\u00dfe Freude \u00fcber erfolgreiche Wahlen \/ Kinoabende, Radtouren und Solarschifffahrt als Jahres-Highlights - B\u00dcNDNIS 90\/DIE GR\u00dcNEN REILINGEN","robots":{"index":"index","follow":"follow","max-snippet":"max-snippet:-1","max-image-preview":"max-image-preview:large","max-video-preview":"max-video-preview:-1"},"canonical":"https:\/\/gruene-reilingen.de\/?p=1490","og_locale":"de_DE","og_type":"article","og_title":"Jahreshauptversammlung der Reilinger Gr\u00fcnen \/ Gro\u00dfe Freude \u00fcber erfolgreiche Wahlen \/ Kinoabende, Radtouren und Solarschifffahrt als Jahres-Highlights - B\u00dcNDNIS 90\/DIE GR\u00dcNEN REILINGEN","og_description":"Die Jahreshauptversammlung der Reilinger Gr\u00fcnen fand im Gasthaus zum L\u00f6wen statt. Ortsverbandssprecherin Anna-Lena Becker berichtete den zahlreichen Mitgliedern \u00fcber die Aktivit\u00e4ten des Ortsverbandes im vergangenen Jahr. Im Februar wurde im [&hellip;]","og_url":"https:\/\/gruene-reilingen.de\/?p=1490","og_site_name":"B\u00dcNDNIS 90\/DIE GR\u00dcNEN REILINGEN","article_published_time":"2020-01-09T16:07:14+00:00","article_modified_time":"2020-01-20T06:29:55+00:00","author":"gruene_reilingen","twitter_card":"summary_large_image","twitter_misc":{"Verfasst von":"gruene_reilingen","Gesch\u00e4tzte Lesezeit":"3\u00a0Minuten"},"schema":{"@context":"https:\/\/schema.org","@graph":[{"@type":"Article","@id":"https:\/\/gruene-reilingen.de\/?p=1490#article","isPartOf":{"@id":"https:\/\/gruene-reilingen.de\/?p=1490"},"author":{"name":"gruene_reilingen","@id":"https:\/\/gruene-reilingen.de\/#\/schema\/person\/f9da928f04550d0db757afd781f08df8"},"headline":"Jahreshauptversammlung der Reilinger Gr\u00fcnen \/ Gro\u00dfe Freude \u00fcber erfolgreiche Wahlen \/ Kinoabende, Radtouren und Solarschifffahrt als Jahres-Highlights","datePublished":"2020-01-09T16:07:14+00:00","dateModified":"2020-01-20T06:29:55+00:00","mainEntityOfPage":{"@id":"https:\/\/gruene-reilingen.de\/?p=1490"},"wordCount":597,"commentCount":0,"articleSection":["News"],"inLanguage":"de","potentialAction":[{"@type":"CommentAction","name":"Comment","target":["https:\/\/gruene-reilingen.de\/?p=1490#respond"]}]},{"@type":"WebPage","@id":"https:\/\/gruene-reilingen.de\/?p=1490","url":"https:\/\/gruene-reilingen.de\/?p=1490","name":"Jahreshauptversammlung der Reilinger Gr\u00fcnen \/ Gro\u00dfe Freude \u00fcber erfolgreiche Wahlen \/ Kinoabende, Radtouren und Solarschifffahrt als Jahres-Highlights - B\u00dcNDNIS 90\/DIE GR\u00dcNEN REILINGEN","isPartOf":{"@id":"https:\/\/gruene-reilingen.de\/#website"},"datePublished":"2020-01-09T16:07:14+00:00","dateModified":"2020-01-20T06:29:55+00:00","author":{"@id":"https:\/\/gruene-reilingen.de\/#\/schema\/person\/f9da928f04550d0db757afd781f08df8"},"breadcrumb":{"@id":"https:\/\/gruene-reilingen.de\/?p=1490#breadcrumb"},"inLanguage":"de","potentialAction":[{"@type":"ReadAction","target":["https:\/\/gruene-reilingen.de\/?p=1490"]}]},{"@type":"BreadcrumbList","@id":"https:\/\/gruene-reilingen.de\/?p=1490#breadcrumb","itemListElement":[{"@type":"ListItem","position":1,"name":"Startseite","item":"https:\/\/gruene-reilingen.de\/"},{"@type":"ListItem","position":2,"name":"Jahreshauptversammlung der Reilinger Gr\u00fcnen \/ Gro\u00dfe Freude \u00fcber erfolgreiche Wahlen \/ Kinoabende, Radtouren und Solarschifffahrt als Jahres-Highlights"}]},{"@type":"WebSite","@id":"https:\/\/gruene-reilingen.de\/#website","url":"https:\/\/gruene-reilingen.de\/","name":"B\u00dcNDNIS 90\/DIE GR\u00dcNEN REILINGEN","description":"","potentialAction":[{"@type":"SearchAction","target":{"@type":"EntryPoint","urlTemplate":"https:\/\/gruene-reilingen.de\/?s={search_term_string}"},"query-input":{"@type":"PropertyValueSpecification","valueRequired":true,"valueName":"search_term_string"}}],"inLanguage":"de"},{"@type":"Person","@id":"https:\/\/gruene-reilingen.de\/#\/schema\/person\/f9da928f04550d0db757afd781f08df8","name":"gruene_reilingen","image":{"@type":"ImageObject","inLanguage":"de","@id":"https:\/\/secure.gravatar.com\/avatar\/913acc38ce102bffd85b7d788472a0913fa53d9b1fe59056f1fe4e704a8231cb?s=96&d=mm&r=g","url":"https:\/\/secure.gravatar.com\/avatar\/913acc38ce102bffd85b7d788472a0913fa53d9b1fe59056f1fe4e704a8231cb?s=96&d=mm&r=g","contentUrl":"https:\/\/secure.gravatar.com\/avatar\/913acc38ce102bffd85b7d788472a0913fa53d9b1fe59056f1fe4e704a8231cb?s=96&d=mm&r=g","caption":"gruene_reilingen"},"sameAs":["http:\/\/www.gruene-reilingen.de"],"url":"https:\/\/gruene-reilingen.de\/?author=2"}]}},"_links":{"self":[{"href":"https:\/\/gruene-reilingen.de\/index.php?rest_route=\/wp\/v2\/posts\/1490","targetHints":{"allow":["GET"]}}],"collection":[{"href":"https:\/\/gruene-reilingen.de\/index.php?rest_route=\/wp\/v2\/posts"}],"about":[{"href":"https:\/\/gruene-reilingen.de\/index.php?rest_route=\/wp\/v2\/types\/post"}],"author":[{"embeddable":true,"href":"https:\/\/gruene-reilingen.de\/index.php?rest_route=\/wp\/v2\/users\/2"}],"replies":[{"embeddable":true,"href":"https:\/\/gruene-reilingen.de\/index.php?rest_route=%2Fwp%2Fv2%2Fcomments&post=1490"}],"version-history":[{"count":11,"href":"https:\/\/gruene-reilingen.de\/index.php?rest_route=\/wp\/v2\/posts\/1490\/revisions"}],"predecessor-version":[{"id":1506,"href":"https:\/\/gruene-reilingen.de\/index.php?rest_route=\/wp\/v2\/posts\/1490\/revisions\/1506"}],"wp:attachment":[{"href":"https:\/\/gruene-reilingen.de\/index.php?rest_route=%2Fwp%2Fv2%2Fmedia&parent=1490"}],"wp:term":[{"taxonomy":"category","embeddable":true,"href":"https:\/\/gruene-reilingen.de\/index.php?rest_route=%2Fwp%2Fv2%2Fcategories&post=1490"},{"taxonomy":"post_tag","embeddable":true,"href":"https:\/\/gruene-reilingen.de\/index.php?rest_route=%2Fwp%2Fv2%2Ftags&post=1490"}],"curies":[{"name":"wp","href":"https:\/\/api.w.org\/{rel}","templated":true}]}}