{"id":1555,"date":"2020-03-26T15:44:51","date_gmt":"2020-03-26T15:44:51","guid":{"rendered":"https:\/\/gruene-reilingen.de\/?p=1555"},"modified":"2020-03-26T15:44:51","modified_gmt":"2020-03-26T15:44:51","slug":"haushaltsrede-der-gruenen-fraktion","status":"publish","type":"post","link":"https:\/\/gruene-reilingen.de\/?p=1555","title":{"rendered":"Haushaltsrede der Gr\u00fcnen-Fraktion"},"content":{"rendered":"<p>\u201eSchmalhans ist K\u00fcchenmeister.\u201c Diesen Satz h\u00f6rten wir in den vergangenen Sitzungen nur zu oft. Bereits im vergangenen Jahr hat die gr\u00fcne Fraktion prognostiziert, dass dies kommen wird bzw. bereits der Fall sein m\u00fcsste, da der Haushalt damals bereits nicht ausgeglichen war. Dennoch gilt es mit Zuversicht und dem n\u00f6tigen finanziellen Geschick Reilingen in eine gute Zukunft zu lenken. Es wurde bereits im Vorfeld auch auf der Gemeinderatsklausur viel besprochen.\u00a0Nun m\u00fcssen Taten folgen.<\/p>\n<p><strong>Kinder und Jugendliche<\/strong><br \/>\nSelbstverst\u00e4ndlich begr\u00fc\u00dfen wir die Investitionen in Reilingens Zukunft sehr. Die Kinderbetreuung, sei es in den Kindertagesst\u00e4tten, der Grundschule, der Gemeinschaftsschule oder in der kommunalen Betreuung verursachen hohe Kosten. Doch wir d\u00fcrfen dabei weder an Personal noch an Inventar und den Geb\u00e4uden sparen.<br \/>\nKinder und Jugendliche sollen sich in Reilingen auch in ihrer Freizeitgestaltung wohl f\u00fchlen. Wir Gr\u00fcnen freuen uns, dass es dieses Jahr endlich soweit sein wird und der Jugendplatz in Angriff genommen wird. Auch die Jugendlichen k\u00f6nnen es kaum noch erwarten. Ebenso sehen wir es als \u00e4u\u00dferst wichtig an, dass zum Zeitpunkt der Er\u00f6ffnung noch einmal der Stand der Jugend- und Schulsozialarbeit evaluiert wird. Ein Jugendplatz bringt nur dann etwas, wenn er optimal genutzt und betreut wird.<br \/>\nUnd ja, noch einmal, wir M\u00dcSSEN sparen, aber bitte nicht an unseren Kindern. Sparma\u00dfnahmen d\u00fcrfen nicht auf dem R\u00fccken unserer Kinder und Jugendlichen und deren professioneller Betreuung und schulischen Bildung ausgetragen werden.<\/p>\n<p><strong>Wohnen und Bauen<\/strong><br \/>\nNach und nach schlie\u00dft sich auch Innerorts die eine oder andere Baul\u00fccke. Die Gemeinde ging, wo es m\u00f6glich war, auch neue Projekte zur Verbesserung und Entspannung des Wohnungsmarktes an. F\u00fcr uns ist es wichtig, dass nicht au\u00dfer Acht gelassen wird, dass wir eine kleine Kommune sind, die aber dennoch viel leisten kann und will. Gerade in Bezug auf Neubauten ist die Energieeffizienz seit Jahren in aller Munde. Mit wenigen Mitteln k\u00f6nnen auch H\u00e4user, Grundst\u00fccke und Vorg\u00e4rten klimafreundlich gestaltet werden. Wir als Gemeinde sollten unseren B\u00fcrgerinnen und B\u00fcrgern gegen\u00fcber als Vorbild agieren und insektenfreundliche, dauerhafte Begr\u00fcnungen rund um die Gemeindeh\u00e4user wie auch andere Gr\u00fcnanlagen innerhalb sowie au\u00dferhalb des Ortes anlegen.<br \/>\nEine \u00f6kologisch und \u00f6konomisch nachhaltige Begr\u00fcnung von Verkehrsinseln und Gr\u00fcnstreifen muss in Reilingen unbedingt angegangen werden, was nicht nur der Umwelt zu Gute kommt, sondern sich hier\u00fcber auf Dauer auch Kosten einsparen lassen. Die derzeitige Wechselflorbepflanzung belastet die Gemeinde durch zu hohe Instandhaltungs- und Personalkosten und ist weder nachhaltig noch insektenfreundlich.<\/p>\n<p><strong>Klimaschutz<\/strong><br \/>\nJedes Jahr aufs Neue hatten wir im letzten Jahr, das w\u00e4rmste Jahr seit Beginn der Wetteraufzeichnung. Obwohl wir alle aus diversen Medien wissen, was notwendig ist, um die Erderw\u00e4rmung mit all ihren Folgen zu begrenzen, passiert dennoch recht wenig. T\u00e4glich informieren Medien welche Schritte eingeleitet werden m\u00fcssten: Reduzierung des Verkehrs, eine klimataugliche Landwirtschaft, nachhaltiger Konsum, eine drastische Verringerung des Verbrauchs fossiler Brennstoffe, Eind\u00e4mmen der Fl\u00e4chenversiegelung, eine globale Handelsordnung, die es Menschen erm\u00f6glicht, dort, wo sie ihre Heimat sehen, ihr Auskommen erwirtschaften zu k\u00f6nnen. Was abstrakt klingt, ist uns sehr nah.<br \/>\nDenn WO anders als vor Ort, lokal im Hier und Jetzt sollen die Ma\u00dfnahmen zum Erreichen dieser Ziele in konkretes Handeln umgesetzt werden? Wir fordern die Gemeindeverwaltung auf dies in all ihren weiteren Planungen zu ber\u00fccksichtigen.<br \/>\nUm mit kleinen Schritten dieses gro\u00dfe Ziel zu erreichen, k\u00f6nnte die Gemeinde ein kleines F\u00f6rderprogramm f\u00fcr ihre Mitarbeiterinnen und Mitarbeiter starten. Andere Gemeinden gehen hier mit gutem Beispiel voran. Das Projekt \u201eUmweltfreundliche Verwaltung\u201c soll beispielsweise Mitarbeiterinnen und Mitarbeiter animieren mit dem Fahrrad zur Arbeit zu kommen.<br \/>\nAls ein weiteres wichtiges Thema erachten wir die Biotopvernetzung, um einen Teil zum Klimaschutz beizutragen. Diese muss unbedingt gemeinsam mit den lokalen Landwirten angegangen werden. Eine Durchf\u00fchrung an den Landwirten vorbei durch beispielsweise Fl\u00e4chenk\u00fcndigungen, halten wir weder f\u00fcr sinnvoll, noch f\u00fcr nachhaltig. Nur gemeinsam mit unseren Landwirten k\u00f6nnen wir Habitate f\u00fcr Tiere, Insekten und Pflanzen anlegen, sch\u00fctzen und pflegen.<br \/>\nWir w\u00fcnschen uns hier im weiteren Verlauf zielf\u00fchrende Gespr\u00e4che und L\u00f6sungen, die f\u00fcr alle Beteiligten akzeptabel sind.<br \/>\nErste Schritte zur Biotopvernetzung sind bereits eingeleitet. Wir fordern die Gemeindeverwaltung auf deutliche Ma\u00dfnahmen in den kommenden Monaten konsequent umzusetzen.<\/p>\n<p><strong>Mobilit\u00e4t<\/strong><br \/>\nWie bereits angesprochen wissen wir alle, dass eine Reduzierung des Individualverkehrs notwendig ist. Dies k\u00f6nnen wir jedoch nur mit guten \u00d6PNV-Angeboten sowie sicheren Rad- und Fu\u00dfwegen erreichen. Gerade den Fu\u00dfg\u00e4ngern muss in Reilingen wieder eine h\u00f6here Priorit\u00e4t zugesprochen werden. Hier gilt es daf\u00fcr zu sorgen, dass Gehwege frei von Hindernissen und gut begehbar sind, besonders f\u00fcr mobilit\u00e4tseingeschr\u00e4nkte Menschen.<br \/>\nUm noch einmal auf meine Anfangsworte zur\u00fcckzukommen: Den Worten m\u00fcssen JETZT Taten folgen. Die Gr\u00fcnen Fraktion hofft, dass die notwendigen Stellschrauben tats\u00e4chlich korrigiert werden und JEDER EURO auf den Pr\u00fcfstand genommen wird. Damit dadurch aktuelle sowie bereits zugesagte Investitionen umgesetzt werden k\u00f6nnen, aber dies dennoch nicht auf die Kosten nachfolgender Generationen geht weder in finanzieller noch in klimasch\u00e4digender Weise.<br \/>\nZum Schluss m\u00f6chten wir uns bei Ihnen Herr B\u00fcrgermeister Weisbrod, bei Ihnen Herr Bickle und Ihren MitarbeiterInnen der K\u00e4mmerei bedanken. Die Fraktion B\u00fcndnis\u201990\/Die Gr\u00fcnen stimmt unter den oben genannten und auf der Klausurtagung vereinbarten Einsparungen dem Haushalt sowie den Wirtschaftspl\u00e4nen f\u00fcr 2020 zu.<\/p>\n<p>Anna-Lena Becker<\/p>\n<p>Fraktionssprecherin<\/p>\n","protected":false},"excerpt":{"rendered":"<p>\u201eSchmalhans ist K\u00fcchenmeister.\u201c Diesen Satz h\u00f6rten wir in den vergangenen Sitzungen nur zu oft. Bereits im vergangenen Jahr hat die gr\u00fcne Fraktion prognostiziert, dass dies kommen wird bzw. bereits der [&hellip;]<\/p>\n","protected":false},"author":-1,"featured_media":0,"comment_status":"open","ping_status":"open","sticky":false,"template":"","format":"standard","meta":{"footnotes":""},"categories":[3],"tags":[],"class_list":["post-1555","post","type-post","status-publish","format-standard","hentry","category-news"],"yoast_head":"<!-- This site is optimized with the Yoast SEO plugin v27.5 - https:\/\/yoast.com\/product\/yoast-seo-wordpress\/ -->\n<title>Haushaltsrede der Gr\u00fcnen-Fraktion - B\u00dcNDNIS 90\/DIE GR\u00dcNEN REILINGEN<\/title>\n<meta name=\"robots\" content=\"index, follow, max-snippet:-1, max-image-preview:large, max-video-preview:-1\" \/>\n<link rel=\"canonical\" href=\"https:\/\/gruene-reilingen.de\/?p=1555\" \/>\n<meta property=\"og:locale\" content=\"de_DE\" \/>\n<meta property=\"og:type\" content=\"article\" \/>\n<meta property=\"og:title\" content=\"Haushaltsrede der Gr\u00fcnen-Fraktion - B\u00dcNDNIS 90\/DIE GR\u00dcNEN REILINGEN\" \/>\n<meta property=\"og:description\" content=\"\u201eSchmalhans ist K\u00fcchenmeister.\u201c Diesen Satz h\u00f6rten wir in den vergangenen Sitzungen nur zu oft. Bereits im vergangenen Jahr hat die gr\u00fcne Fraktion prognostiziert, dass dies kommen wird bzw. bereits der [&hellip;]\" \/>\n<meta property=\"og:url\" content=\"https:\/\/gruene-reilingen.de\/?p=1555\" \/>\n<meta property=\"og:site_name\" content=\"B\u00dcNDNIS 90\/DIE GR\u00dcNEN REILINGEN\" \/>\n<meta property=\"article:published_time\" content=\"2020-03-26T15:44:51+00:00\" \/>\n<meta name=\"author\" content=\"gruene_reilingen\" \/>\n<meta name=\"twitter:card\" content=\"summary_large_image\" \/>\n<meta name=\"twitter:label1\" content=\"Verfasst von\" \/>\n\t<meta name=\"twitter:data1\" content=\"gruene_reilingen\" \/>\n\t<meta name=\"twitter:label2\" content=\"Gesch\u00e4tzte Lesezeit\" \/>\n\t<meta name=\"twitter:data2\" content=\"5\u00a0Minuten\" \/>\n<script type=\"application\/ld+json\" class=\"yoast-schema-graph\">{\"@context\":\"https:\\\/\\\/schema.org\",\"@graph\":[{\"@type\":\"Article\",\"@id\":\"https:\\\/\\\/gruene-reilingen.de\\\/?p=1555#article\",\"isPartOf\":{\"@id\":\"https:\\\/\\\/gruene-reilingen.de\\\/?p=1555\"},\"author\":{\"name\":\"gruene_reilingen\",\"@id\":\"https:\\\/\\\/gruene-reilingen.de\\\/#\\\/schema\\\/person\\\/f9da928f04550d0db757afd781f08df8\"},\"headline\":\"Haushaltsrede der Gr\u00fcnen-Fraktion\",\"datePublished\":\"2020-03-26T15:44:51+00:00\",\"mainEntityOfPage\":{\"@id\":\"https:\\\/\\\/gruene-reilingen.de\\\/?p=1555\"},\"wordCount\":918,\"commentCount\":0,\"articleSection\":[\"News\"],\"inLanguage\":\"de\",\"potentialAction\":[{\"@type\":\"CommentAction\",\"name\":\"Comment\",\"target\":[\"https:\\\/\\\/gruene-reilingen.de\\\/?p=1555#respond\"]}]},{\"@type\":\"WebPage\",\"@id\":\"https:\\\/\\\/gruene-reilingen.de\\\/?p=1555\",\"url\":\"https:\\\/\\\/gruene-reilingen.de\\\/?p=1555\",\"name\":\"Haushaltsrede der Gr\u00fcnen-Fraktion - B\u00dcNDNIS 90\\\/DIE GR\u00dcNEN REILINGEN\",\"isPartOf\":{\"@id\":\"https:\\\/\\\/gruene-reilingen.de\\\/#website\"},\"datePublished\":\"2020-03-26T15:44:51+00:00\",\"author\":{\"@id\":\"https:\\\/\\\/gruene-reilingen.de\\\/#\\\/schema\\\/person\\\/f9da928f04550d0db757afd781f08df8\"},\"breadcrumb\":{\"@id\":\"https:\\\/\\\/gruene-reilingen.de\\\/?p=1555#breadcrumb\"},\"inLanguage\":\"de\",\"potentialAction\":[{\"@type\":\"ReadAction\",\"target\":[\"https:\\\/\\\/gruene-reilingen.de\\\/?p=1555\"]}]},{\"@type\":\"BreadcrumbList\",\"@id\":\"https:\\\/\\\/gruene-reilingen.de\\\/?p=1555#breadcrumb\",\"itemListElement\":[{\"@type\":\"ListItem\",\"position\":1,\"name\":\"Startseite\",\"item\":\"https:\\\/\\\/gruene-reilingen.de\\\/\"},{\"@type\":\"ListItem\",\"position\":2,\"name\":\"Haushaltsrede der Gr\u00fcnen-Fraktion\"}]},{\"@type\":\"WebSite\",\"@id\":\"https:\\\/\\\/gruene-reilingen.de\\\/#website\",\"url\":\"https:\\\/\\\/gruene-reilingen.de\\\/\",\"name\":\"B\u00dcNDNIS 90\\\/DIE GR\u00dcNEN REILINGEN\",\"description\":\"\",\"potentialAction\":[{\"@type\":\"SearchAction\",\"target\":{\"@type\":\"EntryPoint\",\"urlTemplate\":\"https:\\\/\\\/gruene-reilingen.de\\\/?s={search_term_string}\"},\"query-input\":{\"@type\":\"PropertyValueSpecification\",\"valueRequired\":true,\"valueName\":\"search_term_string\"}}],\"inLanguage\":\"de\"},{\"@type\":\"Person\",\"@id\":\"https:\\\/\\\/gruene-reilingen.de\\\/#\\\/schema\\\/person\\\/f9da928f04550d0db757afd781f08df8\",\"name\":\"gruene_reilingen\",\"image\":{\"@type\":\"ImageObject\",\"inLanguage\":\"de\",\"@id\":\"https:\\\/\\\/secure.gravatar.com\\\/avatar\\\/913acc38ce102bffd85b7d788472a0913fa53d9b1fe59056f1fe4e704a8231cb?s=96&d=mm&r=g\",\"url\":\"https:\\\/\\\/secure.gravatar.com\\\/avatar\\\/913acc38ce102bffd85b7d788472a0913fa53d9b1fe59056f1fe4e704a8231cb?s=96&d=mm&r=g\",\"contentUrl\":\"https:\\\/\\\/secure.gravatar.com\\\/avatar\\\/913acc38ce102bffd85b7d788472a0913fa53d9b1fe59056f1fe4e704a8231cb?s=96&d=mm&r=g\",\"caption\":\"gruene_reilingen\"},\"sameAs\":[\"http:\\\/\\\/www.gruene-reilingen.de\"],\"url\":\"https:\\\/\\\/gruene-reilingen.de\\\/?author=2\"}]}<\/script>\n<!-- \/ Yoast SEO plugin. -->","yoast_head_json":{"title":"Haushaltsrede der Gr\u00fcnen-Fraktion - B\u00dcNDNIS 90\/DIE GR\u00dcNEN REILINGEN","robots":{"index":"index","follow":"follow","max-snippet":"max-snippet:-1","max-image-preview":"max-image-preview:large","max-video-preview":"max-video-preview:-1"},"canonical":"https:\/\/gruene-reilingen.de\/?p=1555","og_locale":"de_DE","og_type":"article","og_title":"Haushaltsrede der Gr\u00fcnen-Fraktion - B\u00dcNDNIS 90\/DIE GR\u00dcNEN REILINGEN","og_description":"\u201eSchmalhans ist K\u00fcchenmeister.\u201c Diesen Satz h\u00f6rten wir in den vergangenen Sitzungen nur zu oft. Bereits im vergangenen Jahr hat die gr\u00fcne Fraktion prognostiziert, dass dies kommen wird bzw. bereits der [&hellip;]","og_url":"https:\/\/gruene-reilingen.de\/?p=1555","og_site_name":"B\u00dcNDNIS 90\/DIE GR\u00dcNEN REILINGEN","article_published_time":"2020-03-26T15:44:51+00:00","author":"gruene_reilingen","twitter_card":"summary_large_image","twitter_misc":{"Verfasst von":"gruene_reilingen","Gesch\u00e4tzte Lesezeit":"5\u00a0Minuten"},"schema":{"@context":"https:\/\/schema.org","@graph":[{"@type":"Article","@id":"https:\/\/gruene-reilingen.de\/?p=1555#article","isPartOf":{"@id":"https:\/\/gruene-reilingen.de\/?p=1555"},"author":{"name":"gruene_reilingen","@id":"https:\/\/gruene-reilingen.de\/#\/schema\/person\/f9da928f04550d0db757afd781f08df8"},"headline":"Haushaltsrede der Gr\u00fcnen-Fraktion","datePublished":"2020-03-26T15:44:51+00:00","mainEntityOfPage":{"@id":"https:\/\/gruene-reilingen.de\/?p=1555"},"wordCount":918,"commentCount":0,"articleSection":["News"],"inLanguage":"de","potentialAction":[{"@type":"CommentAction","name":"Comment","target":["https:\/\/gruene-reilingen.de\/?p=1555#respond"]}]},{"@type":"WebPage","@id":"https:\/\/gruene-reilingen.de\/?p=1555","url":"https:\/\/gruene-reilingen.de\/?p=1555","name":"Haushaltsrede der Gr\u00fcnen-Fraktion - B\u00dcNDNIS 90\/DIE GR\u00dcNEN REILINGEN","isPartOf":{"@id":"https:\/\/gruene-reilingen.de\/#website"},"datePublished":"2020-03-26T15:44:51+00:00","author":{"@id":"https:\/\/gruene-reilingen.de\/#\/schema\/person\/f9da928f04550d0db757afd781f08df8"},"breadcrumb":{"@id":"https:\/\/gruene-reilingen.de\/?p=1555#breadcrumb"},"inLanguage":"de","potentialAction":[{"@type":"ReadAction","target":["https:\/\/gruene-reilingen.de\/?p=1555"]}]},{"@type":"BreadcrumbList","@id":"https:\/\/gruene-reilingen.de\/?p=1555#breadcrumb","itemListElement":[{"@type":"ListItem","position":1,"name":"Startseite","item":"https:\/\/gruene-reilingen.de\/"},{"@type":"ListItem","position":2,"name":"Haushaltsrede der Gr\u00fcnen-Fraktion"}]},{"@type":"WebSite","@id":"https:\/\/gruene-reilingen.de\/#website","url":"https:\/\/gruene-reilingen.de\/","name":"B\u00dcNDNIS 90\/DIE GR\u00dcNEN REILINGEN","description":"","potentialAction":[{"@type":"SearchAction","target":{"@type":"EntryPoint","urlTemplate":"https:\/\/gruene-reilingen.de\/?s={search_term_string}"},"query-input":{"@type":"PropertyValueSpecification","valueRequired":true,"valueName":"search_term_string"}}],"inLanguage":"de"},{"@type":"Person","@id":"https:\/\/gruene-reilingen.de\/#\/schema\/person\/f9da928f04550d0db757afd781f08df8","name":"gruene_reilingen","image":{"@type":"ImageObject","inLanguage":"de","@id":"https:\/\/secure.gravatar.com\/avatar\/913acc38ce102bffd85b7d788472a0913fa53d9b1fe59056f1fe4e704a8231cb?s=96&d=mm&r=g","url":"https:\/\/secure.gravatar.com\/avatar\/913acc38ce102bffd85b7d788472a0913fa53d9b1fe59056f1fe4e704a8231cb?s=96&d=mm&r=g","contentUrl":"https:\/\/secure.gravatar.com\/avatar\/913acc38ce102bffd85b7d788472a0913fa53d9b1fe59056f1fe4e704a8231cb?s=96&d=mm&r=g","caption":"gruene_reilingen"},"sameAs":["http:\/\/www.gruene-reilingen.de"],"url":"https:\/\/gruene-reilingen.de\/?author=2"}]}},"_links":{"self":[{"href":"https:\/\/gruene-reilingen.de\/index.php?rest_route=\/wp\/v2\/posts\/1555","targetHints":{"allow":["GET"]}}],"collection":[{"href":"https:\/\/gruene-reilingen.de\/index.php?rest_route=\/wp\/v2\/posts"}],"about":[{"href":"https:\/\/gruene-reilingen.de\/index.php?rest_route=\/wp\/v2\/types\/post"}],"author":[{"embeddable":true,"href":"https:\/\/gruene-reilingen.de\/index.php?rest_route=\/wp\/v2\/users\/2"}],"replies":[{"embeddable":true,"href":"https:\/\/gruene-reilingen.de\/index.php?rest_route=%2Fwp%2Fv2%2Fcomments&post=1555"}],"version-history":[{"count":1,"href":"https:\/\/gruene-reilingen.de\/index.php?rest_route=\/wp\/v2\/posts\/1555\/revisions"}],"predecessor-version":[{"id":1556,"href":"https:\/\/gruene-reilingen.de\/index.php?rest_route=\/wp\/v2\/posts\/1555\/revisions\/1556"}],"wp:attachment":[{"href":"https:\/\/gruene-reilingen.de\/index.php?rest_route=%2Fwp%2Fv2%2Fmedia&parent=1555"}],"wp:term":[{"taxonomy":"category","embeddable":true,"href":"https:\/\/gruene-reilingen.de\/index.php?rest_route=%2Fwp%2Fv2%2Fcategories&post=1555"},{"taxonomy":"post_tag","embeddable":true,"href":"https:\/\/gruene-reilingen.de\/index.php?rest_route=%2Fwp%2Fv2%2Ftags&post=1555"}],"curies":[{"name":"wp","href":"https:\/\/api.w.org\/{rel}","templated":true}]}}