{"id":1757,"date":"2020-12-09T09:53:25","date_gmt":"2020-12-09T09:53:25","guid":{"rendered":"https:\/\/gruene-reilingen.de\/?p=1757"},"modified":"2020-12-09T14:35:04","modified_gmt":"2020-12-09T14:35:04","slug":"abschiedsrede-fuer-anna-lena-becker","status":"publish","type":"post","link":"https:\/\/gruene-reilingen.de\/?p=1757","title":{"rendered":"Abschiedsrede f\u00fcr Anna-Lena Becker"},"content":{"rendered":"<div>Liebe Anna-Lena,<\/div>\n<div class=\"page\" data-page-number=\"1\" data-loaded=\"true\">\n<div><\/div>\n<div class=\"textLayer\">heute habe ich die Ehre, dich zu verabschieden.<\/div>\n<div class=\"textLayer\">Lange sa\u00df ich an dieser Rede und habe nach den richtigen Worten gesucht. Es f\u00e4llt schwer, jemandem nach so einer langen und ereignisreichen Zeit auf Wiedersehen zu sagen, auch wenn der Abschied nur am Ratstisch stattfindet.<\/div>\n<div class=\"textLayer\">Dass es eine Gr\u00fcne Fraktion, ja gar einen gr\u00fcnen Ortsverband gibt, haben wir unter anderem dir zu verdanken. Vor \u00fcber sechs Jahren war es auch dein Engagement, das uns bewegte hier in Reilingen einen Ortsverband unserer Partei zu gr\u00fcnden. Dein Engagement zog sich aber weiter bis hier her in dieses Gremium. Dein unerm\u00fcdlicher Wille in Reilingen etwas zu bewegen zeichnet dich aus, nicht nur am Ratstisch sondern auch schon jahrelang im Ehrenamt.<\/div>\n<div><\/div>\n<div class=\"textLayer\">Wir verabschieden dich heute mit einem lachenden und einem weinenden Auge. Das weinende, das ist klar. Wir werden dich hier schmerzlich vermissen. Deine reflektierte Art Dinge anzugehen, ein oftmals objektiver Blick auf Dinge und vor allem deine Eigenschaft, das gro\u00dfe Ganze zu sehen, dass wird uns fehlen. Deine M\u00fchen galten immer der Dorfgemeinschaft, der nachhaltigen Entwicklung Reilingens und auch den Kindern und Jugendlichen. Viele Dinge sahst du kritisch und scheutest dich nicht auch mal gegen etwas zu stimmen.<\/div>\n<div class=\"textLayer\">Wir verabschieden dich heute aber auch mit einem lachenden Auge, da wir wissen, was die Zukunft f\u00fcr dich bringt. Der Grund f\u00fcr dein Ausscheiden ist ein Anlass zur Freude und wir w\u00fcnschen dir, deinem Mann und eurer kleinen Familie auf diesem Wege alles erdenklich Gute! Da wir wissen, dass dein Herz weiterhin f\u00fcr die Gr\u00fcnen, aber auch f\u00fcr Reilingen und seine B\u00fcrgerinnen und B\u00fcrger schl\u00e4gt, habe wir dir ein kleines Abschiedsgeschenk mitgebracht. Auch nach deinem Ausscheiden heute, sollst du auch bei deinem neuen Gl\u00fcck stets an uns denken. Wir bedanken uns f\u00fcr deine Arbeit, dein Vorantreiben unserer Fraktion und daf\u00fcr, dass du so bist wie du bist, denn wir w\u00fcrden hier heute nicht sitzen, wenn du nicht w\u00e4rst.<\/div>\n<div class=\"textLayer\">\n<p>Zu guter Letzt m\u00f6chte ich noch einer weiteren Person danken. Simon Schell wird ab heute Anna-Lenas Platz am Ratstisch einnehmen. Lieber Simon, auch dir danken wir, dass du du voller Engagement dieses Amt wahrnehmen wirst, das ist uns heute schon klar. Du bist in Reilingen kein Unbekannter und aufgrund deiner Einbringung in die Dorfgemeinschaft pr\u00e4destiniert f\u00fcr dein neues Amt.<\/p>\n<\/div>\n<p>Lisa Dorn<br \/>\n(Fraktionssprecherin)<\/p>\n<div class=\"textLayer\">\n<div class=\"endOfContent active\">\n<figure id=\"attachment_1762\" aria-describedby=\"caption-attachment-1762\" style=\"width: 5853px\" class=\"wp-caption aligncenter\"><a href=\"https:\/\/gruene-reilingen.de\/wp-content\/uploads\/2020\/12\/WKFoto-17.jpg\"><img decoding=\"async\" class=\"wp-image-1762 size-full\" src=\"https:\/\/gruene-reilingen.de\/wp-content\/uploads\/2020\/12\/WKFoto-17.jpg\" alt=\"\" width=\"5853\" height=\"3906<\/a srcset=\"https:\/\/gruene-reilingen.de\/wp-content\/uploads\/2020\/12\/WKFoto-17.jpg 5853w, https:\/\/gruene-reilingen.de\/wp-content\/uploads\/2020\/12\/WKFoto-17-768x513.jpg 768w\" sizes=\"(max-width: 5853px) 100vw, 5853px\" \/><figcaption id=\"caption-attachment-1762\" class=\"wp-caption-text\">v.l.n.r.: Stefan Weisbrod, Anna-Lena Becker, Simon Schell \u00a0 \u00a0 \u00a0 \u00a0 \u00a0 \u00a0 \u00a0 \u00a0 \u00a0 \u00a0 \u00a0 \u00a0 \u00a0 \u00a0 \u00a0 \u00a0 \u00a0 \u00a0 \u00a0 \u00a0 \u00a0 \u00a0 \u00a0 \u00a0 \u00a0 \u00a0 \u00a0 \u00a0 \u00a0 \u00a0 \u00a0 \u00a0 \u00a0 \u00a0 \u00a0 \u00a0 \u00a0 \u00a0 \u00a0 \u00a0 \u00a0 \u00a0 \u00a0 \u00a0 \u00a0Foto: Werner Klefenz<\/figcaption><\/figure>\n<p>&nbsp;<\/p>\n<\/div>\n<figure id=\"attachment_1768\" aria-describedby=\"caption-attachment-1768\" style=\"width: 4392px\" class=\"wp-caption aligncenter\"><a href=\"https:\/\/gruene-reilingen.de\/wp-content\/uploads\/2020\/12\/WKFoto-14.jpg\"><img decoding=\"async\" class=\"wp-image-1768 size-full\" src=\"https:\/\/gruene-reilingen.de\/wp-content\/uploads\/2020\/12\/WKFoto-14.jpg\" alt=\"\" width=\"4392\" height=\"2928<\/a srcset=\"https:\/\/gruene-reilingen.de\/wp-content\/uploads\/2020\/12\/WKFoto-14.jpg 4392w, https:\/\/gruene-reilingen.de\/wp-content\/uploads\/2020\/12\/WKFoto-14-768x512.jpg 768w\" sizes=\"(max-width: 4392px) 100vw, 4392px\" \/><figcaption id=\"caption-attachment-1768\" class=\"wp-caption-text\">Anna-Lena Becker \u00a0 \u00a0 \u00a0 \u00a0 \u00a0 \u00a0 \u00a0 \u00a0 \u00a0 \u00a0 \u00a0 \u00a0 \u00a0 \u00a0 \u00a0 \u00a0 \u00a0 \u00a0 \u00a0 \u00a0 \u00a0 \u00a0 \u00a0 \u00a0 \u00a0 \u00a0 \u00a0 \u00a0 \u00a0 \u00a0 \u00a0 \u00a0 \u00a0 \u00a0 \u00a0 \u00a0 \u00a0 \u00a0 \u00a0 \u00a0 \u00a0 \u00a0 \u00a0 \u00a0 \u00a0 \u00a0 \u00a0 \u00a0 \u00a0 \u00a0 \u00a0 \u00a0 \u00a0 \u00a0 \u00a0 \u00a0 \u00a0 \u00a0 \u00a0 \u00a0 \u00a0 \u00a0 \u00a0 \u00a0 \u00a0 \u00a0 \u00a0 \u00a0 \u00a0 \u00a0 \u00a0 \u00a0 \u00a0 \u00a0 \u00a0 \u00a0 \u00a0 \u00a0 \u00a0 \u00a0 \u00a0 Foto: Werner Klefenz<\/figcaption><\/figure>\n<\/div>\n<\/div>\n<div class=\"page\" data-page-number=\"2\" data-loaded=\"true\">\n<div class=\"textLayer\"><\/div>\n<\/div>\n","protected":false},"excerpt":{"rendered":"<p>Liebe Anna-Lena, heute habe ich die Ehre, dich zu verabschieden. Lange sa\u00df ich an dieser Rede und habe nach den richtigen Worten gesucht. Es f\u00e4llt schwer, jemandem nach so einer [&hellip;]<\/p>\n","protected":false},"author":-1,"featured_media":0,"comment_status":"open","ping_status":"open","sticky":false,"template":"","format":"standard","meta":{"footnotes":""},"categories":[3],"tags":[],"class_list":["post-1757","post","type-post","status-publish","format-standard","hentry","category-news"],"yoast_head":"<!-- This site is optimized with the Yoast SEO plugin v27.5 - https:\/\/yoast.com\/product\/yoast-seo-wordpress\/ -->\n<title>Abschiedsrede f\u00fcr Anna-Lena Becker - B\u00dcNDNIS 90\/DIE GR\u00dcNEN REILINGEN<\/title>\n<meta name=\"robots\" content=\"index, follow, max-snippet:-1, max-image-preview:large, max-video-preview:-1\" \/>\n<link rel=\"canonical\" href=\"https:\/\/gruene-reilingen.de\/?p=1757\" \/>\n<meta property=\"og:locale\" content=\"de_DE\" \/>\n<meta property=\"og:type\" content=\"article\" \/>\n<meta property=\"og:title\" content=\"Abschiedsrede f\u00fcr Anna-Lena Becker - B\u00dcNDNIS 90\/DIE GR\u00dcNEN REILINGEN\" \/>\n<meta property=\"og:description\" content=\"Liebe Anna-Lena, heute habe ich die Ehre, dich zu verabschieden. Lange sa\u00df ich an dieser Rede und habe nach den richtigen Worten gesucht. Es f\u00e4llt schwer, jemandem nach so einer [&hellip;]\" \/>\n<meta property=\"og:url\" content=\"https:\/\/gruene-reilingen.de\/?p=1757\" \/>\n<meta property=\"og:site_name\" content=\"B\u00dcNDNIS 90\/DIE GR\u00dcNEN REILINGEN\" \/>\n<meta property=\"article:published_time\" content=\"2020-12-09T09:53:25+00:00\" \/>\n<meta property=\"article:modified_time\" content=\"2020-12-09T14:35:04+00:00\" \/>\n<meta property=\"og:image\" content=\"https:\/\/gruene-reilingen.de\/wp-content\/uploads\/2020\/12\/WKFoto-17.jpg\" \/>\n<meta name=\"author\" content=\"gruene_reilingen\" \/>\n<meta name=\"twitter:card\" content=\"summary_large_image\" \/>\n<meta name=\"twitter:label1\" content=\"Verfasst von\" \/>\n\t<meta name=\"twitter:data1\" content=\"gruene_reilingen\" \/>\n\t<meta name=\"twitter:label2\" content=\"Gesch\u00e4tzte Lesezeit\" \/>\n\t<meta name=\"twitter:data2\" content=\"2\u00a0Minuten\" \/>\n<script type=\"application\/ld+json\" class=\"yoast-schema-graph\">{\"@context\":\"https:\\\/\\\/schema.org\",\"@graph\":[{\"@type\":\"Article\",\"@id\":\"https:\\\/\\\/gruene-reilingen.de\\\/?p=1757#article\",\"isPartOf\":{\"@id\":\"https:\\\/\\\/gruene-reilingen.de\\\/?p=1757\"},\"author\":{\"name\":\"gruene_reilingen\",\"@id\":\"https:\\\/\\\/gruene-reilingen.de\\\/#\\\/schema\\\/person\\\/f9da928f04550d0db757afd781f08df8\"},\"headline\":\"Abschiedsrede f\u00fcr Anna-Lena Becker\",\"datePublished\":\"2020-12-09T09:53:25+00:00\",\"dateModified\":\"2020-12-09T14:35:04+00:00\",\"mainEntityOfPage\":{\"@id\":\"https:\\\/\\\/gruene-reilingen.de\\\/?p=1757\"},\"wordCount\":411,\"commentCount\":0,\"image\":{\"@id\":\"https:\\\/\\\/gruene-reilingen.de\\\/?p=1757#primaryimage\"},\"thumbnailUrl\":\"https:\\\/\\\/gruene-reilingen.de\\\/wp-content\\\/uploads\\\/2020\\\/12\\\/WKFoto-17.jpg\",\"articleSection\":[\"News\"],\"inLanguage\":\"de\",\"potentialAction\":[{\"@type\":\"CommentAction\",\"name\":\"Comment\",\"target\":[\"https:\\\/\\\/gruene-reilingen.de\\\/?p=1757#respond\"]}]},{\"@type\":\"WebPage\",\"@id\":\"https:\\\/\\\/gruene-reilingen.de\\\/?p=1757\",\"url\":\"https:\\\/\\\/gruene-reilingen.de\\\/?p=1757\",\"name\":\"Abschiedsrede f\u00fcr Anna-Lena Becker - B\u00dcNDNIS 90\\\/DIE GR\u00dcNEN REILINGEN\",\"isPartOf\":{\"@id\":\"https:\\\/\\\/gruene-reilingen.de\\\/#website\"},\"primaryImageOfPage\":{\"@id\":\"https:\\\/\\\/gruene-reilingen.de\\\/?p=1757#primaryimage\"},\"image\":{\"@id\":\"https:\\\/\\\/gruene-reilingen.de\\\/?p=1757#primaryimage\"},\"thumbnailUrl\":\"https:\\\/\\\/gruene-reilingen.de\\\/wp-content\\\/uploads\\\/2020\\\/12\\\/WKFoto-17.jpg\",\"datePublished\":\"2020-12-09T09:53:25+00:00\",\"dateModified\":\"2020-12-09T14:35:04+00:00\",\"author\":{\"@id\":\"https:\\\/\\\/gruene-reilingen.de\\\/#\\\/schema\\\/person\\\/f9da928f04550d0db757afd781f08df8\"},\"breadcrumb\":{\"@id\":\"https:\\\/\\\/gruene-reilingen.de\\\/?p=1757#breadcrumb\"},\"inLanguage\":\"de\",\"potentialAction\":[{\"@type\":\"ReadAction\",\"target\":[\"https:\\\/\\\/gruene-reilingen.de\\\/?p=1757\"]}]},{\"@type\":\"ImageObject\",\"inLanguage\":\"de\",\"@id\":\"https:\\\/\\\/gruene-reilingen.de\\\/?p=1757#primaryimage\",\"url\":\"https:\\\/\\\/gruene-reilingen.de\\\/wp-content\\\/uploads\\\/2020\\\/12\\\/WKFoto-17.jpg\",\"contentUrl\":\"https:\\\/\\\/gruene-reilingen.de\\\/wp-content\\\/uploads\\\/2020\\\/12\\\/WKFoto-17.jpg\"},{\"@type\":\"BreadcrumbList\",\"@id\":\"https:\\\/\\\/gruene-reilingen.de\\\/?p=1757#breadcrumb\",\"itemListElement\":[{\"@type\":\"ListItem\",\"position\":1,\"name\":\"Startseite\",\"item\":\"https:\\\/\\\/gruene-reilingen.de\\\/\"},{\"@type\":\"ListItem\",\"position\":2,\"name\":\"Abschiedsrede f\u00fcr Anna-Lena Becker\"}]},{\"@type\":\"WebSite\",\"@id\":\"https:\\\/\\\/gruene-reilingen.de\\\/#website\",\"url\":\"https:\\\/\\\/gruene-reilingen.de\\\/\",\"name\":\"B\u00dcNDNIS 90\\\/DIE GR\u00dcNEN REILINGEN\",\"description\":\"\",\"potentialAction\":[{\"@type\":\"SearchAction\",\"target\":{\"@type\":\"EntryPoint\",\"urlTemplate\":\"https:\\\/\\\/gruene-reilingen.de\\\/?s={search_term_string}\"},\"query-input\":{\"@type\":\"PropertyValueSpecification\",\"valueRequired\":true,\"valueName\":\"search_term_string\"}}],\"inLanguage\":\"de\"},{\"@type\":\"Person\",\"@id\":\"https:\\\/\\\/gruene-reilingen.de\\\/#\\\/schema\\\/person\\\/f9da928f04550d0db757afd781f08df8\",\"name\":\"gruene_reilingen\",\"image\":{\"@type\":\"ImageObject\",\"inLanguage\":\"de\",\"@id\":\"https:\\\/\\\/secure.gravatar.com\\\/avatar\\\/913acc38ce102bffd85b7d788472a0913fa53d9b1fe59056f1fe4e704a8231cb?s=96&d=mm&r=g\",\"url\":\"https:\\\/\\\/secure.gravatar.com\\\/avatar\\\/913acc38ce102bffd85b7d788472a0913fa53d9b1fe59056f1fe4e704a8231cb?s=96&d=mm&r=g\",\"contentUrl\":\"https:\\\/\\\/secure.gravatar.com\\\/avatar\\\/913acc38ce102bffd85b7d788472a0913fa53d9b1fe59056f1fe4e704a8231cb?s=96&d=mm&r=g\",\"caption\":\"gruene_reilingen\"},\"sameAs\":[\"http:\\\/\\\/www.gruene-reilingen.de\"],\"url\":\"https:\\\/\\\/gruene-reilingen.de\\\/?author=2\"}]}<\/script>\n<!-- \/ Yoast SEO plugin. -->","yoast_head_json":{"title":"Abschiedsrede f\u00fcr Anna-Lena Becker - B\u00dcNDNIS 90\/DIE GR\u00dcNEN REILINGEN","robots":{"index":"index","follow":"follow","max-snippet":"max-snippet:-1","max-image-preview":"max-image-preview:large","max-video-preview":"max-video-preview:-1"},"canonical":"https:\/\/gruene-reilingen.de\/?p=1757","og_locale":"de_DE","og_type":"article","og_title":"Abschiedsrede f\u00fcr Anna-Lena Becker - B\u00dcNDNIS 90\/DIE GR\u00dcNEN REILINGEN","og_description":"Liebe Anna-Lena, heute habe ich die Ehre, dich zu verabschieden. Lange sa\u00df ich an dieser Rede und habe nach den richtigen Worten gesucht. Es f\u00e4llt schwer, jemandem nach so einer [&hellip;]","og_url":"https:\/\/gruene-reilingen.de\/?p=1757","og_site_name":"B\u00dcNDNIS 90\/DIE GR\u00dcNEN REILINGEN","article_published_time":"2020-12-09T09:53:25+00:00","article_modified_time":"2020-12-09T14:35:04+00:00","og_image":[{"url":"https:\/\/gruene-reilingen.de\/wp-content\/uploads\/2020\/12\/WKFoto-17.jpg","type":"","width":"","height":""}],"author":"gruene_reilingen","twitter_card":"summary_large_image","twitter_misc":{"Verfasst von":"gruene_reilingen","Gesch\u00e4tzte Lesezeit":"2\u00a0Minuten"},"schema":{"@context":"https:\/\/schema.org","@graph":[{"@type":"Article","@id":"https:\/\/gruene-reilingen.de\/?p=1757#article","isPartOf":{"@id":"https:\/\/gruene-reilingen.de\/?p=1757"},"author":{"name":"gruene_reilingen","@id":"https:\/\/gruene-reilingen.de\/#\/schema\/person\/f9da928f04550d0db757afd781f08df8"},"headline":"Abschiedsrede f\u00fcr Anna-Lena Becker","datePublished":"2020-12-09T09:53:25+00:00","dateModified":"2020-12-09T14:35:04+00:00","mainEntityOfPage":{"@id":"https:\/\/gruene-reilingen.de\/?p=1757"},"wordCount":411,"commentCount":0,"image":{"@id":"https:\/\/gruene-reilingen.de\/?p=1757#primaryimage"},"thumbnailUrl":"https:\/\/gruene-reilingen.de\/wp-content\/uploads\/2020\/12\/WKFoto-17.jpg","articleSection":["News"],"inLanguage":"de","potentialAction":[{"@type":"CommentAction","name":"Comment","target":["https:\/\/gruene-reilingen.de\/?p=1757#respond"]}]},{"@type":"WebPage","@id":"https:\/\/gruene-reilingen.de\/?p=1757","url":"https:\/\/gruene-reilingen.de\/?p=1757","name":"Abschiedsrede f\u00fcr Anna-Lena Becker - B\u00dcNDNIS 90\/DIE GR\u00dcNEN REILINGEN","isPartOf":{"@id":"https:\/\/gruene-reilingen.de\/#website"},"primaryImageOfPage":{"@id":"https:\/\/gruene-reilingen.de\/?p=1757#primaryimage"},"image":{"@id":"https:\/\/gruene-reilingen.de\/?p=1757#primaryimage"},"thumbnailUrl":"https:\/\/gruene-reilingen.de\/wp-content\/uploads\/2020\/12\/WKFoto-17.jpg","datePublished":"2020-12-09T09:53:25+00:00","dateModified":"2020-12-09T14:35:04+00:00","author":{"@id":"https:\/\/gruene-reilingen.de\/#\/schema\/person\/f9da928f04550d0db757afd781f08df8"},"breadcrumb":{"@id":"https:\/\/gruene-reilingen.de\/?p=1757#breadcrumb"},"inLanguage":"de","potentialAction":[{"@type":"ReadAction","target":["https:\/\/gruene-reilingen.de\/?p=1757"]}]},{"@type":"ImageObject","inLanguage":"de","@id":"https:\/\/gruene-reilingen.de\/?p=1757#primaryimage","url":"https:\/\/gruene-reilingen.de\/wp-content\/uploads\/2020\/12\/WKFoto-17.jpg","contentUrl":"https:\/\/gruene-reilingen.de\/wp-content\/uploads\/2020\/12\/WKFoto-17.jpg"},{"@type":"BreadcrumbList","@id":"https:\/\/gruene-reilingen.de\/?p=1757#breadcrumb","itemListElement":[{"@type":"ListItem","position":1,"name":"Startseite","item":"https:\/\/gruene-reilingen.de\/"},{"@type":"ListItem","position":2,"name":"Abschiedsrede f\u00fcr Anna-Lena Becker"}]},{"@type":"WebSite","@id":"https:\/\/gruene-reilingen.de\/#website","url":"https:\/\/gruene-reilingen.de\/","name":"B\u00dcNDNIS 90\/DIE GR\u00dcNEN REILINGEN","description":"","potentialAction":[{"@type":"SearchAction","target":{"@type":"EntryPoint","urlTemplate":"https:\/\/gruene-reilingen.de\/?s={search_term_string}"},"query-input":{"@type":"PropertyValueSpecification","valueRequired":true,"valueName":"search_term_string"}}],"inLanguage":"de"},{"@type":"Person","@id":"https:\/\/gruene-reilingen.de\/#\/schema\/person\/f9da928f04550d0db757afd781f08df8","name":"gruene_reilingen","image":{"@type":"ImageObject","inLanguage":"de","@id":"https:\/\/secure.gravatar.com\/avatar\/913acc38ce102bffd85b7d788472a0913fa53d9b1fe59056f1fe4e704a8231cb?s=96&d=mm&r=g","url":"https:\/\/secure.gravatar.com\/avatar\/913acc38ce102bffd85b7d788472a0913fa53d9b1fe59056f1fe4e704a8231cb?s=96&d=mm&r=g","contentUrl":"https:\/\/secure.gravatar.com\/avatar\/913acc38ce102bffd85b7d788472a0913fa53d9b1fe59056f1fe4e704a8231cb?s=96&d=mm&r=g","caption":"gruene_reilingen"},"sameAs":["http:\/\/www.gruene-reilingen.de"],"url":"https:\/\/gruene-reilingen.de\/?author=2"}]}},"_links":{"self":[{"href":"https:\/\/gruene-reilingen.de\/index.php?rest_route=\/wp\/v2\/posts\/1757","targetHints":{"allow":["GET"]}}],"collection":[{"href":"https:\/\/gruene-reilingen.de\/index.php?rest_route=\/wp\/v2\/posts"}],"about":[{"href":"https:\/\/gruene-reilingen.de\/index.php?rest_route=\/wp\/v2\/types\/post"}],"author":[{"embeddable":true,"href":"https:\/\/gruene-reilingen.de\/index.php?rest_route=\/wp\/v2\/users\/2"}],"replies":[{"embeddable":true,"href":"https:\/\/gruene-reilingen.de\/index.php?rest_route=%2Fwp%2Fv2%2Fcomments&post=1757"}],"version-history":[{"count":12,"href":"https:\/\/gruene-reilingen.de\/index.php?rest_route=\/wp\/v2\/posts\/1757\/revisions"}],"predecessor-version":[{"id":1777,"href":"https:\/\/gruene-reilingen.de\/index.php?rest_route=\/wp\/v2\/posts\/1757\/revisions\/1777"}],"wp:attachment":[{"href":"https:\/\/gruene-reilingen.de\/index.php?rest_route=%2Fwp%2Fv2%2Fmedia&parent=1757"}],"wp:term":[{"taxonomy":"category","embeddable":true,"href":"https:\/\/gruene-reilingen.de\/index.php?rest_route=%2Fwp%2Fv2%2Fcategories&post=1757"},{"taxonomy":"post_tag","embeddable":true,"href":"https:\/\/gruene-reilingen.de\/index.php?rest_route=%2Fwp%2Fv2%2Ftags&post=1757"}],"curies":[{"name":"wp","href":"https:\/\/api.w.org\/{rel}","templated":true}]}}