{"id":1759,"date":"2020-12-10T08:59:36","date_gmt":"2020-12-10T08:59:36","guid":{"rendered":"https:\/\/gruene-reilingen.de\/?p=1759"},"modified":"2020-12-10T09:02:38","modified_gmt":"2020-12-10T09:02:38","slug":"weihnachtsrede-im-gemeinderat","status":"publish","type":"post","link":"https:\/\/gruene-reilingen.de\/?p=1759","title":{"rendered":"Weihnachtsrede im Gemeinderat"},"content":{"rendered":"<div class=\"page\" data-page-number=\"1\" data-loaded=\"true\">\n<div class=\"textLayer\">Sehr geehrte Gemeinderatskolleginnen und -kollegen, sehr geehrter Herr B\u00fcrgermeister, liebe B\u00fcrgerinnen und B\u00fcrger,<\/div>\n<div class=\"textLayer\">das Jahr 2020 neigt sich dem Ende zu. Ein ganz besonderes Jahr endet mit einer Aussicht, die leider zum Jahresende nicht sonderlich vielversprechend wirkt. Die Corona-Krise hat das Land fest im Griff. Auch Reilingen blieb weder gesundheitlich noch wirtschaftlich verschont.<\/div>\n<div class=\"textLayer\">Wir w\u00fcnschen allen Erkrankten eine baldige Genesung, ihren N\u00e4chsten Hoffnung und allen von der Pandemie Betroffenen Zuversicht. Wir trauern um all jene, die von dem Virus vorzeitig aus dem Leben gerissen wurden und nehmen Anteil an der Trauer ihrer Angeh\u00f6rigen.<\/div>\n<div class=\"textLayer\">2016 sagte Dieter R\u00f6sch in seiner Weihnachtsrede, \u201eim Schein der vorweihnachtlichen Kerzen betrachtet verlieren viele negative Ereignisse ihre Sch\u00e4rfe und Positives wird strahlender hervorgehoben\u201c. Ich wei\u00df nicht, wie viele Kerzen wir dieses Jahr entz\u00fcnden m\u00fcssten, um die diesj\u00e4hrigen Ereignisse zu entsch\u00e4rfen. Aber wollen wir doch einmal auf die positiven Ereignisse des Jahres schauen und in der Zeit vor Weihnachten das negative ein wenig Beiseite stellen.<\/div>\n<div class=\"textLayer\">\n<p>Zu Beginn des Jahres fuhren wir fast vollz\u00e4hlig auf eine Klausurtagung, die auch uns als Gemeinder\u00e4tinnen und Gemeinder\u00e4te reflektieren lies, welche Ziele wir als Gremium verfolgen wollen. In Anbetracht des wenig versprechenden Haushaltes mussten wir \u00fcberdenken, welche Ziele und Projekte realisierbar sind, auch wenn das hie\u00df, dass einige Herzensangelegenheiten auf der Strecke bleiben mussten. Die Klausur lie\u00df uns als Gremium zusammenr\u00fccken, auch wenn damals noch niemand wusste, dass es eine letzte Gelegenheit gewesen war, dies auch wortw\u00f6rtlich zu tun.<\/p>\n<\/div>\n<\/div>\n<div class=\"page\" data-page-number=\"2\" data-loaded=\"true\">\n<div class=\"textLayer\">Im Februar gelang es uns dann einen Haushalt einzubringen, dem fast alle R\u00e4tinnen und R\u00e4te im M\u00e4rz zustimmen konnten, auch wenn er nach dem Motto \u201eSchmalhals ist K\u00fcchenmeister\u201c aufgestellt war.<\/div>\n<div><\/div>\n<div class=\"textLayer\">F\u00fcr lange Zeit war dies die letzte Sitzung, die wir gemeinsam abhalten konnten. Die Zahlen der Corona-F\u00e4lle nahm deutlich zu. Abstand war geboten, Maskenpflicht wurde eingef\u00fchrt, sogar ein bundesweiter Lockdown wurde verh\u00e4ngt. Kinderg\u00e4rten und Schulen waren geschlossen. Auch wir R\u00e4tinnen und R\u00e4te konnten uns f\u00fcr einige Zeit nicht wie gewohnt am Ratstisch versammeln. Aber die Gemeindeverwaltung war da f\u00fcr B\u00fcrgerinnen und B\u00fcrger, Gastronomie und Einzelhandel. Auch wenn wir Abstand halten mussten, so merkte Reilingen \u201ewir halten zusammen\u201c. Gro\u00dfe Maskenverkaufsaktionen wurden ins Leben gerufen, die Gastronomie mit Gutscheinaktionen unterst\u00fctzt und die evangelische Kirchengemeinde organisierte eine Einkaufsaktion f\u00fcr all jene, die nicht selbst\u00e4ndig einkaufen gehen konnten, an der sich auch die Gemeindeverwaltung beteiligte. Viele Reilinger spendeten f\u00fcr den ins Leben gerufenen Corona-Hilfe-Fond.Die Krise stellte uns mit unserem schon schlecht aufgestellten Haushalt vor neue Herausforderungen. Aber gemeinsam als Reilingerinnen und Reilinger schaffen wir das, das war die Devise, ganz nach dem Motto: \u201eZusammen Abstand halten\u201c. Wir fanden gemeinsame L\u00f6sungen, um trotz der Corona-Krise weiterhin als Gremium zu agieren. So wurde die Schulaula zum neuen Sitzungsort des Gemeinderats.<\/div>\n<div><\/div>\n<div class=\"textLayer\">Gro\u00dfveranstaltungen waren in diesem Jahr fast undenkbar. Einige fest im Terminkalender eingetragene und beliebte Termine wie das Waldfest konnten gar nicht erst stattfinden, viele geliebte Traditionen mussten neuen Ideen weichen. So gab es in diesem Jahr statt Fischerfest einen reinen Fischverkauf mit Vorbestellung. Statt Stra\u00dfenfest ein \u201eFest der Dorfgemeinschaft\u201c rund um die Fritz-Mannherz-Hallen mit Freiluftkino. Reilingen, seine Vereine und Ehrenamtliche zeigten sich also kreativ, um mitten in der Krise noch sch\u00f6ne Momente zu schaffen.<\/div>\n<div><\/div>\n<div class=\"textLayer\">Obwohl Abstand geboten war, konnten wir doch einiges feiern. Nach vielen Jahren und langem Bangen, Aufschieben und Abwarten konnten wir endlich die Hockenheimer Stra\u00dfe einweihen. Denn was lange w\u00e4hrt, wird endlich gut- mit Abstand nat\u00fcrlich. Auch einige Spaten durften in die Erde gestochen werden. So freuten wir uns \u00fcber den Baubeginn des neuen TBG-H\u00e4usels und des Gemeindewohnhauses der KWG in der Graf-Zeppelin-Stra\u00dfe.<\/div>\n<div><\/div>\n<div class=\"textLayer\">Eines der Projekte, die als Herzensangelegenheit realisiert werden sollen, zog sich fast \u00fcber das ganze Jahr hinweg. Die fr\u00fchkindliche Betreuung in Reilingen weiter auszubauen, dar\u00fcber waren wir uns einig. Die Erweiterung des Oberlin-Kindergartens und eine alternative Unterbringung des \u201eHaus der kleinen Sterne\u201c wurden lange und ausf\u00fchrlich diskutiert. Sieht man diese Diskussionen im Schein der Kerze an, so wird klar, dass diese Themen f\u00fcr uns als Gemeinderat Herzensangelegenheiten sind, die nur realisiert werden sollten, wenn sie perfekt sind. Nach langen, teilweise auch kontroversen Diskussionen fanden wir f\u00fcr beides eine L\u00f6sung. Die Vorbereitungen f\u00fcr die Unterbringung der kleinen Sterne ist im Gange und auch der Oberlin-Kindergarten ist von Bauz\u00e4unen und schweren Maschinen umstellt. Projekte, die wir trotz unserer Haushaltslage realisieren konnten. Aber nicht nur fr\u00fchkindliche Bildung sondern auch die Jugend liegt uns am Herzen. So entschieden wir im Oktober endlich und fast einstimmig den schon so lange gew\u00fcnschten Jugendplatz zu realisieren. Eine positive Aussicht auf das Jahr 2021.<\/div>\n<div><\/div>\n<div class=\"textLayer\">In Krisen ist es wichtig als Gesellschaft zusammenzur\u00fccken. Lassen Sie uns gemeinsam im Schein der vorweihnachtlichen Kerzen hier in Reilingen zusammenr\u00fccken und an dieser Stelle DANKE sagen. Ohne die unerm\u00fcdliche Bereitschaft vieler w\u00e4re Reilingen in diesem Jahr wohl nicht so handlungsf\u00e4hig geblieben, wie wir es sind. Seien es MitarbeiterInnen und Mitarbeiter, die Sitzungen in der Aula erm\u00f6glichen, die Masken verkaufen oder f\u00fcr die Einhaltung von Hygienema\u00dfnahmen sorgen. Die Gastronomie, die unerm\u00fcdlich daf\u00fcr sorgt, dass wir auch nach der Krise in Reilingen einen Ort haben, in dem wir uns wohl f\u00fchlen. Der Einzelhandel, die Verwaltung, Schule und Kitas, Vereine und Ehrenamtliche, die auf Hochleistung arbeiten, um Reilingen auch in der Krise zu dem zu machen, was es auszeichnet. Wir sagen Danke!<\/div>\n<div class=\"textLayer\">2020 war ein Jahr des Umdenkens und nur durch den durchdachten Zusammenhalt konnten wir dieses Jahr bew\u00e4ltigen. Schauen wir nun auf den Schein der Kerzen und lassen zumindest f\u00fcr diesen kurzen Moment das Positive in den Mittelpunkt r\u00fccken.<\/div>\n<div><\/div>\n<\/div>\n<div>Lisa Dorn<\/div>\n<div>(Fraktionssprecherin)<\/div>\n<div>\n<figure id=\"attachment_1772\" aria-describedby=\"caption-attachment-1772\" style=\"width: 2934px\" class=\"wp-caption aligncenter\"><a href=\"https:\/\/gruene-reilingen.de\/wp-content\/uploads\/2020\/12\/WKFoto-32.jpg\"><img decoding=\"async\" class=\"wp-image-1772 size-full\" src=\"https:\/\/gruene-reilingen.de\/wp-content\/uploads\/2020\/12\/WKFoto-32.jpg\" alt=\"\" width=\"2934\" height=\"1956<\/a srcset=\"https:\/\/gruene-reilingen.de\/wp-content\/uploads\/2020\/12\/WKFoto-32.jpg 2934w, https:\/\/gruene-reilingen.de\/wp-content\/uploads\/2020\/12\/WKFoto-32-768x512.jpg 768w\" sizes=\"(max-width: 2934px) 100vw, 2934px\" \/><figcaption id=\"caption-attachment-1772\" class=\"wp-caption-text\">Lisa Dorn \u00a0 \u00a0 \u00a0 \u00a0 \u00a0 \u00a0 \u00a0 \u00a0 \u00a0 \u00a0 \u00a0 \u00a0 \u00a0 \u00a0 \u00a0 \u00a0 \u00a0 \u00a0 \u00a0 \u00a0 \u00a0 \u00a0 \u00a0 \u00a0 \u00a0 \u00a0 \u00a0 \u00a0 \u00a0 \u00a0 \u00a0 \u00a0 \u00a0 \u00a0 \u00a0 \u00a0 \u00a0 \u00a0 \u00a0 \u00a0 \u00a0 \u00a0 \u00a0 \u00a0 \u00a0 \u00a0 \u00a0 \u00a0 \u00a0 \u00a0 \u00a0 \u00a0 \u00a0 \u00a0 \u00a0 \u00a0 \u00a0 \u00a0 \u00a0 \u00a0 \u00a0 \u00a0 \u00a0 \u00a0 \u00a0 \u00a0 \u00a0 \u00a0 \u00a0 \u00a0 \u00a0 \u00a0 \u00a0 \u00a0 \u00a0 \u00a0 \u00a0 \u00a0 \u00a0 \u00a0 \u00a0 \u00a0 \u00a0 \u00a0 \u00a0 \u00a0 \u00a0 \u00a0 Foto: Werner Klefenz<\/figcaption><\/figure>\n<\/div>\n<div><\/div>\n<div>\n<figure id=\"attachment_1773\" aria-describedby=\"caption-attachment-1773\" style=\"width: 3363px\" class=\"wp-caption aligncenter\"><a href=\"https:\/\/gruene-reilingen.de\/wp-content\/uploads\/2020\/12\/WKFoto-10.jpg\"><img decoding=\"async\" class=\"wp-image-1773 size-full\" src=\"https:\/\/gruene-reilingen.de\/wp-content\/uploads\/2020\/12\/WKFoto-10.jpg\" alt=\"\" width=\"3363\" height=\"2242<\/a srcset=\"https:\/\/gruene-reilingen.de\/wp-content\/uploads\/2020\/12\/WKFoto-10.jpg 3363w, https:\/\/gruene-reilingen.de\/wp-content\/uploads\/2020\/12\/WKFoto-10-768x512.jpg 768w\" sizes=\"(max-width: 3363px) 100vw, 3363px\" \/><figcaption id=\"caption-attachment-1773\" class=\"wp-caption-text\">Lisa Dorn \u00a0 \u00a0 \u00a0 \u00a0 \u00a0 \u00a0 \u00a0 \u00a0 \u00a0 \u00a0 \u00a0 \u00a0 \u00a0 \u00a0 \u00a0 \u00a0 \u00a0 \u00a0 \u00a0 \u00a0 \u00a0 \u00a0 \u00a0 \u00a0 \u00a0 \u00a0 \u00a0 \u00a0 \u00a0 \u00a0 \u00a0 \u00a0 \u00a0 \u00a0 \u00a0 \u00a0 \u00a0 \u00a0 \u00a0 \u00a0 \u00a0 \u00a0 \u00a0 \u00a0 \u00a0 \u00a0 \u00a0 \u00a0 \u00a0 \u00a0 \u00a0 \u00a0 \u00a0 \u00a0 \u00a0 \u00a0 \u00a0 \u00a0 \u00a0 \u00a0 \u00a0 \u00a0 \u00a0 \u00a0 \u00a0 \u00a0 \u00a0 \u00a0 \u00a0 \u00a0 \u00a0 \u00a0 \u00a0 \u00a0 \u00a0 \u00a0 \u00a0 \u00a0 \u00a0 \u00a0 \u00a0 \u00a0 \u00a0 \u00a0 \u00a0 \u00a0 \u00a0 \u00a0 Foto: Werner Klefenz<\/figcaption><\/figure>\n<\/div>\n","protected":false},"excerpt":{"rendered":"<p>Sehr geehrte Gemeinderatskolleginnen und -kollegen, sehr geehrter Herr B\u00fcrgermeister, liebe B\u00fcrgerinnen und B\u00fcrger, das Jahr 2020 neigt sich dem Ende zu. Ein ganz besonderes Jahr endet mit einer Aussicht, die [&hellip;]<\/p>\n","protected":false},"author":-1,"featured_media":0,"comment_status":"open","ping_status":"open","sticky":false,"template":"","format":"standard","meta":{"footnotes":""},"categories":[3],"tags":[],"class_list":["post-1759","post","type-post","status-publish","format-standard","hentry","category-news"],"yoast_head":"<!-- This site is optimized with the Yoast SEO plugin v27.5 - https:\/\/yoast.com\/product\/yoast-seo-wordpress\/ -->\n<title>Weihnachtsrede im Gemeinderat - B\u00dcNDNIS 90\/DIE GR\u00dcNEN REILINGEN<\/title>\n<meta name=\"robots\" content=\"index, follow, max-snippet:-1, max-image-preview:large, max-video-preview:-1\" \/>\n<link rel=\"canonical\" href=\"https:\/\/gruene-reilingen.de\/?p=1759\" \/>\n<meta property=\"og:locale\" content=\"de_DE\" \/>\n<meta property=\"og:type\" content=\"article\" \/>\n<meta property=\"og:title\" content=\"Weihnachtsrede im Gemeinderat - B\u00dcNDNIS 90\/DIE GR\u00dcNEN REILINGEN\" \/>\n<meta property=\"og:description\" content=\"Sehr geehrte Gemeinderatskolleginnen und -kollegen, sehr geehrter Herr B\u00fcrgermeister, liebe B\u00fcrgerinnen und B\u00fcrger, das Jahr 2020 neigt sich dem Ende zu. Ein ganz besonderes Jahr endet mit einer Aussicht, die [&hellip;]\" \/>\n<meta property=\"og:url\" content=\"https:\/\/gruene-reilingen.de\/?p=1759\" \/>\n<meta property=\"og:site_name\" content=\"B\u00dcNDNIS 90\/DIE GR\u00dcNEN REILINGEN\" \/>\n<meta property=\"article:published_time\" content=\"2020-12-10T08:59:36+00:00\" \/>\n<meta property=\"article:modified_time\" content=\"2020-12-10T09:02:38+00:00\" \/>\n<meta property=\"og:image\" content=\"https:\/\/gruene-reilingen.de\/wp-content\/uploads\/2020\/12\/WKFoto-32.jpg\" \/>\n<meta name=\"author\" content=\"gruene_reilingen\" \/>\n<meta name=\"twitter:card\" content=\"summary_large_image\" \/>\n<meta name=\"twitter:label1\" content=\"Verfasst von\" \/>\n\t<meta name=\"twitter:data1\" content=\"gruene_reilingen\" \/>\n\t<meta name=\"twitter:label2\" content=\"Gesch\u00e4tzte Lesezeit\" \/>\n\t<meta name=\"twitter:data2\" content=\"5\u00a0Minuten\" \/>\n<script type=\"application\/ld+json\" class=\"yoast-schema-graph\">{\"@context\":\"https:\\\/\\\/schema.org\",\"@graph\":[{\"@type\":\"Article\",\"@id\":\"https:\\\/\\\/gruene-reilingen.de\\\/?p=1759#article\",\"isPartOf\":{\"@id\":\"https:\\\/\\\/gruene-reilingen.de\\\/?p=1759\"},\"author\":{\"name\":\"gruene_reilingen\",\"@id\":\"https:\\\/\\\/gruene-reilingen.de\\\/#\\\/schema\\\/person\\\/f9da928f04550d0db757afd781f08df8\"},\"headline\":\"Weihnachtsrede im Gemeinderat\",\"datePublished\":\"2020-12-10T08:59:36+00:00\",\"dateModified\":\"2020-12-10T09:02:38+00:00\",\"mainEntityOfPage\":{\"@id\":\"https:\\\/\\\/gruene-reilingen.de\\\/?p=1759\"},\"wordCount\":970,\"commentCount\":0,\"image\":{\"@id\":\"https:\\\/\\\/gruene-reilingen.de\\\/?p=1759#primaryimage\"},\"thumbnailUrl\":\"https:\\\/\\\/gruene-reilingen.de\\\/wp-content\\\/uploads\\\/2020\\\/12\\\/WKFoto-32.jpg\",\"articleSection\":[\"News\"],\"inLanguage\":\"de\",\"potentialAction\":[{\"@type\":\"CommentAction\",\"name\":\"Comment\",\"target\":[\"https:\\\/\\\/gruene-reilingen.de\\\/?p=1759#respond\"]}]},{\"@type\":\"WebPage\",\"@id\":\"https:\\\/\\\/gruene-reilingen.de\\\/?p=1759\",\"url\":\"https:\\\/\\\/gruene-reilingen.de\\\/?p=1759\",\"name\":\"Weihnachtsrede im Gemeinderat - B\u00dcNDNIS 90\\\/DIE GR\u00dcNEN REILINGEN\",\"isPartOf\":{\"@id\":\"https:\\\/\\\/gruene-reilingen.de\\\/#website\"},\"primaryImageOfPage\":{\"@id\":\"https:\\\/\\\/gruene-reilingen.de\\\/?p=1759#primaryimage\"},\"image\":{\"@id\":\"https:\\\/\\\/gruene-reilingen.de\\\/?p=1759#primaryimage\"},\"thumbnailUrl\":\"https:\\\/\\\/gruene-reilingen.de\\\/wp-content\\\/uploads\\\/2020\\\/12\\\/WKFoto-32.jpg\",\"datePublished\":\"2020-12-10T08:59:36+00:00\",\"dateModified\":\"2020-12-10T09:02:38+00:00\",\"author\":{\"@id\":\"https:\\\/\\\/gruene-reilingen.de\\\/#\\\/schema\\\/person\\\/f9da928f04550d0db757afd781f08df8\"},\"breadcrumb\":{\"@id\":\"https:\\\/\\\/gruene-reilingen.de\\\/?p=1759#breadcrumb\"},\"inLanguage\":\"de\",\"potentialAction\":[{\"@type\":\"ReadAction\",\"target\":[\"https:\\\/\\\/gruene-reilingen.de\\\/?p=1759\"]}]},{\"@type\":\"ImageObject\",\"inLanguage\":\"de\",\"@id\":\"https:\\\/\\\/gruene-reilingen.de\\\/?p=1759#primaryimage\",\"url\":\"https:\\\/\\\/gruene-reilingen.de\\\/wp-content\\\/uploads\\\/2020\\\/12\\\/WKFoto-32.jpg\",\"contentUrl\":\"https:\\\/\\\/gruene-reilingen.de\\\/wp-content\\\/uploads\\\/2020\\\/12\\\/WKFoto-32.jpg\"},{\"@type\":\"BreadcrumbList\",\"@id\":\"https:\\\/\\\/gruene-reilingen.de\\\/?p=1759#breadcrumb\",\"itemListElement\":[{\"@type\":\"ListItem\",\"position\":1,\"name\":\"Startseite\",\"item\":\"https:\\\/\\\/gruene-reilingen.de\\\/\"},{\"@type\":\"ListItem\",\"position\":2,\"name\":\"Weihnachtsrede im Gemeinderat\"}]},{\"@type\":\"WebSite\",\"@id\":\"https:\\\/\\\/gruene-reilingen.de\\\/#website\",\"url\":\"https:\\\/\\\/gruene-reilingen.de\\\/\",\"name\":\"B\u00dcNDNIS 90\\\/DIE GR\u00dcNEN REILINGEN\",\"description\":\"\",\"potentialAction\":[{\"@type\":\"SearchAction\",\"target\":{\"@type\":\"EntryPoint\",\"urlTemplate\":\"https:\\\/\\\/gruene-reilingen.de\\\/?s={search_term_string}\"},\"query-input\":{\"@type\":\"PropertyValueSpecification\",\"valueRequired\":true,\"valueName\":\"search_term_string\"}}],\"inLanguage\":\"de\"},{\"@type\":\"Person\",\"@id\":\"https:\\\/\\\/gruene-reilingen.de\\\/#\\\/schema\\\/person\\\/f9da928f04550d0db757afd781f08df8\",\"name\":\"gruene_reilingen\",\"image\":{\"@type\":\"ImageObject\",\"inLanguage\":\"de\",\"@id\":\"https:\\\/\\\/secure.gravatar.com\\\/avatar\\\/913acc38ce102bffd85b7d788472a0913fa53d9b1fe59056f1fe4e704a8231cb?s=96&d=mm&r=g\",\"url\":\"https:\\\/\\\/secure.gravatar.com\\\/avatar\\\/913acc38ce102bffd85b7d788472a0913fa53d9b1fe59056f1fe4e704a8231cb?s=96&d=mm&r=g\",\"contentUrl\":\"https:\\\/\\\/secure.gravatar.com\\\/avatar\\\/913acc38ce102bffd85b7d788472a0913fa53d9b1fe59056f1fe4e704a8231cb?s=96&d=mm&r=g\",\"caption\":\"gruene_reilingen\"},\"sameAs\":[\"http:\\\/\\\/www.gruene-reilingen.de\"],\"url\":\"https:\\\/\\\/gruene-reilingen.de\\\/?author=2\"}]}<\/script>\n<!-- \/ Yoast SEO plugin. -->","yoast_head_json":{"title":"Weihnachtsrede im Gemeinderat - B\u00dcNDNIS 90\/DIE GR\u00dcNEN REILINGEN","robots":{"index":"index","follow":"follow","max-snippet":"max-snippet:-1","max-image-preview":"max-image-preview:large","max-video-preview":"max-video-preview:-1"},"canonical":"https:\/\/gruene-reilingen.de\/?p=1759","og_locale":"de_DE","og_type":"article","og_title":"Weihnachtsrede im Gemeinderat - B\u00dcNDNIS 90\/DIE GR\u00dcNEN REILINGEN","og_description":"Sehr geehrte Gemeinderatskolleginnen und -kollegen, sehr geehrter Herr B\u00fcrgermeister, liebe B\u00fcrgerinnen und B\u00fcrger, das Jahr 2020 neigt sich dem Ende zu. Ein ganz besonderes Jahr endet mit einer Aussicht, die [&hellip;]","og_url":"https:\/\/gruene-reilingen.de\/?p=1759","og_site_name":"B\u00dcNDNIS 90\/DIE GR\u00dcNEN REILINGEN","article_published_time":"2020-12-10T08:59:36+00:00","article_modified_time":"2020-12-10T09:02:38+00:00","og_image":[{"url":"https:\/\/gruene-reilingen.de\/wp-content\/uploads\/2020\/12\/WKFoto-32.jpg","type":"","width":"","height":""}],"author":"gruene_reilingen","twitter_card":"summary_large_image","twitter_misc":{"Verfasst von":"gruene_reilingen","Gesch\u00e4tzte Lesezeit":"5\u00a0Minuten"},"schema":{"@context":"https:\/\/schema.org","@graph":[{"@type":"Article","@id":"https:\/\/gruene-reilingen.de\/?p=1759#article","isPartOf":{"@id":"https:\/\/gruene-reilingen.de\/?p=1759"},"author":{"name":"gruene_reilingen","@id":"https:\/\/gruene-reilingen.de\/#\/schema\/person\/f9da928f04550d0db757afd781f08df8"},"headline":"Weihnachtsrede im Gemeinderat","datePublished":"2020-12-10T08:59:36+00:00","dateModified":"2020-12-10T09:02:38+00:00","mainEntityOfPage":{"@id":"https:\/\/gruene-reilingen.de\/?p=1759"},"wordCount":970,"commentCount":0,"image":{"@id":"https:\/\/gruene-reilingen.de\/?p=1759#primaryimage"},"thumbnailUrl":"https:\/\/gruene-reilingen.de\/wp-content\/uploads\/2020\/12\/WKFoto-32.jpg","articleSection":["News"],"inLanguage":"de","potentialAction":[{"@type":"CommentAction","name":"Comment","target":["https:\/\/gruene-reilingen.de\/?p=1759#respond"]}]},{"@type":"WebPage","@id":"https:\/\/gruene-reilingen.de\/?p=1759","url":"https:\/\/gruene-reilingen.de\/?p=1759","name":"Weihnachtsrede im Gemeinderat - B\u00dcNDNIS 90\/DIE GR\u00dcNEN REILINGEN","isPartOf":{"@id":"https:\/\/gruene-reilingen.de\/#website"},"primaryImageOfPage":{"@id":"https:\/\/gruene-reilingen.de\/?p=1759#primaryimage"},"image":{"@id":"https:\/\/gruene-reilingen.de\/?p=1759#primaryimage"},"thumbnailUrl":"https:\/\/gruene-reilingen.de\/wp-content\/uploads\/2020\/12\/WKFoto-32.jpg","datePublished":"2020-12-10T08:59:36+00:00","dateModified":"2020-12-10T09:02:38+00:00","author":{"@id":"https:\/\/gruene-reilingen.de\/#\/schema\/person\/f9da928f04550d0db757afd781f08df8"},"breadcrumb":{"@id":"https:\/\/gruene-reilingen.de\/?p=1759#breadcrumb"},"inLanguage":"de","potentialAction":[{"@type":"ReadAction","target":["https:\/\/gruene-reilingen.de\/?p=1759"]}]},{"@type":"ImageObject","inLanguage":"de","@id":"https:\/\/gruene-reilingen.de\/?p=1759#primaryimage","url":"https:\/\/gruene-reilingen.de\/wp-content\/uploads\/2020\/12\/WKFoto-32.jpg","contentUrl":"https:\/\/gruene-reilingen.de\/wp-content\/uploads\/2020\/12\/WKFoto-32.jpg"},{"@type":"BreadcrumbList","@id":"https:\/\/gruene-reilingen.de\/?p=1759#breadcrumb","itemListElement":[{"@type":"ListItem","position":1,"name":"Startseite","item":"https:\/\/gruene-reilingen.de\/"},{"@type":"ListItem","position":2,"name":"Weihnachtsrede im Gemeinderat"}]},{"@type":"WebSite","@id":"https:\/\/gruene-reilingen.de\/#website","url":"https:\/\/gruene-reilingen.de\/","name":"B\u00dcNDNIS 90\/DIE GR\u00dcNEN REILINGEN","description":"","potentialAction":[{"@type":"SearchAction","target":{"@type":"EntryPoint","urlTemplate":"https:\/\/gruene-reilingen.de\/?s={search_term_string}"},"query-input":{"@type":"PropertyValueSpecification","valueRequired":true,"valueName":"search_term_string"}}],"inLanguage":"de"},{"@type":"Person","@id":"https:\/\/gruene-reilingen.de\/#\/schema\/person\/f9da928f04550d0db757afd781f08df8","name":"gruene_reilingen","image":{"@type":"ImageObject","inLanguage":"de","@id":"https:\/\/secure.gravatar.com\/avatar\/913acc38ce102bffd85b7d788472a0913fa53d9b1fe59056f1fe4e704a8231cb?s=96&d=mm&r=g","url":"https:\/\/secure.gravatar.com\/avatar\/913acc38ce102bffd85b7d788472a0913fa53d9b1fe59056f1fe4e704a8231cb?s=96&d=mm&r=g","contentUrl":"https:\/\/secure.gravatar.com\/avatar\/913acc38ce102bffd85b7d788472a0913fa53d9b1fe59056f1fe4e704a8231cb?s=96&d=mm&r=g","caption":"gruene_reilingen"},"sameAs":["http:\/\/www.gruene-reilingen.de"],"url":"https:\/\/gruene-reilingen.de\/?author=2"}]}},"_links":{"self":[{"href":"https:\/\/gruene-reilingen.de\/index.php?rest_route=\/wp\/v2\/posts\/1759","targetHints":{"allow":["GET"]}}],"collection":[{"href":"https:\/\/gruene-reilingen.de\/index.php?rest_route=\/wp\/v2\/posts"}],"about":[{"href":"https:\/\/gruene-reilingen.de\/index.php?rest_route=\/wp\/v2\/types\/post"}],"author":[{"embeddable":true,"href":"https:\/\/gruene-reilingen.de\/index.php?rest_route=\/wp\/v2\/users\/2"}],"replies":[{"embeddable":true,"href":"https:\/\/gruene-reilingen.de\/index.php?rest_route=%2Fwp%2Fv2%2Fcomments&post=1759"}],"version-history":[{"count":4,"href":"https:\/\/gruene-reilingen.de\/index.php?rest_route=\/wp\/v2\/posts\/1759\/revisions"}],"predecessor-version":[{"id":1779,"href":"https:\/\/gruene-reilingen.de\/index.php?rest_route=\/wp\/v2\/posts\/1759\/revisions\/1779"}],"wp:attachment":[{"href":"https:\/\/gruene-reilingen.de\/index.php?rest_route=%2Fwp%2Fv2%2Fmedia&parent=1759"}],"wp:term":[{"taxonomy":"category","embeddable":true,"href":"https:\/\/gruene-reilingen.de\/index.php?rest_route=%2Fwp%2Fv2%2Fcategories&post=1759"},{"taxonomy":"post_tag","embeddable":true,"href":"https:\/\/gruene-reilingen.de\/index.php?rest_route=%2Fwp%2Fv2%2Ftags&post=1759"}],"curies":[{"name":"wp","href":"https:\/\/api.w.org\/{rel}","templated":true}]}}