{"id":1913,"date":"2021-03-14T19:45:58","date_gmt":"2021-03-14T19:45:58","guid":{"rendered":"https:\/\/gruene-reilingen.de\/?p=1913"},"modified":"2021-03-17T11:54:56","modified_gmt":"2021-03-17T11:54:56","slug":"danke-3","status":"publish","type":"post","link":"https:\/\/gruene-reilingen.de\/?p=1913","title":{"rendered":"Baumann: &#8222;Ich werde f\u00fcr alle Menschen da sein&#8220;"},"content":{"rendered":"<p>\u201eDie Menschen in Baden-W\u00fcrttemberg wollen, dass Winfried Kretschmann unser Ministerpr\u00e4sident bleibt\u201c, sagt Dr. Andre Baumann, der designierte Direktabgeordnete des Wahlkreises 40. \u201eVom historischen Wahlergebnis f\u00fcr die Gr\u00fcnen bin ich genauso \u00fcberw\u00e4ltigt\u00a0wie \u00fcber unser Wahlergebnis im Wahlkreis Schwetzingen\u201c. Andre Baumann liegt mit 31,1 % deutlich auf Platz eins. Im Vergleich zur letzten Landtagswahl haben die Gr\u00fcnen im Wahlkreis 40 4,7 %\u00a0dazu gewonnen \u2013 die drittgr\u00f6\u00dfte Steigerung der Gr\u00fcnen im Land Baden-W\u00fcrttemberg.<\/p>\n<p>\u201eDieses Ergebnis ist ein Auftrag, das Beste f\u00fcr das Land und f\u00fcr Altlu\u00dfheim, Br\u00fchl, Eppelheim, Hockenheim, Ketsch, Neulu\u00dfheim, Oftersheim, Plankstadt, Reilingen und Schwetzingen zu geben und die entscheidenden Themen tatkr\u00e4ftig anzupacken: Klimaschutz voranbringen, den Wohlstand auf ein neues Fundament stellen und die liberale Demokratie verteidigen\u201c.<\/p>\n<p>\u201eIch danke den W\u00e4hlerinnen und W\u00e4hlern f\u00fcr das Vertrauen, das sie mir geschenkt haben\u201c, so Baumann. \u201eEs gilt: Zuerst\u00a0\u00a0der Wahlkreis und das Land, dann die Partei und dann die eigene Person.\u201c Er erkl\u00e4rt, dass er darum auch f\u00fcr die B\u00fcrgerinnen und B\u00fcrger da sein wird, die ihn nicht gew\u00e4hlt haben. Baumann gratuliert auch Daniel Born und Andreas Sturm zum Einzug in den Landtag.<\/p>\n<p>\u201eDiese Wahl hat gezeigt: Unsere Demokratie funktioniert trotz schwieriger Voraussetzungen durch die Pandemie. Auch der Wahlkampf hat funktioniert &#8211; aber der pers\u00f6nliche Austausch mit den Menschen hat gefehlt\u201c, so Baumann. Seit September hat Baumann 42 \u00f6ffentliche online-Konferenzen, aber nur f\u00fcnf Wanderungen und Exkursionen durchgef\u00fchrt, mehr als 80 Pressemitteilungen verschickt, aber nur 30 Unternehmen, Projekte und Vereine besucht. \u201eIch danke den bienenflei\u00dfigen und erfahrenen Aktiven der Gr\u00fcnen Ortsverb\u00e4nde und Listen\u201c, sagt Baumann zum Abschluss. \u201eDer Erfolg beruht gerade auch auf der sehr guten kommunalen Verankerung von uns Gr\u00fcnen.\u201c<\/p>\n<p><a href=\"https:\/\/gruene-reilingen.de\/wp-content\/uploads\/2021\/03\/Danke-f\u00fcr-ihr-Vertrauen.jpg\"><br \/>\n<\/a> <a href=\"https:\/\/gruene-reilingen.de\/wp-content\/uploads\/2021\/03\/image0.jpg\"><img decoding=\"async\" class=\"aligncenter size-full wp-image-1919\" src=\"https:\/\/gruene-reilingen.de\/wp-content\/uploads\/2021\/03\/image0.jpg\" alt=\"\" width=\"800\" height=\"450<\/a srcset=\"https:\/\/gruene-reilingen.de\/wp-content\/uploads\/2021\/03\/image0.jpg 800w, https:\/\/gruene-reilingen.de\/wp-content\/uploads\/2021\/03\/image0-768x432.jpg 768w\" sizes=\"(max-width: 800px) 100vw, 800px\" \/><\/p>\n<p>&nbsp;<\/p>\n","protected":false},"excerpt":{"rendered":"<p>\u201eDie Menschen in Baden-W\u00fcrttemberg wollen, dass Winfried Kretschmann unser Ministerpr\u00e4sident bleibt\u201c, sagt Dr. Andre Baumann, der designierte Direktabgeordnete des Wahlkreises 40. \u201eVom historischen Wahlergebnis f\u00fcr die Gr\u00fcnen bin ich genauso [&hellip;]<\/p>\n","protected":false},"author":-1,"featured_media":0,"comment_status":"open","ping_status":"open","sticky":false,"template":"","format":"standard","meta":{"footnotes":""},"categories":[3],"tags":[],"class_list":["post-1913","post","type-post","status-publish","format-standard","hentry","category-news"],"yoast_head":"<!-- This site is optimized with the Yoast SEO plugin v27.5 - https:\/\/yoast.com\/product\/yoast-seo-wordpress\/ -->\n<title>Baumann: &quot;Ich werde f\u00fcr alle Menschen da sein&quot; - B\u00dcNDNIS 90\/DIE GR\u00dcNEN REILINGEN<\/title>\n<meta name=\"robots\" content=\"index, follow, max-snippet:-1, max-image-preview:large, max-video-preview:-1\" \/>\n<link rel=\"canonical\" href=\"https:\/\/gruene-reilingen.de\/?p=1913\" \/>\n<meta property=\"og:locale\" content=\"de_DE\" \/>\n<meta property=\"og:type\" content=\"article\" \/>\n<meta property=\"og:title\" content=\"Baumann: &quot;Ich werde f\u00fcr alle Menschen da sein&quot; - B\u00dcNDNIS 90\/DIE GR\u00dcNEN REILINGEN\" \/>\n<meta property=\"og:description\" content=\"\u201eDie Menschen in Baden-W\u00fcrttemberg wollen, dass Winfried Kretschmann unser Ministerpr\u00e4sident bleibt\u201c, sagt Dr. Andre Baumann, der designierte Direktabgeordnete des Wahlkreises 40. \u201eVom historischen Wahlergebnis f\u00fcr die Gr\u00fcnen bin ich genauso [&hellip;]\" \/>\n<meta property=\"og:url\" content=\"https:\/\/gruene-reilingen.de\/?p=1913\" \/>\n<meta property=\"og:site_name\" content=\"B\u00dcNDNIS 90\/DIE GR\u00dcNEN REILINGEN\" \/>\n<meta property=\"article:published_time\" content=\"2021-03-14T19:45:58+00:00\" \/>\n<meta property=\"article:modified_time\" content=\"2021-03-17T11:54:56+00:00\" \/>\n<meta property=\"og:image\" content=\"https:\/\/gruene-reilingen.de\/wp-content\/uploads\/2021\/03\/image0.jpg\" \/>\n<meta name=\"author\" content=\"gruene_reilingen\" \/>\n<meta name=\"twitter:card\" content=\"summary_large_image\" \/>\n<meta name=\"twitter:label1\" content=\"Verfasst von\" \/>\n\t<meta name=\"twitter:data1\" content=\"gruene_reilingen\" \/>\n\t<meta name=\"twitter:label2\" content=\"Gesch\u00e4tzte Lesezeit\" \/>\n\t<meta name=\"twitter:data2\" content=\"1\u00a0Minute\" \/>\n<script type=\"application\/ld+json\" class=\"yoast-schema-graph\">{\"@context\":\"https:\\\/\\\/schema.org\",\"@graph\":[{\"@type\":\"Article\",\"@id\":\"https:\\\/\\\/gruene-reilingen.de\\\/?p=1913#article\",\"isPartOf\":{\"@id\":\"https:\\\/\\\/gruene-reilingen.de\\\/?p=1913\"},\"author\":{\"name\":\"gruene_reilingen\",\"@id\":\"https:\\\/\\\/gruene-reilingen.de\\\/#\\\/schema\\\/person\\\/f9da928f04550d0db757afd781f08df8\"},\"headline\":\"Baumann: &#8222;Ich werde f\u00fcr alle Menschen da sein&#8220;\",\"datePublished\":\"2021-03-14T19:45:58+00:00\",\"dateModified\":\"2021-03-17T11:54:56+00:00\",\"mainEntityOfPage\":{\"@id\":\"https:\\\/\\\/gruene-reilingen.de\\\/?p=1913\"},\"wordCount\":297,\"commentCount\":0,\"image\":{\"@id\":\"https:\\\/\\\/gruene-reilingen.de\\\/?p=1913#primaryimage\"},\"thumbnailUrl\":\"https:\\\/\\\/gruene-reilingen.de\\\/wp-content\\\/uploads\\\/2021\\\/03\\\/image0.jpg\",\"articleSection\":[\"News\"],\"inLanguage\":\"de\",\"potentialAction\":[{\"@type\":\"CommentAction\",\"name\":\"Comment\",\"target\":[\"https:\\\/\\\/gruene-reilingen.de\\\/?p=1913#respond\"]}]},{\"@type\":\"WebPage\",\"@id\":\"https:\\\/\\\/gruene-reilingen.de\\\/?p=1913\",\"url\":\"https:\\\/\\\/gruene-reilingen.de\\\/?p=1913\",\"name\":\"Baumann: \\\"Ich werde f\u00fcr alle Menschen da sein\\\" - B\u00dcNDNIS 90\\\/DIE GR\u00dcNEN REILINGEN\",\"isPartOf\":{\"@id\":\"https:\\\/\\\/gruene-reilingen.de\\\/#website\"},\"primaryImageOfPage\":{\"@id\":\"https:\\\/\\\/gruene-reilingen.de\\\/?p=1913#primaryimage\"},\"image\":{\"@id\":\"https:\\\/\\\/gruene-reilingen.de\\\/?p=1913#primaryimage\"},\"thumbnailUrl\":\"https:\\\/\\\/gruene-reilingen.de\\\/wp-content\\\/uploads\\\/2021\\\/03\\\/image0.jpg\",\"datePublished\":\"2021-03-14T19:45:58+00:00\",\"dateModified\":\"2021-03-17T11:54:56+00:00\",\"author\":{\"@id\":\"https:\\\/\\\/gruene-reilingen.de\\\/#\\\/schema\\\/person\\\/f9da928f04550d0db757afd781f08df8\"},\"breadcrumb\":{\"@id\":\"https:\\\/\\\/gruene-reilingen.de\\\/?p=1913#breadcrumb\"},\"inLanguage\":\"de\",\"potentialAction\":[{\"@type\":\"ReadAction\",\"target\":[\"https:\\\/\\\/gruene-reilingen.de\\\/?p=1913\"]}]},{\"@type\":\"ImageObject\",\"inLanguage\":\"de\",\"@id\":\"https:\\\/\\\/gruene-reilingen.de\\\/?p=1913#primaryimage\",\"url\":\"https:\\\/\\\/gruene-reilingen.de\\\/wp-content\\\/uploads\\\/2021\\\/03\\\/image0.jpg\",\"contentUrl\":\"https:\\\/\\\/gruene-reilingen.de\\\/wp-content\\\/uploads\\\/2021\\\/03\\\/image0.jpg\"},{\"@type\":\"BreadcrumbList\",\"@id\":\"https:\\\/\\\/gruene-reilingen.de\\\/?p=1913#breadcrumb\",\"itemListElement\":[{\"@type\":\"ListItem\",\"position\":1,\"name\":\"Startseite\",\"item\":\"https:\\\/\\\/gruene-reilingen.de\\\/\"},{\"@type\":\"ListItem\",\"position\":2,\"name\":\"Baumann: &#8222;Ich werde f\u00fcr alle Menschen da sein&#8220;\"}]},{\"@type\":\"WebSite\",\"@id\":\"https:\\\/\\\/gruene-reilingen.de\\\/#website\",\"url\":\"https:\\\/\\\/gruene-reilingen.de\\\/\",\"name\":\"B\u00dcNDNIS 90\\\/DIE GR\u00dcNEN REILINGEN\",\"description\":\"\",\"potentialAction\":[{\"@type\":\"SearchAction\",\"target\":{\"@type\":\"EntryPoint\",\"urlTemplate\":\"https:\\\/\\\/gruene-reilingen.de\\\/?s={search_term_string}\"},\"query-input\":{\"@type\":\"PropertyValueSpecification\",\"valueRequired\":true,\"valueName\":\"search_term_string\"}}],\"inLanguage\":\"de\"},{\"@type\":\"Person\",\"@id\":\"https:\\\/\\\/gruene-reilingen.de\\\/#\\\/schema\\\/person\\\/f9da928f04550d0db757afd781f08df8\",\"name\":\"gruene_reilingen\",\"image\":{\"@type\":\"ImageObject\",\"inLanguage\":\"de\",\"@id\":\"https:\\\/\\\/secure.gravatar.com\\\/avatar\\\/913acc38ce102bffd85b7d788472a0913fa53d9b1fe59056f1fe4e704a8231cb?s=96&d=mm&r=g\",\"url\":\"https:\\\/\\\/secure.gravatar.com\\\/avatar\\\/913acc38ce102bffd85b7d788472a0913fa53d9b1fe59056f1fe4e704a8231cb?s=96&d=mm&r=g\",\"contentUrl\":\"https:\\\/\\\/secure.gravatar.com\\\/avatar\\\/913acc38ce102bffd85b7d788472a0913fa53d9b1fe59056f1fe4e704a8231cb?s=96&d=mm&r=g\",\"caption\":\"gruene_reilingen\"},\"sameAs\":[\"http:\\\/\\\/www.gruene-reilingen.de\"],\"url\":\"https:\\\/\\\/gruene-reilingen.de\\\/?author=2\"}]}<\/script>\n<!-- \/ Yoast SEO plugin. -->","yoast_head_json":{"title":"Baumann: \"Ich werde f\u00fcr alle Menschen da sein\" - B\u00dcNDNIS 90\/DIE GR\u00dcNEN REILINGEN","robots":{"index":"index","follow":"follow","max-snippet":"max-snippet:-1","max-image-preview":"max-image-preview:large","max-video-preview":"max-video-preview:-1"},"canonical":"https:\/\/gruene-reilingen.de\/?p=1913","og_locale":"de_DE","og_type":"article","og_title":"Baumann: \"Ich werde f\u00fcr alle Menschen da sein\" - B\u00dcNDNIS 90\/DIE GR\u00dcNEN REILINGEN","og_description":"\u201eDie Menschen in Baden-W\u00fcrttemberg wollen, dass Winfried Kretschmann unser Ministerpr\u00e4sident bleibt\u201c, sagt Dr. Andre Baumann, der designierte Direktabgeordnete des Wahlkreises 40. \u201eVom historischen Wahlergebnis f\u00fcr die Gr\u00fcnen bin ich genauso [&hellip;]","og_url":"https:\/\/gruene-reilingen.de\/?p=1913","og_site_name":"B\u00dcNDNIS 90\/DIE GR\u00dcNEN REILINGEN","article_published_time":"2021-03-14T19:45:58+00:00","article_modified_time":"2021-03-17T11:54:56+00:00","og_image":[{"url":"https:\/\/gruene-reilingen.de\/wp-content\/uploads\/2021\/03\/image0.jpg","type":"","width":"","height":""}],"author":"gruene_reilingen","twitter_card":"summary_large_image","twitter_misc":{"Verfasst von":"gruene_reilingen","Gesch\u00e4tzte Lesezeit":"1\u00a0Minute"},"schema":{"@context":"https:\/\/schema.org","@graph":[{"@type":"Article","@id":"https:\/\/gruene-reilingen.de\/?p=1913#article","isPartOf":{"@id":"https:\/\/gruene-reilingen.de\/?p=1913"},"author":{"name":"gruene_reilingen","@id":"https:\/\/gruene-reilingen.de\/#\/schema\/person\/f9da928f04550d0db757afd781f08df8"},"headline":"Baumann: &#8222;Ich werde f\u00fcr alle Menschen da sein&#8220;","datePublished":"2021-03-14T19:45:58+00:00","dateModified":"2021-03-17T11:54:56+00:00","mainEntityOfPage":{"@id":"https:\/\/gruene-reilingen.de\/?p=1913"},"wordCount":297,"commentCount":0,"image":{"@id":"https:\/\/gruene-reilingen.de\/?p=1913#primaryimage"},"thumbnailUrl":"https:\/\/gruene-reilingen.de\/wp-content\/uploads\/2021\/03\/image0.jpg","articleSection":["News"],"inLanguage":"de","potentialAction":[{"@type":"CommentAction","name":"Comment","target":["https:\/\/gruene-reilingen.de\/?p=1913#respond"]}]},{"@type":"WebPage","@id":"https:\/\/gruene-reilingen.de\/?p=1913","url":"https:\/\/gruene-reilingen.de\/?p=1913","name":"Baumann: \"Ich werde f\u00fcr alle Menschen da sein\" - B\u00dcNDNIS 90\/DIE GR\u00dcNEN REILINGEN","isPartOf":{"@id":"https:\/\/gruene-reilingen.de\/#website"},"primaryImageOfPage":{"@id":"https:\/\/gruene-reilingen.de\/?p=1913#primaryimage"},"image":{"@id":"https:\/\/gruene-reilingen.de\/?p=1913#primaryimage"},"thumbnailUrl":"https:\/\/gruene-reilingen.de\/wp-content\/uploads\/2021\/03\/image0.jpg","datePublished":"2021-03-14T19:45:58+00:00","dateModified":"2021-03-17T11:54:56+00:00","author":{"@id":"https:\/\/gruene-reilingen.de\/#\/schema\/person\/f9da928f04550d0db757afd781f08df8"},"breadcrumb":{"@id":"https:\/\/gruene-reilingen.de\/?p=1913#breadcrumb"},"inLanguage":"de","potentialAction":[{"@type":"ReadAction","target":["https:\/\/gruene-reilingen.de\/?p=1913"]}]},{"@type":"ImageObject","inLanguage":"de","@id":"https:\/\/gruene-reilingen.de\/?p=1913#primaryimage","url":"https:\/\/gruene-reilingen.de\/wp-content\/uploads\/2021\/03\/image0.jpg","contentUrl":"https:\/\/gruene-reilingen.de\/wp-content\/uploads\/2021\/03\/image0.jpg"},{"@type":"BreadcrumbList","@id":"https:\/\/gruene-reilingen.de\/?p=1913#breadcrumb","itemListElement":[{"@type":"ListItem","position":1,"name":"Startseite","item":"https:\/\/gruene-reilingen.de\/"},{"@type":"ListItem","position":2,"name":"Baumann: &#8222;Ich werde f\u00fcr alle Menschen da sein&#8220;"}]},{"@type":"WebSite","@id":"https:\/\/gruene-reilingen.de\/#website","url":"https:\/\/gruene-reilingen.de\/","name":"B\u00dcNDNIS 90\/DIE GR\u00dcNEN REILINGEN","description":"","potentialAction":[{"@type":"SearchAction","target":{"@type":"EntryPoint","urlTemplate":"https:\/\/gruene-reilingen.de\/?s={search_term_string}"},"query-input":{"@type":"PropertyValueSpecification","valueRequired":true,"valueName":"search_term_string"}}],"inLanguage":"de"},{"@type":"Person","@id":"https:\/\/gruene-reilingen.de\/#\/schema\/person\/f9da928f04550d0db757afd781f08df8","name":"gruene_reilingen","image":{"@type":"ImageObject","inLanguage":"de","@id":"https:\/\/secure.gravatar.com\/avatar\/913acc38ce102bffd85b7d788472a0913fa53d9b1fe59056f1fe4e704a8231cb?s=96&d=mm&r=g","url":"https:\/\/secure.gravatar.com\/avatar\/913acc38ce102bffd85b7d788472a0913fa53d9b1fe59056f1fe4e704a8231cb?s=96&d=mm&r=g","contentUrl":"https:\/\/secure.gravatar.com\/avatar\/913acc38ce102bffd85b7d788472a0913fa53d9b1fe59056f1fe4e704a8231cb?s=96&d=mm&r=g","caption":"gruene_reilingen"},"sameAs":["http:\/\/www.gruene-reilingen.de"],"url":"https:\/\/gruene-reilingen.de\/?author=2"}]}},"_links":{"self":[{"href":"https:\/\/gruene-reilingen.de\/index.php?rest_route=\/wp\/v2\/posts\/1913","targetHints":{"allow":["GET"]}}],"collection":[{"href":"https:\/\/gruene-reilingen.de\/index.php?rest_route=\/wp\/v2\/posts"}],"about":[{"href":"https:\/\/gruene-reilingen.de\/index.php?rest_route=\/wp\/v2\/types\/post"}],"author":[{"embeddable":true,"href":"https:\/\/gruene-reilingen.de\/index.php?rest_route=\/wp\/v2\/users\/2"}],"replies":[{"embeddable":true,"href":"https:\/\/gruene-reilingen.de\/index.php?rest_route=%2Fwp%2Fv2%2Fcomments&post=1913"}],"version-history":[{"count":4,"href":"https:\/\/gruene-reilingen.de\/index.php?rest_route=\/wp\/v2\/posts\/1913\/revisions"}],"predecessor-version":[{"id":1921,"href":"https:\/\/gruene-reilingen.de\/index.php?rest_route=\/wp\/v2\/posts\/1913\/revisions\/1921"}],"wp:attachment":[{"href":"https:\/\/gruene-reilingen.de\/index.php?rest_route=%2Fwp%2Fv2%2Fmedia&parent=1913"}],"wp:term":[{"taxonomy":"category","embeddable":true,"href":"https:\/\/gruene-reilingen.de\/index.php?rest_route=%2Fwp%2Fv2%2Fcategories&post=1913"},{"taxonomy":"post_tag","embeddable":true,"href":"https:\/\/gruene-reilingen.de\/index.php?rest_route=%2Fwp%2Fv2%2Ftags&post=1913"}],"curies":[{"name":"wp","href":"https:\/\/api.w.org\/{rel}","templated":true}]}}