{"id":2001,"date":"2021-07-07T15:40:17","date_gmt":"2021-07-07T15:40:17","guid":{"rendered":"https:\/\/gruene-reilingen.de\/?p=2001"},"modified":"2021-07-07T15:41:43","modified_gmt":"2021-07-07T15:41:43","slug":"landtagsabgeordneter-dr-andre-baumann-besucht-den-reilinger-see","status":"publish","type":"post","link":"https:\/\/gruene-reilingen.de\/?p=2001","title":{"rendered":"Landtagsabgeordneter Dr. Andre Baumann besucht den Reilinger See"},"content":{"rendered":"<p>Der B\u00fcndnis\u201990\/Die Gr\u00fcnen-Landtagsabgeordnete und Umweltstaatssekret\u00e4r Dr. Andre Baumann machte sich vor Ort ein Bild vom Reilinger See. Gemeinsam mit Oliver Bender und Dominik Mattern vom Angelsportverein sowie Gemeinderat Simon Schell und Ortsverbandssprecher Jochen Rotter wurde \u00fcber den Natur- und Umweltschutz rund um den Reilinger See gesprochen.<span class=\"Apple-converted-space\">\u00a0<\/span><\/p>\n<p>Dr. Andre Baumann und den anwesenden Reilinger Gr\u00fcnen war schnell klar: Der Angelsportverein Reilingen k\u00fcmmert sich hervorragend um die Gew\u00e4sser in Reilingen. Lebensr\u00e4ume im und am Reilinger See und am Kraichbach werden gef\u00f6rdert.<span class=\"Apple-converted-space\">\u00a0<\/span><\/p>\n<p>Gemeinsam wurde \u00fcber Revitalisierung von Gew\u00e4ssern und der Schaffung von Flachwasserzonen gesprochen. Auch die EU-Wasserrahmenrichtlinie oder das Monsterloch in Altlu\u00dfheim waren Gespr\u00e4chsthemen.<\/p>\n<p>Eine aktuelle Herausforderung ist die rasante Ausbreitung des Marmorkrebses im Reilinger See. Diese Ausbreitung kann massive Folgen f\u00fcr die heimische Flora und Fauna bedeuten.<\/p>\n<p>Auch \u00fcber die leider notwendige F\u00e4llung der Hypridpappeln wurde gesprochen. Immerhin wurde das aus den Baumf\u00e4llungen entstandene Totholz zum Teil vor Ort gelassen. Das Totholz bietet wichtigen Lebensraum f\u00fcr Tiere, wie z.B. f\u00fcr den K\u00f6rnerbock.<\/p>\n<p>Zum Abschluss zeigte Werner Borowski, der sich seit Jahren f\u00fcr Nistk\u00e4sten Reilingen engagiert, verschiedene Nistk\u00e4sten, die entlang des Reilinger Sees aufgeh\u00e4ngt wurden. Diese sind zum Teil sehr unterschiedlich gebaut, da sie von verschiedenen Vogelarten genutzt werden.<\/p>\n<figure id=\"attachment_1989\" aria-describedby=\"caption-attachment-1989\" style=\"width: 1379px\" class=\"wp-caption aligncenter\"><a href=\"https:\/\/gruene-reilingen.de\/wp-content\/uploads\/2021\/07\/FB-Andre-See.jpg\"><img decoding=\"async\" class=\"wp-image-1989 size-full\" src=\"https:\/\/gruene-reilingen.de\/wp-content\/uploads\/2021\/07\/FB-Andre-See.jpg\" alt=\"\" width=\"1379\" height=\"1189<\/a srcset=\"https:\/\/gruene-reilingen.de\/wp-content\/uploads\/2021\/07\/FB-Andre-See.jpg 1379w, https:\/\/gruene-reilingen.de\/wp-content\/uploads\/2021\/07\/FB-Andre-See-768x662.jpg 768w\" sizes=\"(max-width: 1379px) 100vw, 1379px\" \/><figcaption id=\"caption-attachment-1989\" class=\"wp-caption-text\">v.l.n.r.: Simon Schell (Gemeinderat), Oliver Bender (Angelsportverein), Dominik Mattern (Angelsportverein), Dr. Andre Baumann (Landtagsabgeordneter)<\/figcaption><\/figure>\n<p><a href=\"https:\/\/gruene-reilingen.de\/wp-content\/uploads\/2021\/07\/IMG_6279.jpg\"><img decoding=\"async\" class=\"aligncenter size-full wp-image-1990\" src=\"https:\/\/gruene-reilingen.de\/wp-content\/uploads\/2021\/07\/IMG_6279.jpg\" alt=\"\" width=\"4032\" height=\"3024<\/a srcset=\"https:\/\/gruene-reilingen.de\/wp-content\/uploads\/2021\/07\/IMG_6279.jpg 4032w, https:\/\/gruene-reilingen.de\/wp-content\/uploads\/2021\/07\/IMG_6279-768x576.jpg 768w\" sizes=\"(max-width: 4032px) 100vw, 4032px\" \/><\/p>\n","protected":false},"excerpt":{"rendered":"<p>Der B\u00fcndnis\u201990\/Die Gr\u00fcnen-Landtagsabgeordnete und Umweltstaatssekret\u00e4r Dr. Andre Baumann machte sich vor Ort ein Bild vom Reilinger See. Gemeinsam mit Oliver Bender und Dominik Mattern vom Angelsportverein sowie Gemeinderat Simon Schell [&hellip;]<\/p>\n","protected":false},"author":-1,"featured_media":0,"comment_status":"open","ping_status":"open","sticky":false,"template":"","format":"standard","meta":{"footnotes":""},"categories":[3],"tags":[],"class_list":["post-2001","post","type-post","status-publish","format-standard","hentry","category-news"],"yoast_head":"<!-- This site is optimized with the Yoast SEO plugin v27.5 - https:\/\/yoast.com\/product\/yoast-seo-wordpress\/ -->\n<title>Landtagsabgeordneter Dr. Andre Baumann besucht den Reilinger See - B\u00dcNDNIS 90\/DIE GR\u00dcNEN REILINGEN<\/title>\n<meta name=\"robots\" content=\"index, follow, max-snippet:-1, max-image-preview:large, max-video-preview:-1\" \/>\n<link rel=\"canonical\" href=\"https:\/\/gruene-reilingen.de\/?p=2001\" \/>\n<meta property=\"og:locale\" content=\"de_DE\" \/>\n<meta property=\"og:type\" content=\"article\" \/>\n<meta property=\"og:title\" content=\"Landtagsabgeordneter Dr. Andre Baumann besucht den Reilinger See - B\u00dcNDNIS 90\/DIE GR\u00dcNEN REILINGEN\" \/>\n<meta property=\"og:description\" content=\"Der B\u00fcndnis\u201990\/Die Gr\u00fcnen-Landtagsabgeordnete und Umweltstaatssekret\u00e4r Dr. Andre Baumann machte sich vor Ort ein Bild vom Reilinger See. Gemeinsam mit Oliver Bender und Dominik Mattern vom Angelsportverein sowie Gemeinderat Simon Schell [&hellip;]\" \/>\n<meta property=\"og:url\" content=\"https:\/\/gruene-reilingen.de\/?p=2001\" \/>\n<meta property=\"og:site_name\" content=\"B\u00dcNDNIS 90\/DIE GR\u00dcNEN REILINGEN\" \/>\n<meta property=\"article:published_time\" content=\"2021-07-07T15:40:17+00:00\" \/>\n<meta property=\"article:modified_time\" content=\"2021-07-07T15:41:43+00:00\" \/>\n<meta property=\"og:image\" content=\"https:\/\/gruene-reilingen.de\/wp-content\/uploads\/2021\/07\/FB-Andre-See.jpg\" \/>\n<meta name=\"author\" content=\"gruene_reilingen\" \/>\n<meta name=\"twitter:card\" content=\"summary_large_image\" \/>\n<meta name=\"twitter:label1\" content=\"Verfasst von\" \/>\n\t<meta name=\"twitter:data1\" content=\"gruene_reilingen\" \/>\n\t<meta name=\"twitter:label2\" content=\"Gesch\u00e4tzte Lesezeit\" \/>\n\t<meta name=\"twitter:data2\" content=\"1\u00a0Minute\" \/>\n<script type=\"application\/ld+json\" class=\"yoast-schema-graph\">{\"@context\":\"https:\\\/\\\/schema.org\",\"@graph\":[{\"@type\":\"Article\",\"@id\":\"https:\\\/\\\/gruene-reilingen.de\\\/?p=2001#article\",\"isPartOf\":{\"@id\":\"https:\\\/\\\/gruene-reilingen.de\\\/?p=2001\"},\"author\":{\"name\":\"gruene_reilingen\",\"@id\":\"https:\\\/\\\/gruene-reilingen.de\\\/#\\\/schema\\\/person\\\/f9da928f04550d0db757afd781f08df8\"},\"headline\":\"Landtagsabgeordneter Dr. Andre Baumann besucht den Reilinger See\",\"datePublished\":\"2021-07-07T15:40:17+00:00\",\"dateModified\":\"2021-07-07T15:41:43+00:00\",\"mainEntityOfPage\":{\"@id\":\"https:\\\/\\\/gruene-reilingen.de\\\/?p=2001\"},\"wordCount\":233,\"commentCount\":0,\"image\":{\"@id\":\"https:\\\/\\\/gruene-reilingen.de\\\/?p=2001#primaryimage\"},\"thumbnailUrl\":\"https:\\\/\\\/gruene-reilingen.de\\\/wp-content\\\/uploads\\\/2021\\\/07\\\/FB-Andre-See.jpg\",\"articleSection\":[\"News\"],\"inLanguage\":\"de\",\"potentialAction\":[{\"@type\":\"CommentAction\",\"name\":\"Comment\",\"target\":[\"https:\\\/\\\/gruene-reilingen.de\\\/?p=2001#respond\"]}]},{\"@type\":\"WebPage\",\"@id\":\"https:\\\/\\\/gruene-reilingen.de\\\/?p=2001\",\"url\":\"https:\\\/\\\/gruene-reilingen.de\\\/?p=2001\",\"name\":\"Landtagsabgeordneter Dr. Andre Baumann besucht den Reilinger See - B\u00dcNDNIS 90\\\/DIE GR\u00dcNEN REILINGEN\",\"isPartOf\":{\"@id\":\"https:\\\/\\\/gruene-reilingen.de\\\/#website\"},\"primaryImageOfPage\":{\"@id\":\"https:\\\/\\\/gruene-reilingen.de\\\/?p=2001#primaryimage\"},\"image\":{\"@id\":\"https:\\\/\\\/gruene-reilingen.de\\\/?p=2001#primaryimage\"},\"thumbnailUrl\":\"https:\\\/\\\/gruene-reilingen.de\\\/wp-content\\\/uploads\\\/2021\\\/07\\\/FB-Andre-See.jpg\",\"datePublished\":\"2021-07-07T15:40:17+00:00\",\"dateModified\":\"2021-07-07T15:41:43+00:00\",\"author\":{\"@id\":\"https:\\\/\\\/gruene-reilingen.de\\\/#\\\/schema\\\/person\\\/f9da928f04550d0db757afd781f08df8\"},\"breadcrumb\":{\"@id\":\"https:\\\/\\\/gruene-reilingen.de\\\/?p=2001#breadcrumb\"},\"inLanguage\":\"de\",\"potentialAction\":[{\"@type\":\"ReadAction\",\"target\":[\"https:\\\/\\\/gruene-reilingen.de\\\/?p=2001\"]}]},{\"@type\":\"ImageObject\",\"inLanguage\":\"de\",\"@id\":\"https:\\\/\\\/gruene-reilingen.de\\\/?p=2001#primaryimage\",\"url\":\"https:\\\/\\\/gruene-reilingen.de\\\/wp-content\\\/uploads\\\/2021\\\/07\\\/FB-Andre-See.jpg\",\"contentUrl\":\"https:\\\/\\\/gruene-reilingen.de\\\/wp-content\\\/uploads\\\/2021\\\/07\\\/FB-Andre-See.jpg\"},{\"@type\":\"BreadcrumbList\",\"@id\":\"https:\\\/\\\/gruene-reilingen.de\\\/?p=2001#breadcrumb\",\"itemListElement\":[{\"@type\":\"ListItem\",\"position\":1,\"name\":\"Startseite\",\"item\":\"https:\\\/\\\/gruene-reilingen.de\\\/\"},{\"@type\":\"ListItem\",\"position\":2,\"name\":\"Landtagsabgeordneter Dr. Andre Baumann besucht den Reilinger See\"}]},{\"@type\":\"WebSite\",\"@id\":\"https:\\\/\\\/gruene-reilingen.de\\\/#website\",\"url\":\"https:\\\/\\\/gruene-reilingen.de\\\/\",\"name\":\"B\u00dcNDNIS 90\\\/DIE GR\u00dcNEN REILINGEN\",\"description\":\"\",\"potentialAction\":[{\"@type\":\"SearchAction\",\"target\":{\"@type\":\"EntryPoint\",\"urlTemplate\":\"https:\\\/\\\/gruene-reilingen.de\\\/?s={search_term_string}\"},\"query-input\":{\"@type\":\"PropertyValueSpecification\",\"valueRequired\":true,\"valueName\":\"search_term_string\"}}],\"inLanguage\":\"de\"},{\"@type\":\"Person\",\"@id\":\"https:\\\/\\\/gruene-reilingen.de\\\/#\\\/schema\\\/person\\\/f9da928f04550d0db757afd781f08df8\",\"name\":\"gruene_reilingen\",\"image\":{\"@type\":\"ImageObject\",\"inLanguage\":\"de\",\"@id\":\"https:\\\/\\\/secure.gravatar.com\\\/avatar\\\/913acc38ce102bffd85b7d788472a0913fa53d9b1fe59056f1fe4e704a8231cb?s=96&d=mm&r=g\",\"url\":\"https:\\\/\\\/secure.gravatar.com\\\/avatar\\\/913acc38ce102bffd85b7d788472a0913fa53d9b1fe59056f1fe4e704a8231cb?s=96&d=mm&r=g\",\"contentUrl\":\"https:\\\/\\\/secure.gravatar.com\\\/avatar\\\/913acc38ce102bffd85b7d788472a0913fa53d9b1fe59056f1fe4e704a8231cb?s=96&d=mm&r=g\",\"caption\":\"gruene_reilingen\"},\"sameAs\":[\"http:\\\/\\\/www.gruene-reilingen.de\"],\"url\":\"https:\\\/\\\/gruene-reilingen.de\\\/?author=2\"}]}<\/script>\n<!-- \/ Yoast SEO plugin. -->","yoast_head_json":{"title":"Landtagsabgeordneter Dr. Andre Baumann besucht den Reilinger See - B\u00dcNDNIS 90\/DIE GR\u00dcNEN REILINGEN","robots":{"index":"index","follow":"follow","max-snippet":"max-snippet:-1","max-image-preview":"max-image-preview:large","max-video-preview":"max-video-preview:-1"},"canonical":"https:\/\/gruene-reilingen.de\/?p=2001","og_locale":"de_DE","og_type":"article","og_title":"Landtagsabgeordneter Dr. Andre Baumann besucht den Reilinger See - B\u00dcNDNIS 90\/DIE GR\u00dcNEN REILINGEN","og_description":"Der B\u00fcndnis\u201990\/Die Gr\u00fcnen-Landtagsabgeordnete und Umweltstaatssekret\u00e4r Dr. Andre Baumann machte sich vor Ort ein Bild vom Reilinger See. Gemeinsam mit Oliver Bender und Dominik Mattern vom Angelsportverein sowie Gemeinderat Simon Schell [&hellip;]","og_url":"https:\/\/gruene-reilingen.de\/?p=2001","og_site_name":"B\u00dcNDNIS 90\/DIE GR\u00dcNEN REILINGEN","article_published_time":"2021-07-07T15:40:17+00:00","article_modified_time":"2021-07-07T15:41:43+00:00","og_image":[{"url":"https:\/\/gruene-reilingen.de\/wp-content\/uploads\/2021\/07\/FB-Andre-See.jpg","type":"","width":"","height":""}],"author":"gruene_reilingen","twitter_card":"summary_large_image","twitter_misc":{"Verfasst von":"gruene_reilingen","Gesch\u00e4tzte Lesezeit":"1\u00a0Minute"},"schema":{"@context":"https:\/\/schema.org","@graph":[{"@type":"Article","@id":"https:\/\/gruene-reilingen.de\/?p=2001#article","isPartOf":{"@id":"https:\/\/gruene-reilingen.de\/?p=2001"},"author":{"name":"gruene_reilingen","@id":"https:\/\/gruene-reilingen.de\/#\/schema\/person\/f9da928f04550d0db757afd781f08df8"},"headline":"Landtagsabgeordneter Dr. Andre Baumann besucht den Reilinger See","datePublished":"2021-07-07T15:40:17+00:00","dateModified":"2021-07-07T15:41:43+00:00","mainEntityOfPage":{"@id":"https:\/\/gruene-reilingen.de\/?p=2001"},"wordCount":233,"commentCount":0,"image":{"@id":"https:\/\/gruene-reilingen.de\/?p=2001#primaryimage"},"thumbnailUrl":"https:\/\/gruene-reilingen.de\/wp-content\/uploads\/2021\/07\/FB-Andre-See.jpg","articleSection":["News"],"inLanguage":"de","potentialAction":[{"@type":"CommentAction","name":"Comment","target":["https:\/\/gruene-reilingen.de\/?p=2001#respond"]}]},{"@type":"WebPage","@id":"https:\/\/gruene-reilingen.de\/?p=2001","url":"https:\/\/gruene-reilingen.de\/?p=2001","name":"Landtagsabgeordneter Dr. Andre Baumann besucht den Reilinger See - B\u00dcNDNIS 90\/DIE GR\u00dcNEN REILINGEN","isPartOf":{"@id":"https:\/\/gruene-reilingen.de\/#website"},"primaryImageOfPage":{"@id":"https:\/\/gruene-reilingen.de\/?p=2001#primaryimage"},"image":{"@id":"https:\/\/gruene-reilingen.de\/?p=2001#primaryimage"},"thumbnailUrl":"https:\/\/gruene-reilingen.de\/wp-content\/uploads\/2021\/07\/FB-Andre-See.jpg","datePublished":"2021-07-07T15:40:17+00:00","dateModified":"2021-07-07T15:41:43+00:00","author":{"@id":"https:\/\/gruene-reilingen.de\/#\/schema\/person\/f9da928f04550d0db757afd781f08df8"},"breadcrumb":{"@id":"https:\/\/gruene-reilingen.de\/?p=2001#breadcrumb"},"inLanguage":"de","potentialAction":[{"@type":"ReadAction","target":["https:\/\/gruene-reilingen.de\/?p=2001"]}]},{"@type":"ImageObject","inLanguage":"de","@id":"https:\/\/gruene-reilingen.de\/?p=2001#primaryimage","url":"https:\/\/gruene-reilingen.de\/wp-content\/uploads\/2021\/07\/FB-Andre-See.jpg","contentUrl":"https:\/\/gruene-reilingen.de\/wp-content\/uploads\/2021\/07\/FB-Andre-See.jpg"},{"@type":"BreadcrumbList","@id":"https:\/\/gruene-reilingen.de\/?p=2001#breadcrumb","itemListElement":[{"@type":"ListItem","position":1,"name":"Startseite","item":"https:\/\/gruene-reilingen.de\/"},{"@type":"ListItem","position":2,"name":"Landtagsabgeordneter Dr. Andre Baumann besucht den Reilinger See"}]},{"@type":"WebSite","@id":"https:\/\/gruene-reilingen.de\/#website","url":"https:\/\/gruene-reilingen.de\/","name":"B\u00dcNDNIS 90\/DIE GR\u00dcNEN REILINGEN","description":"","potentialAction":[{"@type":"SearchAction","target":{"@type":"EntryPoint","urlTemplate":"https:\/\/gruene-reilingen.de\/?s={search_term_string}"},"query-input":{"@type":"PropertyValueSpecification","valueRequired":true,"valueName":"search_term_string"}}],"inLanguage":"de"},{"@type":"Person","@id":"https:\/\/gruene-reilingen.de\/#\/schema\/person\/f9da928f04550d0db757afd781f08df8","name":"gruene_reilingen","image":{"@type":"ImageObject","inLanguage":"de","@id":"https:\/\/secure.gravatar.com\/avatar\/913acc38ce102bffd85b7d788472a0913fa53d9b1fe59056f1fe4e704a8231cb?s=96&d=mm&r=g","url":"https:\/\/secure.gravatar.com\/avatar\/913acc38ce102bffd85b7d788472a0913fa53d9b1fe59056f1fe4e704a8231cb?s=96&d=mm&r=g","contentUrl":"https:\/\/secure.gravatar.com\/avatar\/913acc38ce102bffd85b7d788472a0913fa53d9b1fe59056f1fe4e704a8231cb?s=96&d=mm&r=g","caption":"gruene_reilingen"},"sameAs":["http:\/\/www.gruene-reilingen.de"],"url":"https:\/\/gruene-reilingen.de\/?author=2"}]}},"_links":{"self":[{"href":"https:\/\/gruene-reilingen.de\/index.php?rest_route=\/wp\/v2\/posts\/2001","targetHints":{"allow":["GET"]}}],"collection":[{"href":"https:\/\/gruene-reilingen.de\/index.php?rest_route=\/wp\/v2\/posts"}],"about":[{"href":"https:\/\/gruene-reilingen.de\/index.php?rest_route=\/wp\/v2\/types\/post"}],"author":[{"embeddable":true,"href":"https:\/\/gruene-reilingen.de\/index.php?rest_route=\/wp\/v2\/users\/2"}],"replies":[{"embeddable":true,"href":"https:\/\/gruene-reilingen.de\/index.php?rest_route=%2Fwp%2Fv2%2Fcomments&post=2001"}],"version-history":[{"count":2,"href":"https:\/\/gruene-reilingen.de\/index.php?rest_route=\/wp\/v2\/posts\/2001\/revisions"}],"predecessor-version":[{"id":2003,"href":"https:\/\/gruene-reilingen.de\/index.php?rest_route=\/wp\/v2\/posts\/2001\/revisions\/2003"}],"wp:attachment":[{"href":"https:\/\/gruene-reilingen.de\/index.php?rest_route=%2Fwp%2Fv2%2Fmedia&parent=2001"}],"wp:term":[{"taxonomy":"category","embeddable":true,"href":"https:\/\/gruene-reilingen.de\/index.php?rest_route=%2Fwp%2Fv2%2Fcategories&post=2001"},{"taxonomy":"post_tag","embeddable":true,"href":"https:\/\/gruene-reilingen.de\/index.php?rest_route=%2Fwp%2Fv2%2Ftags&post=2001"}],"curies":[{"name":"wp","href":"https:\/\/api.w.org\/{rel}","templated":true}]}}