{"id":2017,"date":"2021-08-08T21:19:50","date_gmt":"2021-08-08T21:19:50","guid":{"rendered":"https:\/\/gruene-reilingen.de\/?p=2017"},"modified":"2021-08-08T21:21:20","modified_gmt":"2021-08-08T21:21:20","slug":"gemeinsam-den-wahlkreis-gestalten","status":"publish","type":"post","link":"https:\/\/gruene-reilingen.de\/?p=2017","title":{"rendered":"Gemeinsam den Wahlkreis gestalten"},"content":{"rendered":"<p><strong>Dr. Andre Baumann und sein Team haben das Ohr nah an den B\u00fcrgerinnen und B\u00fcrgern \u2013 \u201eVer\u00e4nderungen erreichen wir nur im gemeinsamen Dialog\u201c.<\/strong><\/p>\n<p>\u201eSch\u00f6n, dass endlich alle da sind\u201c, freut sich Dr. Andre Baumann, der gr\u00fcne Landtagsabgeordnete aus dem Wahlkreis Schwetzingen. Denn seit dem 1. August ist sein Team komplett, um ihn bei allen seinen Aufgaben zu unterst\u00fctzen. \u201eBei der Themenf\u00fclle ist es wichtig, kompetente und engagierte Menschen an seiner Seite zu haben\u201c, berichtet der passionierte Klimasch\u00fctzer, der f\u00fcr seine Amtszeit drei erfahrene und engagierte Personen eingestellt hat.<\/p>\n<p>Larissa Rotter ist Stadtr\u00e4tin in Hockenheim. 2014 zog sie als j\u00fcngste direkt gew\u00e4hlte Kandidatin in das Stadtparlament ein und ist durch ihre Erfahrung bestens in der Rennstadt und den umliegenden Gemeinden vernetzt. Soziale Themen sind ihr besonders wichtig, aber ihr Herz schl\u00e4gt auch f\u00fcr den Umweltschutz und hier insbesondere f\u00fcr den Hockenheimer Stadtwald. Gemeinsam arbeitet sie mit Patrick Alberti im Wahlkreisb\u00fcro in Schwetzingen. Alberti sitzt auf der anderen Seite des Hardtwalds f\u00fcr die Gr\u00fcnen in Oftersheim im Gemeinderat und ist Mitglied im Vorstand des Gr\u00fcnen Kreisverbands Kurpfalz-Hardt. Bis Ende Juli hat sich Alberti f\u00fcr die Belange von Menschen mit Behinderungen im Landratsamt Rhein-Neckar-Kreis eingesetzt. Nun \u00fcbernimmt er die Leitung des Wahlkreisb\u00fcros.<\/p>\n<p>Reichlich Erfahrung in der politischen Arbeit bringt auch Lars Maximilian Schweizer mit, der f\u00fcr das Stuttgarter Landtagsb\u00fcro zust\u00e4ndig ist. Er studierte Geschichts- und Rechtswissenschaften in T\u00fcbingen und arbeitet bereits seit zwei Jahren in der Gr\u00fcnen Landtagsfraktion. Zuletzt im B\u00fcro der jetzigen Umweltministerin Thekla Walker MdL. Dadurch ist er in Baden-W\u00fcrttemberg und in der gr\u00fcnen Landtagsfraktion gut vernetzt.<\/p>\n<p>\u201eIch werde mich mit meinem Team in den n\u00e4chsten f\u00fcnf Jahren f\u00fcr einen starken Natur- und Klimaschutz einsetzen\u201c, verspricht Baumann. Aber auch soziale Themen, etwa bezahlbarer Wohnraum und sozialer Zusammenhalt stehen auf der Agenda. \u201eIch m\u00f6chte stets f\u00fcr die verschiedensten Anliegen im Wahlkreis ein offenes Ohr haben. Mit einem guten Team an meiner Seite k\u00f6nnen wir gemeinsam mit den B\u00fcrgerinnen und B\u00fcrgern und mit vielen andern Akteurinnen und Akteuren vor Ort viel erreichen\u201c, berichtet Baumann. \u201eDenn viele Dinge erreichen wir nur im gemeinsamen Dialog\u201c.<\/p>\n<p>Dr. Andre Baumann und seine Mitarbeitenden erreichen Sie per E-Mail unter andre.baumann@gruene.landtag-bw.de<\/p>\n<p>Das Wahlkreisb\u00fcro im Gr\u00fcnen B\u00fcro in Schwetzingen erreichen Sie montags bis freitags von 9.30 bis 12.30 Uhr und dienstags und donnerstags zus\u00e4tzlich von 14 bis 16 Uhr telefonisch unter der Telefonnummer 06202 4094 785.<\/p>\n<figure id=\"attachment_2016\" aria-describedby=\"caption-attachment-2016\" style=\"width: 1024px\" class=\"wp-caption aligncenter\"><a href=\"https:\/\/gruene-reilingen.de\/wp-content\/uploads\/2021\/08\/B\u00fcroteam-vor-gr\u00fcnem-B\u00fcro.jpg\"><img decoding=\"async\" class=\"wp-image-2016 size-full\" src=\"https:\/\/gruene-reilingen.de\/wp-content\/uploads\/2021\/08\/B\u00fcroteam-vor-gr\u00fcnem-B\u00fcro.jpg\" alt=\"\" width=\"1024\" height=\"587<\/a srcset=\"https:\/\/gruene-reilingen.de\/wp-content\/uploads\/2021\/08\/B\u00fcroteam-vor-gr\u00fcnem-B\u00fcro.jpg 1024w, https:\/\/gruene-reilingen.de\/wp-content\/uploads\/2021\/08\/B\u00fcroteam-vor-gr\u00fcnem-B\u00fcro-768x440.jpg 768w\" sizes=\"(max-width: 1024px) 100vw, 1024px\" \/><figcaption id=\"caption-attachment-2016\" class=\"wp-caption-text\">Das B\u00fcroteam vor dem Gr\u00fcnen B\u00fcro in Schwetzingen (v.l.n.r.): Larissa Rotter, Dr. Andre Baumann, Lars Maximilian Schweizer (zugeschaltet aus Stuttgart) und Patrick Alberti.<\/figcaption><\/figure>\n","protected":false},"excerpt":{"rendered":"<p>Dr. Andre Baumann und sein Team haben das Ohr nah an den B\u00fcrgerinnen und B\u00fcrgern \u2013 \u201eVer\u00e4nderungen erreichen wir nur im gemeinsamen Dialog\u201c. \u201eSch\u00f6n, dass endlich alle da sind\u201c, freut [&hellip;]<\/p>\n","protected":false},"author":-1,"featured_media":0,"comment_status":"open","ping_status":"open","sticky":false,"template":"","format":"standard","meta":{"footnotes":""},"categories":[3],"tags":[],"class_list":["post-2017","post","type-post","status-publish","format-standard","hentry","category-news"],"yoast_head":"<!-- This site is optimized with the Yoast SEO plugin v27.5 - https:\/\/yoast.com\/product\/yoast-seo-wordpress\/ -->\n<title>Gemeinsam den Wahlkreis gestalten - B\u00dcNDNIS 90\/DIE GR\u00dcNEN REILINGEN<\/title>\n<meta name=\"robots\" content=\"index, follow, max-snippet:-1, max-image-preview:large, max-video-preview:-1\" \/>\n<link rel=\"canonical\" href=\"https:\/\/gruene-reilingen.de\/?p=2017\" \/>\n<meta property=\"og:locale\" content=\"de_DE\" \/>\n<meta property=\"og:type\" content=\"article\" \/>\n<meta property=\"og:title\" content=\"Gemeinsam den Wahlkreis gestalten - B\u00dcNDNIS 90\/DIE GR\u00dcNEN REILINGEN\" \/>\n<meta property=\"og:description\" content=\"Dr. Andre Baumann und sein Team haben das Ohr nah an den B\u00fcrgerinnen und B\u00fcrgern \u2013 \u201eVer\u00e4nderungen erreichen wir nur im gemeinsamen Dialog\u201c. \u201eSch\u00f6n, dass endlich alle da sind\u201c, freut [&hellip;]\" \/>\n<meta property=\"og:url\" content=\"https:\/\/gruene-reilingen.de\/?p=2017\" \/>\n<meta property=\"og:site_name\" content=\"B\u00dcNDNIS 90\/DIE GR\u00dcNEN REILINGEN\" \/>\n<meta property=\"article:published_time\" content=\"2021-08-08T21:19:50+00:00\" \/>\n<meta property=\"article:modified_time\" content=\"2021-08-08T21:21:20+00:00\" \/>\n<meta name=\"author\" content=\"gruene_reilingen\" \/>\n<meta name=\"twitter:card\" content=\"summary_large_image\" \/>\n<meta name=\"twitter:label1\" content=\"Verfasst von\" \/>\n\t<meta name=\"twitter:data1\" content=\"gruene_reilingen\" \/>\n\t<meta name=\"twitter:label2\" content=\"Gesch\u00e4tzte Lesezeit\" \/>\n\t<meta name=\"twitter:data2\" content=\"2\u00a0Minuten\" \/>\n<script type=\"application\/ld+json\" class=\"yoast-schema-graph\">{\"@context\":\"https:\\\/\\\/schema.org\",\"@graph\":[{\"@type\":\"Article\",\"@id\":\"https:\\\/\\\/gruene-reilingen.de\\\/?p=2017#article\",\"isPartOf\":{\"@id\":\"https:\\\/\\\/gruene-reilingen.de\\\/?p=2017\"},\"author\":{\"name\":\"gruene_reilingen\",\"@id\":\"https:\\\/\\\/gruene-reilingen.de\\\/#\\\/schema\\\/person\\\/f9da928f04550d0db757afd781f08df8\"},\"headline\":\"Gemeinsam den Wahlkreis gestalten\",\"datePublished\":\"2021-08-08T21:19:50+00:00\",\"dateModified\":\"2021-08-08T21:21:20+00:00\",\"mainEntityOfPage\":{\"@id\":\"https:\\\/\\\/gruene-reilingen.de\\\/?p=2017\"},\"wordCount\":431,\"commentCount\":0,\"articleSection\":[\"News\"],\"inLanguage\":\"de\",\"potentialAction\":[{\"@type\":\"CommentAction\",\"name\":\"Comment\",\"target\":[\"https:\\\/\\\/gruene-reilingen.de\\\/?p=2017#respond\"]}]},{\"@type\":\"WebPage\",\"@id\":\"https:\\\/\\\/gruene-reilingen.de\\\/?p=2017\",\"url\":\"https:\\\/\\\/gruene-reilingen.de\\\/?p=2017\",\"name\":\"Gemeinsam den Wahlkreis gestalten - B\u00dcNDNIS 90\\\/DIE GR\u00dcNEN REILINGEN\",\"isPartOf\":{\"@id\":\"https:\\\/\\\/gruene-reilingen.de\\\/#website\"},\"datePublished\":\"2021-08-08T21:19:50+00:00\",\"dateModified\":\"2021-08-08T21:21:20+00:00\",\"author\":{\"@id\":\"https:\\\/\\\/gruene-reilingen.de\\\/#\\\/schema\\\/person\\\/f9da928f04550d0db757afd781f08df8\"},\"breadcrumb\":{\"@id\":\"https:\\\/\\\/gruene-reilingen.de\\\/?p=2017#breadcrumb\"},\"inLanguage\":\"de\",\"potentialAction\":[{\"@type\":\"ReadAction\",\"target\":[\"https:\\\/\\\/gruene-reilingen.de\\\/?p=2017\"]}]},{\"@type\":\"BreadcrumbList\",\"@id\":\"https:\\\/\\\/gruene-reilingen.de\\\/?p=2017#breadcrumb\",\"itemListElement\":[{\"@type\":\"ListItem\",\"position\":1,\"name\":\"Startseite\",\"item\":\"https:\\\/\\\/gruene-reilingen.de\\\/\"},{\"@type\":\"ListItem\",\"position\":2,\"name\":\"Gemeinsam den Wahlkreis gestalten\"}]},{\"@type\":\"WebSite\",\"@id\":\"https:\\\/\\\/gruene-reilingen.de\\\/#website\",\"url\":\"https:\\\/\\\/gruene-reilingen.de\\\/\",\"name\":\"B\u00dcNDNIS 90\\\/DIE GR\u00dcNEN REILINGEN\",\"description\":\"\",\"potentialAction\":[{\"@type\":\"SearchAction\",\"target\":{\"@type\":\"EntryPoint\",\"urlTemplate\":\"https:\\\/\\\/gruene-reilingen.de\\\/?s={search_term_string}\"},\"query-input\":{\"@type\":\"PropertyValueSpecification\",\"valueRequired\":true,\"valueName\":\"search_term_string\"}}],\"inLanguage\":\"de\"},{\"@type\":\"Person\",\"@id\":\"https:\\\/\\\/gruene-reilingen.de\\\/#\\\/schema\\\/person\\\/f9da928f04550d0db757afd781f08df8\",\"name\":\"gruene_reilingen\",\"image\":{\"@type\":\"ImageObject\",\"inLanguage\":\"de\",\"@id\":\"https:\\\/\\\/secure.gravatar.com\\\/avatar\\\/913acc38ce102bffd85b7d788472a0913fa53d9b1fe59056f1fe4e704a8231cb?s=96&d=mm&r=g\",\"url\":\"https:\\\/\\\/secure.gravatar.com\\\/avatar\\\/913acc38ce102bffd85b7d788472a0913fa53d9b1fe59056f1fe4e704a8231cb?s=96&d=mm&r=g\",\"contentUrl\":\"https:\\\/\\\/secure.gravatar.com\\\/avatar\\\/913acc38ce102bffd85b7d788472a0913fa53d9b1fe59056f1fe4e704a8231cb?s=96&d=mm&r=g\",\"caption\":\"gruene_reilingen\"},\"sameAs\":[\"http:\\\/\\\/www.gruene-reilingen.de\"],\"url\":\"https:\\\/\\\/gruene-reilingen.de\\\/?author=2\"}]}<\/script>\n<!-- \/ Yoast SEO plugin. -->","yoast_head_json":{"title":"Gemeinsam den Wahlkreis gestalten - B\u00dcNDNIS 90\/DIE GR\u00dcNEN REILINGEN","robots":{"index":"index","follow":"follow","max-snippet":"max-snippet:-1","max-image-preview":"max-image-preview:large","max-video-preview":"max-video-preview:-1"},"canonical":"https:\/\/gruene-reilingen.de\/?p=2017","og_locale":"de_DE","og_type":"article","og_title":"Gemeinsam den Wahlkreis gestalten - B\u00dcNDNIS 90\/DIE GR\u00dcNEN REILINGEN","og_description":"Dr. Andre Baumann und sein Team haben das Ohr nah an den B\u00fcrgerinnen und B\u00fcrgern \u2013 \u201eVer\u00e4nderungen erreichen wir nur im gemeinsamen Dialog\u201c. \u201eSch\u00f6n, dass endlich alle da sind\u201c, freut [&hellip;]","og_url":"https:\/\/gruene-reilingen.de\/?p=2017","og_site_name":"B\u00dcNDNIS 90\/DIE GR\u00dcNEN REILINGEN","article_published_time":"2021-08-08T21:19:50+00:00","article_modified_time":"2021-08-08T21:21:20+00:00","author":"gruene_reilingen","twitter_card":"summary_large_image","twitter_misc":{"Verfasst von":"gruene_reilingen","Gesch\u00e4tzte Lesezeit":"2\u00a0Minuten"},"schema":{"@context":"https:\/\/schema.org","@graph":[{"@type":"Article","@id":"https:\/\/gruene-reilingen.de\/?p=2017#article","isPartOf":{"@id":"https:\/\/gruene-reilingen.de\/?p=2017"},"author":{"name":"gruene_reilingen","@id":"https:\/\/gruene-reilingen.de\/#\/schema\/person\/f9da928f04550d0db757afd781f08df8"},"headline":"Gemeinsam den Wahlkreis gestalten","datePublished":"2021-08-08T21:19:50+00:00","dateModified":"2021-08-08T21:21:20+00:00","mainEntityOfPage":{"@id":"https:\/\/gruene-reilingen.de\/?p=2017"},"wordCount":431,"commentCount":0,"articleSection":["News"],"inLanguage":"de","potentialAction":[{"@type":"CommentAction","name":"Comment","target":["https:\/\/gruene-reilingen.de\/?p=2017#respond"]}]},{"@type":"WebPage","@id":"https:\/\/gruene-reilingen.de\/?p=2017","url":"https:\/\/gruene-reilingen.de\/?p=2017","name":"Gemeinsam den Wahlkreis gestalten - B\u00dcNDNIS 90\/DIE GR\u00dcNEN REILINGEN","isPartOf":{"@id":"https:\/\/gruene-reilingen.de\/#website"},"datePublished":"2021-08-08T21:19:50+00:00","dateModified":"2021-08-08T21:21:20+00:00","author":{"@id":"https:\/\/gruene-reilingen.de\/#\/schema\/person\/f9da928f04550d0db757afd781f08df8"},"breadcrumb":{"@id":"https:\/\/gruene-reilingen.de\/?p=2017#breadcrumb"},"inLanguage":"de","potentialAction":[{"@type":"ReadAction","target":["https:\/\/gruene-reilingen.de\/?p=2017"]}]},{"@type":"BreadcrumbList","@id":"https:\/\/gruene-reilingen.de\/?p=2017#breadcrumb","itemListElement":[{"@type":"ListItem","position":1,"name":"Startseite","item":"https:\/\/gruene-reilingen.de\/"},{"@type":"ListItem","position":2,"name":"Gemeinsam den Wahlkreis gestalten"}]},{"@type":"WebSite","@id":"https:\/\/gruene-reilingen.de\/#website","url":"https:\/\/gruene-reilingen.de\/","name":"B\u00dcNDNIS 90\/DIE GR\u00dcNEN REILINGEN","description":"","potentialAction":[{"@type":"SearchAction","target":{"@type":"EntryPoint","urlTemplate":"https:\/\/gruene-reilingen.de\/?s={search_term_string}"},"query-input":{"@type":"PropertyValueSpecification","valueRequired":true,"valueName":"search_term_string"}}],"inLanguage":"de"},{"@type":"Person","@id":"https:\/\/gruene-reilingen.de\/#\/schema\/person\/f9da928f04550d0db757afd781f08df8","name":"gruene_reilingen","image":{"@type":"ImageObject","inLanguage":"de","@id":"https:\/\/secure.gravatar.com\/avatar\/913acc38ce102bffd85b7d788472a0913fa53d9b1fe59056f1fe4e704a8231cb?s=96&d=mm&r=g","url":"https:\/\/secure.gravatar.com\/avatar\/913acc38ce102bffd85b7d788472a0913fa53d9b1fe59056f1fe4e704a8231cb?s=96&d=mm&r=g","contentUrl":"https:\/\/secure.gravatar.com\/avatar\/913acc38ce102bffd85b7d788472a0913fa53d9b1fe59056f1fe4e704a8231cb?s=96&d=mm&r=g","caption":"gruene_reilingen"},"sameAs":["http:\/\/www.gruene-reilingen.de"],"url":"https:\/\/gruene-reilingen.de\/?author=2"}]}},"_links":{"self":[{"href":"https:\/\/gruene-reilingen.de\/index.php?rest_route=\/wp\/v2\/posts\/2017","targetHints":{"allow":["GET"]}}],"collection":[{"href":"https:\/\/gruene-reilingen.de\/index.php?rest_route=\/wp\/v2\/posts"}],"about":[{"href":"https:\/\/gruene-reilingen.de\/index.php?rest_route=\/wp\/v2\/types\/post"}],"author":[{"embeddable":true,"href":"https:\/\/gruene-reilingen.de\/index.php?rest_route=\/wp\/v2\/users\/2"}],"replies":[{"embeddable":true,"href":"https:\/\/gruene-reilingen.de\/index.php?rest_route=%2Fwp%2Fv2%2Fcomments&post=2017"}],"version-history":[{"count":3,"href":"https:\/\/gruene-reilingen.de\/index.php?rest_route=\/wp\/v2\/posts\/2017\/revisions"}],"predecessor-version":[{"id":2021,"href":"https:\/\/gruene-reilingen.de\/index.php?rest_route=\/wp\/v2\/posts\/2017\/revisions\/2021"}],"wp:attachment":[{"href":"https:\/\/gruene-reilingen.de\/index.php?rest_route=%2Fwp%2Fv2%2Fmedia&parent=2017"}],"wp:term":[{"taxonomy":"category","embeddable":true,"href":"https:\/\/gruene-reilingen.de\/index.php?rest_route=%2Fwp%2Fv2%2Fcategories&post=2017"},{"taxonomy":"post_tag","embeddable":true,"href":"https:\/\/gruene-reilingen.de\/index.php?rest_route=%2Fwp%2Fv2%2Ftags&post=2017"}],"curies":[{"name":"wp","href":"https:\/\/api.w.org\/{rel}","templated":true}]}}