{"id":2045,"date":"2021-08-29T16:59:54","date_gmt":"2021-08-29T16:59:54","guid":{"rendered":"https:\/\/gruene-reilingen.de\/?p=2045"},"modified":"2021-08-29T19:00:59","modified_gmt":"2021-08-29T19:00:59","slug":"jahreshauptversammlung-der-reilinger-gruenen-grosse-freude-ueber-erfolgreiche-landtagswahl-rekordmitgliederzahl","status":"publish","type":"post","link":"https:\/\/gruene-reilingen.de\/?p=2045","title":{"rendered":"Jahreshauptversammlung der Reilinger Gr\u00fcnen \/ Gro\u00dfe Freude \u00fcber erfolgreiche Landtagswahl \/ Rekordmitgliederzahl"},"content":{"rendered":"<p>Die Jahreshauptversammlung der Reilinger Gr\u00fcnen fand im Wersauer Hof in Reilingen statt. Ortsverbandssprecher Jochen Rotter begr\u00fc\u00dfte die Anwesenden und berichtete den zahlreichen Mitgliedern des Ortsverbandes \u00fcber die Aktivit\u00e4ten des Ortsverbandes in den letzten anderthalb Jahren.<\/p>\n<p>Erfreuliches konnte Jochen Rotter zur Landtagswahl im M\u00e4rz berichten. In Reilingen w\u00e4hlten 28,8 Prozent B\u00fcndnis\u201990\/Die Gr\u00fcnen. Das beste Ergebnis bei einer Wahl in Reilingen \u00fcberhaupt. Dazu sp\u00fcrt man auch in Reilingen Aufwind in Form von wachsenden Mitgliederzahlen. \u201eWir haben die h\u00f6chste Mitgliederzahl seit Gr\u00fcndung des Ortsverbandes vor acht Jahren\u201c so Jochen Rotter.<span class=\"Apple-converted-space\">\u00a0<\/span><\/p>\n<p>Die letzten anderthalb Jahren waren von einem Mix aus Pr\u00e4senzveranstaltungen und virtuellen Treffen gepr\u00e4gt. Bei der Aktion Saubere Gemeinde waren einige Helferinnen und Helfer aktiv und sammelten M\u00fcll ein. Jeweils 15 bis 16 Aktive waren bei den Stadtradel-Aktionen 2020 und 2021 flei\u00dfig. 2020 wurden 2.800 km (412 kg CO2-Einsparung) und 2021 1.906 km (280 kg CO2-Einsparung) geradelt. Landtagsabgeordneter Dr. Andre Baumann war mehrfach zu Gast. Zuletzt bei einem Vor-Ort-Termin am Reilinger See, wo es u.a. um den Zustand des Sees ging.<\/p>\n<p>Den Bericht aus dem Gemeinderat \u00fcbernahm Fraktionssprecherin Lisa Dorn. Sie ist seit Dezember 2020 Fraktionssprecherin, da die bisherige Fraktionssprecherin Anna-Lena Becker aus dem Gemeinderat ausgeschieden ist. Stellvertretender Fraktionssprecher ist Simon Schell. Die Gemeinderatsfraktion wird von Carolin Hoffmann komplettiert.<span class=\"Apple-converted-space\">\u00a0<\/span><\/p>\n<p>Lisa Dorn berichtete \u00fcber die angespannte Haushaltslage. Erfreut zeigte sich Lisa Dorn \u00fcber das zunehmende Engagement von Jugendlichen in Reilingen. Dieses gilt es weiterhin zu unterst\u00fctzen. Lisa Dorn kam auch auf den von den Reilinger Gr\u00fcnen zur B\u00fcrgermeisterwahl gedrehten Film zu sprechen. Darin richteten die Reilinger Gr\u00fcnen mehrere Forderungen an B\u00fcrgermeister Weisbrod zu den aus Sicht der Gr\u00fcnen wichtigen Themen wie der Ausbau des \u00f6ffentlichen Personennahverkehrs oder den Natur- und Umweltschutz. Zum Abschluss ihrer Rede bedankte sich Lisa Dorn im Namen der Reilinger Gr\u00fcnen mit einem Pr\u00e4sent bei Anna-Lena Becker f\u00fcr Ihr jahrelanges Engagement in der Gemeinderatsfraktion.<span class=\"Apple-converted-space\">\u00a0<\/span><\/p>\n<p>Jochen Rotter berichtete dann in Abwesenheit des Kassiers Christopher P\u00f6schel \u00fcber die wieder einmal soliden Zahlen des Ortsverbands. Kassenpr\u00fcferin Lisa Dorn best\u00e4tigte eine korrekte Kassenf\u00fchrung und stellte den Antrag auf Entlastung der Vorstandschaft. Diese wurde einstimmig entlastet.<\/p>\n<p>Bei den anschlie\u00dfenden Neuwahlen wurden unter der Wahlleitung von Simon Schell die bisherigen Vorstandsmitglieder Anna-Lena Becker (Ortsverbandssprecherin), Jochen Rotter (Ortsverbandssprecher) und Oliver Keim (Schriftf\u00fchrer) in ihren \u00c4mtern f\u00fcr weitere zwei Jahre best\u00e4tigt. Als neuer Kassier wurde Robin Ciuman gew\u00e4hlt. Ortsverbandssprecher Jochen Rotter dankte dem bisherigen Kassier Christopher P\u00f6schel f\u00fcr seine jahrelange gute und zuverl\u00e4ssige T\u00e4tigkeit als Kassier. Die bisherigen Kassenpr\u00fcfer Lisa Dorn und Werner Borowski wurden ebenfalls f\u00fcr zwei weitere Jahre gew\u00e4hlt.<\/p>\n<p>Mit einem Ausblick auf die Bundestagswahl und dem Wunsch, Pr\u00e4senztreffen weiterhin durchf\u00fchren zu k\u00f6nnen, ging die Jahreshauptversammlung zu Ende.<\/p>\n<figure id=\"attachment_2047\" aria-describedby=\"caption-attachment-2047\" style=\"width: 4608px\" class=\"wp-caption aligncenter\"><a href=\"https:\/\/gruene-reilingen.de\/wp-content\/uploads\/2021\/08\/Jahreshauptversammlung2021.jpg\"><img decoding=\"async\" class=\"size-full wp-image-2047\" src=\"https:\/\/gruene-reilingen.de\/wp-content\/uploads\/2021\/08\/Jahreshauptversammlung2021.jpg\" alt=\"\" width=\"4608\" height=\"2592<\/a srcset=\"https:\/\/gruene-reilingen.de\/wp-content\/uploads\/2021\/08\/Jahreshauptversammlung2021.jpg 4608w, https:\/\/gruene-reilingen.de\/wp-content\/uploads\/2021\/08\/Jahreshauptversammlung2021-768x432.jpg 768w\" sizes=\"(max-width: 4608px) 100vw, 4608px\" \/><figcaption id=\"caption-attachment-2047\" class=\"wp-caption-text\">v.l.n.r.: Oliver Keim, Anna-Lena Becker, Jochen Rotter, Robin Ciuman<\/figcaption><\/figure>\n","protected":false},"excerpt":{"rendered":"<p>Die Jahreshauptversammlung der Reilinger Gr\u00fcnen fand im Wersauer Hof in Reilingen statt. Ortsverbandssprecher Jochen Rotter begr\u00fc\u00dfte die Anwesenden und berichtete den zahlreichen Mitgliedern des Ortsverbandes \u00fcber die Aktivit\u00e4ten des Ortsverbandes [&hellip;]<\/p>\n","protected":false},"author":-1,"featured_media":0,"comment_status":"open","ping_status":"open","sticky":false,"template":"","format":"standard","meta":{"footnotes":""},"categories":[3],"tags":[],"class_list":["post-2045","post","type-post","status-publish","format-standard","hentry","category-news"],"yoast_head":"<!-- This site is optimized with the Yoast SEO plugin v27.5 - https:\/\/yoast.com\/product\/yoast-seo-wordpress\/ -->\n<title>Jahreshauptversammlung der Reilinger Gr\u00fcnen \/ Gro\u00dfe Freude \u00fcber erfolgreiche Landtagswahl \/ Rekordmitgliederzahl - B\u00dcNDNIS 90\/DIE GR\u00dcNEN REILINGEN<\/title>\n<meta name=\"robots\" content=\"index, follow, max-snippet:-1, max-image-preview:large, max-video-preview:-1\" \/>\n<link rel=\"canonical\" href=\"https:\/\/gruene-reilingen.de\/?p=2045\" \/>\n<meta property=\"og:locale\" content=\"de_DE\" \/>\n<meta property=\"og:type\" content=\"article\" \/>\n<meta property=\"og:title\" content=\"Jahreshauptversammlung der Reilinger Gr\u00fcnen \/ Gro\u00dfe Freude \u00fcber erfolgreiche Landtagswahl \/ Rekordmitgliederzahl - B\u00dcNDNIS 90\/DIE GR\u00dcNEN REILINGEN\" \/>\n<meta property=\"og:description\" content=\"Die Jahreshauptversammlung der Reilinger Gr\u00fcnen fand im Wersauer Hof in Reilingen statt. Ortsverbandssprecher Jochen Rotter begr\u00fc\u00dfte die Anwesenden und berichtete den zahlreichen Mitgliedern des Ortsverbandes \u00fcber die Aktivit\u00e4ten des Ortsverbandes [&hellip;]\" \/>\n<meta property=\"og:url\" content=\"https:\/\/gruene-reilingen.de\/?p=2045\" \/>\n<meta property=\"og:site_name\" content=\"B\u00dcNDNIS 90\/DIE GR\u00dcNEN REILINGEN\" \/>\n<meta property=\"article:published_time\" content=\"2021-08-29T16:59:54+00:00\" \/>\n<meta property=\"article:modified_time\" content=\"2021-08-29T19:00:59+00:00\" \/>\n<meta property=\"og:image\" content=\"https:\/\/gruene-reilingen.de\/wp-content\/uploads\/2021\/08\/Jahreshauptversammlung2021.jpg\" \/>\n<meta name=\"author\" content=\"gruene_reilingen\" \/>\n<meta name=\"twitter:card\" content=\"summary_large_image\" \/>\n<meta name=\"twitter:label1\" content=\"Verfasst von\" \/>\n\t<meta name=\"twitter:data1\" content=\"gruene_reilingen\" \/>\n\t<meta name=\"twitter:label2\" content=\"Gesch\u00e4tzte Lesezeit\" \/>\n\t<meta name=\"twitter:data2\" content=\"2\u00a0Minuten\" \/>\n<script type=\"application\/ld+json\" class=\"yoast-schema-graph\">{\"@context\":\"https:\\\/\\\/schema.org\",\"@graph\":[{\"@type\":\"Article\",\"@id\":\"https:\\\/\\\/gruene-reilingen.de\\\/?p=2045#article\",\"isPartOf\":{\"@id\":\"https:\\\/\\\/gruene-reilingen.de\\\/?p=2045\"},\"author\":{\"name\":\"gruene_reilingen\",\"@id\":\"https:\\\/\\\/gruene-reilingen.de\\\/#\\\/schema\\\/person\\\/f9da928f04550d0db757afd781f08df8\"},\"headline\":\"Jahreshauptversammlung der Reilinger Gr\u00fcnen \\\/ Gro\u00dfe Freude \u00fcber erfolgreiche Landtagswahl \\\/ Rekordmitgliederzahl\",\"datePublished\":\"2021-08-29T16:59:54+00:00\",\"dateModified\":\"2021-08-29T19:00:59+00:00\",\"mainEntityOfPage\":{\"@id\":\"https:\\\/\\\/gruene-reilingen.de\\\/?p=2045\"},\"wordCount\":483,\"commentCount\":0,\"image\":{\"@id\":\"https:\\\/\\\/gruene-reilingen.de\\\/?p=2045#primaryimage\"},\"thumbnailUrl\":\"https:\\\/\\\/gruene-reilingen.de\\\/wp-content\\\/uploads\\\/2021\\\/08\\\/Jahreshauptversammlung2021.jpg\",\"articleSection\":[\"News\"],\"inLanguage\":\"de\",\"potentialAction\":[{\"@type\":\"CommentAction\",\"name\":\"Comment\",\"target\":[\"https:\\\/\\\/gruene-reilingen.de\\\/?p=2045#respond\"]}]},{\"@type\":\"WebPage\",\"@id\":\"https:\\\/\\\/gruene-reilingen.de\\\/?p=2045\",\"url\":\"https:\\\/\\\/gruene-reilingen.de\\\/?p=2045\",\"name\":\"Jahreshauptversammlung der Reilinger Gr\u00fcnen \\\/ Gro\u00dfe Freude \u00fcber erfolgreiche Landtagswahl \\\/ Rekordmitgliederzahl - B\u00dcNDNIS 90\\\/DIE GR\u00dcNEN REILINGEN\",\"isPartOf\":{\"@id\":\"https:\\\/\\\/gruene-reilingen.de\\\/#website\"},\"primaryImageOfPage\":{\"@id\":\"https:\\\/\\\/gruene-reilingen.de\\\/?p=2045#primaryimage\"},\"image\":{\"@id\":\"https:\\\/\\\/gruene-reilingen.de\\\/?p=2045#primaryimage\"},\"thumbnailUrl\":\"https:\\\/\\\/gruene-reilingen.de\\\/wp-content\\\/uploads\\\/2021\\\/08\\\/Jahreshauptversammlung2021.jpg\",\"datePublished\":\"2021-08-29T16:59:54+00:00\",\"dateModified\":\"2021-08-29T19:00:59+00:00\",\"author\":{\"@id\":\"https:\\\/\\\/gruene-reilingen.de\\\/#\\\/schema\\\/person\\\/f9da928f04550d0db757afd781f08df8\"},\"breadcrumb\":{\"@id\":\"https:\\\/\\\/gruene-reilingen.de\\\/?p=2045#breadcrumb\"},\"inLanguage\":\"de\",\"potentialAction\":[{\"@type\":\"ReadAction\",\"target\":[\"https:\\\/\\\/gruene-reilingen.de\\\/?p=2045\"]}]},{\"@type\":\"ImageObject\",\"inLanguage\":\"de\",\"@id\":\"https:\\\/\\\/gruene-reilingen.de\\\/?p=2045#primaryimage\",\"url\":\"https:\\\/\\\/gruene-reilingen.de\\\/wp-content\\\/uploads\\\/2021\\\/08\\\/Jahreshauptversammlung2021.jpg\",\"contentUrl\":\"https:\\\/\\\/gruene-reilingen.de\\\/wp-content\\\/uploads\\\/2021\\\/08\\\/Jahreshauptversammlung2021.jpg\"},{\"@type\":\"BreadcrumbList\",\"@id\":\"https:\\\/\\\/gruene-reilingen.de\\\/?p=2045#breadcrumb\",\"itemListElement\":[{\"@type\":\"ListItem\",\"position\":1,\"name\":\"Startseite\",\"item\":\"https:\\\/\\\/gruene-reilingen.de\\\/\"},{\"@type\":\"ListItem\",\"position\":2,\"name\":\"Jahreshauptversammlung der Reilinger Gr\u00fcnen \\\/ Gro\u00dfe Freude \u00fcber erfolgreiche Landtagswahl \\\/ Rekordmitgliederzahl\"}]},{\"@type\":\"WebSite\",\"@id\":\"https:\\\/\\\/gruene-reilingen.de\\\/#website\",\"url\":\"https:\\\/\\\/gruene-reilingen.de\\\/\",\"name\":\"B\u00dcNDNIS 90\\\/DIE GR\u00dcNEN REILINGEN\",\"description\":\"\",\"potentialAction\":[{\"@type\":\"SearchAction\",\"target\":{\"@type\":\"EntryPoint\",\"urlTemplate\":\"https:\\\/\\\/gruene-reilingen.de\\\/?s={search_term_string}\"},\"query-input\":{\"@type\":\"PropertyValueSpecification\",\"valueRequired\":true,\"valueName\":\"search_term_string\"}}],\"inLanguage\":\"de\"},{\"@type\":\"Person\",\"@id\":\"https:\\\/\\\/gruene-reilingen.de\\\/#\\\/schema\\\/person\\\/f9da928f04550d0db757afd781f08df8\",\"name\":\"gruene_reilingen\",\"image\":{\"@type\":\"ImageObject\",\"inLanguage\":\"de\",\"@id\":\"https:\\\/\\\/secure.gravatar.com\\\/avatar\\\/913acc38ce102bffd85b7d788472a0913fa53d9b1fe59056f1fe4e704a8231cb?s=96&d=mm&r=g\",\"url\":\"https:\\\/\\\/secure.gravatar.com\\\/avatar\\\/913acc38ce102bffd85b7d788472a0913fa53d9b1fe59056f1fe4e704a8231cb?s=96&d=mm&r=g\",\"contentUrl\":\"https:\\\/\\\/secure.gravatar.com\\\/avatar\\\/913acc38ce102bffd85b7d788472a0913fa53d9b1fe59056f1fe4e704a8231cb?s=96&d=mm&r=g\",\"caption\":\"gruene_reilingen\"},\"sameAs\":[\"http:\\\/\\\/www.gruene-reilingen.de\"],\"url\":\"https:\\\/\\\/gruene-reilingen.de\\\/?author=2\"}]}<\/script>\n<!-- \/ Yoast SEO plugin. -->","yoast_head_json":{"title":"Jahreshauptversammlung der Reilinger Gr\u00fcnen \/ Gro\u00dfe Freude \u00fcber erfolgreiche Landtagswahl \/ Rekordmitgliederzahl - B\u00dcNDNIS 90\/DIE GR\u00dcNEN REILINGEN","robots":{"index":"index","follow":"follow","max-snippet":"max-snippet:-1","max-image-preview":"max-image-preview:large","max-video-preview":"max-video-preview:-1"},"canonical":"https:\/\/gruene-reilingen.de\/?p=2045","og_locale":"de_DE","og_type":"article","og_title":"Jahreshauptversammlung der Reilinger Gr\u00fcnen \/ Gro\u00dfe Freude \u00fcber erfolgreiche Landtagswahl \/ Rekordmitgliederzahl - B\u00dcNDNIS 90\/DIE GR\u00dcNEN REILINGEN","og_description":"Die Jahreshauptversammlung der Reilinger Gr\u00fcnen fand im Wersauer Hof in Reilingen statt. Ortsverbandssprecher Jochen Rotter begr\u00fc\u00dfte die Anwesenden und berichtete den zahlreichen Mitgliedern des Ortsverbandes \u00fcber die Aktivit\u00e4ten des Ortsverbandes [&hellip;]","og_url":"https:\/\/gruene-reilingen.de\/?p=2045","og_site_name":"B\u00dcNDNIS 90\/DIE GR\u00dcNEN REILINGEN","article_published_time":"2021-08-29T16:59:54+00:00","article_modified_time":"2021-08-29T19:00:59+00:00","og_image":[{"url":"https:\/\/gruene-reilingen.de\/wp-content\/uploads\/2021\/08\/Jahreshauptversammlung2021.jpg","type":"","width":"","height":""}],"author":"gruene_reilingen","twitter_card":"summary_large_image","twitter_misc":{"Verfasst von":"gruene_reilingen","Gesch\u00e4tzte Lesezeit":"2\u00a0Minuten"},"schema":{"@context":"https:\/\/schema.org","@graph":[{"@type":"Article","@id":"https:\/\/gruene-reilingen.de\/?p=2045#article","isPartOf":{"@id":"https:\/\/gruene-reilingen.de\/?p=2045"},"author":{"name":"gruene_reilingen","@id":"https:\/\/gruene-reilingen.de\/#\/schema\/person\/f9da928f04550d0db757afd781f08df8"},"headline":"Jahreshauptversammlung der Reilinger Gr\u00fcnen \/ Gro\u00dfe Freude \u00fcber erfolgreiche Landtagswahl \/ Rekordmitgliederzahl","datePublished":"2021-08-29T16:59:54+00:00","dateModified":"2021-08-29T19:00:59+00:00","mainEntityOfPage":{"@id":"https:\/\/gruene-reilingen.de\/?p=2045"},"wordCount":483,"commentCount":0,"image":{"@id":"https:\/\/gruene-reilingen.de\/?p=2045#primaryimage"},"thumbnailUrl":"https:\/\/gruene-reilingen.de\/wp-content\/uploads\/2021\/08\/Jahreshauptversammlung2021.jpg","articleSection":["News"],"inLanguage":"de","potentialAction":[{"@type":"CommentAction","name":"Comment","target":["https:\/\/gruene-reilingen.de\/?p=2045#respond"]}]},{"@type":"WebPage","@id":"https:\/\/gruene-reilingen.de\/?p=2045","url":"https:\/\/gruene-reilingen.de\/?p=2045","name":"Jahreshauptversammlung der Reilinger Gr\u00fcnen \/ Gro\u00dfe Freude \u00fcber erfolgreiche Landtagswahl \/ Rekordmitgliederzahl - B\u00dcNDNIS 90\/DIE GR\u00dcNEN REILINGEN","isPartOf":{"@id":"https:\/\/gruene-reilingen.de\/#website"},"primaryImageOfPage":{"@id":"https:\/\/gruene-reilingen.de\/?p=2045#primaryimage"},"image":{"@id":"https:\/\/gruene-reilingen.de\/?p=2045#primaryimage"},"thumbnailUrl":"https:\/\/gruene-reilingen.de\/wp-content\/uploads\/2021\/08\/Jahreshauptversammlung2021.jpg","datePublished":"2021-08-29T16:59:54+00:00","dateModified":"2021-08-29T19:00:59+00:00","author":{"@id":"https:\/\/gruene-reilingen.de\/#\/schema\/person\/f9da928f04550d0db757afd781f08df8"},"breadcrumb":{"@id":"https:\/\/gruene-reilingen.de\/?p=2045#breadcrumb"},"inLanguage":"de","potentialAction":[{"@type":"ReadAction","target":["https:\/\/gruene-reilingen.de\/?p=2045"]}]},{"@type":"ImageObject","inLanguage":"de","@id":"https:\/\/gruene-reilingen.de\/?p=2045#primaryimage","url":"https:\/\/gruene-reilingen.de\/wp-content\/uploads\/2021\/08\/Jahreshauptversammlung2021.jpg","contentUrl":"https:\/\/gruene-reilingen.de\/wp-content\/uploads\/2021\/08\/Jahreshauptversammlung2021.jpg"},{"@type":"BreadcrumbList","@id":"https:\/\/gruene-reilingen.de\/?p=2045#breadcrumb","itemListElement":[{"@type":"ListItem","position":1,"name":"Startseite","item":"https:\/\/gruene-reilingen.de\/"},{"@type":"ListItem","position":2,"name":"Jahreshauptversammlung der Reilinger Gr\u00fcnen \/ Gro\u00dfe Freude \u00fcber erfolgreiche Landtagswahl \/ Rekordmitgliederzahl"}]},{"@type":"WebSite","@id":"https:\/\/gruene-reilingen.de\/#website","url":"https:\/\/gruene-reilingen.de\/","name":"B\u00dcNDNIS 90\/DIE GR\u00dcNEN REILINGEN","description":"","potentialAction":[{"@type":"SearchAction","target":{"@type":"EntryPoint","urlTemplate":"https:\/\/gruene-reilingen.de\/?s={search_term_string}"},"query-input":{"@type":"PropertyValueSpecification","valueRequired":true,"valueName":"search_term_string"}}],"inLanguage":"de"},{"@type":"Person","@id":"https:\/\/gruene-reilingen.de\/#\/schema\/person\/f9da928f04550d0db757afd781f08df8","name":"gruene_reilingen","image":{"@type":"ImageObject","inLanguage":"de","@id":"https:\/\/secure.gravatar.com\/avatar\/913acc38ce102bffd85b7d788472a0913fa53d9b1fe59056f1fe4e704a8231cb?s=96&d=mm&r=g","url":"https:\/\/secure.gravatar.com\/avatar\/913acc38ce102bffd85b7d788472a0913fa53d9b1fe59056f1fe4e704a8231cb?s=96&d=mm&r=g","contentUrl":"https:\/\/secure.gravatar.com\/avatar\/913acc38ce102bffd85b7d788472a0913fa53d9b1fe59056f1fe4e704a8231cb?s=96&d=mm&r=g","caption":"gruene_reilingen"},"sameAs":["http:\/\/www.gruene-reilingen.de"],"url":"https:\/\/gruene-reilingen.de\/?author=2"}]}},"_links":{"self":[{"href":"https:\/\/gruene-reilingen.de\/index.php?rest_route=\/wp\/v2\/posts\/2045","targetHints":{"allow":["GET"]}}],"collection":[{"href":"https:\/\/gruene-reilingen.de\/index.php?rest_route=\/wp\/v2\/posts"}],"about":[{"href":"https:\/\/gruene-reilingen.de\/index.php?rest_route=\/wp\/v2\/types\/post"}],"author":[{"embeddable":true,"href":"https:\/\/gruene-reilingen.de\/index.php?rest_route=\/wp\/v2\/users\/2"}],"replies":[{"embeddable":true,"href":"https:\/\/gruene-reilingen.de\/index.php?rest_route=%2Fwp%2Fv2%2Fcomments&post=2045"}],"version-history":[{"count":2,"href":"https:\/\/gruene-reilingen.de\/index.php?rest_route=\/wp\/v2\/posts\/2045\/revisions"}],"predecessor-version":[{"id":2049,"href":"https:\/\/gruene-reilingen.de\/index.php?rest_route=\/wp\/v2\/posts\/2045\/revisions\/2049"}],"wp:attachment":[{"href":"https:\/\/gruene-reilingen.de\/index.php?rest_route=%2Fwp%2Fv2%2Fmedia&parent=2045"}],"wp:term":[{"taxonomy":"category","embeddable":true,"href":"https:\/\/gruene-reilingen.de\/index.php?rest_route=%2Fwp%2Fv2%2Fcategories&post=2045"},{"taxonomy":"post_tag","embeddable":true,"href":"https:\/\/gruene-reilingen.de\/index.php?rest_route=%2Fwp%2Fv2%2Ftags&post=2045"}],"curies":[{"name":"wp","href":"https:\/\/api.w.org\/{rel}","templated":true}]}}