{"id":2103,"date":"2022-02-02T17:54:04","date_gmt":"2022-02-02T17:54:04","guid":{"rendered":"https:\/\/gruene-reilingen.de\/?p=2103"},"modified":"2022-02-02T18:58:45","modified_gmt":"2022-02-02T18:58:45","slug":"reilinger-gruene-begruessen-die-einfuehrung-eines-jugendgemeinderats","status":"publish","type":"post","link":"https:\/\/gruene-reilingen.de\/?p=2103","title":{"rendered":"Reilinger Gr\u00fcne begr\u00fc\u00dfen die Einf\u00fchrung eines Jugendgemeinderats"},"content":{"rendered":"<p>Die Gemeinderatsfraktion B\u00fcndnis&#8217;90\/Die Gr\u00fcnen hat das Vorhaben unterst\u00fctzt und im Gemeinderat f\u00fcr die Einf\u00fchrung eines Jugendgemeinderats gestimmt. Eine aktive Jugendbeteiligung ist aus Sicht der Reilinger Gr\u00fcnen sehr wichtig. Nicht nur die Jugendlichen h\u00e4tten etwas von einer besseren Jugendbeteiligung. Auch die Gemeinde kann von den Ideen und Anregungen der Jugendlichen profitieren, da Fehlinvestitionen besser vermeidbar w\u00e4ren und eine st\u00e4rkere Nutzung, z.B. von Freizeitm\u00f6glichkeiten gegeben w\u00e4re.<\/p>\n<p>Aus diesem Grund wurde bereits im Jahr 2016 ein Haushaltsantrag zur Einf\u00fchrung einer Jugendbeteiligung gestellt. Auch in den Gemeinderatswahlprogrammen 2014 und 2019 haben sich die Gr\u00fcnen f\u00fcr eine bessere Jugendbeteiligung ausgesprochen. Die Wahl zum Jugendgemeinderat soll voraussichtlich am 07.05.2022 stattfinden.<\/p>\n","protected":false},"excerpt":{"rendered":"<p>Die Gemeinderatsfraktion B\u00fcndnis&#8217;90\/Die Gr\u00fcnen hat das Vorhaben unterst\u00fctzt und im Gemeinderat f\u00fcr die Einf\u00fchrung eines Jugendgemeinderats gestimmt. Eine aktive Jugendbeteiligung ist aus Sicht der Reilinger Gr\u00fcnen sehr wichtig. Nicht nur [&hellip;]<\/p>\n","protected":false},"author":-1,"featured_media":0,"comment_status":"open","ping_status":"open","sticky":false,"template":"","format":"standard","meta":{"footnotes":""},"categories":[3],"tags":[],"class_list":["post-2103","post","type-post","status-publish","format-standard","hentry","category-news"],"yoast_head":"<!-- This site is optimized with the Yoast SEO plugin v27.5 - https:\/\/yoast.com\/product\/yoast-seo-wordpress\/ -->\n<title>Reilinger Gr\u00fcne begr\u00fc\u00dfen die Einf\u00fchrung eines Jugendgemeinderats - B\u00dcNDNIS 90\/DIE GR\u00dcNEN REILINGEN<\/title>\n<meta name=\"robots\" content=\"index, follow, max-snippet:-1, max-image-preview:large, max-video-preview:-1\" \/>\n<link rel=\"canonical\" href=\"https:\/\/gruene-reilingen.de\/?p=2103\" \/>\n<meta property=\"og:locale\" content=\"de_DE\" \/>\n<meta property=\"og:type\" content=\"article\" \/>\n<meta property=\"og:title\" content=\"Reilinger Gr\u00fcne begr\u00fc\u00dfen die Einf\u00fchrung eines Jugendgemeinderats - B\u00dcNDNIS 90\/DIE GR\u00dcNEN REILINGEN\" \/>\n<meta property=\"og:description\" content=\"Die Gemeinderatsfraktion B\u00fcndnis&#8217;90\/Die Gr\u00fcnen hat das Vorhaben unterst\u00fctzt und im Gemeinderat f\u00fcr die Einf\u00fchrung eines Jugendgemeinderats gestimmt. Eine aktive Jugendbeteiligung ist aus Sicht der Reilinger Gr\u00fcnen sehr wichtig. Nicht nur [&hellip;]\" \/>\n<meta property=\"og:url\" content=\"https:\/\/gruene-reilingen.de\/?p=2103\" \/>\n<meta property=\"og:site_name\" content=\"B\u00dcNDNIS 90\/DIE GR\u00dcNEN REILINGEN\" \/>\n<meta property=\"article:published_time\" content=\"2022-02-02T17:54:04+00:00\" \/>\n<meta property=\"article:modified_time\" content=\"2022-02-02T18:58:45+00:00\" \/>\n<meta name=\"author\" content=\"gruene_reilingen\" \/>\n<meta name=\"twitter:card\" content=\"summary_large_image\" \/>\n<meta name=\"twitter:label1\" content=\"Verfasst von\" \/>\n\t<meta name=\"twitter:data1\" content=\"gruene_reilingen\" \/>\n\t<meta name=\"twitter:label2\" content=\"Gesch\u00e4tzte Lesezeit\" \/>\n\t<meta name=\"twitter:data2\" content=\"1\u00a0Minute\" \/>\n<script type=\"application\/ld+json\" class=\"yoast-schema-graph\">{\"@context\":\"https:\\\/\\\/schema.org\",\"@graph\":[{\"@type\":\"Article\",\"@id\":\"https:\\\/\\\/gruene-reilingen.de\\\/?p=2103#article\",\"isPartOf\":{\"@id\":\"https:\\\/\\\/gruene-reilingen.de\\\/?p=2103\"},\"author\":{\"name\":\"gruene_reilingen\",\"@id\":\"https:\\\/\\\/gruene-reilingen.de\\\/#\\\/schema\\\/person\\\/f9da928f04550d0db757afd781f08df8\"},\"headline\":\"Reilinger Gr\u00fcne begr\u00fc\u00dfen die Einf\u00fchrung eines Jugendgemeinderats\",\"datePublished\":\"2022-02-02T17:54:04+00:00\",\"dateModified\":\"2022-02-02T18:58:45+00:00\",\"mainEntityOfPage\":{\"@id\":\"https:\\\/\\\/gruene-reilingen.de\\\/?p=2103\"},\"wordCount\":126,\"commentCount\":0,\"articleSection\":[\"News\"],\"inLanguage\":\"de\",\"potentialAction\":[{\"@type\":\"CommentAction\",\"name\":\"Comment\",\"target\":[\"https:\\\/\\\/gruene-reilingen.de\\\/?p=2103#respond\"]}]},{\"@type\":\"WebPage\",\"@id\":\"https:\\\/\\\/gruene-reilingen.de\\\/?p=2103\",\"url\":\"https:\\\/\\\/gruene-reilingen.de\\\/?p=2103\",\"name\":\"Reilinger Gr\u00fcne begr\u00fc\u00dfen die Einf\u00fchrung eines Jugendgemeinderats - B\u00dcNDNIS 90\\\/DIE GR\u00dcNEN REILINGEN\",\"isPartOf\":{\"@id\":\"https:\\\/\\\/gruene-reilingen.de\\\/#website\"},\"datePublished\":\"2022-02-02T17:54:04+00:00\",\"dateModified\":\"2022-02-02T18:58:45+00:00\",\"author\":{\"@id\":\"https:\\\/\\\/gruene-reilingen.de\\\/#\\\/schema\\\/person\\\/f9da928f04550d0db757afd781f08df8\"},\"breadcrumb\":{\"@id\":\"https:\\\/\\\/gruene-reilingen.de\\\/?p=2103#breadcrumb\"},\"inLanguage\":\"de\",\"potentialAction\":[{\"@type\":\"ReadAction\",\"target\":[\"https:\\\/\\\/gruene-reilingen.de\\\/?p=2103\"]}]},{\"@type\":\"BreadcrumbList\",\"@id\":\"https:\\\/\\\/gruene-reilingen.de\\\/?p=2103#breadcrumb\",\"itemListElement\":[{\"@type\":\"ListItem\",\"position\":1,\"name\":\"Startseite\",\"item\":\"https:\\\/\\\/gruene-reilingen.de\\\/\"},{\"@type\":\"ListItem\",\"position\":2,\"name\":\"Reilinger Gr\u00fcne begr\u00fc\u00dfen die Einf\u00fchrung eines Jugendgemeinderats\"}]},{\"@type\":\"WebSite\",\"@id\":\"https:\\\/\\\/gruene-reilingen.de\\\/#website\",\"url\":\"https:\\\/\\\/gruene-reilingen.de\\\/\",\"name\":\"B\u00dcNDNIS 90\\\/DIE GR\u00dcNEN REILINGEN\",\"description\":\"\",\"potentialAction\":[{\"@type\":\"SearchAction\",\"target\":{\"@type\":\"EntryPoint\",\"urlTemplate\":\"https:\\\/\\\/gruene-reilingen.de\\\/?s={search_term_string}\"},\"query-input\":{\"@type\":\"PropertyValueSpecification\",\"valueRequired\":true,\"valueName\":\"search_term_string\"}}],\"inLanguage\":\"de\"},{\"@type\":\"Person\",\"@id\":\"https:\\\/\\\/gruene-reilingen.de\\\/#\\\/schema\\\/person\\\/f9da928f04550d0db757afd781f08df8\",\"name\":\"gruene_reilingen\",\"image\":{\"@type\":\"ImageObject\",\"inLanguage\":\"de\",\"@id\":\"https:\\\/\\\/secure.gravatar.com\\\/avatar\\\/913acc38ce102bffd85b7d788472a0913fa53d9b1fe59056f1fe4e704a8231cb?s=96&d=mm&r=g\",\"url\":\"https:\\\/\\\/secure.gravatar.com\\\/avatar\\\/913acc38ce102bffd85b7d788472a0913fa53d9b1fe59056f1fe4e704a8231cb?s=96&d=mm&r=g\",\"contentUrl\":\"https:\\\/\\\/secure.gravatar.com\\\/avatar\\\/913acc38ce102bffd85b7d788472a0913fa53d9b1fe59056f1fe4e704a8231cb?s=96&d=mm&r=g\",\"caption\":\"gruene_reilingen\"},\"sameAs\":[\"http:\\\/\\\/www.gruene-reilingen.de\"],\"url\":\"https:\\\/\\\/gruene-reilingen.de\\\/?author=2\"}]}<\/script>\n<!-- \/ Yoast SEO plugin. -->","yoast_head_json":{"title":"Reilinger Gr\u00fcne begr\u00fc\u00dfen die Einf\u00fchrung eines Jugendgemeinderats - B\u00dcNDNIS 90\/DIE GR\u00dcNEN REILINGEN","robots":{"index":"index","follow":"follow","max-snippet":"max-snippet:-1","max-image-preview":"max-image-preview:large","max-video-preview":"max-video-preview:-1"},"canonical":"https:\/\/gruene-reilingen.de\/?p=2103","og_locale":"de_DE","og_type":"article","og_title":"Reilinger Gr\u00fcne begr\u00fc\u00dfen die Einf\u00fchrung eines Jugendgemeinderats - B\u00dcNDNIS 90\/DIE GR\u00dcNEN REILINGEN","og_description":"Die Gemeinderatsfraktion B\u00fcndnis&#8217;90\/Die Gr\u00fcnen hat das Vorhaben unterst\u00fctzt und im Gemeinderat f\u00fcr die Einf\u00fchrung eines Jugendgemeinderats gestimmt. Eine aktive Jugendbeteiligung ist aus Sicht der Reilinger Gr\u00fcnen sehr wichtig. Nicht nur [&hellip;]","og_url":"https:\/\/gruene-reilingen.de\/?p=2103","og_site_name":"B\u00dcNDNIS 90\/DIE GR\u00dcNEN REILINGEN","article_published_time":"2022-02-02T17:54:04+00:00","article_modified_time":"2022-02-02T18:58:45+00:00","author":"gruene_reilingen","twitter_card":"summary_large_image","twitter_misc":{"Verfasst von":"gruene_reilingen","Gesch\u00e4tzte Lesezeit":"1\u00a0Minute"},"schema":{"@context":"https:\/\/schema.org","@graph":[{"@type":"Article","@id":"https:\/\/gruene-reilingen.de\/?p=2103#article","isPartOf":{"@id":"https:\/\/gruene-reilingen.de\/?p=2103"},"author":{"name":"gruene_reilingen","@id":"https:\/\/gruene-reilingen.de\/#\/schema\/person\/f9da928f04550d0db757afd781f08df8"},"headline":"Reilinger Gr\u00fcne begr\u00fc\u00dfen die Einf\u00fchrung eines Jugendgemeinderats","datePublished":"2022-02-02T17:54:04+00:00","dateModified":"2022-02-02T18:58:45+00:00","mainEntityOfPage":{"@id":"https:\/\/gruene-reilingen.de\/?p=2103"},"wordCount":126,"commentCount":0,"articleSection":["News"],"inLanguage":"de","potentialAction":[{"@type":"CommentAction","name":"Comment","target":["https:\/\/gruene-reilingen.de\/?p=2103#respond"]}]},{"@type":"WebPage","@id":"https:\/\/gruene-reilingen.de\/?p=2103","url":"https:\/\/gruene-reilingen.de\/?p=2103","name":"Reilinger Gr\u00fcne begr\u00fc\u00dfen die Einf\u00fchrung eines Jugendgemeinderats - B\u00dcNDNIS 90\/DIE GR\u00dcNEN REILINGEN","isPartOf":{"@id":"https:\/\/gruene-reilingen.de\/#website"},"datePublished":"2022-02-02T17:54:04+00:00","dateModified":"2022-02-02T18:58:45+00:00","author":{"@id":"https:\/\/gruene-reilingen.de\/#\/schema\/person\/f9da928f04550d0db757afd781f08df8"},"breadcrumb":{"@id":"https:\/\/gruene-reilingen.de\/?p=2103#breadcrumb"},"inLanguage":"de","potentialAction":[{"@type":"ReadAction","target":["https:\/\/gruene-reilingen.de\/?p=2103"]}]},{"@type":"BreadcrumbList","@id":"https:\/\/gruene-reilingen.de\/?p=2103#breadcrumb","itemListElement":[{"@type":"ListItem","position":1,"name":"Startseite","item":"https:\/\/gruene-reilingen.de\/"},{"@type":"ListItem","position":2,"name":"Reilinger Gr\u00fcne begr\u00fc\u00dfen die Einf\u00fchrung eines Jugendgemeinderats"}]},{"@type":"WebSite","@id":"https:\/\/gruene-reilingen.de\/#website","url":"https:\/\/gruene-reilingen.de\/","name":"B\u00dcNDNIS 90\/DIE GR\u00dcNEN REILINGEN","description":"","potentialAction":[{"@type":"SearchAction","target":{"@type":"EntryPoint","urlTemplate":"https:\/\/gruene-reilingen.de\/?s={search_term_string}"},"query-input":{"@type":"PropertyValueSpecification","valueRequired":true,"valueName":"search_term_string"}}],"inLanguage":"de"},{"@type":"Person","@id":"https:\/\/gruene-reilingen.de\/#\/schema\/person\/f9da928f04550d0db757afd781f08df8","name":"gruene_reilingen","image":{"@type":"ImageObject","inLanguage":"de","@id":"https:\/\/secure.gravatar.com\/avatar\/913acc38ce102bffd85b7d788472a0913fa53d9b1fe59056f1fe4e704a8231cb?s=96&d=mm&r=g","url":"https:\/\/secure.gravatar.com\/avatar\/913acc38ce102bffd85b7d788472a0913fa53d9b1fe59056f1fe4e704a8231cb?s=96&d=mm&r=g","contentUrl":"https:\/\/secure.gravatar.com\/avatar\/913acc38ce102bffd85b7d788472a0913fa53d9b1fe59056f1fe4e704a8231cb?s=96&d=mm&r=g","caption":"gruene_reilingen"},"sameAs":["http:\/\/www.gruene-reilingen.de"],"url":"https:\/\/gruene-reilingen.de\/?author=2"}]}},"_links":{"self":[{"href":"https:\/\/gruene-reilingen.de\/index.php?rest_route=\/wp\/v2\/posts\/2103","targetHints":{"allow":["GET"]}}],"collection":[{"href":"https:\/\/gruene-reilingen.de\/index.php?rest_route=\/wp\/v2\/posts"}],"about":[{"href":"https:\/\/gruene-reilingen.de\/index.php?rest_route=\/wp\/v2\/types\/post"}],"author":[{"embeddable":true,"href":"https:\/\/gruene-reilingen.de\/index.php?rest_route=\/wp\/v2\/users\/2"}],"replies":[{"embeddable":true,"href":"https:\/\/gruene-reilingen.de\/index.php?rest_route=%2Fwp%2Fv2%2Fcomments&post=2103"}],"version-history":[{"count":4,"href":"https:\/\/gruene-reilingen.de\/index.php?rest_route=\/wp\/v2\/posts\/2103\/revisions"}],"predecessor-version":[{"id":2110,"href":"https:\/\/gruene-reilingen.de\/index.php?rest_route=\/wp\/v2\/posts\/2103\/revisions\/2110"}],"wp:attachment":[{"href":"https:\/\/gruene-reilingen.de\/index.php?rest_route=%2Fwp%2Fv2%2Fmedia&parent=2103"}],"wp:term":[{"taxonomy":"category","embeddable":true,"href":"https:\/\/gruene-reilingen.de\/index.php?rest_route=%2Fwp%2Fv2%2Fcategories&post=2103"},{"taxonomy":"post_tag","embeddable":true,"href":"https:\/\/gruene-reilingen.de\/index.php?rest_route=%2Fwp%2Fv2%2Ftags&post=2103"}],"curies":[{"name":"wp","href":"https:\/\/api.w.org\/{rel}","templated":true}]}}