{"id":2126,"date":"2022-02-22T19:56:54","date_gmt":"2022-02-22T19:56:54","guid":{"rendered":"https:\/\/gruene-reilingen.de\/?p=2126"},"modified":"2022-02-22T20:22:51","modified_gmt":"2022-02-22T20:22:51","slug":"haushaltsrede-der-fraktion-buendnis90-die-gruenen","status":"publish","type":"post","link":"https:\/\/gruene-reilingen.de\/?p=2126","title":{"rendered":"Haushaltsrede der Fraktion B\u00fcndnis&#8217;90\/Die Gr\u00fcnen"},"content":{"rendered":"<div class=\"page\" role=\"region\" data-page-number=\"1\" aria-label=\"Seite 1\" data-loaded=\"true\">\n<div class=\"textLayer\"><span dir=\"ltr\" role=\"presentation\">Sehr geehrter Herr B\u00fcrgermeister, sehr geehrte Kolleginnen und Kollegen, sehr geehrte <\/span><span dir=\"ltr\" role=\"presentation\">Damen und Herren, <\/span><\/div>\n<div class=\"textLayer\"><br role=\"presentation<span dir=\"ltr\" role=\"presentation\">die Pandemie hat dem vergangenen Jahr wieder ihren Stempel aufgedr\u00fcckt, nicht zuletzt <\/span><span dir=\"ltr\" role=\"presentation\">auch in fiskalischer Hinsicht. Hofften wir bei der Beratung und Verabschiedung des <\/span><span dir=\"ltr\" role=\"presentation\">letztj\u00e4hrigen Haushalts noch, Covid19 endlich hinter uns lassen zu k\u00f6nnen, hat uns 2021 <\/span><span dir=\"ltr\" role=\"presentation\">eines besseren belehrt. Sicherlich zeichnet sich ein Silberstreif am Horizont ab, was das <\/span><span dir=\"ltr\" role=\"presentation\">n\u00e4chste Jahr angehen wird. Der Haushalt jedoch, den wir heute verabschieden wollen, ist <\/span><span dir=\"ltr\" role=\"presentation\">zutiefst von der Krise gekennzeichnet. <\/span><span dir=\"ltr\" role=\"presentation\">Er steht aber auch f\u00fcr ein zukunftsorientiertes und dynamisches Reilingen, was sich in<\/span> <span dir=\"ltr\" role=\"presentation\">Investitionen in Digitalisierung und Technik, Sicherheit, langfristigen<\/span> <span dir=\"ltr\" role=\"presentation\">Sanierungen und das <\/span><span dir=\"ltr\" role=\"presentation\">Dorfgemeinschaftsleben niederschl\u00e4gt. <\/span> <br role=\"presentation<span dir=\"ltr\" role=\"presentation\">Eine neue EDV-Anlage im Rathaus modernisiert die Arbeit der Verwaltung und kann in den <\/span><span dir=\"ltr\" role=\"presentation\">kommenden Jahren einiges an Geld einsparen. Ebenso erleichtern die Anschaffungen f\u00fcr <\/span><span dir=\"ltr\" role=\"presentation\">unseren Bauhof die Bew\u00e4ltigung seiner Aufgaben und sind zukunftsorientiert. <\/span><span dir=\"ltr\" role=\"presentation\">Durch die Pandemie r\u00fcckte auch die Katastrophenbew\u00e4ltigung in unser aller Fokus. Es <\/span><span dir=\"ltr\" role=\"presentation\">wurde uns bewusst, dass man auf das Unvorhersehbare vorbereitet sein muss. Die <\/span><span dir=\"ltr\" role=\"presentation\">Wahrung der Sicherheit aller B\u00fcrgerinnen und B\u00fcrger muss an erster Stelle stehen. Der <\/span><span dir=\"ltr\" role=\"presentation\">Ausbau der Sirenen und die Notstromversorgung des Rathauses sind l\u00e4ngst \u00fcberf\u00e4llige <\/span><span dir=\"ltr\" role=\"presentation\">Investitionen, die im Ernstfall sowohl Leben retten k\u00f6nnen, als auch die <\/span><span dir=\"ltr\" role=\"presentation\">Katastrophenarbeit \u00fcberhaupt erm\u00f6glichen. An dieser Stelle muss man auch die <\/span><span dir=\"ltr\" role=\"presentation\">Renovierung des B\u00fcrgerb\u00fcros und die daran angegliederten Brandschutzma\u00dfnahmen im <\/span><span dir=\"ltr\" role=\"presentation\">Rathausgeb\u00e4ude erw\u00e4hnen. <\/span><\/div>\n<div><\/div>\n<div class=\"textLayer\"><span dir=\"ltr\" role=\"presentation\">Dort wo Politik gemacht wird, wird h\u00e4ufig nur an die Personengruppen gedacht, die das <\/span><span dir=\"ltr\" role=\"presentation\">Alter des Wahlrechts erreicht haben. Aber grade die junge Generation tr\u00e4gt die <\/span><span dir=\"ltr\" role=\"presentation\">Konsequenzen der Entscheidungen der \u00e4lteren Generationen. <\/span><span dir=\"ltr\" role=\"presentation\">Wir bef\u00fcrworten daher Ausgaben f\u00fcr Kinder und Jugendliche, junge Familien, f\u00fcr Schule <\/span><span dir=\"ltr\" role=\"presentation\">und Kinderbetreuung. Die Personalkosten in den Kinderg\u00e4rten und Krippen sowie die <\/span><span dir=\"ltr\" role=\"presentation\">Investitionen f\u00fcr Schule und Bildung sind besonders hoch, aber aus unserer Sicht auch\u00a0<\/span><span dir=\"ltr\" role=\"presentation\">besonders notwendig.<\/span><span dir=\"ltr\" role=\"presentation\"> Es freut uns, dass auch diese Gruppe Platz im Haushaltsentwurf\u00a0<\/span>gefunden hat. Denn wir m\u00fcssen heute schon an die Reilingerinnen und Reilinger von Morgen denken.<\/div>\n<\/div>\n<div class=\"page\" role=\"region\" data-page-number=\"2\" aria-label=\"Seite 2\" data-loaded=\"true\">\n<div class=\"textLayer\">\n<p><span dir=\"ltr\" role=\"presentation\">Eine Gemeinde wird nicht nur durch Verwaltungsstrukturen verk\u00f6rpert, sondern auch <\/span><span dir=\"ltr\" role=\"presentation\">durch ein aktives Dorfgemeinschaftsleben. Vielfalt, Kultur und Zusammenk\u00fcnfte sind <\/span><span dir=\"ltr\" role=\"presentation\">hierf\u00fcr die Basis. Wir alle freuen uns nach der hoffentlich \u00fcberstandenen Pandemie unsere <\/span><span dir=\"ltr\" role=\"presentation\">Dorfgemeinschaft erneut aufleben zu lassen. Unsere sch\u00f6ne Gemeinde lebt vor allem <\/span><span dir=\"ltr\" role=\"presentation\">durch aktive B\u00fcrgerinnen und B\u00fcrger, sowie durch die Vereine. An dieser Stelle m\u00f6chten <\/span><span dir=\"ltr\" role=\"presentation\">wir all jenen danken, die ihre pers\u00f6nliche Zeit f\u00fcr andere bereitstellen und sich engagieren. <\/span><span dir=\"ltr\" role=\"presentation\">Investitionen in unsere Vereine und in Begegnungsst\u00e4tten, wie etwa das\u00a0<\/span><span dir=\"ltr\" role=\"presentation\">Dorfgemeinschaftshaus, sind daher wichtiger denn je, denn sie bilden das Herzst\u00fccks <\/span><span dir=\"ltr\" role=\"presentation\">Reilingens. Wir bitten daher die Gemeinde, immer wieder in den regen Austausch mit den <\/span><span dir=\"ltr\" role=\"presentation\">Vereinsvorst\u00e4nden zu gehen, um deren Bed\u00fcrfnisse zu erkennen und sie so optimal in den <\/span><span dir=\"ltr\" role=\"presentation\">Haushalt einflie\u00dfen zu lassen. <\/span><span dir=\"ltr\" role=\"presentation\">Wollen wir aber bei der Bildung sparen? Oder bei der Versorgung unserer<\/span><span dir=\"ltr\" role=\"presentation\"> Kleinsten? Bei <\/span><span dir=\"ltr\" role=\"presentation\">der Sicherheit? Bei unseren Vereinen und Gruppierungen, bei der Dorfgemeinschaft <\/span><span dir=\"ltr\" role=\"presentation\">selbst? <\/span><span dir=\"ltr\" role=\"presentation\">Wie in den letzen Jahren m\u00fcssen wir als Gr\u00fcne Fraktion den Finger in die Wunde legen: <\/span><span dir=\"ltr\" role=\"presentation\">Konkrete Investitionen<\/span> <span dir=\"ltr\" role=\"presentation\">in Nachhaltigkeit und Umweltschutz liegen im Haushalt 2022 erneut <\/span><span dir=\"ltr\" role=\"presentation\">nicht vor. <\/span><span dir=\"ltr\" role=\"presentation\">Von einer Antragstellung haben wir jedoch aufgrund der schlechten <\/span><span dir=\"ltr\" role=\"presentation\">Haushaltslage abgesehen. <\/span><span dir=\"ltr\" role=\"presentation\">In den kommenden Jahren aber wird es unser aller Aufgabe sein, die bislang <\/span><span dir=\"ltr\" role=\"presentation\">vernachl\u00e4ssigte Klimakrise wieder in den Fokus zu r\u00fccken. Umweltschutz und <\/span><span dir=\"ltr\" role=\"presentation\">Nachhaltigkeit, sowie Anpassungen an den fortschreitenden Klimawandel werden uns vor <\/span><span dir=\"ltr\" role=\"presentation\">gewaltige Herausforderungen stellen. <\/span><span dir=\"ltr\" role=\"presentation\">Die einzubringenden Investitionen f\u00fcr das vor uns liegende Jahr sind f\u00fcr die Zukunft <\/span><span dir=\"ltr\" role=\"presentation\">unseres Dorfes notwendig und unerl\u00e4sslich. Seien wir nicht stolz darauf, Schulden zu <\/span><span dir=\"ltr\" role=\"presentation\">machen. Seien wir stolz darauf, trotz der Krise auf finanziell halbwegs soliden Beinen zu <\/span><span dir=\"ltr\" role=\"presentation\">stehen. <\/span><\/p>\n<\/div>\n<\/div>\n<div class=\"page\" role=\"region\" data-page-number=\"3\" aria-label=\"Seite 3\" data-loaded=\"true\">\n<div class=\"canvasWrapper\"><\/div>\n<div class=\"textLayer\"><span dir=\"ltr\" role=\"presentation\">Die Fraktion B\u00fcndnis 90\/Die Gr\u00fcnen stimmt dem vorgelegten Haushaltsentwurf sowie den <\/span><span dir=\"ltr\" role=\"presentation\">Wirtschaftspl\u00e4nen f\u00fcr 2022 zu. <\/span><span dir=\"ltr\" role=\"presentation\">Wir bedanken uns bei Herrn B\u00fcrgermeister Weisbrod, Herrn K\u00e4mmerer<\/span><span dir=\"ltr\" role=\"presentation\"> Bickle und den <\/span><span dir=\"ltr\" role=\"presentation\">Mitarbeiterinnen und Mitarbeitern der K\u00e4mmerei und der Verwaltung.<\/span><\/div>\n<\/div>\n<div><\/div>\n<div><\/div>\n<div>Lisa Dorn<\/div>\n<div>Fraktionssprecherin<\/div>\n<div>B\u00fcndnis&#8217;90\/Die Gr\u00fcnen<\/div>\n","protected":false},"excerpt":{"rendered":"<p>Sehr geehrter Herr B\u00fcrgermeister, sehr geehrte Kolleginnen und Kollegen, sehr geehrte Damen und Herren,<\/p>\n","protected":false},"author":-1,"featured_media":0,"comment_status":"open","ping_status":"open","sticky":false,"template":"","format":"standard","meta":{"footnotes":""},"categories":[3],"tags":[],"class_list":["post-2126","post","type-post","status-publish","format-standard","hentry","category-news"],"yoast_head":"<!-- This site is optimized with the Yoast SEO plugin v27.5 - https:\/\/yoast.com\/product\/yoast-seo-wordpress\/ -->\n<title>Haushaltsrede der Fraktion B\u00fcndnis&#039;90\/Die Gr\u00fcnen - B\u00dcNDNIS 90\/DIE GR\u00dcNEN REILINGEN<\/title>\n<meta name=\"robots\" content=\"index, follow, max-snippet:-1, max-image-preview:large, max-video-preview:-1\" \/>\n<link rel=\"canonical\" href=\"https:\/\/gruene-reilingen.de\/?p=2126\" \/>\n<meta property=\"og:locale\" content=\"de_DE\" \/>\n<meta property=\"og:type\" content=\"article\" \/>\n<meta property=\"og:title\" content=\"Haushaltsrede der Fraktion B\u00fcndnis&#039;90\/Die Gr\u00fcnen - B\u00dcNDNIS 90\/DIE GR\u00dcNEN REILINGEN\" \/>\n<meta property=\"og:description\" content=\"Sehr geehrter Herr B\u00fcrgermeister, sehr geehrte Kolleginnen und Kollegen, sehr geehrte Damen und Herren,\" \/>\n<meta property=\"og:url\" content=\"https:\/\/gruene-reilingen.de\/?p=2126\" \/>\n<meta property=\"og:site_name\" content=\"B\u00dcNDNIS 90\/DIE GR\u00dcNEN REILINGEN\" \/>\n<meta property=\"article:published_time\" content=\"2022-02-22T19:56:54+00:00\" \/>\n<meta property=\"article:modified_time\" content=\"2022-02-22T20:22:51+00:00\" \/>\n<meta name=\"author\" content=\"gruene_reilingen\" \/>\n<meta name=\"twitter:card\" content=\"summary_large_image\" \/>\n<meta name=\"twitter:label1\" content=\"Verfasst von\" \/>\n\t<meta name=\"twitter:data1\" content=\"gruene_reilingen\" \/>\n<script type=\"application\/ld+json\" class=\"yoast-schema-graph\">{\"@context\":\"https:\\\/\\\/schema.org\",\"@graph\":[{\"@type\":\"Article\",\"@id\":\"https:\\\/\\\/gruene-reilingen.de\\\/?p=2126#article\",\"isPartOf\":{\"@id\":\"https:\\\/\\\/gruene-reilingen.de\\\/?p=2126\"},\"author\":{\"name\":\"gruene_reilingen\",\"@id\":\"https:\\\/\\\/gruene-reilingen.de\\\/#\\\/schema\\\/person\\\/f9da928f04550d0db757afd781f08df8\"},\"headline\":\"Haushaltsrede der Fraktion B\u00fcndnis&#8217;90\\\/Die Gr\u00fcnen\",\"datePublished\":\"2022-02-22T19:56:54+00:00\",\"dateModified\":\"2022-02-22T20:22:51+00:00\",\"mainEntityOfPage\":{\"@id\":\"https:\\\/\\\/gruene-reilingen.de\\\/?p=2126\"},\"wordCount\":23,\"commentCount\":0,\"articleSection\":[\"News\"],\"inLanguage\":\"de\",\"potentialAction\":[{\"@type\":\"CommentAction\",\"name\":\"Comment\",\"target\":[\"https:\\\/\\\/gruene-reilingen.de\\\/?p=2126#respond\"]}]},{\"@type\":\"WebPage\",\"@id\":\"https:\\\/\\\/gruene-reilingen.de\\\/?p=2126\",\"url\":\"https:\\\/\\\/gruene-reilingen.de\\\/?p=2126\",\"name\":\"Haushaltsrede der Fraktion B\u00fcndnis'90\\\/Die Gr\u00fcnen - B\u00dcNDNIS 90\\\/DIE GR\u00dcNEN REILINGEN\",\"isPartOf\":{\"@id\":\"https:\\\/\\\/gruene-reilingen.de\\\/#website\"},\"datePublished\":\"2022-02-22T19:56:54+00:00\",\"dateModified\":\"2022-02-22T20:22:51+00:00\",\"author\":{\"@id\":\"https:\\\/\\\/gruene-reilingen.de\\\/#\\\/schema\\\/person\\\/f9da928f04550d0db757afd781f08df8\"},\"breadcrumb\":{\"@id\":\"https:\\\/\\\/gruene-reilingen.de\\\/?p=2126#breadcrumb\"},\"inLanguage\":\"de\",\"potentialAction\":[{\"@type\":\"ReadAction\",\"target\":[\"https:\\\/\\\/gruene-reilingen.de\\\/?p=2126\"]}]},{\"@type\":\"BreadcrumbList\",\"@id\":\"https:\\\/\\\/gruene-reilingen.de\\\/?p=2126#breadcrumb\",\"itemListElement\":[{\"@type\":\"ListItem\",\"position\":1,\"name\":\"Startseite\",\"item\":\"https:\\\/\\\/gruene-reilingen.de\\\/\"},{\"@type\":\"ListItem\",\"position\":2,\"name\":\"Haushaltsrede der Fraktion B\u00fcndnis&#8217;90\\\/Die Gr\u00fcnen\"}]},{\"@type\":\"WebSite\",\"@id\":\"https:\\\/\\\/gruene-reilingen.de\\\/#website\",\"url\":\"https:\\\/\\\/gruene-reilingen.de\\\/\",\"name\":\"B\u00dcNDNIS 90\\\/DIE GR\u00dcNEN REILINGEN\",\"description\":\"\",\"potentialAction\":[{\"@type\":\"SearchAction\",\"target\":{\"@type\":\"EntryPoint\",\"urlTemplate\":\"https:\\\/\\\/gruene-reilingen.de\\\/?s={search_term_string}\"},\"query-input\":{\"@type\":\"PropertyValueSpecification\",\"valueRequired\":true,\"valueName\":\"search_term_string\"}}],\"inLanguage\":\"de\"},{\"@type\":\"Person\",\"@id\":\"https:\\\/\\\/gruene-reilingen.de\\\/#\\\/schema\\\/person\\\/f9da928f04550d0db757afd781f08df8\",\"name\":\"gruene_reilingen\",\"image\":{\"@type\":\"ImageObject\",\"inLanguage\":\"de\",\"@id\":\"https:\\\/\\\/secure.gravatar.com\\\/avatar\\\/913acc38ce102bffd85b7d788472a0913fa53d9b1fe59056f1fe4e704a8231cb?s=96&d=mm&r=g\",\"url\":\"https:\\\/\\\/secure.gravatar.com\\\/avatar\\\/913acc38ce102bffd85b7d788472a0913fa53d9b1fe59056f1fe4e704a8231cb?s=96&d=mm&r=g\",\"contentUrl\":\"https:\\\/\\\/secure.gravatar.com\\\/avatar\\\/913acc38ce102bffd85b7d788472a0913fa53d9b1fe59056f1fe4e704a8231cb?s=96&d=mm&r=g\",\"caption\":\"gruene_reilingen\"},\"sameAs\":[\"http:\\\/\\\/www.gruene-reilingen.de\"],\"url\":\"https:\\\/\\\/gruene-reilingen.de\\\/?author=2\"}]}<\/script>\n<!-- \/ Yoast SEO plugin. -->","yoast_head_json":{"title":"Haushaltsrede der Fraktion B\u00fcndnis'90\/Die Gr\u00fcnen - B\u00dcNDNIS 90\/DIE GR\u00dcNEN REILINGEN","robots":{"index":"index","follow":"follow","max-snippet":"max-snippet:-1","max-image-preview":"max-image-preview:large","max-video-preview":"max-video-preview:-1"},"canonical":"https:\/\/gruene-reilingen.de\/?p=2126","og_locale":"de_DE","og_type":"article","og_title":"Haushaltsrede der Fraktion B\u00fcndnis'90\/Die Gr\u00fcnen - B\u00dcNDNIS 90\/DIE GR\u00dcNEN REILINGEN","og_description":"Sehr geehrter Herr B\u00fcrgermeister, sehr geehrte Kolleginnen und Kollegen, sehr geehrte Damen und Herren,","og_url":"https:\/\/gruene-reilingen.de\/?p=2126","og_site_name":"B\u00dcNDNIS 90\/DIE GR\u00dcNEN REILINGEN","article_published_time":"2022-02-22T19:56:54+00:00","article_modified_time":"2022-02-22T20:22:51+00:00","author":"gruene_reilingen","twitter_card":"summary_large_image","twitter_misc":{"Verfasst von":"gruene_reilingen"},"schema":{"@context":"https:\/\/schema.org","@graph":[{"@type":"Article","@id":"https:\/\/gruene-reilingen.de\/?p=2126#article","isPartOf":{"@id":"https:\/\/gruene-reilingen.de\/?p=2126"},"author":{"name":"gruene_reilingen","@id":"https:\/\/gruene-reilingen.de\/#\/schema\/person\/f9da928f04550d0db757afd781f08df8"},"headline":"Haushaltsrede der Fraktion B\u00fcndnis&#8217;90\/Die Gr\u00fcnen","datePublished":"2022-02-22T19:56:54+00:00","dateModified":"2022-02-22T20:22:51+00:00","mainEntityOfPage":{"@id":"https:\/\/gruene-reilingen.de\/?p=2126"},"wordCount":23,"commentCount":0,"articleSection":["News"],"inLanguage":"de","potentialAction":[{"@type":"CommentAction","name":"Comment","target":["https:\/\/gruene-reilingen.de\/?p=2126#respond"]}]},{"@type":"WebPage","@id":"https:\/\/gruene-reilingen.de\/?p=2126","url":"https:\/\/gruene-reilingen.de\/?p=2126","name":"Haushaltsrede der Fraktion B\u00fcndnis'90\/Die Gr\u00fcnen - B\u00dcNDNIS 90\/DIE GR\u00dcNEN REILINGEN","isPartOf":{"@id":"https:\/\/gruene-reilingen.de\/#website"},"datePublished":"2022-02-22T19:56:54+00:00","dateModified":"2022-02-22T20:22:51+00:00","author":{"@id":"https:\/\/gruene-reilingen.de\/#\/schema\/person\/f9da928f04550d0db757afd781f08df8"},"breadcrumb":{"@id":"https:\/\/gruene-reilingen.de\/?p=2126#breadcrumb"},"inLanguage":"de","potentialAction":[{"@type":"ReadAction","target":["https:\/\/gruene-reilingen.de\/?p=2126"]}]},{"@type":"BreadcrumbList","@id":"https:\/\/gruene-reilingen.de\/?p=2126#breadcrumb","itemListElement":[{"@type":"ListItem","position":1,"name":"Startseite","item":"https:\/\/gruene-reilingen.de\/"},{"@type":"ListItem","position":2,"name":"Haushaltsrede der Fraktion B\u00fcndnis&#8217;90\/Die Gr\u00fcnen"}]},{"@type":"WebSite","@id":"https:\/\/gruene-reilingen.de\/#website","url":"https:\/\/gruene-reilingen.de\/","name":"B\u00dcNDNIS 90\/DIE GR\u00dcNEN REILINGEN","description":"","potentialAction":[{"@type":"SearchAction","target":{"@type":"EntryPoint","urlTemplate":"https:\/\/gruene-reilingen.de\/?s={search_term_string}"},"query-input":{"@type":"PropertyValueSpecification","valueRequired":true,"valueName":"search_term_string"}}],"inLanguage":"de"},{"@type":"Person","@id":"https:\/\/gruene-reilingen.de\/#\/schema\/person\/f9da928f04550d0db757afd781f08df8","name":"gruene_reilingen","image":{"@type":"ImageObject","inLanguage":"de","@id":"https:\/\/secure.gravatar.com\/avatar\/913acc38ce102bffd85b7d788472a0913fa53d9b1fe59056f1fe4e704a8231cb?s=96&d=mm&r=g","url":"https:\/\/secure.gravatar.com\/avatar\/913acc38ce102bffd85b7d788472a0913fa53d9b1fe59056f1fe4e704a8231cb?s=96&d=mm&r=g","contentUrl":"https:\/\/secure.gravatar.com\/avatar\/913acc38ce102bffd85b7d788472a0913fa53d9b1fe59056f1fe4e704a8231cb?s=96&d=mm&r=g","caption":"gruene_reilingen"},"sameAs":["http:\/\/www.gruene-reilingen.de"],"url":"https:\/\/gruene-reilingen.de\/?author=2"}]}},"_links":{"self":[{"href":"https:\/\/gruene-reilingen.de\/index.php?rest_route=\/wp\/v2\/posts\/2126","targetHints":{"allow":["GET"]}}],"collection":[{"href":"https:\/\/gruene-reilingen.de\/index.php?rest_route=\/wp\/v2\/posts"}],"about":[{"href":"https:\/\/gruene-reilingen.de\/index.php?rest_route=\/wp\/v2\/types\/post"}],"author":[{"embeddable":true,"href":"https:\/\/gruene-reilingen.de\/index.php?rest_route=\/wp\/v2\/users\/2"}],"replies":[{"embeddable":true,"href":"https:\/\/gruene-reilingen.de\/index.php?rest_route=%2Fwp%2Fv2%2Fcomments&post=2126"}],"version-history":[{"count":8,"href":"https:\/\/gruene-reilingen.de\/index.php?rest_route=\/wp\/v2\/posts\/2126\/revisions"}],"predecessor-version":[{"id":2134,"href":"https:\/\/gruene-reilingen.de\/index.php?rest_route=\/wp\/v2\/posts\/2126\/revisions\/2134"}],"wp:attachment":[{"href":"https:\/\/gruene-reilingen.de\/index.php?rest_route=%2Fwp%2Fv2%2Fmedia&parent=2126"}],"wp:term":[{"taxonomy":"category","embeddable":true,"href":"https:\/\/gruene-reilingen.de\/index.php?rest_route=%2Fwp%2Fv2%2Fcategories&post=2126"},{"taxonomy":"post_tag","embeddable":true,"href":"https:\/\/gruene-reilingen.de\/index.php?rest_route=%2Fwp%2Fv2%2Ftags&post=2126"}],"curies":[{"name":"wp","href":"https:\/\/api.w.org\/{rel}","templated":true}]}}