{"id":2251,"date":"2022-08-13T09:00:27","date_gmt":"2022-08-13T09:00:27","guid":{"rendered":"https:\/\/gruene-reilingen.de\/?p=2251"},"modified":"2022-08-13T09:02:16","modified_gmt":"2022-08-13T09:02:16","slug":"fahrradexkursion-am-kriegbach-mit-dr-andre-baumann","status":"publish","type":"post","link":"https:\/\/gruene-reilingen.de\/?p=2251","title":{"rendered":"Fahrradexkursion am Kriegbach mit Dr. Andre Baumann"},"content":{"rendered":"<p>Hitze und Trockenheit setzen unseren B\u00e4chen und Fl\u00fcssen zu. Der Kriegbach in Altlu\u00dfheim\u00a0und Reilingen\u00a0f\u00fchrt nur noch wenig Wasser, letztes Jahr fiel er trocken. Seit Herbst 21 gibts einen Probebetrieb: Es wird mehr Wasser vom Kraichbach in den Kriegbach geleitet. Aber im Kraichbach ist derzeit so wenig Wasser, so dass zu bef\u00fcrchten ist, dass in wenigen Tagen der Kriegbach wieder trockenf\u00e4llt, weil kein Wasser mehr abgezwackt werden kann. Das w\u00e4re f\u00fcr die Gew\u00e4sserfauna des Kriegbachs eine Katastrophe. Zur abendlichen Radwanderung kamen rund 40 bis 50 Teilnehmer*innen. Danke an den ASV 1960 Reilingen und den BUND Ortsverband Hockenheimer Rheinebene f\u00fcr das Engagement f\u00fcr den Kriegbach und die Beitr\u00e4ge bei der Exkursion.<\/p>\n<p><a href=\"https:\/\/gruene-reilingen.de\/wp-content\/uploads\/2022\/08\/Kriegbach2.jpeg\"><img decoding=\"async\" class=\"aligncenter size-full wp-image-2253\" src=\"https:\/\/gruene-reilingen.de\/wp-content\/uploads\/2022\/08\/Kriegbach2.jpeg\" alt=\"\" width=\"1536\" height=\"2048<\/a srcset=\"https:\/\/gruene-reilingen.de\/wp-content\/uploads\/2022\/08\/Kriegbach2.jpeg 1536w, https:\/\/gruene-reilingen.de\/wp-content\/uploads\/2022\/08\/Kriegbach2-768x1024.jpeg 768w\" sizes=\"(max-width: 1536px) 100vw, 1536px\" \/><\/p>\n<p><a href=\"https:\/\/gruene-reilingen.de\/wp-content\/uploads\/2022\/08\/Kriegbach3.jpeg\"><img decoding=\"async\" class=\"aligncenter size-full wp-image-2254\" src=\"https:\/\/gruene-reilingen.de\/wp-content\/uploads\/2022\/08\/Kriegbach3.jpeg\" alt=\"\" width=\"541\" height=\"960<\/a><\/p>\n<p><a href=\"https:\/\/gruene-reilingen.de\/wp-content\/uploads\/2022\/08\/Kriegbach1.jpeg\"><img decoding=\"async\" class=\"aligncenter size-full wp-image-2252\" src=\"https:\/\/gruene-reilingen.de\/wp-content\/uploads\/2022\/08\/Kriegbach1.jpeg\" alt=\"\" width=\"516\" height=\"612<\/a><\/p>\n","protected":false},"excerpt":{"rendered":"<p>Hitze und Trockenheit setzen unseren B\u00e4chen und Fl\u00fcssen zu. Der Kriegbach in Altlu\u00dfheim\u00a0und Reilingen\u00a0f\u00fchrt nur noch wenig Wasser, letztes Jahr fiel er trocken. Seit Herbst 21 gibts einen Probebetrieb: Es [&hellip;]<\/p>\n","protected":false},"author":-1,"featured_media":0,"comment_status":"open","ping_status":"open","sticky":false,"template":"","format":"standard","meta":{"footnotes":""},"categories":[3],"tags":[],"class_list":["post-2251","post","type-post","status-publish","format-standard","hentry","category-news"],"yoast_head":"<!-- This site is optimized with the Yoast SEO plugin v27.5 - https:\/\/yoast.com\/product\/yoast-seo-wordpress\/ -->\n<title>Fahrradexkursion am Kriegbach mit Dr. Andre Baumann - B\u00dcNDNIS 90\/DIE GR\u00dcNEN REILINGEN<\/title>\n<meta name=\"robots\" content=\"index, follow, max-snippet:-1, max-image-preview:large, max-video-preview:-1\" \/>\n<link rel=\"canonical\" href=\"https:\/\/gruene-reilingen.de\/?p=2251\" \/>\n<meta property=\"og:locale\" content=\"de_DE\" \/>\n<meta property=\"og:type\" content=\"article\" \/>\n<meta property=\"og:title\" content=\"Fahrradexkursion am Kriegbach mit Dr. Andre Baumann - B\u00dcNDNIS 90\/DIE GR\u00dcNEN REILINGEN\" \/>\n<meta property=\"og:description\" content=\"Hitze und Trockenheit setzen unseren B\u00e4chen und Fl\u00fcssen zu. Der Kriegbach in Altlu\u00dfheim\u00a0und Reilingen\u00a0f\u00fchrt nur noch wenig Wasser, letztes Jahr fiel er trocken. Seit Herbst 21 gibts einen Probebetrieb: Es [&hellip;]\" \/>\n<meta property=\"og:url\" content=\"https:\/\/gruene-reilingen.de\/?p=2251\" \/>\n<meta property=\"og:site_name\" content=\"B\u00dcNDNIS 90\/DIE GR\u00dcNEN REILINGEN\" \/>\n<meta property=\"article:published_time\" content=\"2022-08-13T09:00:27+00:00\" \/>\n<meta property=\"article:modified_time\" content=\"2022-08-13T09:02:16+00:00\" \/>\n<meta property=\"og:image\" content=\"https:\/\/gruene-reilingen.de\/wp-content\/uploads\/2022\/08\/Kriegbach2.jpeg\" \/>\n<meta name=\"author\" content=\"gruene_reilingen\" \/>\n<meta name=\"twitter:card\" content=\"summary_large_image\" \/>\n<meta name=\"twitter:label1\" content=\"Verfasst von\" \/>\n\t<meta name=\"twitter:data1\" content=\"gruene_reilingen\" \/>\n\t<meta name=\"twitter:label2\" content=\"Gesch\u00e4tzte Lesezeit\" \/>\n\t<meta name=\"twitter:data2\" content=\"1\u00a0Minute\" \/>\n<script type=\"application\/ld+json\" class=\"yoast-schema-graph\">{\"@context\":\"https:\\\/\\\/schema.org\",\"@graph\":[{\"@type\":\"Article\",\"@id\":\"https:\\\/\\\/gruene-reilingen.de\\\/?p=2251#article\",\"isPartOf\":{\"@id\":\"https:\\\/\\\/gruene-reilingen.de\\\/?p=2251\"},\"author\":{\"name\":\"gruene_reilingen\",\"@id\":\"https:\\\/\\\/gruene-reilingen.de\\\/#\\\/schema\\\/person\\\/f9da928f04550d0db757afd781f08df8\"},\"headline\":\"Fahrradexkursion am Kriegbach mit Dr. Andre Baumann\",\"datePublished\":\"2022-08-13T09:00:27+00:00\",\"dateModified\":\"2022-08-13T09:02:16+00:00\",\"mainEntityOfPage\":{\"@id\":\"https:\\\/\\\/gruene-reilingen.de\\\/?p=2251\"},\"wordCount\":127,\"commentCount\":0,\"image\":{\"@id\":\"https:\\\/\\\/gruene-reilingen.de\\\/?p=2251#primaryimage\"},\"thumbnailUrl\":\"https:\\\/\\\/gruene-reilingen.de\\\/wp-content\\\/uploads\\\/2022\\\/08\\\/Kriegbach2.jpeg\",\"articleSection\":[\"News\"],\"inLanguage\":\"de\",\"potentialAction\":[{\"@type\":\"CommentAction\",\"name\":\"Comment\",\"target\":[\"https:\\\/\\\/gruene-reilingen.de\\\/?p=2251#respond\"]}]},{\"@type\":\"WebPage\",\"@id\":\"https:\\\/\\\/gruene-reilingen.de\\\/?p=2251\",\"url\":\"https:\\\/\\\/gruene-reilingen.de\\\/?p=2251\",\"name\":\"Fahrradexkursion am Kriegbach mit Dr. Andre Baumann - B\u00dcNDNIS 90\\\/DIE GR\u00dcNEN REILINGEN\",\"isPartOf\":{\"@id\":\"https:\\\/\\\/gruene-reilingen.de\\\/#website\"},\"primaryImageOfPage\":{\"@id\":\"https:\\\/\\\/gruene-reilingen.de\\\/?p=2251#primaryimage\"},\"image\":{\"@id\":\"https:\\\/\\\/gruene-reilingen.de\\\/?p=2251#primaryimage\"},\"thumbnailUrl\":\"https:\\\/\\\/gruene-reilingen.de\\\/wp-content\\\/uploads\\\/2022\\\/08\\\/Kriegbach2.jpeg\",\"datePublished\":\"2022-08-13T09:00:27+00:00\",\"dateModified\":\"2022-08-13T09:02:16+00:00\",\"author\":{\"@id\":\"https:\\\/\\\/gruene-reilingen.de\\\/#\\\/schema\\\/person\\\/f9da928f04550d0db757afd781f08df8\"},\"breadcrumb\":{\"@id\":\"https:\\\/\\\/gruene-reilingen.de\\\/?p=2251#breadcrumb\"},\"inLanguage\":\"de\",\"potentialAction\":[{\"@type\":\"ReadAction\",\"target\":[\"https:\\\/\\\/gruene-reilingen.de\\\/?p=2251\"]}]},{\"@type\":\"ImageObject\",\"inLanguage\":\"de\",\"@id\":\"https:\\\/\\\/gruene-reilingen.de\\\/?p=2251#primaryimage\",\"url\":\"https:\\\/\\\/gruene-reilingen.de\\\/wp-content\\\/uploads\\\/2022\\\/08\\\/Kriegbach2.jpeg\",\"contentUrl\":\"https:\\\/\\\/gruene-reilingen.de\\\/wp-content\\\/uploads\\\/2022\\\/08\\\/Kriegbach2.jpeg\"},{\"@type\":\"BreadcrumbList\",\"@id\":\"https:\\\/\\\/gruene-reilingen.de\\\/?p=2251#breadcrumb\",\"itemListElement\":[{\"@type\":\"ListItem\",\"position\":1,\"name\":\"Startseite\",\"item\":\"https:\\\/\\\/gruene-reilingen.de\\\/\"},{\"@type\":\"ListItem\",\"position\":2,\"name\":\"Fahrradexkursion am Kriegbach mit Dr. Andre Baumann\"}]},{\"@type\":\"WebSite\",\"@id\":\"https:\\\/\\\/gruene-reilingen.de\\\/#website\",\"url\":\"https:\\\/\\\/gruene-reilingen.de\\\/\",\"name\":\"B\u00dcNDNIS 90\\\/DIE GR\u00dcNEN REILINGEN\",\"description\":\"\",\"potentialAction\":[{\"@type\":\"SearchAction\",\"target\":{\"@type\":\"EntryPoint\",\"urlTemplate\":\"https:\\\/\\\/gruene-reilingen.de\\\/?s={search_term_string}\"},\"query-input\":{\"@type\":\"PropertyValueSpecification\",\"valueRequired\":true,\"valueName\":\"search_term_string\"}}],\"inLanguage\":\"de\"},{\"@type\":\"Person\",\"@id\":\"https:\\\/\\\/gruene-reilingen.de\\\/#\\\/schema\\\/person\\\/f9da928f04550d0db757afd781f08df8\",\"name\":\"gruene_reilingen\",\"image\":{\"@type\":\"ImageObject\",\"inLanguage\":\"de\",\"@id\":\"https:\\\/\\\/secure.gravatar.com\\\/avatar\\\/913acc38ce102bffd85b7d788472a0913fa53d9b1fe59056f1fe4e704a8231cb?s=96&d=mm&r=g\",\"url\":\"https:\\\/\\\/secure.gravatar.com\\\/avatar\\\/913acc38ce102bffd85b7d788472a0913fa53d9b1fe59056f1fe4e704a8231cb?s=96&d=mm&r=g\",\"contentUrl\":\"https:\\\/\\\/secure.gravatar.com\\\/avatar\\\/913acc38ce102bffd85b7d788472a0913fa53d9b1fe59056f1fe4e704a8231cb?s=96&d=mm&r=g\",\"caption\":\"gruene_reilingen\"},\"sameAs\":[\"http:\\\/\\\/www.gruene-reilingen.de\"],\"url\":\"https:\\\/\\\/gruene-reilingen.de\\\/?author=2\"}]}<\/script>\n<!-- \/ Yoast SEO plugin. -->","yoast_head_json":{"title":"Fahrradexkursion am Kriegbach mit Dr. Andre Baumann - B\u00dcNDNIS 90\/DIE GR\u00dcNEN REILINGEN","robots":{"index":"index","follow":"follow","max-snippet":"max-snippet:-1","max-image-preview":"max-image-preview:large","max-video-preview":"max-video-preview:-1"},"canonical":"https:\/\/gruene-reilingen.de\/?p=2251","og_locale":"de_DE","og_type":"article","og_title":"Fahrradexkursion am Kriegbach mit Dr. Andre Baumann - B\u00dcNDNIS 90\/DIE GR\u00dcNEN REILINGEN","og_description":"Hitze und Trockenheit setzen unseren B\u00e4chen und Fl\u00fcssen zu. Der Kriegbach in Altlu\u00dfheim\u00a0und Reilingen\u00a0f\u00fchrt nur noch wenig Wasser, letztes Jahr fiel er trocken. Seit Herbst 21 gibts einen Probebetrieb: Es [&hellip;]","og_url":"https:\/\/gruene-reilingen.de\/?p=2251","og_site_name":"B\u00dcNDNIS 90\/DIE GR\u00dcNEN REILINGEN","article_published_time":"2022-08-13T09:00:27+00:00","article_modified_time":"2022-08-13T09:02:16+00:00","og_image":[{"url":"https:\/\/gruene-reilingen.de\/wp-content\/uploads\/2022\/08\/Kriegbach2.jpeg","type":"","width":"","height":""}],"author":"gruene_reilingen","twitter_card":"summary_large_image","twitter_misc":{"Verfasst von":"gruene_reilingen","Gesch\u00e4tzte Lesezeit":"1\u00a0Minute"},"schema":{"@context":"https:\/\/schema.org","@graph":[{"@type":"Article","@id":"https:\/\/gruene-reilingen.de\/?p=2251#article","isPartOf":{"@id":"https:\/\/gruene-reilingen.de\/?p=2251"},"author":{"name":"gruene_reilingen","@id":"https:\/\/gruene-reilingen.de\/#\/schema\/person\/f9da928f04550d0db757afd781f08df8"},"headline":"Fahrradexkursion am Kriegbach mit Dr. Andre Baumann","datePublished":"2022-08-13T09:00:27+00:00","dateModified":"2022-08-13T09:02:16+00:00","mainEntityOfPage":{"@id":"https:\/\/gruene-reilingen.de\/?p=2251"},"wordCount":127,"commentCount":0,"image":{"@id":"https:\/\/gruene-reilingen.de\/?p=2251#primaryimage"},"thumbnailUrl":"https:\/\/gruene-reilingen.de\/wp-content\/uploads\/2022\/08\/Kriegbach2.jpeg","articleSection":["News"],"inLanguage":"de","potentialAction":[{"@type":"CommentAction","name":"Comment","target":["https:\/\/gruene-reilingen.de\/?p=2251#respond"]}]},{"@type":"WebPage","@id":"https:\/\/gruene-reilingen.de\/?p=2251","url":"https:\/\/gruene-reilingen.de\/?p=2251","name":"Fahrradexkursion am Kriegbach mit Dr. Andre Baumann - B\u00dcNDNIS 90\/DIE GR\u00dcNEN REILINGEN","isPartOf":{"@id":"https:\/\/gruene-reilingen.de\/#website"},"primaryImageOfPage":{"@id":"https:\/\/gruene-reilingen.de\/?p=2251#primaryimage"},"image":{"@id":"https:\/\/gruene-reilingen.de\/?p=2251#primaryimage"},"thumbnailUrl":"https:\/\/gruene-reilingen.de\/wp-content\/uploads\/2022\/08\/Kriegbach2.jpeg","datePublished":"2022-08-13T09:00:27+00:00","dateModified":"2022-08-13T09:02:16+00:00","author":{"@id":"https:\/\/gruene-reilingen.de\/#\/schema\/person\/f9da928f04550d0db757afd781f08df8"},"breadcrumb":{"@id":"https:\/\/gruene-reilingen.de\/?p=2251#breadcrumb"},"inLanguage":"de","potentialAction":[{"@type":"ReadAction","target":["https:\/\/gruene-reilingen.de\/?p=2251"]}]},{"@type":"ImageObject","inLanguage":"de","@id":"https:\/\/gruene-reilingen.de\/?p=2251#primaryimage","url":"https:\/\/gruene-reilingen.de\/wp-content\/uploads\/2022\/08\/Kriegbach2.jpeg","contentUrl":"https:\/\/gruene-reilingen.de\/wp-content\/uploads\/2022\/08\/Kriegbach2.jpeg"},{"@type":"BreadcrumbList","@id":"https:\/\/gruene-reilingen.de\/?p=2251#breadcrumb","itemListElement":[{"@type":"ListItem","position":1,"name":"Startseite","item":"https:\/\/gruene-reilingen.de\/"},{"@type":"ListItem","position":2,"name":"Fahrradexkursion am Kriegbach mit Dr. Andre Baumann"}]},{"@type":"WebSite","@id":"https:\/\/gruene-reilingen.de\/#website","url":"https:\/\/gruene-reilingen.de\/","name":"B\u00dcNDNIS 90\/DIE GR\u00dcNEN REILINGEN","description":"","potentialAction":[{"@type":"SearchAction","target":{"@type":"EntryPoint","urlTemplate":"https:\/\/gruene-reilingen.de\/?s={search_term_string}"},"query-input":{"@type":"PropertyValueSpecification","valueRequired":true,"valueName":"search_term_string"}}],"inLanguage":"de"},{"@type":"Person","@id":"https:\/\/gruene-reilingen.de\/#\/schema\/person\/f9da928f04550d0db757afd781f08df8","name":"gruene_reilingen","image":{"@type":"ImageObject","inLanguage":"de","@id":"https:\/\/secure.gravatar.com\/avatar\/913acc38ce102bffd85b7d788472a0913fa53d9b1fe59056f1fe4e704a8231cb?s=96&d=mm&r=g","url":"https:\/\/secure.gravatar.com\/avatar\/913acc38ce102bffd85b7d788472a0913fa53d9b1fe59056f1fe4e704a8231cb?s=96&d=mm&r=g","contentUrl":"https:\/\/secure.gravatar.com\/avatar\/913acc38ce102bffd85b7d788472a0913fa53d9b1fe59056f1fe4e704a8231cb?s=96&d=mm&r=g","caption":"gruene_reilingen"},"sameAs":["http:\/\/www.gruene-reilingen.de"],"url":"https:\/\/gruene-reilingen.de\/?author=2"}]}},"_links":{"self":[{"href":"https:\/\/gruene-reilingen.de\/index.php?rest_route=\/wp\/v2\/posts\/2251","targetHints":{"allow":["GET"]}}],"collection":[{"href":"https:\/\/gruene-reilingen.de\/index.php?rest_route=\/wp\/v2\/posts"}],"about":[{"href":"https:\/\/gruene-reilingen.de\/index.php?rest_route=\/wp\/v2\/types\/post"}],"author":[{"embeddable":true,"href":"https:\/\/gruene-reilingen.de\/index.php?rest_route=\/wp\/v2\/users\/2"}],"replies":[{"embeddable":true,"href":"https:\/\/gruene-reilingen.de\/index.php?rest_route=%2Fwp%2Fv2%2Fcomments&post=2251"}],"version-history":[{"count":3,"href":"https:\/\/gruene-reilingen.de\/index.php?rest_route=\/wp\/v2\/posts\/2251\/revisions"}],"predecessor-version":[{"id":2258,"href":"https:\/\/gruene-reilingen.de\/index.php?rest_route=\/wp\/v2\/posts\/2251\/revisions\/2258"}],"wp:attachment":[{"href":"https:\/\/gruene-reilingen.de\/index.php?rest_route=%2Fwp%2Fv2%2Fmedia&parent=2251"}],"wp:term":[{"taxonomy":"category","embeddable":true,"href":"https:\/\/gruene-reilingen.de\/index.php?rest_route=%2Fwp%2Fv2%2Fcategories&post=2251"},{"taxonomy":"post_tag","embeddable":true,"href":"https:\/\/gruene-reilingen.de\/index.php?rest_route=%2Fwp%2Fv2%2Ftags&post=2251"}],"curies":[{"name":"wp","href":"https:\/\/api.w.org\/{rel}","templated":true}]}}