{"id":2281,"date":"2022-10-09T16:59:49","date_gmt":"2022-10-09T16:59:49","guid":{"rendered":"https:\/\/gruene-reilingen.de\/?p=2281"},"modified":"2022-10-09T22:10:18","modified_gmt":"2022-10-09T22:10:18","slug":"jahresausflug-fuehrte-zur-basf-werkssiedlung-in-ludwigshafen","status":"publish","type":"post","link":"https:\/\/gruene-reilingen.de\/?p=2281","title":{"rendered":"Jahresausflug f\u00fchrte zur BASF-Werkssiedlung in Ludwigshafen"},"content":{"rendered":"<p>Wie eindrucksvoll und vielf\u00e4ltig auch nur schon ein ganz kleiner Teil Ludwigshafens sein kann, sahen einige der Reilinger Gr\u00fcne beim Jahresausflug. Dieser f\u00fchrte zur BASF-Werkssiedlung. Die Reilinger Stadtf\u00fchrerin Agn\u00e8s Thualt-Pfahler erl\u00e4uterte am Ausgangspunkt Gesellschaftshaus den interessierten Teilnehmenden zun\u00e4chst die Entstehung der Rheinschanze als Br\u00fcckenkopf der Festung Mannheim. \u00dcber die Gr\u00fcndung der Gemeinde Ludwigshafens, der Privatisierung von Hafengebieten f\u00fchrten die Ausf\u00fchrungen zur Entstehung der BASF in Mannheim sowie der Ansiedlung der BASF in Ludwigshafen.<\/p>\n<p>Da der Bedarf an ben\u00f6tigten Besch\u00e4ftigten stetig anwuchs, errichtete man eine der ersten Arbeitersiedlungen in Deutschland.\u00a0Agn\u00e8s Thualt-Pfahler f\u00fchrte durch die Arbeitersiedlung, zeigte die unterschiedlichen H\u00e4user f\u00fcr Arbeiter, Aufseher und Beamten und erkl\u00e4rte die unterschiedlichen Architekturstile.<\/p>\n<p><a href=\"https:\/\/gruene-reilingen.de\/wp-content\/uploads\/2022\/10\/WhatsApp-Image-2022-10-09-at-15.28.30.jpeg\"><img decoding=\"async\" class=\"aligncenter size-full wp-image-2288\" src=\"https:\/\/gruene-reilingen.de\/wp-content\/uploads\/2022\/10\/WhatsApp-Image-2022-10-09-at-15.28.30.jpeg\" alt=\"\" width=\"2017\" height=\"949<\/a srcset=\"https:\/\/gruene-reilingen.de\/wp-content\/uploads\/2022\/10\/WhatsApp-Image-2022-10-09-at-15.28.30.jpeg 2017w, https:\/\/gruene-reilingen.de\/wp-content\/uploads\/2022\/10\/WhatsApp-Image-2022-10-09-at-15.28.30-768x361.jpeg 768w\" sizes=\"(max-width: 2017px) 100vw, 2017px\" \/><\/p>\n<p>&nbsp;<\/p>\n<p><a href=\"https:\/\/gruene-reilingen.de\/wp-content\/uploads\/2022\/10\/WhatsApp-Image-2022-10-09-at-15.25.28.jpeg\"><img decoding=\"async\" class=\"aligncenter size-full wp-image-2294\" src=\"https:\/\/gruene-reilingen.de\/wp-content\/uploads\/2022\/10\/WhatsApp-Image-2022-10-09-at-15.25.28.jpeg\" alt=\"\" width=\"1536\" height=\"2048<\/a srcset=\"https:\/\/gruene-reilingen.de\/wp-content\/uploads\/2022\/10\/WhatsApp-Image-2022-10-09-at-15.25.28.jpeg 1536w, https:\/\/gruene-reilingen.de\/wp-content\/uploads\/2022\/10\/WhatsApp-Image-2022-10-09-at-15.25.28-768x1024.jpeg 768w\" sizes=\"(max-width: 1536px) 100vw, 1536px\" \/><\/p>\n","protected":false},"excerpt":{"rendered":"<p>Wie eindrucksvoll und vielf\u00e4ltig auch nur schon ein ganz kleiner Teil Ludwigshafens sein kann, sahen einige der Reilinger Gr\u00fcne beim Jahresausflug. Dieser f\u00fchrte zur BASF-Werkssiedlung. Die Reilinger Stadtf\u00fchrerin Agn\u00e8s Thualt-Pfahler [&hellip;]<\/p>\n","protected":false},"author":-1,"featured_media":0,"comment_status":"open","ping_status":"open","sticky":false,"template":"","format":"standard","meta":{"footnotes":""},"categories":[3],"tags":[],"class_list":["post-2281","post","type-post","status-publish","format-standard","hentry","category-news"],"yoast_head":"<!-- This site is optimized with the Yoast SEO plugin v27.5 - https:\/\/yoast.com\/product\/yoast-seo-wordpress\/ -->\n<title>Jahresausflug f\u00fchrte zur BASF-Werkssiedlung in Ludwigshafen - B\u00dcNDNIS 90\/DIE GR\u00dcNEN REILINGEN<\/title>\n<meta name=\"robots\" content=\"index, follow, max-snippet:-1, max-image-preview:large, max-video-preview:-1\" \/>\n<link rel=\"canonical\" href=\"https:\/\/gruene-reilingen.de\/?p=2281\" \/>\n<meta property=\"og:locale\" content=\"de_DE\" \/>\n<meta property=\"og:type\" content=\"article\" \/>\n<meta property=\"og:title\" content=\"Jahresausflug f\u00fchrte zur BASF-Werkssiedlung in Ludwigshafen - B\u00dcNDNIS 90\/DIE GR\u00dcNEN REILINGEN\" \/>\n<meta property=\"og:description\" content=\"Wie eindrucksvoll und vielf\u00e4ltig auch nur schon ein ganz kleiner Teil Ludwigshafens sein kann, sahen einige der Reilinger Gr\u00fcne beim Jahresausflug. Dieser f\u00fchrte zur BASF-Werkssiedlung. Die Reilinger Stadtf\u00fchrerin Agn\u00e8s Thualt-Pfahler [&hellip;]\" \/>\n<meta property=\"og:url\" content=\"https:\/\/gruene-reilingen.de\/?p=2281\" \/>\n<meta property=\"og:site_name\" content=\"B\u00dcNDNIS 90\/DIE GR\u00dcNEN REILINGEN\" \/>\n<meta property=\"article:published_time\" content=\"2022-10-09T16:59:49+00:00\" \/>\n<meta property=\"article:modified_time\" content=\"2022-10-09T22:10:18+00:00\" \/>\n<meta property=\"og:image\" content=\"https:\/\/gruene-reilingen.de\/wp-content\/uploads\/2022\/10\/WhatsApp-Image-2022-10-09-at-15.28.30.jpeg\" \/>\n<meta name=\"author\" content=\"gruene_reilingen\" \/>\n<meta name=\"twitter:card\" content=\"summary_large_image\" \/>\n<meta name=\"twitter:label1\" content=\"Verfasst von\" \/>\n\t<meta name=\"twitter:data1\" content=\"gruene_reilingen\" \/>\n\t<meta name=\"twitter:label2\" content=\"Gesch\u00e4tzte Lesezeit\" \/>\n\t<meta name=\"twitter:data2\" content=\"1\u00a0Minute\" \/>\n<script type=\"application\/ld+json\" class=\"yoast-schema-graph\">{\"@context\":\"https:\\\/\\\/schema.org\",\"@graph\":[{\"@type\":\"Article\",\"@id\":\"https:\\\/\\\/gruene-reilingen.de\\\/?p=2281#article\",\"isPartOf\":{\"@id\":\"https:\\\/\\\/gruene-reilingen.de\\\/?p=2281\"},\"author\":{\"name\":\"gruene_reilingen\",\"@id\":\"https:\\\/\\\/gruene-reilingen.de\\\/#\\\/schema\\\/person\\\/f9da928f04550d0db757afd781f08df8\"},\"headline\":\"Jahresausflug f\u00fchrte zur BASF-Werkssiedlung in Ludwigshafen\",\"datePublished\":\"2022-10-09T16:59:49+00:00\",\"dateModified\":\"2022-10-09T22:10:18+00:00\",\"mainEntityOfPage\":{\"@id\":\"https:\\\/\\\/gruene-reilingen.de\\\/?p=2281\"},\"wordCount\":134,\"commentCount\":0,\"image\":{\"@id\":\"https:\\\/\\\/gruene-reilingen.de\\\/?p=2281#primaryimage\"},\"thumbnailUrl\":\"https:\\\/\\\/gruene-reilingen.de\\\/wp-content\\\/uploads\\\/2022\\\/10\\\/WhatsApp-Image-2022-10-09-at-15.28.30.jpeg\",\"articleSection\":[\"News\"],\"inLanguage\":\"de\",\"potentialAction\":[{\"@type\":\"CommentAction\",\"name\":\"Comment\",\"target\":[\"https:\\\/\\\/gruene-reilingen.de\\\/?p=2281#respond\"]}]},{\"@type\":\"WebPage\",\"@id\":\"https:\\\/\\\/gruene-reilingen.de\\\/?p=2281\",\"url\":\"https:\\\/\\\/gruene-reilingen.de\\\/?p=2281\",\"name\":\"Jahresausflug f\u00fchrte zur BASF-Werkssiedlung in Ludwigshafen - B\u00dcNDNIS 90\\\/DIE GR\u00dcNEN REILINGEN\",\"isPartOf\":{\"@id\":\"https:\\\/\\\/gruene-reilingen.de\\\/#website\"},\"primaryImageOfPage\":{\"@id\":\"https:\\\/\\\/gruene-reilingen.de\\\/?p=2281#primaryimage\"},\"image\":{\"@id\":\"https:\\\/\\\/gruene-reilingen.de\\\/?p=2281#primaryimage\"},\"thumbnailUrl\":\"https:\\\/\\\/gruene-reilingen.de\\\/wp-content\\\/uploads\\\/2022\\\/10\\\/WhatsApp-Image-2022-10-09-at-15.28.30.jpeg\",\"datePublished\":\"2022-10-09T16:59:49+00:00\",\"dateModified\":\"2022-10-09T22:10:18+00:00\",\"author\":{\"@id\":\"https:\\\/\\\/gruene-reilingen.de\\\/#\\\/schema\\\/person\\\/f9da928f04550d0db757afd781f08df8\"},\"breadcrumb\":{\"@id\":\"https:\\\/\\\/gruene-reilingen.de\\\/?p=2281#breadcrumb\"},\"inLanguage\":\"de\",\"potentialAction\":[{\"@type\":\"ReadAction\",\"target\":[\"https:\\\/\\\/gruene-reilingen.de\\\/?p=2281\"]}]},{\"@type\":\"ImageObject\",\"inLanguage\":\"de\",\"@id\":\"https:\\\/\\\/gruene-reilingen.de\\\/?p=2281#primaryimage\",\"url\":\"https:\\\/\\\/gruene-reilingen.de\\\/wp-content\\\/uploads\\\/2022\\\/10\\\/WhatsApp-Image-2022-10-09-at-15.28.30.jpeg\",\"contentUrl\":\"https:\\\/\\\/gruene-reilingen.de\\\/wp-content\\\/uploads\\\/2022\\\/10\\\/WhatsApp-Image-2022-10-09-at-15.28.30.jpeg\"},{\"@type\":\"BreadcrumbList\",\"@id\":\"https:\\\/\\\/gruene-reilingen.de\\\/?p=2281#breadcrumb\",\"itemListElement\":[{\"@type\":\"ListItem\",\"position\":1,\"name\":\"Startseite\",\"item\":\"https:\\\/\\\/gruene-reilingen.de\\\/\"},{\"@type\":\"ListItem\",\"position\":2,\"name\":\"Jahresausflug f\u00fchrte zur BASF-Werkssiedlung in Ludwigshafen\"}]},{\"@type\":\"WebSite\",\"@id\":\"https:\\\/\\\/gruene-reilingen.de\\\/#website\",\"url\":\"https:\\\/\\\/gruene-reilingen.de\\\/\",\"name\":\"B\u00dcNDNIS 90\\\/DIE GR\u00dcNEN REILINGEN\",\"description\":\"\",\"potentialAction\":[{\"@type\":\"SearchAction\",\"target\":{\"@type\":\"EntryPoint\",\"urlTemplate\":\"https:\\\/\\\/gruene-reilingen.de\\\/?s={search_term_string}\"},\"query-input\":{\"@type\":\"PropertyValueSpecification\",\"valueRequired\":true,\"valueName\":\"search_term_string\"}}],\"inLanguage\":\"de\"},{\"@type\":\"Person\",\"@id\":\"https:\\\/\\\/gruene-reilingen.de\\\/#\\\/schema\\\/person\\\/f9da928f04550d0db757afd781f08df8\",\"name\":\"gruene_reilingen\",\"image\":{\"@type\":\"ImageObject\",\"inLanguage\":\"de\",\"@id\":\"https:\\\/\\\/secure.gravatar.com\\\/avatar\\\/913acc38ce102bffd85b7d788472a0913fa53d9b1fe59056f1fe4e704a8231cb?s=96&d=mm&r=g\",\"url\":\"https:\\\/\\\/secure.gravatar.com\\\/avatar\\\/913acc38ce102bffd85b7d788472a0913fa53d9b1fe59056f1fe4e704a8231cb?s=96&d=mm&r=g\",\"contentUrl\":\"https:\\\/\\\/secure.gravatar.com\\\/avatar\\\/913acc38ce102bffd85b7d788472a0913fa53d9b1fe59056f1fe4e704a8231cb?s=96&d=mm&r=g\",\"caption\":\"gruene_reilingen\"},\"sameAs\":[\"http:\\\/\\\/www.gruene-reilingen.de\"],\"url\":\"https:\\\/\\\/gruene-reilingen.de\\\/?author=2\"}]}<\/script>\n<!-- \/ Yoast SEO plugin. -->","yoast_head_json":{"title":"Jahresausflug f\u00fchrte zur BASF-Werkssiedlung in Ludwigshafen - B\u00dcNDNIS 90\/DIE GR\u00dcNEN REILINGEN","robots":{"index":"index","follow":"follow","max-snippet":"max-snippet:-1","max-image-preview":"max-image-preview:large","max-video-preview":"max-video-preview:-1"},"canonical":"https:\/\/gruene-reilingen.de\/?p=2281","og_locale":"de_DE","og_type":"article","og_title":"Jahresausflug f\u00fchrte zur BASF-Werkssiedlung in Ludwigshafen - B\u00dcNDNIS 90\/DIE GR\u00dcNEN REILINGEN","og_description":"Wie eindrucksvoll und vielf\u00e4ltig auch nur schon ein ganz kleiner Teil Ludwigshafens sein kann, sahen einige der Reilinger Gr\u00fcne beim Jahresausflug. Dieser f\u00fchrte zur BASF-Werkssiedlung. Die Reilinger Stadtf\u00fchrerin Agn\u00e8s Thualt-Pfahler [&hellip;]","og_url":"https:\/\/gruene-reilingen.de\/?p=2281","og_site_name":"B\u00dcNDNIS 90\/DIE GR\u00dcNEN REILINGEN","article_published_time":"2022-10-09T16:59:49+00:00","article_modified_time":"2022-10-09T22:10:18+00:00","og_image":[{"url":"https:\/\/gruene-reilingen.de\/wp-content\/uploads\/2022\/10\/WhatsApp-Image-2022-10-09-at-15.28.30.jpeg","type":"","width":"","height":""}],"author":"gruene_reilingen","twitter_card":"summary_large_image","twitter_misc":{"Verfasst von":"gruene_reilingen","Gesch\u00e4tzte Lesezeit":"1\u00a0Minute"},"schema":{"@context":"https:\/\/schema.org","@graph":[{"@type":"Article","@id":"https:\/\/gruene-reilingen.de\/?p=2281#article","isPartOf":{"@id":"https:\/\/gruene-reilingen.de\/?p=2281"},"author":{"name":"gruene_reilingen","@id":"https:\/\/gruene-reilingen.de\/#\/schema\/person\/f9da928f04550d0db757afd781f08df8"},"headline":"Jahresausflug f\u00fchrte zur BASF-Werkssiedlung in Ludwigshafen","datePublished":"2022-10-09T16:59:49+00:00","dateModified":"2022-10-09T22:10:18+00:00","mainEntityOfPage":{"@id":"https:\/\/gruene-reilingen.de\/?p=2281"},"wordCount":134,"commentCount":0,"image":{"@id":"https:\/\/gruene-reilingen.de\/?p=2281#primaryimage"},"thumbnailUrl":"https:\/\/gruene-reilingen.de\/wp-content\/uploads\/2022\/10\/WhatsApp-Image-2022-10-09-at-15.28.30.jpeg","articleSection":["News"],"inLanguage":"de","potentialAction":[{"@type":"CommentAction","name":"Comment","target":["https:\/\/gruene-reilingen.de\/?p=2281#respond"]}]},{"@type":"WebPage","@id":"https:\/\/gruene-reilingen.de\/?p=2281","url":"https:\/\/gruene-reilingen.de\/?p=2281","name":"Jahresausflug f\u00fchrte zur BASF-Werkssiedlung in Ludwigshafen - B\u00dcNDNIS 90\/DIE GR\u00dcNEN REILINGEN","isPartOf":{"@id":"https:\/\/gruene-reilingen.de\/#website"},"primaryImageOfPage":{"@id":"https:\/\/gruene-reilingen.de\/?p=2281#primaryimage"},"image":{"@id":"https:\/\/gruene-reilingen.de\/?p=2281#primaryimage"},"thumbnailUrl":"https:\/\/gruene-reilingen.de\/wp-content\/uploads\/2022\/10\/WhatsApp-Image-2022-10-09-at-15.28.30.jpeg","datePublished":"2022-10-09T16:59:49+00:00","dateModified":"2022-10-09T22:10:18+00:00","author":{"@id":"https:\/\/gruene-reilingen.de\/#\/schema\/person\/f9da928f04550d0db757afd781f08df8"},"breadcrumb":{"@id":"https:\/\/gruene-reilingen.de\/?p=2281#breadcrumb"},"inLanguage":"de","potentialAction":[{"@type":"ReadAction","target":["https:\/\/gruene-reilingen.de\/?p=2281"]}]},{"@type":"ImageObject","inLanguage":"de","@id":"https:\/\/gruene-reilingen.de\/?p=2281#primaryimage","url":"https:\/\/gruene-reilingen.de\/wp-content\/uploads\/2022\/10\/WhatsApp-Image-2022-10-09-at-15.28.30.jpeg","contentUrl":"https:\/\/gruene-reilingen.de\/wp-content\/uploads\/2022\/10\/WhatsApp-Image-2022-10-09-at-15.28.30.jpeg"},{"@type":"BreadcrumbList","@id":"https:\/\/gruene-reilingen.de\/?p=2281#breadcrumb","itemListElement":[{"@type":"ListItem","position":1,"name":"Startseite","item":"https:\/\/gruene-reilingen.de\/"},{"@type":"ListItem","position":2,"name":"Jahresausflug f\u00fchrte zur BASF-Werkssiedlung in Ludwigshafen"}]},{"@type":"WebSite","@id":"https:\/\/gruene-reilingen.de\/#website","url":"https:\/\/gruene-reilingen.de\/","name":"B\u00dcNDNIS 90\/DIE GR\u00dcNEN REILINGEN","description":"","potentialAction":[{"@type":"SearchAction","target":{"@type":"EntryPoint","urlTemplate":"https:\/\/gruene-reilingen.de\/?s={search_term_string}"},"query-input":{"@type":"PropertyValueSpecification","valueRequired":true,"valueName":"search_term_string"}}],"inLanguage":"de"},{"@type":"Person","@id":"https:\/\/gruene-reilingen.de\/#\/schema\/person\/f9da928f04550d0db757afd781f08df8","name":"gruene_reilingen","image":{"@type":"ImageObject","inLanguage":"de","@id":"https:\/\/secure.gravatar.com\/avatar\/913acc38ce102bffd85b7d788472a0913fa53d9b1fe59056f1fe4e704a8231cb?s=96&d=mm&r=g","url":"https:\/\/secure.gravatar.com\/avatar\/913acc38ce102bffd85b7d788472a0913fa53d9b1fe59056f1fe4e704a8231cb?s=96&d=mm&r=g","contentUrl":"https:\/\/secure.gravatar.com\/avatar\/913acc38ce102bffd85b7d788472a0913fa53d9b1fe59056f1fe4e704a8231cb?s=96&d=mm&r=g","caption":"gruene_reilingen"},"sameAs":["http:\/\/www.gruene-reilingen.de"],"url":"https:\/\/gruene-reilingen.de\/?author=2"}]}},"_links":{"self":[{"href":"https:\/\/gruene-reilingen.de\/index.php?rest_route=\/wp\/v2\/posts\/2281","targetHints":{"allow":["GET"]}}],"collection":[{"href":"https:\/\/gruene-reilingen.de\/index.php?rest_route=\/wp\/v2\/posts"}],"about":[{"href":"https:\/\/gruene-reilingen.de\/index.php?rest_route=\/wp\/v2\/types\/post"}],"author":[{"embeddable":true,"href":"https:\/\/gruene-reilingen.de\/index.php?rest_route=\/wp\/v2\/users\/2"}],"replies":[{"embeddable":true,"href":"https:\/\/gruene-reilingen.de\/index.php?rest_route=%2Fwp%2Fv2%2Fcomments&post=2281"}],"version-history":[{"count":10,"href":"https:\/\/gruene-reilingen.de\/index.php?rest_route=\/wp\/v2\/posts\/2281\/revisions"}],"predecessor-version":[{"id":2295,"href":"https:\/\/gruene-reilingen.de\/index.php?rest_route=\/wp\/v2\/posts\/2281\/revisions\/2295"}],"wp:attachment":[{"href":"https:\/\/gruene-reilingen.de\/index.php?rest_route=%2Fwp%2Fv2%2Fmedia&parent=2281"}],"wp:term":[{"taxonomy":"category","embeddable":true,"href":"https:\/\/gruene-reilingen.de\/index.php?rest_route=%2Fwp%2Fv2%2Fcategories&post=2281"},{"taxonomy":"post_tag","embeddable":true,"href":"https:\/\/gruene-reilingen.de\/index.php?rest_route=%2Fwp%2Fv2%2Ftags&post=2281"}],"curies":[{"name":"wp","href":"https:\/\/api.w.org\/{rel}","templated":true}]}}