{"id":2357,"date":"2023-01-26T11:46:18","date_gmt":"2023-01-26T11:46:18","guid":{"rendered":"https:\/\/gruene-reilingen.de\/?p=2357"},"modified":"2023-01-29T09:36:35","modified_gmt":"2023-01-29T09:36:35","slug":"jahreshauptversammlung-der-reilinger-gruenen","status":"publish","type":"post","link":"https:\/\/gruene-reilingen.de\/?p=2357","title":{"rendered":"Jahreshauptversammlung der Reilinger Gr\u00fcnen"},"content":{"rendered":"<p>Ortsverbandssprecher Jochen Rotter konnte bei der Jahreshauptversammlung des B\u00fcndnis\u201990\/Die Gr\u00fcnen-Ortsverbands Reilingen zahlreiche Mitglieder begr\u00fc\u00dfen. Er blickte auf ein ereignisreiches Jahr zur\u00fcck.<span class=\"Apple-converted-space\">\u00a0<\/span><\/p>\n<p>Der Ortsverband besch\u00e4ftigte sich im Fr\u00fchjahr u.a. mit dem Thema Fahrrad. Mit 15 Personen, wieder als offene Gruppe \u201eReilinger Gr\u00fcne<span class=\"Apple-converted-space\">\u00a0 <\/span>&amp; Friends\u201c, erradelte man beim Stadtradeln 2.394 km (umgerechnet rund 369 kg CO2) und belegte Platz 4. Daneben stellten die Gr\u00fcnen \u00fcber Social-Media ihre Lieblingsradwege in der Umgebung vor und informierten \u00fcber Lastenr\u00e4der.<\/p>\n<p>W\u00e4hrend der Sommerferien nahmen die Reilinger Gr\u00fcnen am Kinderferienprogramm teil. Zum Motto \u201eAb ins Gr\u00fcne &#8211; wir erkunden unsere Natur\u201c erschienen 22 Kinder auf dem Wersauer Hof. Sie bastelten u.a. aus Blument\u00f6pfen Ohrenkneiferhotels. Diese k\u00f6nnen in Obstb\u00e4umen aufgeh\u00e4ngt werden, damit die Ohrenkneifer unterst\u00fctzen Blattl\u00e4use loszuwerden.<\/p>\n<p>Nach langer pandemiebedingter Pause konnte im Herbst wieder ein Gr\u00fcner Kinoabend durchgef\u00fchrt werden. Beim mittlerweile 6.Gr\u00fcnen Kino wurde der Dokumentarfilm \u201eDie Welt sind wir &#8211; Wege in eine lebenswerte Zukunft\u201c von Andreas und Melike Frickinger gezeigt. Der Film portr\u00e4tiert Menschen, die aktiv einen Kulturwandel mitgestalten, der von Selbstreflexion, Menschlichkeit und nachhaltigem Denken gepr\u00e4gt ist. Melike Frickinger war beim Kinoabend anwesend und beantwortete die Fragen der Besucher*innen.<\/p>\n<p>Erfreut zeigte sich Jochen Rotter \u00fcber die Pr\u00e4senz der Abgeordneten in Reilingen. Landtagsabgeordneter Dr. Andre Baumann war mehrfach zu Gast. U.a. besichtigte Dr. Baumann die Lithium-Ionen-Batterien-Recyling-Firma Dellcon. Im Sommer war eine Exkursion zum Kriegbach sehr gut besucht. Auch Kreisrat Adolf H\u00e4rdle war mehrfach in Reilingen zu Gast. Mit einem Ausblick auf das kommende Jahr ging sein Bericht zu Ende.<\/p>\n<p>Fraktionssprecherin Lisa Dorn berichtete \u00fcber die Aktivit\u00e4ten und Themen der Gemeinderatsfraktion. Die Finanzsituation der Gemeinde ist derzeit sehr anspruchsvoll. Neben den pandemiebedingten Nachwirkungen (wie z.B. niedrigere Gewerbesteuereinnahmen, Ausgaben u.a. f\u00fcr Masken) hat die Gemeinde wieder einige Vereine finanziell unterst\u00fctzt. Aus Sicht der Gr\u00fcnen ein wichtiges Zeichen f\u00fcr die Dorfgemeinschaft.<\/p>\n<p>Die Auswirkungen des russischen Angriffskriegs in der Ukraine sind auch in Reilingen sp\u00fcrbar. In Reilingen leben viele Ukrainerinnen und Ukrainer, aber auch aus anderen Nationen gefl\u00fcchtete, die neben der Gemeinde auch von Privatpersonen unterst\u00fctzt und betreut werden.<span class=\"Apple-converted-space\">\u00a0<\/span><\/p>\n<p>Reilingen tr\u00e4gt dazu bei, dass das E-Ladenetz ausgebaut wird. Eine langj\u00e4hrige Forderung der Reilinger Gr\u00fcnen wurde wahr: Neue Lades\u00e4ulen sind am Parkplatz an den Fritz-Mannherz-Hallen angebracht. 2 E-Autos der Firma deer sorgen f\u00fcr ein E-Carsharing-Angebot. Ein wichtiger Beitrag zur Verkehrswende.\u00a0Auch in die Sicherheit wird investiert. Neben einem neuen L\u00f6schgruppenfahrzeug f\u00fcr die Feuerwehr wird u.a. die Sirenenanlage modernisiert.<span class=\"Apple-converted-space\">\u00a0<\/span><\/p>\n<p>Bei mehreren Veranstaltungen befassten sich Gemeinderat und B\u00fcrgerinnen und B\u00fcrger mit dem Gemeindeentwicklungskonzept 2040. Aus Sicht der Gr\u00fcnen ist die B\u00fcrgerbeteiligung sehr positiv.\u00a0Erfreut zeigte sich Lisa Dorn \u00fcber die Gr\u00fcndung des Jugendgemeinderats, der mit einigen Aktivit\u00e4ten bereits Akzente gesetzt hat.<\/p>\n<p>Solide Finanzen konnte Kassier Robin Ciuman verk\u00fcnden. Eine ordentliche Buchf\u00fchrung wurde ihm von den Kassenpr\u00fcfern best\u00e4tigt, so dass die Entlastung der Vorstandschaft einstimmig erfolgte.\u00a0Carolin Hoffmann und Eva-Maria Ciuman wurden jeweils einstimmig als neue Beisitzerinnen in den OV-Vorstand gew\u00e4hlt.<\/p>\n<p>Ortsverbandssprecherin Anna-Lena Becker bedankte sich zum Abschluss bei allen Aktiven und verteilte die Weihnachtsgeschenke. Nachhaltige Seifen von Evandamaralda und ein Los f\u00fcr die Jugend des SC 08 (\u201eUnser Traum &#8211; ein neuer Jugendraum\u201c).<\/p>\n<p><a href=\"https:\/\/gruene-reilingen.de\/wp-content\/uploads\/2023\/01\/image0.jpeg\"><img decoding=\"async\" class=\"aligncenter size-full wp-image-2358\" src=\"https:\/\/gruene-reilingen.de\/wp-content\/uploads\/2023\/01\/image0.jpeg\" alt=\"\" width=\"2016\" height=\"1512<\/a srcset=\"https:\/\/gruene-reilingen.de\/wp-content\/uploads\/2023\/01\/image0.jpeg 2016w, https:\/\/gruene-reilingen.de\/wp-content\/uploads\/2023\/01\/image0-768x576.jpeg 768w\" sizes=\"(max-width: 2016px) 100vw, 2016px\" \/><\/p>\n","protected":false},"excerpt":{"rendered":"<p>Ortsverbandssprecher Jochen Rotter konnte bei der Jahreshauptversammlung des B\u00fcndnis\u201990\/Die Gr\u00fcnen-Ortsverbands Reilingen zahlreiche Mitglieder begr\u00fc\u00dfen. Er blickte auf ein ereignisreiches Jahr zur\u00fcck.\u00a0 Der Ortsverband besch\u00e4ftigte sich im Fr\u00fchjahr u.a. mit dem [&hellip;]<\/p>\n","protected":false},"author":-1,"featured_media":0,"comment_status":"open","ping_status":"open","sticky":false,"template":"","format":"standard","meta":{"footnotes":""},"categories":[3],"tags":[],"class_list":["post-2357","post","type-post","status-publish","format-standard","hentry","category-news"],"yoast_head":"<!-- This site is optimized with the Yoast SEO plugin v27.5 - https:\/\/yoast.com\/product\/yoast-seo-wordpress\/ -->\n<title>Jahreshauptversammlung der Reilinger Gr\u00fcnen - B\u00dcNDNIS 90\/DIE GR\u00dcNEN REILINGEN<\/title>\n<meta name=\"robots\" content=\"index, follow, max-snippet:-1, max-image-preview:large, max-video-preview:-1\" \/>\n<link rel=\"canonical\" href=\"https:\/\/gruene-reilingen.de\/?p=2357\" \/>\n<meta property=\"og:locale\" content=\"de_DE\" \/>\n<meta property=\"og:type\" content=\"article\" \/>\n<meta property=\"og:title\" content=\"Jahreshauptversammlung der Reilinger Gr\u00fcnen - B\u00dcNDNIS 90\/DIE GR\u00dcNEN REILINGEN\" \/>\n<meta property=\"og:description\" content=\"Ortsverbandssprecher Jochen Rotter konnte bei der Jahreshauptversammlung des B\u00fcndnis\u201990\/Die Gr\u00fcnen-Ortsverbands Reilingen zahlreiche Mitglieder begr\u00fc\u00dfen. Er blickte auf ein ereignisreiches Jahr zur\u00fcck.\u00a0 Der Ortsverband besch\u00e4ftigte sich im Fr\u00fchjahr u.a. mit dem [&hellip;]\" \/>\n<meta property=\"og:url\" content=\"https:\/\/gruene-reilingen.de\/?p=2357\" \/>\n<meta property=\"og:site_name\" content=\"B\u00dcNDNIS 90\/DIE GR\u00dcNEN REILINGEN\" \/>\n<meta property=\"article:published_time\" content=\"2023-01-26T11:46:18+00:00\" \/>\n<meta property=\"article:modified_time\" content=\"2023-01-29T09:36:35+00:00\" \/>\n<meta property=\"og:image\" content=\"https:\/\/gruene-reilingen.de\/wp-content\/uploads\/2023\/01\/image0.jpeg\" \/>\n<meta name=\"author\" content=\"gruene_reilingen\" \/>\n<meta name=\"twitter:card\" content=\"summary_large_image\" \/>\n<meta name=\"twitter:label1\" content=\"Verfasst von\" \/>\n\t<meta name=\"twitter:data1\" content=\"gruene_reilingen\" \/>\n\t<meta name=\"twitter:label2\" content=\"Gesch\u00e4tzte Lesezeit\" \/>\n\t<meta name=\"twitter:data2\" content=\"3\u00a0Minuten\" \/>\n<script type=\"application\/ld+json\" class=\"yoast-schema-graph\">{\"@context\":\"https:\\\/\\\/schema.org\",\"@graph\":[{\"@type\":\"Article\",\"@id\":\"https:\\\/\\\/gruene-reilingen.de\\\/?p=2357#article\",\"isPartOf\":{\"@id\":\"https:\\\/\\\/gruene-reilingen.de\\\/?p=2357\"},\"author\":{\"name\":\"gruene_reilingen\",\"@id\":\"https:\\\/\\\/gruene-reilingen.de\\\/#\\\/schema\\\/person\\\/f9da928f04550d0db757afd781f08df8\"},\"headline\":\"Jahreshauptversammlung der Reilinger Gr\u00fcnen\",\"datePublished\":\"2023-01-26T11:46:18+00:00\",\"dateModified\":\"2023-01-29T09:36:35+00:00\",\"mainEntityOfPage\":{\"@id\":\"https:\\\/\\\/gruene-reilingen.de\\\/?p=2357\"},\"wordCount\":558,\"commentCount\":0,\"image\":{\"@id\":\"https:\\\/\\\/gruene-reilingen.de\\\/?p=2357#primaryimage\"},\"thumbnailUrl\":\"https:\\\/\\\/gruene-reilingen.de\\\/wp-content\\\/uploads\\\/2023\\\/01\\\/image0.jpeg\",\"articleSection\":[\"News\"],\"inLanguage\":\"de\",\"potentialAction\":[{\"@type\":\"CommentAction\",\"name\":\"Comment\",\"target\":[\"https:\\\/\\\/gruene-reilingen.de\\\/?p=2357#respond\"]}]},{\"@type\":\"WebPage\",\"@id\":\"https:\\\/\\\/gruene-reilingen.de\\\/?p=2357\",\"url\":\"https:\\\/\\\/gruene-reilingen.de\\\/?p=2357\",\"name\":\"Jahreshauptversammlung der Reilinger Gr\u00fcnen - B\u00dcNDNIS 90\\\/DIE GR\u00dcNEN REILINGEN\",\"isPartOf\":{\"@id\":\"https:\\\/\\\/gruene-reilingen.de\\\/#website\"},\"primaryImageOfPage\":{\"@id\":\"https:\\\/\\\/gruene-reilingen.de\\\/?p=2357#primaryimage\"},\"image\":{\"@id\":\"https:\\\/\\\/gruene-reilingen.de\\\/?p=2357#primaryimage\"},\"thumbnailUrl\":\"https:\\\/\\\/gruene-reilingen.de\\\/wp-content\\\/uploads\\\/2023\\\/01\\\/image0.jpeg\",\"datePublished\":\"2023-01-26T11:46:18+00:00\",\"dateModified\":\"2023-01-29T09:36:35+00:00\",\"author\":{\"@id\":\"https:\\\/\\\/gruene-reilingen.de\\\/#\\\/schema\\\/person\\\/f9da928f04550d0db757afd781f08df8\"},\"breadcrumb\":{\"@id\":\"https:\\\/\\\/gruene-reilingen.de\\\/?p=2357#breadcrumb\"},\"inLanguage\":\"de\",\"potentialAction\":[{\"@type\":\"ReadAction\",\"target\":[\"https:\\\/\\\/gruene-reilingen.de\\\/?p=2357\"]}]},{\"@type\":\"ImageObject\",\"inLanguage\":\"de\",\"@id\":\"https:\\\/\\\/gruene-reilingen.de\\\/?p=2357#primaryimage\",\"url\":\"https:\\\/\\\/gruene-reilingen.de\\\/wp-content\\\/uploads\\\/2023\\\/01\\\/image0.jpeg\",\"contentUrl\":\"https:\\\/\\\/gruene-reilingen.de\\\/wp-content\\\/uploads\\\/2023\\\/01\\\/image0.jpeg\"},{\"@type\":\"BreadcrumbList\",\"@id\":\"https:\\\/\\\/gruene-reilingen.de\\\/?p=2357#breadcrumb\",\"itemListElement\":[{\"@type\":\"ListItem\",\"position\":1,\"name\":\"Startseite\",\"item\":\"https:\\\/\\\/gruene-reilingen.de\\\/\"},{\"@type\":\"ListItem\",\"position\":2,\"name\":\"Jahreshauptversammlung der Reilinger Gr\u00fcnen\"}]},{\"@type\":\"WebSite\",\"@id\":\"https:\\\/\\\/gruene-reilingen.de\\\/#website\",\"url\":\"https:\\\/\\\/gruene-reilingen.de\\\/\",\"name\":\"B\u00dcNDNIS 90\\\/DIE GR\u00dcNEN REILINGEN\",\"description\":\"\",\"potentialAction\":[{\"@type\":\"SearchAction\",\"target\":{\"@type\":\"EntryPoint\",\"urlTemplate\":\"https:\\\/\\\/gruene-reilingen.de\\\/?s={search_term_string}\"},\"query-input\":{\"@type\":\"PropertyValueSpecification\",\"valueRequired\":true,\"valueName\":\"search_term_string\"}}],\"inLanguage\":\"de\"},{\"@type\":\"Person\",\"@id\":\"https:\\\/\\\/gruene-reilingen.de\\\/#\\\/schema\\\/person\\\/f9da928f04550d0db757afd781f08df8\",\"name\":\"gruene_reilingen\",\"image\":{\"@type\":\"ImageObject\",\"inLanguage\":\"de\",\"@id\":\"https:\\\/\\\/secure.gravatar.com\\\/avatar\\\/913acc38ce102bffd85b7d788472a0913fa53d9b1fe59056f1fe4e704a8231cb?s=96&d=mm&r=g\",\"url\":\"https:\\\/\\\/secure.gravatar.com\\\/avatar\\\/913acc38ce102bffd85b7d788472a0913fa53d9b1fe59056f1fe4e704a8231cb?s=96&d=mm&r=g\",\"contentUrl\":\"https:\\\/\\\/secure.gravatar.com\\\/avatar\\\/913acc38ce102bffd85b7d788472a0913fa53d9b1fe59056f1fe4e704a8231cb?s=96&d=mm&r=g\",\"caption\":\"gruene_reilingen\"},\"sameAs\":[\"http:\\\/\\\/www.gruene-reilingen.de\"],\"url\":\"https:\\\/\\\/gruene-reilingen.de\\\/?author=2\"}]}<\/script>\n<!-- \/ Yoast SEO plugin. -->","yoast_head_json":{"title":"Jahreshauptversammlung der Reilinger Gr\u00fcnen - B\u00dcNDNIS 90\/DIE GR\u00dcNEN REILINGEN","robots":{"index":"index","follow":"follow","max-snippet":"max-snippet:-1","max-image-preview":"max-image-preview:large","max-video-preview":"max-video-preview:-1"},"canonical":"https:\/\/gruene-reilingen.de\/?p=2357","og_locale":"de_DE","og_type":"article","og_title":"Jahreshauptversammlung der Reilinger Gr\u00fcnen - B\u00dcNDNIS 90\/DIE GR\u00dcNEN REILINGEN","og_description":"Ortsverbandssprecher Jochen Rotter konnte bei der Jahreshauptversammlung des B\u00fcndnis\u201990\/Die Gr\u00fcnen-Ortsverbands Reilingen zahlreiche Mitglieder begr\u00fc\u00dfen. Er blickte auf ein ereignisreiches Jahr zur\u00fcck.\u00a0 Der Ortsverband besch\u00e4ftigte sich im Fr\u00fchjahr u.a. mit dem [&hellip;]","og_url":"https:\/\/gruene-reilingen.de\/?p=2357","og_site_name":"B\u00dcNDNIS 90\/DIE GR\u00dcNEN REILINGEN","article_published_time":"2023-01-26T11:46:18+00:00","article_modified_time":"2023-01-29T09:36:35+00:00","og_image":[{"url":"https:\/\/gruene-reilingen.de\/wp-content\/uploads\/2023\/01\/image0.jpeg","type":"","width":"","height":""}],"author":"gruene_reilingen","twitter_card":"summary_large_image","twitter_misc":{"Verfasst von":"gruene_reilingen","Gesch\u00e4tzte Lesezeit":"3\u00a0Minuten"},"schema":{"@context":"https:\/\/schema.org","@graph":[{"@type":"Article","@id":"https:\/\/gruene-reilingen.de\/?p=2357#article","isPartOf":{"@id":"https:\/\/gruene-reilingen.de\/?p=2357"},"author":{"name":"gruene_reilingen","@id":"https:\/\/gruene-reilingen.de\/#\/schema\/person\/f9da928f04550d0db757afd781f08df8"},"headline":"Jahreshauptversammlung der Reilinger Gr\u00fcnen","datePublished":"2023-01-26T11:46:18+00:00","dateModified":"2023-01-29T09:36:35+00:00","mainEntityOfPage":{"@id":"https:\/\/gruene-reilingen.de\/?p=2357"},"wordCount":558,"commentCount":0,"image":{"@id":"https:\/\/gruene-reilingen.de\/?p=2357#primaryimage"},"thumbnailUrl":"https:\/\/gruene-reilingen.de\/wp-content\/uploads\/2023\/01\/image0.jpeg","articleSection":["News"],"inLanguage":"de","potentialAction":[{"@type":"CommentAction","name":"Comment","target":["https:\/\/gruene-reilingen.de\/?p=2357#respond"]}]},{"@type":"WebPage","@id":"https:\/\/gruene-reilingen.de\/?p=2357","url":"https:\/\/gruene-reilingen.de\/?p=2357","name":"Jahreshauptversammlung der Reilinger Gr\u00fcnen - B\u00dcNDNIS 90\/DIE GR\u00dcNEN REILINGEN","isPartOf":{"@id":"https:\/\/gruene-reilingen.de\/#website"},"primaryImageOfPage":{"@id":"https:\/\/gruene-reilingen.de\/?p=2357#primaryimage"},"image":{"@id":"https:\/\/gruene-reilingen.de\/?p=2357#primaryimage"},"thumbnailUrl":"https:\/\/gruene-reilingen.de\/wp-content\/uploads\/2023\/01\/image0.jpeg","datePublished":"2023-01-26T11:46:18+00:00","dateModified":"2023-01-29T09:36:35+00:00","author":{"@id":"https:\/\/gruene-reilingen.de\/#\/schema\/person\/f9da928f04550d0db757afd781f08df8"},"breadcrumb":{"@id":"https:\/\/gruene-reilingen.de\/?p=2357#breadcrumb"},"inLanguage":"de","potentialAction":[{"@type":"ReadAction","target":["https:\/\/gruene-reilingen.de\/?p=2357"]}]},{"@type":"ImageObject","inLanguage":"de","@id":"https:\/\/gruene-reilingen.de\/?p=2357#primaryimage","url":"https:\/\/gruene-reilingen.de\/wp-content\/uploads\/2023\/01\/image0.jpeg","contentUrl":"https:\/\/gruene-reilingen.de\/wp-content\/uploads\/2023\/01\/image0.jpeg"},{"@type":"BreadcrumbList","@id":"https:\/\/gruene-reilingen.de\/?p=2357#breadcrumb","itemListElement":[{"@type":"ListItem","position":1,"name":"Startseite","item":"https:\/\/gruene-reilingen.de\/"},{"@type":"ListItem","position":2,"name":"Jahreshauptversammlung der Reilinger Gr\u00fcnen"}]},{"@type":"WebSite","@id":"https:\/\/gruene-reilingen.de\/#website","url":"https:\/\/gruene-reilingen.de\/","name":"B\u00dcNDNIS 90\/DIE GR\u00dcNEN REILINGEN","description":"","potentialAction":[{"@type":"SearchAction","target":{"@type":"EntryPoint","urlTemplate":"https:\/\/gruene-reilingen.de\/?s={search_term_string}"},"query-input":{"@type":"PropertyValueSpecification","valueRequired":true,"valueName":"search_term_string"}}],"inLanguage":"de"},{"@type":"Person","@id":"https:\/\/gruene-reilingen.de\/#\/schema\/person\/f9da928f04550d0db757afd781f08df8","name":"gruene_reilingen","image":{"@type":"ImageObject","inLanguage":"de","@id":"https:\/\/secure.gravatar.com\/avatar\/913acc38ce102bffd85b7d788472a0913fa53d9b1fe59056f1fe4e704a8231cb?s=96&d=mm&r=g","url":"https:\/\/secure.gravatar.com\/avatar\/913acc38ce102bffd85b7d788472a0913fa53d9b1fe59056f1fe4e704a8231cb?s=96&d=mm&r=g","contentUrl":"https:\/\/secure.gravatar.com\/avatar\/913acc38ce102bffd85b7d788472a0913fa53d9b1fe59056f1fe4e704a8231cb?s=96&d=mm&r=g","caption":"gruene_reilingen"},"sameAs":["http:\/\/www.gruene-reilingen.de"],"url":"https:\/\/gruene-reilingen.de\/?author=2"}]}},"_links":{"self":[{"href":"https:\/\/gruene-reilingen.de\/index.php?rest_route=\/wp\/v2\/posts\/2357","targetHints":{"allow":["GET"]}}],"collection":[{"href":"https:\/\/gruene-reilingen.de\/index.php?rest_route=\/wp\/v2\/posts"}],"about":[{"href":"https:\/\/gruene-reilingen.de\/index.php?rest_route=\/wp\/v2\/types\/post"}],"author":[{"embeddable":true,"href":"https:\/\/gruene-reilingen.de\/index.php?rest_route=\/wp\/v2\/users\/2"}],"replies":[{"embeddable":true,"href":"https:\/\/gruene-reilingen.de\/index.php?rest_route=%2Fwp%2Fv2%2Fcomments&post=2357"}],"version-history":[{"count":2,"href":"https:\/\/gruene-reilingen.de\/index.php?rest_route=\/wp\/v2\/posts\/2357\/revisions"}],"predecessor-version":[{"id":2360,"href":"https:\/\/gruene-reilingen.de\/index.php?rest_route=\/wp\/v2\/posts\/2357\/revisions\/2360"}],"wp:attachment":[{"href":"https:\/\/gruene-reilingen.de\/index.php?rest_route=%2Fwp%2Fv2%2Fmedia&parent=2357"}],"wp:term":[{"taxonomy":"category","embeddable":true,"href":"https:\/\/gruene-reilingen.de\/index.php?rest_route=%2Fwp%2Fv2%2Fcategories&post=2357"},{"taxonomy":"post_tag","embeddable":true,"href":"https:\/\/gruene-reilingen.de\/index.php?rest_route=%2Fwp%2Fv2%2Ftags&post=2357"}],"curies":[{"name":"wp","href":"https:\/\/api.w.org\/{rel}","templated":true}]}}