{"id":2374,"date":"2023-02-14T20:07:30","date_gmt":"2023-02-14T20:07:30","guid":{"rendered":"https:\/\/gruene-reilingen.de\/?p=2374"},"modified":"2023-02-20T12:06:37","modified_gmt":"2023-02-20T12:06:37","slug":"haushaltsrede-der-gruenen-fraktion-2","status":"publish","type":"post","link":"https:\/\/gruene-reilingen.de\/?p=2374","title":{"rendered":"Haushaltsrede der Gr\u00fcnen-Fraktion"},"content":{"rendered":"\r\n\r\n\r\n\r\n\r\n\r\n\r\n\r\n \r\n\r\n\n<p>Sehr geehrter Herr B\u00fcrgermeister Weisbrod, sehr geehrte Gemeinderatskolleginnen und -kollegen, sehr geehrte B\u00fcrgerinnen und B\u00fcrger,<\/p>\n\n\n\n<p>In den letzten Jahren zog sich durch nahezu alle Haushaltsreden aller Fraktionen elementar das Wort Krise &#8211; sei es die Coronapandemie oder der Krieg in der Ukraine, die Fl\u00fcchtlingskrise und seit letztem Jahr auch die Gas- und Energiepreiskrise. Eine aber doch sehr pr\u00e4sente Bedrohung r\u00fcckte dabei in den Hintergrund. Daher m\u00f6chten wir Reilinger Gr\u00fcnen dieses Jahr wieder ein besonders Augenmerk auf die Klimakrise wenden. Sie ist eines der gr\u00f6\u00dften Probleme unserer Zeit und hat weitreichende Auswirkungen auf unsere Umwelt, Gesellschaft und auch die Wirtschaft. F\u00fcr uns ist es von gro\u00dfer Bedeutung, dass nicht nur auf Landes- und Bundesebene, sondern auch direkt in den Kommunen vor Ort erheblich mehr f\u00fcr den Klima- und Umweltschutz getan werden muss. Wir in Reilingen m\u00fcssen endlich beginnen unseren Beitrag zur Bek\u00e4mpfung der Klimakrise zu leisten. Das bedeutet wir m\u00fcssen Ma\u00dfnahmen ergreifen, um den CO2- Aussto\u00df in unserer Gemeinde zu reduzieren und erneuerbare Energien zu f\u00f6rdern.<\/p>\n\n\n\n<p>In dem hier vorliegenden Haushaltsentwurf f\u00fcr das Jahr 2023 k\u00f6nnen schon kleinteilig einige Ans\u00e4tze erkannt werden. Beispielsweise begr\u00fc\u00dfen wir die geplanten Mittel f\u00fcr Photovoltaikanlagen auf \u00f6ffentlichen Geb\u00e4uden. Allerdings m\u00f6chten wir auch mahnen, dass es nicht reicht Mittel einzustellen, sondern auch aktiv in der Planung mit Experten bleibt, welche Standorte hierf\u00fcr geeignet sind. Auch hier m\u00fcssen wir beginnen neue Wege in Betracht zu ziehen.<\/p>\n\n\n\n<p>Auch die F\u00f6rderung von privaten Photovoltaikanlagen kann ein bedeutender Schritt in der Generierung nachhaltiger Energien sein. Daher haben wir in diesem Jahr gemeinsam mit der SPD-Fraktion einen Antrag zur F\u00f6rderung von Balkonkraftwerken gestellt.<\/p>\n\n\n\n<p>Zu unserem Antrag zur Umgestaltung des Kreisverkehrs m\u00f6chte ich Stellung beziehen.<br>Eine mehrj\u00e4hrige Bepflanzung ist deutlich g\u00fcnstiger als die bisherige Wechselflorbepflanzung, besonders durch die hohen Instandhaltungs- und Personalkosten.<\/p>\n\n\n\n<p>Sie ist weder nachhaltig noch besonders insektenfreundlich. In den letzen Monaten hat dieses Gremium immer wieder Ausgaben in Frage gestellt, die wir unseren Steuerzahlern, den B\u00fcrgerinnen und B\u00fcrgern nicht zumuten wollen. Dies tun wir mit unserem Antrag nun ebenso.<\/p>\n\n\n\n<p>Durch eine Neugestaltung des Kreisverkehrs mit mehrj\u00e4hrigen Stauden wird zwar einmalig investiert, in den Folgejahren kann aber erheblich Geld eingespart werden, da nicht st\u00e4ndig neue Pflanzen gekauft und gesetzt werden m\u00fcssen.<br>Die Argumentation seitens der Verwaltung, die Ansehnlichkeit des Kreisverkehrs w\u00fcrde leiden, k\u00f6nnen wir nicht umkommentiert lassen. Zum Einen ist es durchaus m\u00f6glich eine ansprechende Bepflanzung zu allen Jahreszeiten einzusetzen, zum anderen liegt Sch\u00f6nheit bekanntlich im Auge des Betrachters. Als Inspiration k\u00f6nnte sich die Verwaltung den Herrmannshof in Weinheim anschauen.<\/p>\n\n\n\n<p>Die Temperaturen im Sommer steigen an und schon das letzte Jahr hat uns gelehrt, dass auch die Ressource Wasser nicht immer grenzenlos verf\u00fcgbar sein wird. Ein zu 80 % mit Rasen bepflanzter Kreisverkehr ist so sicher nicht mehr ansehnlich im Sommer.<\/p>\n\n\n\n<p>Und besonders die Lage k\u00f6nnte als Aush\u00e4ngeschild f\u00fcr Reilingen dienen. Ganz nah dem Motto: \u201eWir gehen mit gutem Vorbild voran.\u201c<br>Schlie\u00dfen m\u00f6chte ich diesen Punkt mit etwas Positivem: Nat\u00fcrlich hat sich die Bepflanzung in Reilingen in den letzten Jahren zum Besseren gewandelt. Hierf\u00fcr m\u00f6chten wir der Verwaltung und dem Bauhof danken! Nichts desto trotz muss noch mehr getan werden. Und wenn schon nicht aus Nachhaltigkeitsgr\u00fcnden, dann aus monet\u00e4ren.<\/p>\n\n\n\n<p>Auch begr\u00fc\u00dfen wir die F\u00f6rderung des \u00d6ffentlichen Nahverkehrs. Er ist ein wichtiges Schl\u00fcsselelement, um eine nachhaltige und umweltfreundliche Mobilit\u00e4t zu erreichen. Gleicherma\u00dfen fordern wir f\u00fcr die kommenden Jahre aber auch den weiteren Ausbau einiger Strecken, beispielsweise an den Bahnhof Walldorf. Durch die Bereitstellung bequemer, zuverl\u00e4ssiger und umweltfreundlicher Verkehrsalternativen k\u00f6nnen wir als Gemeinde dazu beitragen, dass Menschen ihre Gewohnheiten \u00e4ndern und auf umweltfreundliche Verkehrsmittel umsteigen. Bereits im letzten Jahr hat der Gemeinderat sich positiv f\u00fcr das E-Carsharing in Kooperation mit der Firma Deer ausgesprochen. Auch dies wird sicher eine nachhaltige Ma\u00dfnahme im Klimaschutz sein und zudem die Mobilit\u00e4t vieler Reilinger verst\u00e4rken ohne dabei zus\u00e4tzlichen Parkdruck zu generieren.<\/p>\n\n\n\n<p>Nat\u00fcrlich umfasst der Haushaltsplan auch Posten, die nicht unmittelbar mit Natur- und Umweltschutz in Verbindung zu bringen sind. Im letzten Jahr konnten wir f\u00fcr einige unbesetzte Stellen im Rathaus oder auch in den kommunalen Kinderg\u00e4rten neue Arbeitskr\u00e4fte gewinnen. Dies schl\u00e4gt sich in den weiterhin steigenden Personalkosten nieder, welche seit vielen Jahren Thema in der Haushaltsberatung ist. Nat\u00fcrlich ist dies einerseits ein gro\u00dfer Posten im Haushalt und eine monet\u00e4re Belastung, andererseits aber \u00fcberaus wichtig, besonders zu Zeiten des Fachkr\u00e4ftemangels.<\/p>\n\n\n\n<p>Eine Gemeinde wird nicht nur durch Verwaltungsstrukturen verk\u00f6rpert, sondern auch durch ein aktives Dorfgemeinschaftsleben. Vielfalt, Kultur und Zusammenk\u00fcnfte sind hierf\u00fcr die Basis. Unserer sch\u00f6ne Gemeinde lebt vor allem durch aktive B\u00fcrgerinnen und B\u00fcrger und die Vereine. An dieser Stelle m\u00f6chten wir all jenen danken, die ihre pers\u00f6nliche Zeit f\u00fcr andere bereitstellen. Investitionen in unsere Vereine und Begegnungsst\u00e4tten, wie dem Dorfgemeinschaftshaus sind daher wichtiger denn je, denn sie bilden das Herzst\u00fccks Reilingens.<\/p>\n\n\n\n<p>Weiterhin wird im Jahr 2023 f\u00fcr die Sicherheit unserer B\u00fcrgerinnen und B\u00fcrger gesorgt. Mit der Anschaffung des neuen Feuerwehrautos wird eine weitere wichtige Investition get\u00e4tigt. Zudem ist es ein gelungenes Zeichen f\u00fcr all die freiwilligen Kameradinnen und Kameraden der Feuerwehr, die bei Eins\u00e4tzen, \u00dcbungen und mehr nicht nur ihre Zeit opfern, sondern auch Risiken eingehen.<\/p>\n\n\n\n<p>Aber es gibt auch einige Posten und Investitionen in der Haushaltsplanung, die wir nicht bef\u00fcrworten k\u00f6nnen.<br>Wir sprechen und gegen weitere Versiegelung von Fl\u00e4chen aus und auch der Beleuchtung des Fahrradweges nach Hockenheim stehen wir kritisch gegen\u00fcber. Zus\u00e4tzliche Lichtverschmutzung kann niemals umweltfreundlich sein, auch wenn sie einen Fahrradweg betrifft. Die Investitionsh\u00f6he ist zudem so horrend, dass sie in der derzeitigen Haushaltssituation nicht abbildbar ist.<\/p>\n\n\n\n<p>Zusammenfassend m\u00f6chten wir mahnen, dass in den kommenden Jahren seitens der Gemeinde und des Gemeinderats mehr in Gegenma\u00dfnahmen zur Klimakrise investiert werden muss. Dies muss Hand in Hand mit unseren B\u00fcrgerinnen und B\u00fcrgern geschehen. Wir wollen weiter die B\u00fcrgerbeteiligung wie bereits im Jahr 2022 anstreben.<\/p>\n\n\n\n<p>Die Fraktion B\u00fcndnis 90\/Die Gr\u00fcnen stimmt dem vorgelegten Haushaltsentwurf&nbsp;sowie den Wirtschaftspl\u00e4nen f\u00fcr 2023 zu.<br>Wir bedanken uns bei Herrn B\u00fcrgermeister Weisbrod, Herrn Bickle und den Mitarbeiterinnen und Mitarbeitern der K\u00e4mmerei und der Verwaltung.<\/p>\n\n\n\n<p><\/p>\n\n\n\n<p>Lisa Dorn<\/p>\n\n\n\n<p>Fraktionssprecherin<\/p>\n\n\n\n<p>B\u00fcndnis&#8217;90\/Die Gr\u00fcnen<\/p>\n","protected":false},"excerpt":{"rendered":"<p>Sehr geehrter Herr B\u00fcrgermeister Weisbrod, sehr geehrte Gemeinderatskolleginnen und -kollegen, sehr geehrte B\u00fcrgerinnen und B\u00fcrger, In den letzten Jahren zog sich durch nahezu alle Haushaltsreden aller Fraktionen elementar das Wort [&hellip;]<\/p>\n","protected":false},"author":-1,"featured_media":0,"comment_status":"open","ping_status":"open","sticky":false,"template":"","format":"standard","meta":{"footnotes":""},"categories":[3],"tags":[],"class_list":["post-2374","post","type-post","status-publish","format-standard","hentry","category-news"],"yoast_head":"<!-- This site is optimized with the Yoast SEO plugin v27.5 - https:\/\/yoast.com\/product\/yoast-seo-wordpress\/ -->\n<title>Haushaltsrede der Gr\u00fcnen-Fraktion - B\u00dcNDNIS 90\/DIE GR\u00dcNEN REILINGEN<\/title>\n<meta name=\"robots\" content=\"index, follow, max-snippet:-1, max-image-preview:large, max-video-preview:-1\" \/>\n<link rel=\"canonical\" href=\"https:\/\/gruene-reilingen.de\/?p=2374\" \/>\n<meta property=\"og:locale\" content=\"de_DE\" \/>\n<meta property=\"og:type\" content=\"article\" \/>\n<meta property=\"og:title\" content=\"Haushaltsrede der Gr\u00fcnen-Fraktion - B\u00dcNDNIS 90\/DIE GR\u00dcNEN REILINGEN\" \/>\n<meta property=\"og:description\" content=\"Sehr geehrter Herr B\u00fcrgermeister Weisbrod, sehr geehrte Gemeinderatskolleginnen und -kollegen, sehr geehrte B\u00fcrgerinnen und B\u00fcrger, In den letzten Jahren zog sich durch nahezu alle Haushaltsreden aller Fraktionen elementar das Wort [&hellip;]\" \/>\n<meta property=\"og:url\" content=\"https:\/\/gruene-reilingen.de\/?p=2374\" \/>\n<meta property=\"og:site_name\" content=\"B\u00dcNDNIS 90\/DIE GR\u00dcNEN REILINGEN\" \/>\n<meta property=\"article:published_time\" content=\"2023-02-14T20:07:30+00:00\" \/>\n<meta property=\"article:modified_time\" content=\"2023-02-20T12:06:37+00:00\" \/>\n<meta name=\"author\" content=\"gruene_reilingen\" \/>\n<meta name=\"twitter:card\" content=\"summary_large_image\" \/>\n<meta name=\"twitter:label1\" content=\"Verfasst von\" \/>\n\t<meta name=\"twitter:data1\" content=\"gruene_reilingen\" \/>\n\t<meta name=\"twitter:label2\" content=\"Gesch\u00e4tzte Lesezeit\" \/>\n\t<meta name=\"twitter:data2\" content=\"6\u00a0Minuten\" \/>\n<script type=\"application\/ld+json\" class=\"yoast-schema-graph\">{\"@context\":\"https:\\\/\\\/schema.org\",\"@graph\":[{\"@type\":\"Article\",\"@id\":\"https:\\\/\\\/gruene-reilingen.de\\\/?p=2374#article\",\"isPartOf\":{\"@id\":\"https:\\\/\\\/gruene-reilingen.de\\\/?p=2374\"},\"author\":{\"name\":\"gruene_reilingen\",\"@id\":\"https:\\\/\\\/gruene-reilingen.de\\\/#\\\/schema\\\/person\\\/f9da928f04550d0db757afd781f08df8\"},\"headline\":\"Haushaltsrede der Gr\u00fcnen-Fraktion\",\"datePublished\":\"2023-02-14T20:07:30+00:00\",\"dateModified\":\"2023-02-20T12:06:37+00:00\",\"mainEntityOfPage\":{\"@id\":\"https:\\\/\\\/gruene-reilingen.de\\\/?p=2374\"},\"wordCount\":1086,\"commentCount\":0,\"articleSection\":[\"News\"],\"inLanguage\":\"de\",\"potentialAction\":[{\"@type\":\"CommentAction\",\"name\":\"Comment\",\"target\":[\"https:\\\/\\\/gruene-reilingen.de\\\/?p=2374#respond\"]}]},{\"@type\":\"WebPage\",\"@id\":\"https:\\\/\\\/gruene-reilingen.de\\\/?p=2374\",\"url\":\"https:\\\/\\\/gruene-reilingen.de\\\/?p=2374\",\"name\":\"Haushaltsrede der Gr\u00fcnen-Fraktion - B\u00dcNDNIS 90\\\/DIE GR\u00dcNEN REILINGEN\",\"isPartOf\":{\"@id\":\"https:\\\/\\\/gruene-reilingen.de\\\/#website\"},\"datePublished\":\"2023-02-14T20:07:30+00:00\",\"dateModified\":\"2023-02-20T12:06:37+00:00\",\"author\":{\"@id\":\"https:\\\/\\\/gruene-reilingen.de\\\/#\\\/schema\\\/person\\\/f9da928f04550d0db757afd781f08df8\"},\"breadcrumb\":{\"@id\":\"https:\\\/\\\/gruene-reilingen.de\\\/?p=2374#breadcrumb\"},\"inLanguage\":\"de\",\"potentialAction\":[{\"@type\":\"ReadAction\",\"target\":[\"https:\\\/\\\/gruene-reilingen.de\\\/?p=2374\"]}]},{\"@type\":\"BreadcrumbList\",\"@id\":\"https:\\\/\\\/gruene-reilingen.de\\\/?p=2374#breadcrumb\",\"itemListElement\":[{\"@type\":\"ListItem\",\"position\":1,\"name\":\"Startseite\",\"item\":\"https:\\\/\\\/gruene-reilingen.de\\\/\"},{\"@type\":\"ListItem\",\"position\":2,\"name\":\"Haushaltsrede der Gr\u00fcnen-Fraktion\"}]},{\"@type\":\"WebSite\",\"@id\":\"https:\\\/\\\/gruene-reilingen.de\\\/#website\",\"url\":\"https:\\\/\\\/gruene-reilingen.de\\\/\",\"name\":\"B\u00dcNDNIS 90\\\/DIE GR\u00dcNEN REILINGEN\",\"description\":\"\",\"potentialAction\":[{\"@type\":\"SearchAction\",\"target\":{\"@type\":\"EntryPoint\",\"urlTemplate\":\"https:\\\/\\\/gruene-reilingen.de\\\/?s={search_term_string}\"},\"query-input\":{\"@type\":\"PropertyValueSpecification\",\"valueRequired\":true,\"valueName\":\"search_term_string\"}}],\"inLanguage\":\"de\"},{\"@type\":\"Person\",\"@id\":\"https:\\\/\\\/gruene-reilingen.de\\\/#\\\/schema\\\/person\\\/f9da928f04550d0db757afd781f08df8\",\"name\":\"gruene_reilingen\",\"image\":{\"@type\":\"ImageObject\",\"inLanguage\":\"de\",\"@id\":\"https:\\\/\\\/secure.gravatar.com\\\/avatar\\\/913acc38ce102bffd85b7d788472a0913fa53d9b1fe59056f1fe4e704a8231cb?s=96&d=mm&r=g\",\"url\":\"https:\\\/\\\/secure.gravatar.com\\\/avatar\\\/913acc38ce102bffd85b7d788472a0913fa53d9b1fe59056f1fe4e704a8231cb?s=96&d=mm&r=g\",\"contentUrl\":\"https:\\\/\\\/secure.gravatar.com\\\/avatar\\\/913acc38ce102bffd85b7d788472a0913fa53d9b1fe59056f1fe4e704a8231cb?s=96&d=mm&r=g\",\"caption\":\"gruene_reilingen\"},\"sameAs\":[\"http:\\\/\\\/www.gruene-reilingen.de\"],\"url\":\"https:\\\/\\\/gruene-reilingen.de\\\/?author=2\"}]}<\/script>\n<!-- \/ Yoast SEO plugin. -->","yoast_head_json":{"title":"Haushaltsrede der Gr\u00fcnen-Fraktion - B\u00dcNDNIS 90\/DIE GR\u00dcNEN REILINGEN","robots":{"index":"index","follow":"follow","max-snippet":"max-snippet:-1","max-image-preview":"max-image-preview:large","max-video-preview":"max-video-preview:-1"},"canonical":"https:\/\/gruene-reilingen.de\/?p=2374","og_locale":"de_DE","og_type":"article","og_title":"Haushaltsrede der Gr\u00fcnen-Fraktion - B\u00dcNDNIS 90\/DIE GR\u00dcNEN REILINGEN","og_description":"Sehr geehrter Herr B\u00fcrgermeister Weisbrod, sehr geehrte Gemeinderatskolleginnen und -kollegen, sehr geehrte B\u00fcrgerinnen und B\u00fcrger, In den letzten Jahren zog sich durch nahezu alle Haushaltsreden aller Fraktionen elementar das Wort [&hellip;]","og_url":"https:\/\/gruene-reilingen.de\/?p=2374","og_site_name":"B\u00dcNDNIS 90\/DIE GR\u00dcNEN REILINGEN","article_published_time":"2023-02-14T20:07:30+00:00","article_modified_time":"2023-02-20T12:06:37+00:00","author":"gruene_reilingen","twitter_card":"summary_large_image","twitter_misc":{"Verfasst von":"gruene_reilingen","Gesch\u00e4tzte Lesezeit":"6\u00a0Minuten"},"schema":{"@context":"https:\/\/schema.org","@graph":[{"@type":"Article","@id":"https:\/\/gruene-reilingen.de\/?p=2374#article","isPartOf":{"@id":"https:\/\/gruene-reilingen.de\/?p=2374"},"author":{"name":"gruene_reilingen","@id":"https:\/\/gruene-reilingen.de\/#\/schema\/person\/f9da928f04550d0db757afd781f08df8"},"headline":"Haushaltsrede der Gr\u00fcnen-Fraktion","datePublished":"2023-02-14T20:07:30+00:00","dateModified":"2023-02-20T12:06:37+00:00","mainEntityOfPage":{"@id":"https:\/\/gruene-reilingen.de\/?p=2374"},"wordCount":1086,"commentCount":0,"articleSection":["News"],"inLanguage":"de","potentialAction":[{"@type":"CommentAction","name":"Comment","target":["https:\/\/gruene-reilingen.de\/?p=2374#respond"]}]},{"@type":"WebPage","@id":"https:\/\/gruene-reilingen.de\/?p=2374","url":"https:\/\/gruene-reilingen.de\/?p=2374","name":"Haushaltsrede der Gr\u00fcnen-Fraktion - B\u00dcNDNIS 90\/DIE GR\u00dcNEN REILINGEN","isPartOf":{"@id":"https:\/\/gruene-reilingen.de\/#website"},"datePublished":"2023-02-14T20:07:30+00:00","dateModified":"2023-02-20T12:06:37+00:00","author":{"@id":"https:\/\/gruene-reilingen.de\/#\/schema\/person\/f9da928f04550d0db757afd781f08df8"},"breadcrumb":{"@id":"https:\/\/gruene-reilingen.de\/?p=2374#breadcrumb"},"inLanguage":"de","potentialAction":[{"@type":"ReadAction","target":["https:\/\/gruene-reilingen.de\/?p=2374"]}]},{"@type":"BreadcrumbList","@id":"https:\/\/gruene-reilingen.de\/?p=2374#breadcrumb","itemListElement":[{"@type":"ListItem","position":1,"name":"Startseite","item":"https:\/\/gruene-reilingen.de\/"},{"@type":"ListItem","position":2,"name":"Haushaltsrede der Gr\u00fcnen-Fraktion"}]},{"@type":"WebSite","@id":"https:\/\/gruene-reilingen.de\/#website","url":"https:\/\/gruene-reilingen.de\/","name":"B\u00dcNDNIS 90\/DIE GR\u00dcNEN REILINGEN","description":"","potentialAction":[{"@type":"SearchAction","target":{"@type":"EntryPoint","urlTemplate":"https:\/\/gruene-reilingen.de\/?s={search_term_string}"},"query-input":{"@type":"PropertyValueSpecification","valueRequired":true,"valueName":"search_term_string"}}],"inLanguage":"de"},{"@type":"Person","@id":"https:\/\/gruene-reilingen.de\/#\/schema\/person\/f9da928f04550d0db757afd781f08df8","name":"gruene_reilingen","image":{"@type":"ImageObject","inLanguage":"de","@id":"https:\/\/secure.gravatar.com\/avatar\/913acc38ce102bffd85b7d788472a0913fa53d9b1fe59056f1fe4e704a8231cb?s=96&d=mm&r=g","url":"https:\/\/secure.gravatar.com\/avatar\/913acc38ce102bffd85b7d788472a0913fa53d9b1fe59056f1fe4e704a8231cb?s=96&d=mm&r=g","contentUrl":"https:\/\/secure.gravatar.com\/avatar\/913acc38ce102bffd85b7d788472a0913fa53d9b1fe59056f1fe4e704a8231cb?s=96&d=mm&r=g","caption":"gruene_reilingen"},"sameAs":["http:\/\/www.gruene-reilingen.de"],"url":"https:\/\/gruene-reilingen.de\/?author=2"}]}},"_links":{"self":[{"href":"https:\/\/gruene-reilingen.de\/index.php?rest_route=\/wp\/v2\/posts\/2374","targetHints":{"allow":["GET"]}}],"collection":[{"href":"https:\/\/gruene-reilingen.de\/index.php?rest_route=\/wp\/v2\/posts"}],"about":[{"href":"https:\/\/gruene-reilingen.de\/index.php?rest_route=\/wp\/v2\/types\/post"}],"author":[{"embeddable":true,"href":"https:\/\/gruene-reilingen.de\/index.php?rest_route=\/wp\/v2\/users\/2"}],"replies":[{"embeddable":true,"href":"https:\/\/gruene-reilingen.de\/index.php?rest_route=%2Fwp%2Fv2%2Fcomments&post=2374"}],"version-history":[{"count":2,"href":"https:\/\/gruene-reilingen.de\/index.php?rest_route=\/wp\/v2\/posts\/2374\/revisions"}],"predecessor-version":[{"id":2378,"href":"https:\/\/gruene-reilingen.de\/index.php?rest_route=\/wp\/v2\/posts\/2374\/revisions\/2378"}],"wp:attachment":[{"href":"https:\/\/gruene-reilingen.de\/index.php?rest_route=%2Fwp%2Fv2%2Fmedia&parent=2374"}],"wp:term":[{"taxonomy":"category","embeddable":true,"href":"https:\/\/gruene-reilingen.de\/index.php?rest_route=%2Fwp%2Fv2%2Fcategories&post=2374"},{"taxonomy":"post_tag","embeddable":true,"href":"https:\/\/gruene-reilingen.de\/index.php?rest_route=%2Fwp%2Fv2%2Ftags&post=2374"}],"curies":[{"name":"wp","href":"https:\/\/api.w.org\/{rel}","templated":true}]}}