{"id":2430,"date":"2023-04-18T14:32:05","date_gmt":"2023-04-18T14:32:05","guid":{"rendered":"https:\/\/gruene-reilingen.de\/?p=2430"},"modified":"2023-04-18T14:32:06","modified_gmt":"2023-04-18T14:32:06","slug":"mehr-gruene-infrastruktur-auch-fuer-gruene-flussjungfern","status":"publish","type":"post","link":"https:\/\/gruene-reilingen.de\/?p=2430","title":{"rendered":"Mehr Gr\u00fcne Infrastruktur auch f\u00fcr Gr\u00fcne Flussjungfern"},"content":{"rendered":"\r\n\r\n\r\n\r\n\r\n\r\n\r\n\r\n \r\n\r\n\n<p>Wie k\u00f6nnen wir dem Kraichbach zwischen Hockenheim und Reilingen mehr Leben einhauchen \u2013 das war die Frage, die im Mittelpunkt einer Begehung stand, zu der Dr. Andre Baumann, Landtagsabgeordneter der Gr\u00fcnen, eingeladen hatte. \u201eAn extrem hei\u00dfen Tagen haben wir Wassertemperaturen bis zu 26 Grad Celsius im Kraichbach gemessen\u201c, sagten Oliver Bender und Dominik Mattern, zwei Angler, die sich seit vielen Jahren f\u00fcr einen guten \u00f6kologischen Zustand des Kraichbachs bei Reilingen einsetzen. \u201eAm Ufer des Kraichbachs fehlen Geh\u00f6lze, die das Wasser beschatten. Im Bach fehlen Strukturen, wie tiefe Gumpen, in denen Fische hei\u00dfen Tage im Sommer ausharren. Es gibt kein Wechselspiel aus Sandb\u00e4nken mit langsam flie\u00dfendem Wasser und schnell flie\u00dfenden Abschnitten. Dem Kraichbach fehlt das, was einen nat\u00fcrlichen Tieflandbach ausmacht: Vielfalt. Die Gew\u00e4sserstrukturen sind in einem schlechten Zustand\u201c. Baumann versprach, sich f\u00fcr eine \u00f6kologische Aufwertung des Kraichbachs auch in diesem Gew\u00e4sserabschnitt einzusetzen.<strong><em><\/em><\/strong><\/p>\n\n\n\n<p>\u201eWir sehen am Hochwasser- und \u00d6kologieprojekt in Hockenheim, wie lebendig und vielf\u00e4ltig unser Kraichbach sein kann und wie unser kleiner Fluss vorbildlich gef\u00f6rdert wird. Das m\u00fcsste hier doch auch in Teilen m\u00f6glich sein\u201c, waren sich Jochen Rotter, Anna-Lena Becker, Lisa Dorn, Werner Borowski und Simon Schell von den Reilinger Gr\u00fcnen einig. Es w\u00e4re nur von Vorteil, wenn mehr B\u00e4ume das Gew\u00e4sser s\u00e4umten und mehr extensiv gepflegte Wiesenabschnitte auf den Kraichbachd\u00e4mmen vork\u00e4men. \u201eDie Insektenvielfalt am Gew\u00e4sser kann durch bunt bl\u00fchende Wiesen schnell und effektiv gef\u00f6rdert werden\u201c, so die Reilinger Gr\u00fcnen. Gerade gew\u00e4sserbegleitende Biotope seien wichtige Vernetzungskorridore der so genannten Gr\u00fcnen Infrastruktur, dem Biotopverbund. Bender und Mattern erinnerten daran, dass der Kraichbach immer wieder versuche, sich ein nat\u00fcrlicheres Gew\u00e4sserbett zu schaffen. \u201eBei einem Hochwasser hat der Kraichbach einen Prallhang geschaffen, in dem Eisv\u00f6gel gebr\u00fctet haben. An anderen Gew\u00e4ssern werden mit viel Aufwand bei Renaturierungsma\u00dfnahmen Uferb\u00f6schungen mit dem Bagger geschaffen, die hier von selbst entstehen. Warum musste dieses nat\u00fcrlich entstandene Naturelement entfernt werden?\u201c<strong><em><\/em><\/strong><\/p>\n\n\n\n<p>\u201eZwischen den D\u00e4mmen sollte eigentlich gen\u00fcgend Platz sein, um aus dem kerzengeraden und konturlosen Kraichbach einen sich leicht schl\u00e4ngelnden kleinen Fluss zu machen \u2013 mit Sandb\u00e4nken und kleinen Stromschnellen, flussbegleitenden R\u00f6hrichten und mit Totholzelementen, unter denen sich Fische verstecken k\u00f6nnen\u201c, sagte Baumann. Die Herstellung eines guten \u00f6kologischen Zustands ist das Ziel f\u00fcr alle Gew\u00e4sser, das die EU-Wasserrahmen-Richtlinie vorgibt. Der Kraichbach m\u00fcsse auch zum Schutz der selten gewordenen und streng gesch\u00fctzten Gr\u00fcnen Flussjungfer naturschutzfachlich aufgewertet werden. Baumann sagte zu, dass er sich weiter f\u00fcr eine \u00f6kologische Aufwertung des Kraichbachs einsetze. \u201eZiel ist ein Kraichbach, der so aussieht, wie die B\u00e4che und Fl\u00fcsse unserer Volkslieder.\u201c<\/p>\n\n\n\n<figure class=\"wp-block-image size-large\"><a href=\"https:\/\/gruene-reilingen.de\/wp-content\/uploads\/2023\/04\/Bei-einem-gemeinsamen-Vor-Ort-Termin-von-Dr.-Andre-Baumann-den-Reilinger-Gruenen-Dominik-Mattern-und-Oliver-Bender-stand-das-Ufer-des-Kraichbachs-im-Mittelpunkt-scaled.jpg\"><img loading=\"lazy\" decoding=\"async\" width=\"460\" height=\"500\" src=\"https:\/\/gruene-reilingen.de\/wp-content\/uploads\/2023\/04\/Bei-einem-gemeinsamen-Vor-Ort-Termin-von-Dr.-Andre-Baumann-den-Reilinger-Gruenen-Dominik-Mattern-und-Oliver-Bender-stand-das-Ufer-des-Kraichbachs-im-Mittelpunkt-460x500.jpg\" alt=\"\" class=\"wp-image-2431\" srcset=\"https:\/\/gruene-reilingen.de\/wp-content\/uploads\/2023\/04\/Bei-einem-gemeinsamen-Vor-Ort-Termin-von-Dr.-Andre-Baumann-den-Reilinger-Gruenen-Dominik-Mattern-und-Oliver-Bender-stand-das-Ufer-des-Kraichbachs-im-Mittelpunkt-460x500.jpg 460w, https:\/\/gruene-reilingen.de\/wp-content\/uploads\/2023\/04\/Bei-einem-gemeinsamen-Vor-Ort-Termin-von-Dr.-Andre-Baumann-den-Reilinger-Gruenen-Dominik-Mattern-und-Oliver-Bender-stand-das-Ufer-des-Kraichbachs-im-Mittelpunkt-340x370.jpg 340w, https:\/\/gruene-reilingen.de\/wp-content\/uploads\/2023\/04\/Bei-einem-gemeinsamen-Vor-Ort-Termin-von-Dr.-Andre-Baumann-den-Reilinger-Gruenen-Dominik-Mattern-und-Oliver-Bender-stand-das-Ufer-des-Kraichbachs-im-Mittelpunkt-768x835.jpg 768w, https:\/\/gruene-reilingen.de\/wp-content\/uploads\/2023\/04\/Bei-einem-gemeinsamen-Vor-Ort-Termin-von-Dr.-Andre-Baumann-den-Reilinger-Gruenen-Dominik-Mattern-und-Oliver-Bender-stand-das-Ufer-des-Kraichbachs-im-Mittelpunkt-1412x1536.jpg 1412w, https:\/\/gruene-reilingen.de\/wp-content\/uploads\/2023\/04\/Bei-einem-gemeinsamen-Vor-Ort-Termin-von-Dr.-Andre-Baumann-den-Reilinger-Gruenen-Dominik-Mattern-und-Oliver-Bender-stand-das-Ufer-des-Kraichbachs-im-Mittelpunkt-1883x2048.jpg 1883w\" sizes=\"auto, (max-width: 460px) 100vw, 460px\" \/><\/a><\/figure>\n","protected":false},"excerpt":{"rendered":"<p>Wie k\u00f6nnen wir dem Kraichbach zwischen Hockenheim und Reilingen mehr Leben einhauchen \u2013 das war die Frage, die im Mittelpunkt einer Begehung stand, zu der Dr. Andre Baumann, Landtagsabgeordneter der [&hellip;]<\/p>\n","protected":false},"author":-1,"featured_media":0,"comment_status":"open","ping_status":"open","sticky":false,"template":"","format":"standard","meta":{"footnotes":""},"categories":[3],"tags":[],"class_list":["post-2430","post","type-post","status-publish","format-standard","hentry","category-news"],"yoast_head":"<!-- This site is optimized with the Yoast SEO plugin v27.5 - https:\/\/yoast.com\/product\/yoast-seo-wordpress\/ -->\n<title>Mehr Gr\u00fcne Infrastruktur auch f\u00fcr Gr\u00fcne Flussjungfern - B\u00dcNDNIS 90\/DIE GR\u00dcNEN REILINGEN<\/title>\n<meta name=\"robots\" content=\"index, follow, max-snippet:-1, max-image-preview:large, max-video-preview:-1\" \/>\n<link rel=\"canonical\" href=\"https:\/\/gruene-reilingen.de\/?p=2430\" \/>\n<meta property=\"og:locale\" content=\"de_DE\" \/>\n<meta property=\"og:type\" content=\"article\" \/>\n<meta property=\"og:title\" content=\"Mehr Gr\u00fcne Infrastruktur auch f\u00fcr Gr\u00fcne Flussjungfern - B\u00dcNDNIS 90\/DIE GR\u00dcNEN REILINGEN\" \/>\n<meta property=\"og:description\" content=\"Wie k\u00f6nnen wir dem Kraichbach zwischen Hockenheim und Reilingen mehr Leben einhauchen \u2013 das war die Frage, die im Mittelpunkt einer Begehung stand, zu der Dr. Andre Baumann, Landtagsabgeordneter der [&hellip;]\" \/>\n<meta property=\"og:url\" content=\"https:\/\/gruene-reilingen.de\/?p=2430\" \/>\n<meta property=\"og:site_name\" content=\"B\u00dcNDNIS 90\/DIE GR\u00dcNEN REILINGEN\" \/>\n<meta property=\"article:published_time\" content=\"2023-04-18T14:32:05+00:00\" \/>\n<meta property=\"article:modified_time\" content=\"2023-04-18T14:32:06+00:00\" \/>\n<meta property=\"og:image\" content=\"https:\/\/gruene-reilingen.de\/wp-content\/uploads\/2023\/04\/Bei-einem-gemeinsamen-Vor-Ort-Termin-von-Dr.-Andre-Baumann-den-Reilinger-Gruenen-Dominik-Mattern-und-Oliver-Bender-stand-das-Ufer-des-Kraichbachs-im-Mittelpunkt-460x500.jpg\" \/>\n<meta name=\"author\" content=\"gruene_reilingen\" \/>\n<meta name=\"twitter:card\" content=\"summary_large_image\" \/>\n<meta name=\"twitter:label1\" content=\"Verfasst von\" \/>\n\t<meta name=\"twitter:data1\" content=\"gruene_reilingen\" \/>\n\t<meta name=\"twitter:label2\" content=\"Gesch\u00e4tzte Lesezeit\" \/>\n\t<meta name=\"twitter:data2\" content=\"3\u00a0Minuten\" \/>\n<script type=\"application\/ld+json\" class=\"yoast-schema-graph\">{\"@context\":\"https:\\\/\\\/schema.org\",\"@graph\":[{\"@type\":\"Article\",\"@id\":\"https:\\\/\\\/gruene-reilingen.de\\\/?p=2430#article\",\"isPartOf\":{\"@id\":\"https:\\\/\\\/gruene-reilingen.de\\\/?p=2430\"},\"author\":{\"name\":\"gruene_reilingen\",\"@id\":\"https:\\\/\\\/gruene-reilingen.de\\\/#\\\/schema\\\/person\\\/f9da928f04550d0db757afd781f08df8\"},\"headline\":\"Mehr Gr\u00fcne Infrastruktur auch f\u00fcr Gr\u00fcne Flussjungfern\",\"datePublished\":\"2023-04-18T14:32:05+00:00\",\"dateModified\":\"2023-04-18T14:32:06+00:00\",\"mainEntityOfPage\":{\"@id\":\"https:\\\/\\\/gruene-reilingen.de\\\/?p=2430\"},\"wordCount\":463,\"commentCount\":0,\"image\":{\"@id\":\"https:\\\/\\\/gruene-reilingen.de\\\/?p=2430#primaryimage\"},\"thumbnailUrl\":\"https:\\\/\\\/gruene-reilingen.de\\\/wp-content\\\/uploads\\\/2023\\\/04\\\/Bei-einem-gemeinsamen-Vor-Ort-Termin-von-Dr.-Andre-Baumann-den-Reilinger-Gruenen-Dominik-Mattern-und-Oliver-Bender-stand-das-Ufer-des-Kraichbachs-im-Mittelpunkt-460x500.jpg\",\"articleSection\":[\"News\"],\"inLanguage\":\"de\",\"potentialAction\":[{\"@type\":\"CommentAction\",\"name\":\"Comment\",\"target\":[\"https:\\\/\\\/gruene-reilingen.de\\\/?p=2430#respond\"]}]},{\"@type\":\"WebPage\",\"@id\":\"https:\\\/\\\/gruene-reilingen.de\\\/?p=2430\",\"url\":\"https:\\\/\\\/gruene-reilingen.de\\\/?p=2430\",\"name\":\"Mehr Gr\u00fcne Infrastruktur auch f\u00fcr Gr\u00fcne Flussjungfern - B\u00dcNDNIS 90\\\/DIE GR\u00dcNEN REILINGEN\",\"isPartOf\":{\"@id\":\"https:\\\/\\\/gruene-reilingen.de\\\/#website\"},\"primaryImageOfPage\":{\"@id\":\"https:\\\/\\\/gruene-reilingen.de\\\/?p=2430#primaryimage\"},\"image\":{\"@id\":\"https:\\\/\\\/gruene-reilingen.de\\\/?p=2430#primaryimage\"},\"thumbnailUrl\":\"https:\\\/\\\/gruene-reilingen.de\\\/wp-content\\\/uploads\\\/2023\\\/04\\\/Bei-einem-gemeinsamen-Vor-Ort-Termin-von-Dr.-Andre-Baumann-den-Reilinger-Gruenen-Dominik-Mattern-und-Oliver-Bender-stand-das-Ufer-des-Kraichbachs-im-Mittelpunkt-460x500.jpg\",\"datePublished\":\"2023-04-18T14:32:05+00:00\",\"dateModified\":\"2023-04-18T14:32:06+00:00\",\"author\":{\"@id\":\"https:\\\/\\\/gruene-reilingen.de\\\/#\\\/schema\\\/person\\\/f9da928f04550d0db757afd781f08df8\"},\"breadcrumb\":{\"@id\":\"https:\\\/\\\/gruene-reilingen.de\\\/?p=2430#breadcrumb\"},\"inLanguage\":\"de\",\"potentialAction\":[{\"@type\":\"ReadAction\",\"target\":[\"https:\\\/\\\/gruene-reilingen.de\\\/?p=2430\"]}]},{\"@type\":\"ImageObject\",\"inLanguage\":\"de\",\"@id\":\"https:\\\/\\\/gruene-reilingen.de\\\/?p=2430#primaryimage\",\"url\":\"https:\\\/\\\/gruene-reilingen.de\\\/wp-content\\\/uploads\\\/2023\\\/04\\\/Bei-einem-gemeinsamen-Vor-Ort-Termin-von-Dr.-Andre-Baumann-den-Reilinger-Gruenen-Dominik-Mattern-und-Oliver-Bender-stand-das-Ufer-des-Kraichbachs-im-Mittelpunkt-460x500.jpg\",\"contentUrl\":\"https:\\\/\\\/gruene-reilingen.de\\\/wp-content\\\/uploads\\\/2023\\\/04\\\/Bei-einem-gemeinsamen-Vor-Ort-Termin-von-Dr.-Andre-Baumann-den-Reilinger-Gruenen-Dominik-Mattern-und-Oliver-Bender-stand-das-Ufer-des-Kraichbachs-im-Mittelpunkt-460x500.jpg\"},{\"@type\":\"BreadcrumbList\",\"@id\":\"https:\\\/\\\/gruene-reilingen.de\\\/?p=2430#breadcrumb\",\"itemListElement\":[{\"@type\":\"ListItem\",\"position\":1,\"name\":\"Startseite\",\"item\":\"https:\\\/\\\/gruene-reilingen.de\\\/\"},{\"@type\":\"ListItem\",\"position\":2,\"name\":\"Mehr Gr\u00fcne Infrastruktur auch f\u00fcr Gr\u00fcne Flussjungfern\"}]},{\"@type\":\"WebSite\",\"@id\":\"https:\\\/\\\/gruene-reilingen.de\\\/#website\",\"url\":\"https:\\\/\\\/gruene-reilingen.de\\\/\",\"name\":\"B\u00dcNDNIS 90\\\/DIE GR\u00dcNEN REILINGEN\",\"description\":\"\",\"potentialAction\":[{\"@type\":\"SearchAction\",\"target\":{\"@type\":\"EntryPoint\",\"urlTemplate\":\"https:\\\/\\\/gruene-reilingen.de\\\/?s={search_term_string}\"},\"query-input\":{\"@type\":\"PropertyValueSpecification\",\"valueRequired\":true,\"valueName\":\"search_term_string\"}}],\"inLanguage\":\"de\"},{\"@type\":\"Person\",\"@id\":\"https:\\\/\\\/gruene-reilingen.de\\\/#\\\/schema\\\/person\\\/f9da928f04550d0db757afd781f08df8\",\"name\":\"gruene_reilingen\",\"image\":{\"@type\":\"ImageObject\",\"inLanguage\":\"de\",\"@id\":\"https:\\\/\\\/secure.gravatar.com\\\/avatar\\\/913acc38ce102bffd85b7d788472a0913fa53d9b1fe59056f1fe4e704a8231cb?s=96&d=mm&r=g\",\"url\":\"https:\\\/\\\/secure.gravatar.com\\\/avatar\\\/913acc38ce102bffd85b7d788472a0913fa53d9b1fe59056f1fe4e704a8231cb?s=96&d=mm&r=g\",\"contentUrl\":\"https:\\\/\\\/secure.gravatar.com\\\/avatar\\\/913acc38ce102bffd85b7d788472a0913fa53d9b1fe59056f1fe4e704a8231cb?s=96&d=mm&r=g\",\"caption\":\"gruene_reilingen\"},\"sameAs\":[\"http:\\\/\\\/www.gruene-reilingen.de\"],\"url\":\"https:\\\/\\\/gruene-reilingen.de\\\/?author=2\"}]}<\/script>\n<!-- \/ Yoast SEO plugin. -->","yoast_head_json":{"title":"Mehr Gr\u00fcne Infrastruktur auch f\u00fcr Gr\u00fcne Flussjungfern - B\u00dcNDNIS 90\/DIE GR\u00dcNEN REILINGEN","robots":{"index":"index","follow":"follow","max-snippet":"max-snippet:-1","max-image-preview":"max-image-preview:large","max-video-preview":"max-video-preview:-1"},"canonical":"https:\/\/gruene-reilingen.de\/?p=2430","og_locale":"de_DE","og_type":"article","og_title":"Mehr Gr\u00fcne Infrastruktur auch f\u00fcr Gr\u00fcne Flussjungfern - B\u00dcNDNIS 90\/DIE GR\u00dcNEN REILINGEN","og_description":"Wie k\u00f6nnen wir dem Kraichbach zwischen Hockenheim und Reilingen mehr Leben einhauchen \u2013 das war die Frage, die im Mittelpunkt einer Begehung stand, zu der Dr. Andre Baumann, Landtagsabgeordneter der [&hellip;]","og_url":"https:\/\/gruene-reilingen.de\/?p=2430","og_site_name":"B\u00dcNDNIS 90\/DIE GR\u00dcNEN REILINGEN","article_published_time":"2023-04-18T14:32:05+00:00","article_modified_time":"2023-04-18T14:32:06+00:00","og_image":[{"url":"https:\/\/gruene-reilingen.de\/wp-content\/uploads\/2023\/04\/Bei-einem-gemeinsamen-Vor-Ort-Termin-von-Dr.-Andre-Baumann-den-Reilinger-Gruenen-Dominik-Mattern-und-Oliver-Bender-stand-das-Ufer-des-Kraichbachs-im-Mittelpunkt-460x500.jpg","type":"","width":"","height":""}],"author":"gruene_reilingen","twitter_card":"summary_large_image","twitter_misc":{"Verfasst von":"gruene_reilingen","Gesch\u00e4tzte Lesezeit":"3\u00a0Minuten"},"schema":{"@context":"https:\/\/schema.org","@graph":[{"@type":"Article","@id":"https:\/\/gruene-reilingen.de\/?p=2430#article","isPartOf":{"@id":"https:\/\/gruene-reilingen.de\/?p=2430"},"author":{"name":"gruene_reilingen","@id":"https:\/\/gruene-reilingen.de\/#\/schema\/person\/f9da928f04550d0db757afd781f08df8"},"headline":"Mehr Gr\u00fcne Infrastruktur auch f\u00fcr Gr\u00fcne Flussjungfern","datePublished":"2023-04-18T14:32:05+00:00","dateModified":"2023-04-18T14:32:06+00:00","mainEntityOfPage":{"@id":"https:\/\/gruene-reilingen.de\/?p=2430"},"wordCount":463,"commentCount":0,"image":{"@id":"https:\/\/gruene-reilingen.de\/?p=2430#primaryimage"},"thumbnailUrl":"https:\/\/gruene-reilingen.de\/wp-content\/uploads\/2023\/04\/Bei-einem-gemeinsamen-Vor-Ort-Termin-von-Dr.-Andre-Baumann-den-Reilinger-Gruenen-Dominik-Mattern-und-Oliver-Bender-stand-das-Ufer-des-Kraichbachs-im-Mittelpunkt-460x500.jpg","articleSection":["News"],"inLanguage":"de","potentialAction":[{"@type":"CommentAction","name":"Comment","target":["https:\/\/gruene-reilingen.de\/?p=2430#respond"]}]},{"@type":"WebPage","@id":"https:\/\/gruene-reilingen.de\/?p=2430","url":"https:\/\/gruene-reilingen.de\/?p=2430","name":"Mehr Gr\u00fcne Infrastruktur auch f\u00fcr Gr\u00fcne Flussjungfern - B\u00dcNDNIS 90\/DIE GR\u00dcNEN REILINGEN","isPartOf":{"@id":"https:\/\/gruene-reilingen.de\/#website"},"primaryImageOfPage":{"@id":"https:\/\/gruene-reilingen.de\/?p=2430#primaryimage"},"image":{"@id":"https:\/\/gruene-reilingen.de\/?p=2430#primaryimage"},"thumbnailUrl":"https:\/\/gruene-reilingen.de\/wp-content\/uploads\/2023\/04\/Bei-einem-gemeinsamen-Vor-Ort-Termin-von-Dr.-Andre-Baumann-den-Reilinger-Gruenen-Dominik-Mattern-und-Oliver-Bender-stand-das-Ufer-des-Kraichbachs-im-Mittelpunkt-460x500.jpg","datePublished":"2023-04-18T14:32:05+00:00","dateModified":"2023-04-18T14:32:06+00:00","author":{"@id":"https:\/\/gruene-reilingen.de\/#\/schema\/person\/f9da928f04550d0db757afd781f08df8"},"breadcrumb":{"@id":"https:\/\/gruene-reilingen.de\/?p=2430#breadcrumb"},"inLanguage":"de","potentialAction":[{"@type":"ReadAction","target":["https:\/\/gruene-reilingen.de\/?p=2430"]}]},{"@type":"ImageObject","inLanguage":"de","@id":"https:\/\/gruene-reilingen.de\/?p=2430#primaryimage","url":"https:\/\/gruene-reilingen.de\/wp-content\/uploads\/2023\/04\/Bei-einem-gemeinsamen-Vor-Ort-Termin-von-Dr.-Andre-Baumann-den-Reilinger-Gruenen-Dominik-Mattern-und-Oliver-Bender-stand-das-Ufer-des-Kraichbachs-im-Mittelpunkt-460x500.jpg","contentUrl":"https:\/\/gruene-reilingen.de\/wp-content\/uploads\/2023\/04\/Bei-einem-gemeinsamen-Vor-Ort-Termin-von-Dr.-Andre-Baumann-den-Reilinger-Gruenen-Dominik-Mattern-und-Oliver-Bender-stand-das-Ufer-des-Kraichbachs-im-Mittelpunkt-460x500.jpg"},{"@type":"BreadcrumbList","@id":"https:\/\/gruene-reilingen.de\/?p=2430#breadcrumb","itemListElement":[{"@type":"ListItem","position":1,"name":"Startseite","item":"https:\/\/gruene-reilingen.de\/"},{"@type":"ListItem","position":2,"name":"Mehr Gr\u00fcne Infrastruktur auch f\u00fcr Gr\u00fcne Flussjungfern"}]},{"@type":"WebSite","@id":"https:\/\/gruene-reilingen.de\/#website","url":"https:\/\/gruene-reilingen.de\/","name":"B\u00dcNDNIS 90\/DIE GR\u00dcNEN REILINGEN","description":"","potentialAction":[{"@type":"SearchAction","target":{"@type":"EntryPoint","urlTemplate":"https:\/\/gruene-reilingen.de\/?s={search_term_string}"},"query-input":{"@type":"PropertyValueSpecification","valueRequired":true,"valueName":"search_term_string"}}],"inLanguage":"de"},{"@type":"Person","@id":"https:\/\/gruene-reilingen.de\/#\/schema\/person\/f9da928f04550d0db757afd781f08df8","name":"gruene_reilingen","image":{"@type":"ImageObject","inLanguage":"de","@id":"https:\/\/secure.gravatar.com\/avatar\/913acc38ce102bffd85b7d788472a0913fa53d9b1fe59056f1fe4e704a8231cb?s=96&d=mm&r=g","url":"https:\/\/secure.gravatar.com\/avatar\/913acc38ce102bffd85b7d788472a0913fa53d9b1fe59056f1fe4e704a8231cb?s=96&d=mm&r=g","contentUrl":"https:\/\/secure.gravatar.com\/avatar\/913acc38ce102bffd85b7d788472a0913fa53d9b1fe59056f1fe4e704a8231cb?s=96&d=mm&r=g","caption":"gruene_reilingen"},"sameAs":["http:\/\/www.gruene-reilingen.de"],"url":"https:\/\/gruene-reilingen.de\/?author=2"}]}},"_links":{"self":[{"href":"https:\/\/gruene-reilingen.de\/index.php?rest_route=\/wp\/v2\/posts\/2430","targetHints":{"allow":["GET"]}}],"collection":[{"href":"https:\/\/gruene-reilingen.de\/index.php?rest_route=\/wp\/v2\/posts"}],"about":[{"href":"https:\/\/gruene-reilingen.de\/index.php?rest_route=\/wp\/v2\/types\/post"}],"author":[{"embeddable":true,"href":"https:\/\/gruene-reilingen.de\/index.php?rest_route=\/wp\/v2\/users\/2"}],"replies":[{"embeddable":true,"href":"https:\/\/gruene-reilingen.de\/index.php?rest_route=%2Fwp%2Fv2%2Fcomments&post=2430"}],"version-history":[{"count":1,"href":"https:\/\/gruene-reilingen.de\/index.php?rest_route=\/wp\/v2\/posts\/2430\/revisions"}],"predecessor-version":[{"id":2432,"href":"https:\/\/gruene-reilingen.de\/index.php?rest_route=\/wp\/v2\/posts\/2430\/revisions\/2432"}],"wp:attachment":[{"href":"https:\/\/gruene-reilingen.de\/index.php?rest_route=%2Fwp%2Fv2%2Fmedia&parent=2430"}],"wp:term":[{"taxonomy":"category","embeddable":true,"href":"https:\/\/gruene-reilingen.de\/index.php?rest_route=%2Fwp%2Fv2%2Fcategories&post=2430"},{"taxonomy":"post_tag","embeddable":true,"href":"https:\/\/gruene-reilingen.de\/index.php?rest_route=%2Fwp%2Fv2%2Ftags&post=2430"}],"curies":[{"name":"wp","href":"https:\/\/api.w.org\/{rel}","templated":true}]}}