{"id":2436,"date":"2023-05-01T15:30:43","date_gmt":"2023-05-01T15:30:43","guid":{"rendered":"https:\/\/gruene-reilingen.de\/?p=2436"},"modified":"2023-05-01T15:30:51","modified_gmt":"2023-05-01T15:30:51","slug":"1-gruene-kleidertauschparty-war-ein-voller-erfolg","status":"publish","type":"post","link":"https:\/\/gruene-reilingen.de\/?p=2436","title":{"rendered":"1.Gr\u00fcne Kleidertauschparty war ein voller Erfolg!"},"content":{"rendered":"\r\n\r\n\r\n\r\n\r\n\r\n\r\n\r\n \r\n\r\n\n<p>Nach langem Warten konnte unsere 1. gr\u00fcne Kleidertauschparty in Reilingen auf dem&nbsp;<a href=\"https:\/\/www.instagram.com\/wersauerhof\/\">@wersauerhof<\/a>stattfinden. Geplant war diese bereits vor 3 Jahren. Doch dann machte Corona einen Strich durch die Planungen. Umso sch\u00f6ner war es f\u00fcr uns die gro\u00dfe Resonanz zu sehen. Es ist toll mit welcher Freude Kleidungsst\u00fccke und Accessoires im Sinne der Nachhaltigkeit getauscht wurden. Alle durften 10 Teile mitbringen und konnten sich etwas \u201eNeues\u201c aussuchen. Die ein oder der andere war \u00fcberrascht wie viel tats\u00e4chlich wieder mit nach Hause durfte.&nbsp;<\/p>\n\n\n\n<p>Wir danken allen f\u00fcr die Beteiligung und freuen uns auf eine Wiederholung.\u00a0<\/p>\n\n\n\n<figure class=\"wp-block-image size-large\"><a href=\"https:\/\/gruene-reilingen.de\/wp-content\/uploads\/2023\/05\/WhatsApp-Image-2023-04-23-at-16.54.22.jpeg\"><img loading=\"lazy\" decoding=\"async\" width=\"667\" height=\"500\" src=\"https:\/\/gruene-reilingen.de\/wp-content\/uploads\/2023\/05\/WhatsApp-Image-2023-04-23-at-16.54.22-667x500.jpeg\" alt=\"\" class=\"wp-image-2437\" srcset=\"https:\/\/gruene-reilingen.de\/wp-content\/uploads\/2023\/05\/WhatsApp-Image-2023-04-23-at-16.54.22-667x500.jpeg 667w, https:\/\/gruene-reilingen.de\/wp-content\/uploads\/2023\/05\/WhatsApp-Image-2023-04-23-at-16.54.22-493x370.jpeg 493w, https:\/\/gruene-reilingen.de\/wp-content\/uploads\/2023\/05\/WhatsApp-Image-2023-04-23-at-16.54.22-768x576.jpeg 768w, https:\/\/gruene-reilingen.de\/wp-content\/uploads\/2023\/05\/WhatsApp-Image-2023-04-23-at-16.54.22.jpeg 1024w\" sizes=\"auto, (max-width: 667px) 100vw, 667px\" \/><\/a><\/figure>\n","protected":false},"excerpt":{"rendered":"<p>Nach langem Warten konnte unsere 1. gr\u00fcne Kleidertauschparty in Reilingen auf dem&nbsp;@wersauerhofstattfinden. Geplant war diese bereits vor 3 Jahren. Doch dann machte Corona einen Strich durch die Planungen. Umso sch\u00f6ner [&hellip;]<\/p>\n","protected":false},"author":-1,"featured_media":0,"comment_status":"open","ping_status":"open","sticky":false,"template":"","format":"standard","meta":{"footnotes":""},"categories":[3],"tags":[],"class_list":["post-2436","post","type-post","status-publish","format-standard","hentry","category-news"],"yoast_head":"<!-- This site is optimized with the Yoast SEO plugin v27.5 - https:\/\/yoast.com\/product\/yoast-seo-wordpress\/ -->\n<title>1.Gr\u00fcne Kleidertauschparty war ein voller Erfolg! - B\u00dcNDNIS 90\/DIE GR\u00dcNEN REILINGEN<\/title>\n<meta name=\"robots\" content=\"index, follow, max-snippet:-1, max-image-preview:large, max-video-preview:-1\" \/>\n<link rel=\"canonical\" href=\"https:\/\/gruene-reilingen.de\/?p=2436\" \/>\n<meta property=\"og:locale\" content=\"de_DE\" \/>\n<meta property=\"og:type\" content=\"article\" \/>\n<meta property=\"og:title\" content=\"1.Gr\u00fcne Kleidertauschparty war ein voller Erfolg! - B\u00dcNDNIS 90\/DIE GR\u00dcNEN REILINGEN\" \/>\n<meta property=\"og:description\" content=\"Nach langem Warten konnte unsere 1. gr\u00fcne Kleidertauschparty in Reilingen auf dem&nbsp;@wersauerhofstattfinden. Geplant war diese bereits vor 3 Jahren. Doch dann machte Corona einen Strich durch die Planungen. Umso sch\u00f6ner [&hellip;]\" \/>\n<meta property=\"og:url\" content=\"https:\/\/gruene-reilingen.de\/?p=2436\" \/>\n<meta property=\"og:site_name\" content=\"B\u00dcNDNIS 90\/DIE GR\u00dcNEN REILINGEN\" \/>\n<meta property=\"article:published_time\" content=\"2023-05-01T15:30:43+00:00\" \/>\n<meta property=\"article:modified_time\" content=\"2023-05-01T15:30:51+00:00\" \/>\n<meta property=\"og:image\" content=\"https:\/\/gruene-reilingen.de\/wp-content\/uploads\/2023\/05\/WhatsApp-Image-2023-04-23-at-16.54.22-667x500.jpeg\" \/>\n<meta name=\"author\" content=\"gruene_reilingen\" \/>\n<meta name=\"twitter:card\" content=\"summary_large_image\" \/>\n<meta name=\"twitter:label1\" content=\"Verfasst von\" \/>\n\t<meta name=\"twitter:data1\" content=\"gruene_reilingen\" \/>\n\t<meta name=\"twitter:label2\" content=\"Gesch\u00e4tzte Lesezeit\" \/>\n\t<meta name=\"twitter:data2\" content=\"1\u00a0Minute\" \/>\n<script type=\"application\/ld+json\" class=\"yoast-schema-graph\">{\"@context\":\"https:\\\/\\\/schema.org\",\"@graph\":[{\"@type\":\"Article\",\"@id\":\"https:\\\/\\\/gruene-reilingen.de\\\/?p=2436#article\",\"isPartOf\":{\"@id\":\"https:\\\/\\\/gruene-reilingen.de\\\/?p=2436\"},\"author\":{\"name\":\"gruene_reilingen\",\"@id\":\"https:\\\/\\\/gruene-reilingen.de\\\/#\\\/schema\\\/person\\\/f9da928f04550d0db757afd781f08df8\"},\"headline\":\"1.Gr\u00fcne Kleidertauschparty war ein voller Erfolg!\",\"datePublished\":\"2023-05-01T15:30:43+00:00\",\"dateModified\":\"2023-05-01T15:30:51+00:00\",\"mainEntityOfPage\":{\"@id\":\"https:\\\/\\\/gruene-reilingen.de\\\/?p=2436\"},\"wordCount\":106,\"commentCount\":0,\"image\":{\"@id\":\"https:\\\/\\\/gruene-reilingen.de\\\/?p=2436#primaryimage\"},\"thumbnailUrl\":\"https:\\\/\\\/gruene-reilingen.de\\\/wp-content\\\/uploads\\\/2023\\\/05\\\/WhatsApp-Image-2023-04-23-at-16.54.22-667x500.jpeg\",\"articleSection\":[\"News\"],\"inLanguage\":\"de\",\"potentialAction\":[{\"@type\":\"CommentAction\",\"name\":\"Comment\",\"target\":[\"https:\\\/\\\/gruene-reilingen.de\\\/?p=2436#respond\"]}]},{\"@type\":\"WebPage\",\"@id\":\"https:\\\/\\\/gruene-reilingen.de\\\/?p=2436\",\"url\":\"https:\\\/\\\/gruene-reilingen.de\\\/?p=2436\",\"name\":\"1.Gr\u00fcne Kleidertauschparty war ein voller Erfolg! - B\u00dcNDNIS 90\\\/DIE GR\u00dcNEN REILINGEN\",\"isPartOf\":{\"@id\":\"https:\\\/\\\/gruene-reilingen.de\\\/#website\"},\"primaryImageOfPage\":{\"@id\":\"https:\\\/\\\/gruene-reilingen.de\\\/?p=2436#primaryimage\"},\"image\":{\"@id\":\"https:\\\/\\\/gruene-reilingen.de\\\/?p=2436#primaryimage\"},\"thumbnailUrl\":\"https:\\\/\\\/gruene-reilingen.de\\\/wp-content\\\/uploads\\\/2023\\\/05\\\/WhatsApp-Image-2023-04-23-at-16.54.22-667x500.jpeg\",\"datePublished\":\"2023-05-01T15:30:43+00:00\",\"dateModified\":\"2023-05-01T15:30:51+00:00\",\"author\":{\"@id\":\"https:\\\/\\\/gruene-reilingen.de\\\/#\\\/schema\\\/person\\\/f9da928f04550d0db757afd781f08df8\"},\"breadcrumb\":{\"@id\":\"https:\\\/\\\/gruene-reilingen.de\\\/?p=2436#breadcrumb\"},\"inLanguage\":\"de\",\"potentialAction\":[{\"@type\":\"ReadAction\",\"target\":[\"https:\\\/\\\/gruene-reilingen.de\\\/?p=2436\"]}]},{\"@type\":\"ImageObject\",\"inLanguage\":\"de\",\"@id\":\"https:\\\/\\\/gruene-reilingen.de\\\/?p=2436#primaryimage\",\"url\":\"https:\\\/\\\/gruene-reilingen.de\\\/wp-content\\\/uploads\\\/2023\\\/05\\\/WhatsApp-Image-2023-04-23-at-16.54.22-667x500.jpeg\",\"contentUrl\":\"https:\\\/\\\/gruene-reilingen.de\\\/wp-content\\\/uploads\\\/2023\\\/05\\\/WhatsApp-Image-2023-04-23-at-16.54.22-667x500.jpeg\"},{\"@type\":\"BreadcrumbList\",\"@id\":\"https:\\\/\\\/gruene-reilingen.de\\\/?p=2436#breadcrumb\",\"itemListElement\":[{\"@type\":\"ListItem\",\"position\":1,\"name\":\"Startseite\",\"item\":\"https:\\\/\\\/gruene-reilingen.de\\\/\"},{\"@type\":\"ListItem\",\"position\":2,\"name\":\"1.Gr\u00fcne Kleidertauschparty war ein voller Erfolg!\"}]},{\"@type\":\"WebSite\",\"@id\":\"https:\\\/\\\/gruene-reilingen.de\\\/#website\",\"url\":\"https:\\\/\\\/gruene-reilingen.de\\\/\",\"name\":\"B\u00dcNDNIS 90\\\/DIE GR\u00dcNEN REILINGEN\",\"description\":\"\",\"potentialAction\":[{\"@type\":\"SearchAction\",\"target\":{\"@type\":\"EntryPoint\",\"urlTemplate\":\"https:\\\/\\\/gruene-reilingen.de\\\/?s={search_term_string}\"},\"query-input\":{\"@type\":\"PropertyValueSpecification\",\"valueRequired\":true,\"valueName\":\"search_term_string\"}}],\"inLanguage\":\"de\"},{\"@type\":\"Person\",\"@id\":\"https:\\\/\\\/gruene-reilingen.de\\\/#\\\/schema\\\/person\\\/f9da928f04550d0db757afd781f08df8\",\"name\":\"gruene_reilingen\",\"image\":{\"@type\":\"ImageObject\",\"inLanguage\":\"de\",\"@id\":\"https:\\\/\\\/secure.gravatar.com\\\/avatar\\\/913acc38ce102bffd85b7d788472a0913fa53d9b1fe59056f1fe4e704a8231cb?s=96&d=mm&r=g\",\"url\":\"https:\\\/\\\/secure.gravatar.com\\\/avatar\\\/913acc38ce102bffd85b7d788472a0913fa53d9b1fe59056f1fe4e704a8231cb?s=96&d=mm&r=g\",\"contentUrl\":\"https:\\\/\\\/secure.gravatar.com\\\/avatar\\\/913acc38ce102bffd85b7d788472a0913fa53d9b1fe59056f1fe4e704a8231cb?s=96&d=mm&r=g\",\"caption\":\"gruene_reilingen\"},\"sameAs\":[\"http:\\\/\\\/www.gruene-reilingen.de\"],\"url\":\"https:\\\/\\\/gruene-reilingen.de\\\/?author=2\"}]}<\/script>\n<!-- \/ Yoast SEO plugin. -->","yoast_head_json":{"title":"1.Gr\u00fcne Kleidertauschparty war ein voller Erfolg! - B\u00dcNDNIS 90\/DIE GR\u00dcNEN REILINGEN","robots":{"index":"index","follow":"follow","max-snippet":"max-snippet:-1","max-image-preview":"max-image-preview:large","max-video-preview":"max-video-preview:-1"},"canonical":"https:\/\/gruene-reilingen.de\/?p=2436","og_locale":"de_DE","og_type":"article","og_title":"1.Gr\u00fcne Kleidertauschparty war ein voller Erfolg! - B\u00dcNDNIS 90\/DIE GR\u00dcNEN REILINGEN","og_description":"Nach langem Warten konnte unsere 1. gr\u00fcne Kleidertauschparty in Reilingen auf dem&nbsp;@wersauerhofstattfinden. Geplant war diese bereits vor 3 Jahren. Doch dann machte Corona einen Strich durch die Planungen. Umso sch\u00f6ner [&hellip;]","og_url":"https:\/\/gruene-reilingen.de\/?p=2436","og_site_name":"B\u00dcNDNIS 90\/DIE GR\u00dcNEN REILINGEN","article_published_time":"2023-05-01T15:30:43+00:00","article_modified_time":"2023-05-01T15:30:51+00:00","og_image":[{"url":"https:\/\/gruene-reilingen.de\/wp-content\/uploads\/2023\/05\/WhatsApp-Image-2023-04-23-at-16.54.22-667x500.jpeg","type":"","width":"","height":""}],"author":"gruene_reilingen","twitter_card":"summary_large_image","twitter_misc":{"Verfasst von":"gruene_reilingen","Gesch\u00e4tzte Lesezeit":"1\u00a0Minute"},"schema":{"@context":"https:\/\/schema.org","@graph":[{"@type":"Article","@id":"https:\/\/gruene-reilingen.de\/?p=2436#article","isPartOf":{"@id":"https:\/\/gruene-reilingen.de\/?p=2436"},"author":{"name":"gruene_reilingen","@id":"https:\/\/gruene-reilingen.de\/#\/schema\/person\/f9da928f04550d0db757afd781f08df8"},"headline":"1.Gr\u00fcne Kleidertauschparty war ein voller Erfolg!","datePublished":"2023-05-01T15:30:43+00:00","dateModified":"2023-05-01T15:30:51+00:00","mainEntityOfPage":{"@id":"https:\/\/gruene-reilingen.de\/?p=2436"},"wordCount":106,"commentCount":0,"image":{"@id":"https:\/\/gruene-reilingen.de\/?p=2436#primaryimage"},"thumbnailUrl":"https:\/\/gruene-reilingen.de\/wp-content\/uploads\/2023\/05\/WhatsApp-Image-2023-04-23-at-16.54.22-667x500.jpeg","articleSection":["News"],"inLanguage":"de","potentialAction":[{"@type":"CommentAction","name":"Comment","target":["https:\/\/gruene-reilingen.de\/?p=2436#respond"]}]},{"@type":"WebPage","@id":"https:\/\/gruene-reilingen.de\/?p=2436","url":"https:\/\/gruene-reilingen.de\/?p=2436","name":"1.Gr\u00fcne Kleidertauschparty war ein voller Erfolg! - B\u00dcNDNIS 90\/DIE GR\u00dcNEN REILINGEN","isPartOf":{"@id":"https:\/\/gruene-reilingen.de\/#website"},"primaryImageOfPage":{"@id":"https:\/\/gruene-reilingen.de\/?p=2436#primaryimage"},"image":{"@id":"https:\/\/gruene-reilingen.de\/?p=2436#primaryimage"},"thumbnailUrl":"https:\/\/gruene-reilingen.de\/wp-content\/uploads\/2023\/05\/WhatsApp-Image-2023-04-23-at-16.54.22-667x500.jpeg","datePublished":"2023-05-01T15:30:43+00:00","dateModified":"2023-05-01T15:30:51+00:00","author":{"@id":"https:\/\/gruene-reilingen.de\/#\/schema\/person\/f9da928f04550d0db757afd781f08df8"},"breadcrumb":{"@id":"https:\/\/gruene-reilingen.de\/?p=2436#breadcrumb"},"inLanguage":"de","potentialAction":[{"@type":"ReadAction","target":["https:\/\/gruene-reilingen.de\/?p=2436"]}]},{"@type":"ImageObject","inLanguage":"de","@id":"https:\/\/gruene-reilingen.de\/?p=2436#primaryimage","url":"https:\/\/gruene-reilingen.de\/wp-content\/uploads\/2023\/05\/WhatsApp-Image-2023-04-23-at-16.54.22-667x500.jpeg","contentUrl":"https:\/\/gruene-reilingen.de\/wp-content\/uploads\/2023\/05\/WhatsApp-Image-2023-04-23-at-16.54.22-667x500.jpeg"},{"@type":"BreadcrumbList","@id":"https:\/\/gruene-reilingen.de\/?p=2436#breadcrumb","itemListElement":[{"@type":"ListItem","position":1,"name":"Startseite","item":"https:\/\/gruene-reilingen.de\/"},{"@type":"ListItem","position":2,"name":"1.Gr\u00fcne Kleidertauschparty war ein voller Erfolg!"}]},{"@type":"WebSite","@id":"https:\/\/gruene-reilingen.de\/#website","url":"https:\/\/gruene-reilingen.de\/","name":"B\u00dcNDNIS 90\/DIE GR\u00dcNEN REILINGEN","description":"","potentialAction":[{"@type":"SearchAction","target":{"@type":"EntryPoint","urlTemplate":"https:\/\/gruene-reilingen.de\/?s={search_term_string}"},"query-input":{"@type":"PropertyValueSpecification","valueRequired":true,"valueName":"search_term_string"}}],"inLanguage":"de"},{"@type":"Person","@id":"https:\/\/gruene-reilingen.de\/#\/schema\/person\/f9da928f04550d0db757afd781f08df8","name":"gruene_reilingen","image":{"@type":"ImageObject","inLanguage":"de","@id":"https:\/\/secure.gravatar.com\/avatar\/913acc38ce102bffd85b7d788472a0913fa53d9b1fe59056f1fe4e704a8231cb?s=96&d=mm&r=g","url":"https:\/\/secure.gravatar.com\/avatar\/913acc38ce102bffd85b7d788472a0913fa53d9b1fe59056f1fe4e704a8231cb?s=96&d=mm&r=g","contentUrl":"https:\/\/secure.gravatar.com\/avatar\/913acc38ce102bffd85b7d788472a0913fa53d9b1fe59056f1fe4e704a8231cb?s=96&d=mm&r=g","caption":"gruene_reilingen"},"sameAs":["http:\/\/www.gruene-reilingen.de"],"url":"https:\/\/gruene-reilingen.de\/?author=2"}]}},"_links":{"self":[{"href":"https:\/\/gruene-reilingen.de\/index.php?rest_route=\/wp\/v2\/posts\/2436","targetHints":{"allow":["GET"]}}],"collection":[{"href":"https:\/\/gruene-reilingen.de\/index.php?rest_route=\/wp\/v2\/posts"}],"about":[{"href":"https:\/\/gruene-reilingen.de\/index.php?rest_route=\/wp\/v2\/types\/post"}],"author":[{"embeddable":true,"href":"https:\/\/gruene-reilingen.de\/index.php?rest_route=\/wp\/v2\/users\/2"}],"replies":[{"embeddable":true,"href":"https:\/\/gruene-reilingen.de\/index.php?rest_route=%2Fwp%2Fv2%2Fcomments&post=2436"}],"version-history":[{"count":1,"href":"https:\/\/gruene-reilingen.de\/index.php?rest_route=\/wp\/v2\/posts\/2436\/revisions"}],"predecessor-version":[{"id":2438,"href":"https:\/\/gruene-reilingen.de\/index.php?rest_route=\/wp\/v2\/posts\/2436\/revisions\/2438"}],"wp:attachment":[{"href":"https:\/\/gruene-reilingen.de\/index.php?rest_route=%2Fwp%2Fv2%2Fmedia&parent=2436"}],"wp:term":[{"taxonomy":"category","embeddable":true,"href":"https:\/\/gruene-reilingen.de\/index.php?rest_route=%2Fwp%2Fv2%2Fcategories&post=2436"},{"taxonomy":"post_tag","embeddable":true,"href":"https:\/\/gruene-reilingen.de\/index.php?rest_route=%2Fwp%2Fv2%2Ftags&post=2436"}],"curies":[{"name":"wp","href":"https:\/\/api.w.org\/{rel}","templated":true}]}}