{"id":2459,"date":"2023-06-19T10:30:42","date_gmt":"2023-06-19T10:30:42","guid":{"rendered":"https:\/\/gruene-reilingen.de\/?p=2459"},"modified":"2023-06-25T09:01:23","modified_gmt":"2023-06-25T09:01:23","slug":"verabschiedung-lisa-dorn","status":"publish","type":"post","link":"https:\/\/gruene-reilingen.de\/?p=2459","title":{"rendered":"Verabschiedung Lisa Dorn"},"content":{"rendered":"\r\n\r\n\r\n\r\n\r\n\r\n\r\n\r\n \r\n\r\n\n<p>Im Rahmen des letzten Gr\u00fcnen Stammtischs haben wir uns bei Lisa Dorn f\u00fcr Ihr Engagement im Gemeinderat und dar\u00fcber hinaus mit einem kleinen Mama-Paket bedankt. Sie war 4 Jahre im Gemeinderat aktiv, davon 2,5 Jahre als Fraktionssprecherin. Ihr Nachfolger im Gemeinderat wird Ortsverbandssprecher Jochen Rotter. Wir freuen uns schon auf die Zeit nach der Babypause.<\/p>\n\n\n\n<figure class=\"wp-block-image size-large\"><a href=\"https:\/\/gruene-reilingen.de\/wp-content\/uploads\/2023\/06\/WhatsApp-Image-2023-06-07-at-23.12.33.jpeg\"><img loading=\"lazy\" decoding=\"async\" width=\"375\" height=\"500\" src=\"https:\/\/gruene-reilingen.de\/wp-content\/uploads\/2023\/06\/WhatsApp-Image-2023-06-07-at-23.12.33-375x500.jpeg\" alt=\"\" class=\"wp-image-2460\" srcset=\"https:\/\/gruene-reilingen.de\/wp-content\/uploads\/2023\/06\/WhatsApp-Image-2023-06-07-at-23.12.33-375x500.jpeg 375w, https:\/\/gruene-reilingen.de\/wp-content\/uploads\/2023\/06\/WhatsApp-Image-2023-06-07-at-23.12.33-278x370.jpeg 278w, https:\/\/gruene-reilingen.de\/wp-content\/uploads\/2023\/06\/WhatsApp-Image-2023-06-07-at-23.12.33.jpeg 480w\" sizes=\"auto, (max-width: 375px) 100vw, 375px\" \/><\/a><\/figure>\n","protected":false},"excerpt":{"rendered":"<p>Im Rahmen des letzten Gr\u00fcnen Stammtischs haben wir uns bei Lisa Dorn f\u00fcr Ihr Engagement im Gemeinderat und dar\u00fcber hinaus mit einem kleinen Mama-Paket bedankt. Sie war 4 Jahre im [&hellip;]<\/p>\n","protected":false},"author":-1,"featured_media":0,"comment_status":"open","ping_status":"open","sticky":false,"template":"","format":"standard","meta":{"footnotes":""},"categories":[3],"tags":[],"class_list":["post-2459","post","type-post","status-publish","format-standard","hentry","category-news"],"yoast_head":"<!-- This site is optimized with the Yoast SEO plugin v27.5 - https:\/\/yoast.com\/product\/yoast-seo-wordpress\/ -->\n<title>Verabschiedung Lisa Dorn - B\u00dcNDNIS 90\/DIE GR\u00dcNEN REILINGEN<\/title>\n<meta name=\"robots\" content=\"index, follow, max-snippet:-1, max-image-preview:large, max-video-preview:-1\" \/>\n<link rel=\"canonical\" href=\"https:\/\/gruene-reilingen.de\/?p=2459\" \/>\n<meta property=\"og:locale\" content=\"de_DE\" \/>\n<meta property=\"og:type\" content=\"article\" \/>\n<meta property=\"og:title\" content=\"Verabschiedung Lisa Dorn - B\u00dcNDNIS 90\/DIE GR\u00dcNEN REILINGEN\" \/>\n<meta property=\"og:description\" content=\"Im Rahmen des letzten Gr\u00fcnen Stammtischs haben wir uns bei Lisa Dorn f\u00fcr Ihr Engagement im Gemeinderat und dar\u00fcber hinaus mit einem kleinen Mama-Paket bedankt. Sie war 4 Jahre im [&hellip;]\" \/>\n<meta property=\"og:url\" content=\"https:\/\/gruene-reilingen.de\/?p=2459\" \/>\n<meta property=\"og:site_name\" content=\"B\u00dcNDNIS 90\/DIE GR\u00dcNEN REILINGEN\" \/>\n<meta property=\"article:published_time\" content=\"2023-06-19T10:30:42+00:00\" \/>\n<meta property=\"article:modified_time\" content=\"2023-06-25T09:01:23+00:00\" \/>\n<meta property=\"og:image\" content=\"https:\/\/gruene-reilingen.de\/wp-content\/uploads\/2023\/06\/WhatsApp-Image-2023-06-07-at-23.12.33-375x500.jpeg\" \/>\n<meta name=\"author\" content=\"gruene_reilingen\" \/>\n<meta name=\"twitter:card\" content=\"summary_large_image\" \/>\n<meta name=\"twitter:label1\" content=\"Verfasst von\" \/>\n\t<meta name=\"twitter:data1\" content=\"gruene_reilingen\" \/>\n\t<meta name=\"twitter:label2\" content=\"Gesch\u00e4tzte Lesezeit\" \/>\n\t<meta name=\"twitter:data2\" content=\"1\u00a0Minute\" \/>\n<script type=\"application\/ld+json\" class=\"yoast-schema-graph\">{\"@context\":\"https:\\\/\\\/schema.org\",\"@graph\":[{\"@type\":\"Article\",\"@id\":\"https:\\\/\\\/gruene-reilingen.de\\\/?p=2459#article\",\"isPartOf\":{\"@id\":\"https:\\\/\\\/gruene-reilingen.de\\\/?p=2459\"},\"author\":{\"name\":\"gruene_reilingen\",\"@id\":\"https:\\\/\\\/gruene-reilingen.de\\\/#\\\/schema\\\/person\\\/f9da928f04550d0db757afd781f08df8\"},\"headline\":\"Verabschiedung Lisa Dorn\",\"datePublished\":\"2023-06-19T10:30:42+00:00\",\"dateModified\":\"2023-06-25T09:01:23+00:00\",\"mainEntityOfPage\":{\"@id\":\"https:\\\/\\\/gruene-reilingen.de\\\/?p=2459\"},\"wordCount\":59,\"commentCount\":0,\"image\":{\"@id\":\"https:\\\/\\\/gruene-reilingen.de\\\/?p=2459#primaryimage\"},\"thumbnailUrl\":\"https:\\\/\\\/gruene-reilingen.de\\\/wp-content\\\/uploads\\\/2023\\\/06\\\/WhatsApp-Image-2023-06-07-at-23.12.33-375x500.jpeg\",\"articleSection\":[\"News\"],\"inLanguage\":\"de\",\"potentialAction\":[{\"@type\":\"CommentAction\",\"name\":\"Comment\",\"target\":[\"https:\\\/\\\/gruene-reilingen.de\\\/?p=2459#respond\"]}]},{\"@type\":\"WebPage\",\"@id\":\"https:\\\/\\\/gruene-reilingen.de\\\/?p=2459\",\"url\":\"https:\\\/\\\/gruene-reilingen.de\\\/?p=2459\",\"name\":\"Verabschiedung Lisa Dorn - B\u00dcNDNIS 90\\\/DIE GR\u00dcNEN REILINGEN\",\"isPartOf\":{\"@id\":\"https:\\\/\\\/gruene-reilingen.de\\\/#website\"},\"primaryImageOfPage\":{\"@id\":\"https:\\\/\\\/gruene-reilingen.de\\\/?p=2459#primaryimage\"},\"image\":{\"@id\":\"https:\\\/\\\/gruene-reilingen.de\\\/?p=2459#primaryimage\"},\"thumbnailUrl\":\"https:\\\/\\\/gruene-reilingen.de\\\/wp-content\\\/uploads\\\/2023\\\/06\\\/WhatsApp-Image-2023-06-07-at-23.12.33-375x500.jpeg\",\"datePublished\":\"2023-06-19T10:30:42+00:00\",\"dateModified\":\"2023-06-25T09:01:23+00:00\",\"author\":{\"@id\":\"https:\\\/\\\/gruene-reilingen.de\\\/#\\\/schema\\\/person\\\/f9da928f04550d0db757afd781f08df8\"},\"breadcrumb\":{\"@id\":\"https:\\\/\\\/gruene-reilingen.de\\\/?p=2459#breadcrumb\"},\"inLanguage\":\"de\",\"potentialAction\":[{\"@type\":\"ReadAction\",\"target\":[\"https:\\\/\\\/gruene-reilingen.de\\\/?p=2459\"]}]},{\"@type\":\"ImageObject\",\"inLanguage\":\"de\",\"@id\":\"https:\\\/\\\/gruene-reilingen.de\\\/?p=2459#primaryimage\",\"url\":\"https:\\\/\\\/gruene-reilingen.de\\\/wp-content\\\/uploads\\\/2023\\\/06\\\/WhatsApp-Image-2023-06-07-at-23.12.33-375x500.jpeg\",\"contentUrl\":\"https:\\\/\\\/gruene-reilingen.de\\\/wp-content\\\/uploads\\\/2023\\\/06\\\/WhatsApp-Image-2023-06-07-at-23.12.33-375x500.jpeg\"},{\"@type\":\"BreadcrumbList\",\"@id\":\"https:\\\/\\\/gruene-reilingen.de\\\/?p=2459#breadcrumb\",\"itemListElement\":[{\"@type\":\"ListItem\",\"position\":1,\"name\":\"Startseite\",\"item\":\"https:\\\/\\\/gruene-reilingen.de\\\/\"},{\"@type\":\"ListItem\",\"position\":2,\"name\":\"Verabschiedung Lisa Dorn\"}]},{\"@type\":\"WebSite\",\"@id\":\"https:\\\/\\\/gruene-reilingen.de\\\/#website\",\"url\":\"https:\\\/\\\/gruene-reilingen.de\\\/\",\"name\":\"B\u00dcNDNIS 90\\\/DIE GR\u00dcNEN REILINGEN\",\"description\":\"\",\"potentialAction\":[{\"@type\":\"SearchAction\",\"target\":{\"@type\":\"EntryPoint\",\"urlTemplate\":\"https:\\\/\\\/gruene-reilingen.de\\\/?s={search_term_string}\"},\"query-input\":{\"@type\":\"PropertyValueSpecification\",\"valueRequired\":true,\"valueName\":\"search_term_string\"}}],\"inLanguage\":\"de\"},{\"@type\":\"Person\",\"@id\":\"https:\\\/\\\/gruene-reilingen.de\\\/#\\\/schema\\\/person\\\/f9da928f04550d0db757afd781f08df8\",\"name\":\"gruene_reilingen\",\"image\":{\"@type\":\"ImageObject\",\"inLanguage\":\"de\",\"@id\":\"https:\\\/\\\/secure.gravatar.com\\\/avatar\\\/913acc38ce102bffd85b7d788472a0913fa53d9b1fe59056f1fe4e704a8231cb?s=96&d=mm&r=g\",\"url\":\"https:\\\/\\\/secure.gravatar.com\\\/avatar\\\/913acc38ce102bffd85b7d788472a0913fa53d9b1fe59056f1fe4e704a8231cb?s=96&d=mm&r=g\",\"contentUrl\":\"https:\\\/\\\/secure.gravatar.com\\\/avatar\\\/913acc38ce102bffd85b7d788472a0913fa53d9b1fe59056f1fe4e704a8231cb?s=96&d=mm&r=g\",\"caption\":\"gruene_reilingen\"},\"sameAs\":[\"http:\\\/\\\/www.gruene-reilingen.de\"],\"url\":\"https:\\\/\\\/gruene-reilingen.de\\\/?author=2\"}]}<\/script>\n<!-- \/ Yoast SEO plugin. -->","yoast_head_json":{"title":"Verabschiedung Lisa Dorn - B\u00dcNDNIS 90\/DIE GR\u00dcNEN REILINGEN","robots":{"index":"index","follow":"follow","max-snippet":"max-snippet:-1","max-image-preview":"max-image-preview:large","max-video-preview":"max-video-preview:-1"},"canonical":"https:\/\/gruene-reilingen.de\/?p=2459","og_locale":"de_DE","og_type":"article","og_title":"Verabschiedung Lisa Dorn - B\u00dcNDNIS 90\/DIE GR\u00dcNEN REILINGEN","og_description":"Im Rahmen des letzten Gr\u00fcnen Stammtischs haben wir uns bei Lisa Dorn f\u00fcr Ihr Engagement im Gemeinderat und dar\u00fcber hinaus mit einem kleinen Mama-Paket bedankt. Sie war 4 Jahre im [&hellip;]","og_url":"https:\/\/gruene-reilingen.de\/?p=2459","og_site_name":"B\u00dcNDNIS 90\/DIE GR\u00dcNEN REILINGEN","article_published_time":"2023-06-19T10:30:42+00:00","article_modified_time":"2023-06-25T09:01:23+00:00","og_image":[{"url":"https:\/\/gruene-reilingen.de\/wp-content\/uploads\/2023\/06\/WhatsApp-Image-2023-06-07-at-23.12.33-375x500.jpeg","type":"","width":"","height":""}],"author":"gruene_reilingen","twitter_card":"summary_large_image","twitter_misc":{"Verfasst von":"gruene_reilingen","Gesch\u00e4tzte Lesezeit":"1\u00a0Minute"},"schema":{"@context":"https:\/\/schema.org","@graph":[{"@type":"Article","@id":"https:\/\/gruene-reilingen.de\/?p=2459#article","isPartOf":{"@id":"https:\/\/gruene-reilingen.de\/?p=2459"},"author":{"name":"gruene_reilingen","@id":"https:\/\/gruene-reilingen.de\/#\/schema\/person\/f9da928f04550d0db757afd781f08df8"},"headline":"Verabschiedung Lisa Dorn","datePublished":"2023-06-19T10:30:42+00:00","dateModified":"2023-06-25T09:01:23+00:00","mainEntityOfPage":{"@id":"https:\/\/gruene-reilingen.de\/?p=2459"},"wordCount":59,"commentCount":0,"image":{"@id":"https:\/\/gruene-reilingen.de\/?p=2459#primaryimage"},"thumbnailUrl":"https:\/\/gruene-reilingen.de\/wp-content\/uploads\/2023\/06\/WhatsApp-Image-2023-06-07-at-23.12.33-375x500.jpeg","articleSection":["News"],"inLanguage":"de","potentialAction":[{"@type":"CommentAction","name":"Comment","target":["https:\/\/gruene-reilingen.de\/?p=2459#respond"]}]},{"@type":"WebPage","@id":"https:\/\/gruene-reilingen.de\/?p=2459","url":"https:\/\/gruene-reilingen.de\/?p=2459","name":"Verabschiedung Lisa Dorn - B\u00dcNDNIS 90\/DIE GR\u00dcNEN REILINGEN","isPartOf":{"@id":"https:\/\/gruene-reilingen.de\/#website"},"primaryImageOfPage":{"@id":"https:\/\/gruene-reilingen.de\/?p=2459#primaryimage"},"image":{"@id":"https:\/\/gruene-reilingen.de\/?p=2459#primaryimage"},"thumbnailUrl":"https:\/\/gruene-reilingen.de\/wp-content\/uploads\/2023\/06\/WhatsApp-Image-2023-06-07-at-23.12.33-375x500.jpeg","datePublished":"2023-06-19T10:30:42+00:00","dateModified":"2023-06-25T09:01:23+00:00","author":{"@id":"https:\/\/gruene-reilingen.de\/#\/schema\/person\/f9da928f04550d0db757afd781f08df8"},"breadcrumb":{"@id":"https:\/\/gruene-reilingen.de\/?p=2459#breadcrumb"},"inLanguage":"de","potentialAction":[{"@type":"ReadAction","target":["https:\/\/gruene-reilingen.de\/?p=2459"]}]},{"@type":"ImageObject","inLanguage":"de","@id":"https:\/\/gruene-reilingen.de\/?p=2459#primaryimage","url":"https:\/\/gruene-reilingen.de\/wp-content\/uploads\/2023\/06\/WhatsApp-Image-2023-06-07-at-23.12.33-375x500.jpeg","contentUrl":"https:\/\/gruene-reilingen.de\/wp-content\/uploads\/2023\/06\/WhatsApp-Image-2023-06-07-at-23.12.33-375x500.jpeg"},{"@type":"BreadcrumbList","@id":"https:\/\/gruene-reilingen.de\/?p=2459#breadcrumb","itemListElement":[{"@type":"ListItem","position":1,"name":"Startseite","item":"https:\/\/gruene-reilingen.de\/"},{"@type":"ListItem","position":2,"name":"Verabschiedung Lisa Dorn"}]},{"@type":"WebSite","@id":"https:\/\/gruene-reilingen.de\/#website","url":"https:\/\/gruene-reilingen.de\/","name":"B\u00dcNDNIS 90\/DIE GR\u00dcNEN REILINGEN","description":"","potentialAction":[{"@type":"SearchAction","target":{"@type":"EntryPoint","urlTemplate":"https:\/\/gruene-reilingen.de\/?s={search_term_string}"},"query-input":{"@type":"PropertyValueSpecification","valueRequired":true,"valueName":"search_term_string"}}],"inLanguage":"de"},{"@type":"Person","@id":"https:\/\/gruene-reilingen.de\/#\/schema\/person\/f9da928f04550d0db757afd781f08df8","name":"gruene_reilingen","image":{"@type":"ImageObject","inLanguage":"de","@id":"https:\/\/secure.gravatar.com\/avatar\/913acc38ce102bffd85b7d788472a0913fa53d9b1fe59056f1fe4e704a8231cb?s=96&d=mm&r=g","url":"https:\/\/secure.gravatar.com\/avatar\/913acc38ce102bffd85b7d788472a0913fa53d9b1fe59056f1fe4e704a8231cb?s=96&d=mm&r=g","contentUrl":"https:\/\/secure.gravatar.com\/avatar\/913acc38ce102bffd85b7d788472a0913fa53d9b1fe59056f1fe4e704a8231cb?s=96&d=mm&r=g","caption":"gruene_reilingen"},"sameAs":["http:\/\/www.gruene-reilingen.de"],"url":"https:\/\/gruene-reilingen.de\/?author=2"}]}},"_links":{"self":[{"href":"https:\/\/gruene-reilingen.de\/index.php?rest_route=\/wp\/v2\/posts\/2459","targetHints":{"allow":["GET"]}}],"collection":[{"href":"https:\/\/gruene-reilingen.de\/index.php?rest_route=\/wp\/v2\/posts"}],"about":[{"href":"https:\/\/gruene-reilingen.de\/index.php?rest_route=\/wp\/v2\/types\/post"}],"author":[{"embeddable":true,"href":"https:\/\/gruene-reilingen.de\/index.php?rest_route=\/wp\/v2\/users\/2"}],"replies":[{"embeddable":true,"href":"https:\/\/gruene-reilingen.de\/index.php?rest_route=%2Fwp%2Fv2%2Fcomments&post=2459"}],"version-history":[{"count":3,"href":"https:\/\/gruene-reilingen.de\/index.php?rest_route=\/wp\/v2\/posts\/2459\/revisions"}],"predecessor-version":[{"id":2466,"href":"https:\/\/gruene-reilingen.de\/index.php?rest_route=\/wp\/v2\/posts\/2459\/revisions\/2466"}],"wp:attachment":[{"href":"https:\/\/gruene-reilingen.de\/index.php?rest_route=%2Fwp%2Fv2%2Fmedia&parent=2459"}],"wp:term":[{"taxonomy":"category","embeddable":true,"href":"https:\/\/gruene-reilingen.de\/index.php?rest_route=%2Fwp%2Fv2%2Fcategories&post=2459"},{"taxonomy":"post_tag","embeddable":true,"href":"https:\/\/gruene-reilingen.de\/index.php?rest_route=%2Fwp%2Fv2%2Ftags&post=2459"}],"curies":[{"name":"wp","href":"https:\/\/api.w.org\/{rel}","templated":true}]}}