{"id":2488,"date":"2023-07-18T17:15:37","date_gmt":"2023-07-18T17:15:37","guid":{"rendered":"https:\/\/gruene-reilingen.de\/?p=2488"},"modified":"2023-07-18T17:16:42","modified_gmt":"2023-07-18T17:16:42","slug":"stellungnahme-der-gruenen-fraktion-zur-erhoehung-der-kindergartenbeitraege","status":"publish","type":"post","link":"https:\/\/gruene-reilingen.de\/?p=2488","title":{"rendered":"Stellungnahme der Gr\u00fcnen-Fraktion zur Erh\u00f6hung der Kindergartenbeitr\u00e4ge"},"content":{"rendered":"\r\n\r\n\r\n\r\n\r\n\r\n\r\n\r\n \r\n\r\n\n<p>In den letzten Jahren haben sich die Bedingungen f\u00fcr Eltern und Kinder in Sachen<br>\u00d6ffnungszeiten und Schlie\u00dftage sowie in Sachen Betreuungsangebot und<br>Betreuungsschl\u00fcssel weiter verbessert \u2013 was auch mit einem gestiegenen<br>Personalbedarf einherging. Erfreulicherweise haben sich die Einkommen der<br>Erzieher*innen dazu positiv entwickelt, und die gestiegenen Anforderungen an deren<br>Arbeit wurden ein St\u00fcck weit durch zus\u00e4tzliche Urlaubstage und Unterst\u00fctzung der<br>Leitung abgefangen.<br>Fr\u00fchkindliche Bildung kostet somit mehr und mehr und wird auch endlich mehr und<br>mehr wertgesch\u00e4tzt. Ein gro\u00dfer Dank an dieser Stelle allen Erzieher*innen sowie<br>sonstigen Besch\u00e4ftigten der Reilinger Kinderg\u00e4rten und Kindertagesst\u00e4tten!<br>Nat\u00fcrlich muss das n\u00f6tige Geld irgendwo herkommen, womit wir zum<br>unangenehmen Teil der Geschichte kommen \u2013 der Erh\u00f6hung der Elternbeitr\u00e4ge. Mit<br>dem uns vorliegenden Vorschlag der Verwaltung liegen wir deutlich unterhalb der<br>Empfehlung des St\u00e4dte- und Gemeindetages und der Kirchen. Schon lange<br>unterbieten wir deren Vorschlag, womit wir vergleichsweise g\u00fcnstig, aber auch kaum<br>kostendeckend wirken. Wichtig zu wissen ist zudem, dass nicht einmal 20% der<br>entstehenden Kosten durch die Elternbeitr\u00e4ge gedeckt werden, das geschieht<br>haupts\u00e4chlich aus gemeindeeigenen Mitteln \u2013 wir legen also alle drauf und belasten<br>somit auch weiterhin sehr stark den Reilinger Haushalt. Wir tun dies allerdings f\u00fcr<br>die Bildung und das Wohlergehen unser aller Kinder.<br>Um die Arbeit der Kinderg\u00e4rten weiterhin zu erm\u00f6glichen, auch weiterhin zu<br>verbessern, stimmen wir von den Reilinger Gr\u00fcnen f\u00fcr den Vorschlag der Verwaltung,<br>der einen aus unserer Sicht vern\u00fcnftigen, wenn auch schmerzlichen Kompromiss<br>darstellt.<\/p>\n","protected":false},"excerpt":{"rendered":"<p>In den letzten Jahren haben sich die Bedingungen f\u00fcr Eltern und Kinder in Sachen\u00d6ffnungszeiten und Schlie\u00dftage sowie in Sachen Betreuungsangebot undBetreuungsschl\u00fcssel weiter verbessert \u2013 was auch mit einem gestiegenenPersonalbedarf einherging. [&hellip;]<\/p>\n","protected":false},"author":-1,"featured_media":0,"comment_status":"open","ping_status":"open","sticky":false,"template":"","format":"standard","meta":{"footnotes":""},"categories":[3],"tags":[],"class_list":["post-2488","post","type-post","status-publish","format-standard","hentry","category-news"],"yoast_head":"<!-- This site is optimized with the Yoast SEO plugin v27.5 - https:\/\/yoast.com\/product\/yoast-seo-wordpress\/ -->\n<title>Stellungnahme der Gr\u00fcnen-Fraktion zur Erh\u00f6hung der Kindergartenbeitr\u00e4ge - B\u00dcNDNIS 90\/DIE GR\u00dcNEN REILINGEN<\/title>\n<meta name=\"robots\" content=\"index, follow, max-snippet:-1, max-image-preview:large, max-video-preview:-1\" \/>\n<link rel=\"canonical\" href=\"https:\/\/gruene-reilingen.de\/?p=2488\" \/>\n<meta property=\"og:locale\" content=\"de_DE\" \/>\n<meta property=\"og:type\" content=\"article\" \/>\n<meta property=\"og:title\" content=\"Stellungnahme der Gr\u00fcnen-Fraktion zur Erh\u00f6hung der Kindergartenbeitr\u00e4ge - B\u00dcNDNIS 90\/DIE GR\u00dcNEN REILINGEN\" \/>\n<meta property=\"og:description\" content=\"In den letzten Jahren haben sich die Bedingungen f\u00fcr Eltern und Kinder in Sachen\u00d6ffnungszeiten und Schlie\u00dftage sowie in Sachen Betreuungsangebot undBetreuungsschl\u00fcssel weiter verbessert \u2013 was auch mit einem gestiegenenPersonalbedarf einherging. [&hellip;]\" \/>\n<meta property=\"og:url\" content=\"https:\/\/gruene-reilingen.de\/?p=2488\" \/>\n<meta property=\"og:site_name\" content=\"B\u00dcNDNIS 90\/DIE GR\u00dcNEN REILINGEN\" \/>\n<meta property=\"article:published_time\" content=\"2023-07-18T17:15:37+00:00\" \/>\n<meta property=\"article:modified_time\" content=\"2023-07-18T17:16:42+00:00\" \/>\n<meta name=\"author\" content=\"gruene_reilingen\" \/>\n<meta name=\"twitter:card\" content=\"summary_large_image\" \/>\n<meta name=\"twitter:label1\" content=\"Verfasst von\" \/>\n\t<meta name=\"twitter:data1\" content=\"gruene_reilingen\" \/>\n\t<meta name=\"twitter:label2\" content=\"Gesch\u00e4tzte Lesezeit\" \/>\n\t<meta name=\"twitter:data2\" content=\"2\u00a0Minuten\" \/>\n<script type=\"application\/ld+json\" class=\"yoast-schema-graph\">{\"@context\":\"https:\\\/\\\/schema.org\",\"@graph\":[{\"@type\":\"Article\",\"@id\":\"https:\\\/\\\/gruene-reilingen.de\\\/?p=2488#article\",\"isPartOf\":{\"@id\":\"https:\\\/\\\/gruene-reilingen.de\\\/?p=2488\"},\"author\":{\"name\":\"gruene_reilingen\",\"@id\":\"https:\\\/\\\/gruene-reilingen.de\\\/#\\\/schema\\\/person\\\/f9da928f04550d0db757afd781f08df8\"},\"headline\":\"Stellungnahme der Gr\u00fcnen-Fraktion zur Erh\u00f6hung der Kindergartenbeitr\u00e4ge\",\"datePublished\":\"2023-07-18T17:15:37+00:00\",\"dateModified\":\"2023-07-18T17:16:42+00:00\",\"mainEntityOfPage\":{\"@id\":\"https:\\\/\\\/gruene-reilingen.de\\\/?p=2488\"},\"wordCount\":250,\"commentCount\":0,\"articleSection\":[\"News\"],\"inLanguage\":\"de\",\"potentialAction\":[{\"@type\":\"CommentAction\",\"name\":\"Comment\",\"target\":[\"https:\\\/\\\/gruene-reilingen.de\\\/?p=2488#respond\"]}]},{\"@type\":\"WebPage\",\"@id\":\"https:\\\/\\\/gruene-reilingen.de\\\/?p=2488\",\"url\":\"https:\\\/\\\/gruene-reilingen.de\\\/?p=2488\",\"name\":\"Stellungnahme der Gr\u00fcnen-Fraktion zur Erh\u00f6hung der Kindergartenbeitr\u00e4ge - B\u00dcNDNIS 90\\\/DIE GR\u00dcNEN REILINGEN\",\"isPartOf\":{\"@id\":\"https:\\\/\\\/gruene-reilingen.de\\\/#website\"},\"datePublished\":\"2023-07-18T17:15:37+00:00\",\"dateModified\":\"2023-07-18T17:16:42+00:00\",\"author\":{\"@id\":\"https:\\\/\\\/gruene-reilingen.de\\\/#\\\/schema\\\/person\\\/f9da928f04550d0db757afd781f08df8\"},\"breadcrumb\":{\"@id\":\"https:\\\/\\\/gruene-reilingen.de\\\/?p=2488#breadcrumb\"},\"inLanguage\":\"de\",\"potentialAction\":[{\"@type\":\"ReadAction\",\"target\":[\"https:\\\/\\\/gruene-reilingen.de\\\/?p=2488\"]}]},{\"@type\":\"BreadcrumbList\",\"@id\":\"https:\\\/\\\/gruene-reilingen.de\\\/?p=2488#breadcrumb\",\"itemListElement\":[{\"@type\":\"ListItem\",\"position\":1,\"name\":\"Startseite\",\"item\":\"https:\\\/\\\/gruene-reilingen.de\\\/\"},{\"@type\":\"ListItem\",\"position\":2,\"name\":\"Stellungnahme der Gr\u00fcnen-Fraktion zur Erh\u00f6hung der Kindergartenbeitr\u00e4ge\"}]},{\"@type\":\"WebSite\",\"@id\":\"https:\\\/\\\/gruene-reilingen.de\\\/#website\",\"url\":\"https:\\\/\\\/gruene-reilingen.de\\\/\",\"name\":\"B\u00dcNDNIS 90\\\/DIE GR\u00dcNEN REILINGEN\",\"description\":\"\",\"potentialAction\":[{\"@type\":\"SearchAction\",\"target\":{\"@type\":\"EntryPoint\",\"urlTemplate\":\"https:\\\/\\\/gruene-reilingen.de\\\/?s={search_term_string}\"},\"query-input\":{\"@type\":\"PropertyValueSpecification\",\"valueRequired\":true,\"valueName\":\"search_term_string\"}}],\"inLanguage\":\"de\"},{\"@type\":\"Person\",\"@id\":\"https:\\\/\\\/gruene-reilingen.de\\\/#\\\/schema\\\/person\\\/f9da928f04550d0db757afd781f08df8\",\"name\":\"gruene_reilingen\",\"image\":{\"@type\":\"ImageObject\",\"inLanguage\":\"de\",\"@id\":\"https:\\\/\\\/secure.gravatar.com\\\/avatar\\\/913acc38ce102bffd85b7d788472a0913fa53d9b1fe59056f1fe4e704a8231cb?s=96&d=mm&r=g\",\"url\":\"https:\\\/\\\/secure.gravatar.com\\\/avatar\\\/913acc38ce102bffd85b7d788472a0913fa53d9b1fe59056f1fe4e704a8231cb?s=96&d=mm&r=g\",\"contentUrl\":\"https:\\\/\\\/secure.gravatar.com\\\/avatar\\\/913acc38ce102bffd85b7d788472a0913fa53d9b1fe59056f1fe4e704a8231cb?s=96&d=mm&r=g\",\"caption\":\"gruene_reilingen\"},\"sameAs\":[\"http:\\\/\\\/www.gruene-reilingen.de\"],\"url\":\"https:\\\/\\\/gruene-reilingen.de\\\/?author=2\"}]}<\/script>\n<!-- \/ Yoast SEO plugin. -->","yoast_head_json":{"title":"Stellungnahme der Gr\u00fcnen-Fraktion zur Erh\u00f6hung der Kindergartenbeitr\u00e4ge - B\u00dcNDNIS 90\/DIE GR\u00dcNEN REILINGEN","robots":{"index":"index","follow":"follow","max-snippet":"max-snippet:-1","max-image-preview":"max-image-preview:large","max-video-preview":"max-video-preview:-1"},"canonical":"https:\/\/gruene-reilingen.de\/?p=2488","og_locale":"de_DE","og_type":"article","og_title":"Stellungnahme der Gr\u00fcnen-Fraktion zur Erh\u00f6hung der Kindergartenbeitr\u00e4ge - B\u00dcNDNIS 90\/DIE GR\u00dcNEN REILINGEN","og_description":"In den letzten Jahren haben sich die Bedingungen f\u00fcr Eltern und Kinder in Sachen\u00d6ffnungszeiten und Schlie\u00dftage sowie in Sachen Betreuungsangebot undBetreuungsschl\u00fcssel weiter verbessert \u2013 was auch mit einem gestiegenenPersonalbedarf einherging. [&hellip;]","og_url":"https:\/\/gruene-reilingen.de\/?p=2488","og_site_name":"B\u00dcNDNIS 90\/DIE GR\u00dcNEN REILINGEN","article_published_time":"2023-07-18T17:15:37+00:00","article_modified_time":"2023-07-18T17:16:42+00:00","author":"gruene_reilingen","twitter_card":"summary_large_image","twitter_misc":{"Verfasst von":"gruene_reilingen","Gesch\u00e4tzte Lesezeit":"2\u00a0Minuten"},"schema":{"@context":"https:\/\/schema.org","@graph":[{"@type":"Article","@id":"https:\/\/gruene-reilingen.de\/?p=2488#article","isPartOf":{"@id":"https:\/\/gruene-reilingen.de\/?p=2488"},"author":{"name":"gruene_reilingen","@id":"https:\/\/gruene-reilingen.de\/#\/schema\/person\/f9da928f04550d0db757afd781f08df8"},"headline":"Stellungnahme der Gr\u00fcnen-Fraktion zur Erh\u00f6hung der Kindergartenbeitr\u00e4ge","datePublished":"2023-07-18T17:15:37+00:00","dateModified":"2023-07-18T17:16:42+00:00","mainEntityOfPage":{"@id":"https:\/\/gruene-reilingen.de\/?p=2488"},"wordCount":250,"commentCount":0,"articleSection":["News"],"inLanguage":"de","potentialAction":[{"@type":"CommentAction","name":"Comment","target":["https:\/\/gruene-reilingen.de\/?p=2488#respond"]}]},{"@type":"WebPage","@id":"https:\/\/gruene-reilingen.de\/?p=2488","url":"https:\/\/gruene-reilingen.de\/?p=2488","name":"Stellungnahme der Gr\u00fcnen-Fraktion zur Erh\u00f6hung der Kindergartenbeitr\u00e4ge - B\u00dcNDNIS 90\/DIE GR\u00dcNEN REILINGEN","isPartOf":{"@id":"https:\/\/gruene-reilingen.de\/#website"},"datePublished":"2023-07-18T17:15:37+00:00","dateModified":"2023-07-18T17:16:42+00:00","author":{"@id":"https:\/\/gruene-reilingen.de\/#\/schema\/person\/f9da928f04550d0db757afd781f08df8"},"breadcrumb":{"@id":"https:\/\/gruene-reilingen.de\/?p=2488#breadcrumb"},"inLanguage":"de","potentialAction":[{"@type":"ReadAction","target":["https:\/\/gruene-reilingen.de\/?p=2488"]}]},{"@type":"BreadcrumbList","@id":"https:\/\/gruene-reilingen.de\/?p=2488#breadcrumb","itemListElement":[{"@type":"ListItem","position":1,"name":"Startseite","item":"https:\/\/gruene-reilingen.de\/"},{"@type":"ListItem","position":2,"name":"Stellungnahme der Gr\u00fcnen-Fraktion zur Erh\u00f6hung der Kindergartenbeitr\u00e4ge"}]},{"@type":"WebSite","@id":"https:\/\/gruene-reilingen.de\/#website","url":"https:\/\/gruene-reilingen.de\/","name":"B\u00dcNDNIS 90\/DIE GR\u00dcNEN REILINGEN","description":"","potentialAction":[{"@type":"SearchAction","target":{"@type":"EntryPoint","urlTemplate":"https:\/\/gruene-reilingen.de\/?s={search_term_string}"},"query-input":{"@type":"PropertyValueSpecification","valueRequired":true,"valueName":"search_term_string"}}],"inLanguage":"de"},{"@type":"Person","@id":"https:\/\/gruene-reilingen.de\/#\/schema\/person\/f9da928f04550d0db757afd781f08df8","name":"gruene_reilingen","image":{"@type":"ImageObject","inLanguage":"de","@id":"https:\/\/secure.gravatar.com\/avatar\/913acc38ce102bffd85b7d788472a0913fa53d9b1fe59056f1fe4e704a8231cb?s=96&d=mm&r=g","url":"https:\/\/secure.gravatar.com\/avatar\/913acc38ce102bffd85b7d788472a0913fa53d9b1fe59056f1fe4e704a8231cb?s=96&d=mm&r=g","contentUrl":"https:\/\/secure.gravatar.com\/avatar\/913acc38ce102bffd85b7d788472a0913fa53d9b1fe59056f1fe4e704a8231cb?s=96&d=mm&r=g","caption":"gruene_reilingen"},"sameAs":["http:\/\/www.gruene-reilingen.de"],"url":"https:\/\/gruene-reilingen.de\/?author=2"}]}},"_links":{"self":[{"href":"https:\/\/gruene-reilingen.de\/index.php?rest_route=\/wp\/v2\/posts\/2488","targetHints":{"allow":["GET"]}}],"collection":[{"href":"https:\/\/gruene-reilingen.de\/index.php?rest_route=\/wp\/v2\/posts"}],"about":[{"href":"https:\/\/gruene-reilingen.de\/index.php?rest_route=\/wp\/v2\/types\/post"}],"author":[{"embeddable":true,"href":"https:\/\/gruene-reilingen.de\/index.php?rest_route=\/wp\/v2\/users\/2"}],"replies":[{"embeddable":true,"href":"https:\/\/gruene-reilingen.de\/index.php?rest_route=%2Fwp%2Fv2%2Fcomments&post=2488"}],"version-history":[{"count":1,"href":"https:\/\/gruene-reilingen.de\/index.php?rest_route=\/wp\/v2\/posts\/2488\/revisions"}],"predecessor-version":[{"id":2489,"href":"https:\/\/gruene-reilingen.de\/index.php?rest_route=\/wp\/v2\/posts\/2488\/revisions\/2489"}],"wp:attachment":[{"href":"https:\/\/gruene-reilingen.de\/index.php?rest_route=%2Fwp%2Fv2%2Fmedia&parent=2488"}],"wp:term":[{"taxonomy":"category","embeddable":true,"href":"https:\/\/gruene-reilingen.de\/index.php?rest_route=%2Fwp%2Fv2%2Fcategories&post=2488"},{"taxonomy":"post_tag","embeddable":true,"href":"https:\/\/gruene-reilingen.de\/index.php?rest_route=%2Fwp%2Fv2%2Ftags&post=2488"}],"curies":[{"name":"wp","href":"https:\/\/api.w.org\/{rel}","templated":true}]}}