{"id":2500,"date":"2023-09-05T10:51:47","date_gmt":"2023-09-05T10:51:47","guid":{"rendered":"https:\/\/gruene-reilingen.de\/?p=2500"},"modified":"2023-09-10T21:50:27","modified_gmt":"2023-09-10T21:50:27","slug":"radexkursion-der-gruenen-entlang-des-kriegbachs-unter-anderem-erfolge-des-probebetriebs-zur-niedrigwasserzufuhr-begutachtet","status":"publish","type":"post","link":"https:\/\/gruene-reilingen.de\/?p=2500","title":{"rendered":"Radexkursion der Gr\u00fcnen entlang des Kriegbachs \u2013 Unter anderem Erfolge des Probebetriebs zur Niedrigwasserzufuhr begutachtet"},"content":{"rendered":"\r\n\r\n\r\n\r\n\r\n\r\n\r\n\r\n \r\n\r\n\n<p>Zu einer abendlichen Radtour entlang des Kriegbachs hatten j\u00fcngst die Gr\u00fcnen eingeladen. Der Landtagsabgeordnete der Gr\u00fcnen, Dr. Andre Baumann, und Jochen Rotter, Reilinger Gemeinderat der Gr\u00fcnen, begr\u00fc\u00dften die Teilnehmerinnen und Teilnehmer. \u201eUnser Kriegbach hat 2021 und 2022 traurige Ber\u00fchmtheit erlangt, weil er in beiden Jahren trockengefallen war\u201c, so Baumann. \u201eHunderte von Fischen mussten aus dem Bach geborgen werden.\u201c Baumann hatte sich, wie auch der Umweltverband BUND Hockenheimer Rheinebene, daf\u00fcr eingesetzt, dass vom Kraichbach mehr Wasser in den Kriegbach geleitet wird. Der Einsatz zeigte Wirkung: Der Landesbetrieb Gew\u00e4sser genehmigte einen Probebetrieb. Seit Juni 2022 wird am Schneidm\u00fchlwehr eine gr\u00f6\u00dfere Wassermenge in den Kriegbach geleitet. Die Radgruppe begutachtete den Erfolg der Ma\u00dfnahme.&nbsp;<\/p>\n\n\n\n<p>Wo heute der Kriegbach flie\u00dft gab es auch von Natur aus irgendein Gew\u00e4sser. Wie oft und wieviel Wasser darin floss wei\u00df niemand mehr. Seit dem Mittelalter wurde der Kriegbach zum Hochwasserentlastungskanal umgebaut, der bei Hochwasser \u00fcbersch\u00fcssiges Wasser aus dem Kraichbach aufnimmt. Gew\u00e4sserexperte Norbert Korn erkl\u00e4rte, dass fr\u00fcher mehrere M\u00fchlen am Kraichbach betrieben wurden. Der Kriegbach sollte die M\u00fchlen und Ortschaften vor Hochwasser sch\u00fctzen. \u201eEs war damals nicht geplant, dass der Kriegbach ein richtiger Bach wird, in dem immer Wasser flie\u00dft.\u201c Dies habe sich erst im 20. Jahrhundert ge\u00e4ndert. Wegen des Vorkommens der EU-weit streng gesch\u00fctzten Libellenart Gr\u00fcne Flussjungfer sei es notwendig geworden, dass aus dem Kanal ein Bach wird. \u201eOhne Wasser gehen die Libellenlarven ein\u201c, erkl\u00e4rte der Biologe Baumann.<\/p>\n\n\n\n<p>\u201eFr\u00fcher gab es mehrere Wehre im Kriegbach, die das wenige Wasser anstauten. Weil die Wehre bei einer Renaturierungsma\u00dfnahme entfernt wurden, fiel der Kriegbach wahrscheinlich trocken\u201c, sagte Kriegbach-Experte Thomas Kuppinger vom BUND Hockenheimer Rheinebene. \u201eDarum ist es gut, dass nun deutlich mehr Wasser in den Kriegbach eingeleitet wird. Auch die Renaturierungsma\u00dfnahmen am Kriegbach helfen der Flora und Fauna des Gew\u00e4ssers.\u201c Neben Steilw\u00e4nden, in denen Eisv\u00f6gel br\u00fcten k\u00f6nnen, kommen im renaturierten Kriegbach Sandb\u00e4nke, langsam und schnell flie\u00dfende Bachabschnitte vor. Und so mancher Baumstamm staut Wasser an, fast wie fr\u00fcher die Wehre, von den Kuppinger berichtet hatte. Die Teilnehmerinnen und Teilnehmer der Exkursion begr\u00fc\u00dften die durchgef\u00fchrten Ma\u00dfnahmen am Kriegbach und waren sich einig, dass die Entwicklung des Baches regelm\u00e4\u00dfig \u00fcberpr\u00fcft werden m\u00fcsse.<\/p>\n\n\n\n<p>Zum Schluss wurde noch das Thema Abwasserbelastung angesprochen. Das Wasser aus den Kl\u00e4ranlagen ist offensichtlich so sauber, dass es den Tieren im Kriegbach kaum schadet. Bei starkem Regen werden aber aus den Kanalisationen gro\u00dfe Mengen von kaum gekl\u00e4rtem Abwasser in den Bach eingeleitet. Es ist also auch zum Schutz der B\u00e4che n\u00f6tig, m\u00f6glichst viel Regenwasser zu versickern und nicht in die Kanalisation einzuleiten.<\/p>\n\n\n\n<div class=\"wp-block-media-text alignwide is-stacked-on-mobile\"><figure class=\"wp-block-media-text__media\"><img loading=\"lazy\" decoding=\"async\" width=\"2560\" height=\"2018\" src=\"https:\/\/gruene-reilingen.de\/wp-content\/uploads\/2023\/09\/Zu-einer-Radexkursion-entlang-des-Kriegbachs-hatten-die-Reilinger-Gruenen-und-Dr.-Andre-Baumann-eingeladen_Foto-Stefan-Behme--scaled.jpg\" alt=\"\" class=\"wp-image-2502 size-full\" srcset=\"https:\/\/gruene-reilingen.de\/wp-content\/uploads\/2023\/09\/Zu-einer-Radexkursion-entlang-des-Kriegbachs-hatten-die-Reilinger-Gruenen-und-Dr.-Andre-Baumann-eingeladen_Foto-Stefan-Behme--scaled.jpg 2560w, https:\/\/gruene-reilingen.de\/wp-content\/uploads\/2023\/09\/Zu-einer-Radexkursion-entlang-des-Kriegbachs-hatten-die-Reilinger-Gruenen-und-Dr.-Andre-Baumann-eingeladen_Foto-Stefan-Behme--469x370.jpg 469w, https:\/\/gruene-reilingen.de\/wp-content\/uploads\/2023\/09\/Zu-einer-Radexkursion-entlang-des-Kriegbachs-hatten-die-Reilinger-Gruenen-und-Dr.-Andre-Baumann-eingeladen_Foto-Stefan-Behme--634x500.jpg 634w, https:\/\/gruene-reilingen.de\/wp-content\/uploads\/2023\/09\/Zu-einer-Radexkursion-entlang-des-Kriegbachs-hatten-die-Reilinger-Gruenen-und-Dr.-Andre-Baumann-eingeladen_Foto-Stefan-Behme--768x606.jpg 768w, https:\/\/gruene-reilingen.de\/wp-content\/uploads\/2023\/09\/Zu-einer-Radexkursion-entlang-des-Kriegbachs-hatten-die-Reilinger-Gruenen-und-Dr.-Andre-Baumann-eingeladen_Foto-Stefan-Behme--1536x1211.jpg 1536w, https:\/\/gruene-reilingen.de\/wp-content\/uploads\/2023\/09\/Zu-einer-Radexkursion-entlang-des-Kriegbachs-hatten-die-Reilinger-Gruenen-und-Dr.-Andre-Baumann-eingeladen_Foto-Stefan-Behme--2048x1615.jpg 2048w\" sizes=\"auto, (max-width: 2560px) 100vw, 2560px\" \/><\/figure><div class=\"wp-block-media-text__content\">\n<p>Zu einer Radexkursion entlang des Kriegbachs hatten die Reilinger Gr\u00fcnen und Dr. Andre Baumann eingeladen<\/p>\n\n\n\n<p>Foto Stefan Behme<\/p>\n<\/div><\/div>\n\n\n\n<div class=\"wp-block-media-text alignwide is-stacked-on-mobile\"><figure class=\"wp-block-media-text__media\"><img loading=\"lazy\" decoding=\"async\" width=\"2020\" height=\"2560\" src=\"https:\/\/gruene-reilingen.de\/wp-content\/uploads\/2023\/09\/Es-hilft-der-Flora-und-Fauna-des-Kriegbachs-dass-mehr-Wasser-eingeleitet-wird-ebenso-die-Renaturierungsmassnahmen_Foto-Stefan-Behme-scaled.jpg\" alt=\"\" class=\"wp-image-2503 size-full\" srcset=\"https:\/\/gruene-reilingen.de\/wp-content\/uploads\/2023\/09\/Es-hilft-der-Flora-und-Fauna-des-Kriegbachs-dass-mehr-Wasser-eingeleitet-wird-ebenso-die-Renaturierungsmassnahmen_Foto-Stefan-Behme-scaled.jpg 2020w, https:\/\/gruene-reilingen.de\/wp-content\/uploads\/2023\/09\/Es-hilft-der-Flora-und-Fauna-des-Kriegbachs-dass-mehr-Wasser-eingeleitet-wird-ebenso-die-Renaturierungsmassnahmen_Foto-Stefan-Behme-292x370.jpg 292w, https:\/\/gruene-reilingen.de\/wp-content\/uploads\/2023\/09\/Es-hilft-der-Flora-und-Fauna-des-Kriegbachs-dass-mehr-Wasser-eingeleitet-wird-ebenso-die-Renaturierungsmassnahmen_Foto-Stefan-Behme-395x500.jpg 395w, https:\/\/gruene-reilingen.de\/wp-content\/uploads\/2023\/09\/Es-hilft-der-Flora-und-Fauna-des-Kriegbachs-dass-mehr-Wasser-eingeleitet-wird-ebenso-die-Renaturierungsmassnahmen_Foto-Stefan-Behme-768x973.jpg 768w, https:\/\/gruene-reilingen.de\/wp-content\/uploads\/2023\/09\/Es-hilft-der-Flora-und-Fauna-des-Kriegbachs-dass-mehr-Wasser-eingeleitet-wird-ebenso-die-Renaturierungsmassnahmen_Foto-Stefan-Behme-1212x1536.jpg 1212w, https:\/\/gruene-reilingen.de\/wp-content\/uploads\/2023\/09\/Es-hilft-der-Flora-und-Fauna-des-Kriegbachs-dass-mehr-Wasser-eingeleitet-wird-ebenso-die-Renaturierungsmassnahmen_Foto-Stefan-Behme-1616x2048.jpg 1616w\" sizes=\"auto, (max-width: 2020px) 100vw, 2020px\" \/><\/figure><div class=\"wp-block-media-text__content\">\n<p>Es hilft der Flora und Fauna des Kriegbachs, dass mehr Wasser eingeleitet wird, ebenso die Renaturierungsma\u00dfnahmen<\/p>\n\n\n\n<p>Foto: Stefan Behme<\/p>\n<\/div><\/div>\n","protected":false},"excerpt":{"rendered":"<p>Zu einer abendlichen Radtour entlang des Kriegbachs hatten j\u00fcngst die Gr\u00fcnen eingeladen. Der Landtagsabgeordnete der Gr\u00fcnen, Dr. Andre Baumann, und Jochen Rotter, Reilinger Gemeinderat der Gr\u00fcnen, begr\u00fc\u00dften die Teilnehmerinnen und [&hellip;]<\/p>\n","protected":false},"author":-1,"featured_media":0,"comment_status":"open","ping_status":"open","sticky":false,"template":"","format":"standard","meta":{"footnotes":""},"categories":[3],"tags":[],"class_list":["post-2500","post","type-post","status-publish","format-standard","hentry","category-news"],"yoast_head":"<!-- This site is optimized with the Yoast SEO plugin v27.5 - https:\/\/yoast.com\/product\/yoast-seo-wordpress\/ -->\n<title>Radexkursion der Gr\u00fcnen entlang des Kriegbachs \u2013 Unter anderem Erfolge des Probebetriebs zur Niedrigwasserzufuhr begutachtet - B\u00dcNDNIS 90\/DIE GR\u00dcNEN REILINGEN<\/title>\n<meta name=\"robots\" content=\"index, follow, max-snippet:-1, max-image-preview:large, max-video-preview:-1\" \/>\n<link rel=\"canonical\" href=\"https:\/\/gruene-reilingen.de\/?p=2500\" \/>\n<meta property=\"og:locale\" content=\"de_DE\" \/>\n<meta property=\"og:type\" content=\"article\" \/>\n<meta property=\"og:title\" content=\"Radexkursion der Gr\u00fcnen entlang des Kriegbachs \u2013 Unter anderem Erfolge des Probebetriebs zur Niedrigwasserzufuhr begutachtet - B\u00dcNDNIS 90\/DIE GR\u00dcNEN REILINGEN\" \/>\n<meta property=\"og:description\" content=\"Zu einer abendlichen Radtour entlang des Kriegbachs hatten j\u00fcngst die Gr\u00fcnen eingeladen. Der Landtagsabgeordnete der Gr\u00fcnen, Dr. Andre Baumann, und Jochen Rotter, Reilinger Gemeinderat der Gr\u00fcnen, begr\u00fc\u00dften die Teilnehmerinnen und [&hellip;]\" \/>\n<meta property=\"og:url\" content=\"https:\/\/gruene-reilingen.de\/?p=2500\" \/>\n<meta property=\"og:site_name\" content=\"B\u00dcNDNIS 90\/DIE GR\u00dcNEN REILINGEN\" \/>\n<meta property=\"article:published_time\" content=\"2023-09-05T10:51:47+00:00\" \/>\n<meta property=\"article:modified_time\" content=\"2023-09-10T21:50:27+00:00\" \/>\n<meta property=\"og:image\" content=\"https:\/\/gruene-reilingen.de\/wp-content\/uploads\/2023\/09\/Zu-einer-Radexkursion-entlang-des-Kriegbachs-hatten-die-Reilinger-Gruenen-und-Dr.-Andre-Baumann-eingeladen_Foto-Stefan-Behme--scaled.jpg\" \/>\n<meta name=\"author\" content=\"gruene_reilingen\" \/>\n<meta name=\"twitter:card\" content=\"summary_large_image\" \/>\n<meta name=\"twitter:label1\" content=\"Verfasst von\" \/>\n\t<meta name=\"twitter:data1\" content=\"gruene_reilingen\" \/>\n\t<meta name=\"twitter:label2\" content=\"Gesch\u00e4tzte Lesezeit\" \/>\n\t<meta name=\"twitter:data2\" content=\"3\u00a0Minuten\" \/>\n<script type=\"application\/ld+json\" class=\"yoast-schema-graph\">{\"@context\":\"https:\\\/\\\/schema.org\",\"@graph\":[{\"@type\":\"Article\",\"@id\":\"https:\\\/\\\/gruene-reilingen.de\\\/?p=2500#article\",\"isPartOf\":{\"@id\":\"https:\\\/\\\/gruene-reilingen.de\\\/?p=2500\"},\"author\":{\"name\":\"gruene_reilingen\",\"@id\":\"https:\\\/\\\/gruene-reilingen.de\\\/#\\\/schema\\\/person\\\/f9da928f04550d0db757afd781f08df8\"},\"headline\":\"Radexkursion der Gr\u00fcnen entlang des Kriegbachs \u2013 Unter anderem Erfolge des Probebetriebs zur Niedrigwasserzufuhr begutachtet\",\"datePublished\":\"2023-09-05T10:51:47+00:00\",\"dateModified\":\"2023-09-10T21:50:27+00:00\",\"mainEntityOfPage\":{\"@id\":\"https:\\\/\\\/gruene-reilingen.de\\\/?p=2500\"},\"wordCount\":510,\"commentCount\":0,\"image\":{\"@id\":\"https:\\\/\\\/gruene-reilingen.de\\\/?p=2500#primaryimage\"},\"thumbnailUrl\":\"https:\\\/\\\/gruene-reilingen.de\\\/wp-content\\\/uploads\\\/2023\\\/09\\\/Zu-einer-Radexkursion-entlang-des-Kriegbachs-hatten-die-Reilinger-Gruenen-und-Dr.-Andre-Baumann-eingeladen_Foto-Stefan-Behme--scaled.jpg\",\"articleSection\":[\"News\"],\"inLanguage\":\"de\",\"potentialAction\":[{\"@type\":\"CommentAction\",\"name\":\"Comment\",\"target\":[\"https:\\\/\\\/gruene-reilingen.de\\\/?p=2500#respond\"]}]},{\"@type\":\"WebPage\",\"@id\":\"https:\\\/\\\/gruene-reilingen.de\\\/?p=2500\",\"url\":\"https:\\\/\\\/gruene-reilingen.de\\\/?p=2500\",\"name\":\"Radexkursion der Gr\u00fcnen entlang des Kriegbachs \u2013 Unter anderem Erfolge des Probebetriebs zur Niedrigwasserzufuhr begutachtet - B\u00dcNDNIS 90\\\/DIE GR\u00dcNEN REILINGEN\",\"isPartOf\":{\"@id\":\"https:\\\/\\\/gruene-reilingen.de\\\/#website\"},\"primaryImageOfPage\":{\"@id\":\"https:\\\/\\\/gruene-reilingen.de\\\/?p=2500#primaryimage\"},\"image\":{\"@id\":\"https:\\\/\\\/gruene-reilingen.de\\\/?p=2500#primaryimage\"},\"thumbnailUrl\":\"https:\\\/\\\/gruene-reilingen.de\\\/wp-content\\\/uploads\\\/2023\\\/09\\\/Zu-einer-Radexkursion-entlang-des-Kriegbachs-hatten-die-Reilinger-Gruenen-und-Dr.-Andre-Baumann-eingeladen_Foto-Stefan-Behme--scaled.jpg\",\"datePublished\":\"2023-09-05T10:51:47+00:00\",\"dateModified\":\"2023-09-10T21:50:27+00:00\",\"author\":{\"@id\":\"https:\\\/\\\/gruene-reilingen.de\\\/#\\\/schema\\\/person\\\/f9da928f04550d0db757afd781f08df8\"},\"breadcrumb\":{\"@id\":\"https:\\\/\\\/gruene-reilingen.de\\\/?p=2500#breadcrumb\"},\"inLanguage\":\"de\",\"potentialAction\":[{\"@type\":\"ReadAction\",\"target\":[\"https:\\\/\\\/gruene-reilingen.de\\\/?p=2500\"]}]},{\"@type\":\"ImageObject\",\"inLanguage\":\"de\",\"@id\":\"https:\\\/\\\/gruene-reilingen.de\\\/?p=2500#primaryimage\",\"url\":\"https:\\\/\\\/gruene-reilingen.de\\\/wp-content\\\/uploads\\\/2023\\\/09\\\/Zu-einer-Radexkursion-entlang-des-Kriegbachs-hatten-die-Reilinger-Gruenen-und-Dr.-Andre-Baumann-eingeladen_Foto-Stefan-Behme--scaled.jpg\",\"contentUrl\":\"https:\\\/\\\/gruene-reilingen.de\\\/wp-content\\\/uploads\\\/2023\\\/09\\\/Zu-einer-Radexkursion-entlang-des-Kriegbachs-hatten-die-Reilinger-Gruenen-und-Dr.-Andre-Baumann-eingeladen_Foto-Stefan-Behme--scaled.jpg\",\"width\":2560,\"height\":2018},{\"@type\":\"BreadcrumbList\",\"@id\":\"https:\\\/\\\/gruene-reilingen.de\\\/?p=2500#breadcrumb\",\"itemListElement\":[{\"@type\":\"ListItem\",\"position\":1,\"name\":\"Startseite\",\"item\":\"https:\\\/\\\/gruene-reilingen.de\\\/\"},{\"@type\":\"ListItem\",\"position\":2,\"name\":\"Radexkursion der Gr\u00fcnen entlang des Kriegbachs \u2013 Unter anderem Erfolge des Probebetriebs zur Niedrigwasserzufuhr begutachtet\"}]},{\"@type\":\"WebSite\",\"@id\":\"https:\\\/\\\/gruene-reilingen.de\\\/#website\",\"url\":\"https:\\\/\\\/gruene-reilingen.de\\\/\",\"name\":\"B\u00dcNDNIS 90\\\/DIE GR\u00dcNEN REILINGEN\",\"description\":\"\",\"potentialAction\":[{\"@type\":\"SearchAction\",\"target\":{\"@type\":\"EntryPoint\",\"urlTemplate\":\"https:\\\/\\\/gruene-reilingen.de\\\/?s={search_term_string}\"},\"query-input\":{\"@type\":\"PropertyValueSpecification\",\"valueRequired\":true,\"valueName\":\"search_term_string\"}}],\"inLanguage\":\"de\"},{\"@type\":\"Person\",\"@id\":\"https:\\\/\\\/gruene-reilingen.de\\\/#\\\/schema\\\/person\\\/f9da928f04550d0db757afd781f08df8\",\"name\":\"gruene_reilingen\",\"image\":{\"@type\":\"ImageObject\",\"inLanguage\":\"de\",\"@id\":\"https:\\\/\\\/secure.gravatar.com\\\/avatar\\\/913acc38ce102bffd85b7d788472a0913fa53d9b1fe59056f1fe4e704a8231cb?s=96&d=mm&r=g\",\"url\":\"https:\\\/\\\/secure.gravatar.com\\\/avatar\\\/913acc38ce102bffd85b7d788472a0913fa53d9b1fe59056f1fe4e704a8231cb?s=96&d=mm&r=g\",\"contentUrl\":\"https:\\\/\\\/secure.gravatar.com\\\/avatar\\\/913acc38ce102bffd85b7d788472a0913fa53d9b1fe59056f1fe4e704a8231cb?s=96&d=mm&r=g\",\"caption\":\"gruene_reilingen\"},\"sameAs\":[\"http:\\\/\\\/www.gruene-reilingen.de\"],\"url\":\"https:\\\/\\\/gruene-reilingen.de\\\/?author=2\"}]}<\/script>\n<!-- \/ Yoast SEO plugin. -->","yoast_head_json":{"title":"Radexkursion der Gr\u00fcnen entlang des Kriegbachs \u2013 Unter anderem Erfolge des Probebetriebs zur Niedrigwasserzufuhr begutachtet - B\u00dcNDNIS 90\/DIE GR\u00dcNEN REILINGEN","robots":{"index":"index","follow":"follow","max-snippet":"max-snippet:-1","max-image-preview":"max-image-preview:large","max-video-preview":"max-video-preview:-1"},"canonical":"https:\/\/gruene-reilingen.de\/?p=2500","og_locale":"de_DE","og_type":"article","og_title":"Radexkursion der Gr\u00fcnen entlang des Kriegbachs \u2013 Unter anderem Erfolge des Probebetriebs zur Niedrigwasserzufuhr begutachtet - B\u00dcNDNIS 90\/DIE GR\u00dcNEN REILINGEN","og_description":"Zu einer abendlichen Radtour entlang des Kriegbachs hatten j\u00fcngst die Gr\u00fcnen eingeladen. Der Landtagsabgeordnete der Gr\u00fcnen, Dr. Andre Baumann, und Jochen Rotter, Reilinger Gemeinderat der Gr\u00fcnen, begr\u00fc\u00dften die Teilnehmerinnen und [&hellip;]","og_url":"https:\/\/gruene-reilingen.de\/?p=2500","og_site_name":"B\u00dcNDNIS 90\/DIE GR\u00dcNEN REILINGEN","article_published_time":"2023-09-05T10:51:47+00:00","article_modified_time":"2023-09-10T21:50:27+00:00","og_image":[{"url":"https:\/\/gruene-reilingen.de\/wp-content\/uploads\/2023\/09\/Zu-einer-Radexkursion-entlang-des-Kriegbachs-hatten-die-Reilinger-Gruenen-und-Dr.-Andre-Baumann-eingeladen_Foto-Stefan-Behme--scaled.jpg","type":"","width":"","height":""}],"author":"gruene_reilingen","twitter_card":"summary_large_image","twitter_misc":{"Verfasst von":"gruene_reilingen","Gesch\u00e4tzte Lesezeit":"3\u00a0Minuten"},"schema":{"@context":"https:\/\/schema.org","@graph":[{"@type":"Article","@id":"https:\/\/gruene-reilingen.de\/?p=2500#article","isPartOf":{"@id":"https:\/\/gruene-reilingen.de\/?p=2500"},"author":{"name":"gruene_reilingen","@id":"https:\/\/gruene-reilingen.de\/#\/schema\/person\/f9da928f04550d0db757afd781f08df8"},"headline":"Radexkursion der Gr\u00fcnen entlang des Kriegbachs \u2013 Unter anderem Erfolge des Probebetriebs zur Niedrigwasserzufuhr begutachtet","datePublished":"2023-09-05T10:51:47+00:00","dateModified":"2023-09-10T21:50:27+00:00","mainEntityOfPage":{"@id":"https:\/\/gruene-reilingen.de\/?p=2500"},"wordCount":510,"commentCount":0,"image":{"@id":"https:\/\/gruene-reilingen.de\/?p=2500#primaryimage"},"thumbnailUrl":"https:\/\/gruene-reilingen.de\/wp-content\/uploads\/2023\/09\/Zu-einer-Radexkursion-entlang-des-Kriegbachs-hatten-die-Reilinger-Gruenen-und-Dr.-Andre-Baumann-eingeladen_Foto-Stefan-Behme--scaled.jpg","articleSection":["News"],"inLanguage":"de","potentialAction":[{"@type":"CommentAction","name":"Comment","target":["https:\/\/gruene-reilingen.de\/?p=2500#respond"]}]},{"@type":"WebPage","@id":"https:\/\/gruene-reilingen.de\/?p=2500","url":"https:\/\/gruene-reilingen.de\/?p=2500","name":"Radexkursion der Gr\u00fcnen entlang des Kriegbachs \u2013 Unter anderem Erfolge des Probebetriebs zur Niedrigwasserzufuhr begutachtet - B\u00dcNDNIS 90\/DIE GR\u00dcNEN REILINGEN","isPartOf":{"@id":"https:\/\/gruene-reilingen.de\/#website"},"primaryImageOfPage":{"@id":"https:\/\/gruene-reilingen.de\/?p=2500#primaryimage"},"image":{"@id":"https:\/\/gruene-reilingen.de\/?p=2500#primaryimage"},"thumbnailUrl":"https:\/\/gruene-reilingen.de\/wp-content\/uploads\/2023\/09\/Zu-einer-Radexkursion-entlang-des-Kriegbachs-hatten-die-Reilinger-Gruenen-und-Dr.-Andre-Baumann-eingeladen_Foto-Stefan-Behme--scaled.jpg","datePublished":"2023-09-05T10:51:47+00:00","dateModified":"2023-09-10T21:50:27+00:00","author":{"@id":"https:\/\/gruene-reilingen.de\/#\/schema\/person\/f9da928f04550d0db757afd781f08df8"},"breadcrumb":{"@id":"https:\/\/gruene-reilingen.de\/?p=2500#breadcrumb"},"inLanguage":"de","potentialAction":[{"@type":"ReadAction","target":["https:\/\/gruene-reilingen.de\/?p=2500"]}]},{"@type":"ImageObject","inLanguage":"de","@id":"https:\/\/gruene-reilingen.de\/?p=2500#primaryimage","url":"https:\/\/gruene-reilingen.de\/wp-content\/uploads\/2023\/09\/Zu-einer-Radexkursion-entlang-des-Kriegbachs-hatten-die-Reilinger-Gruenen-und-Dr.-Andre-Baumann-eingeladen_Foto-Stefan-Behme--scaled.jpg","contentUrl":"https:\/\/gruene-reilingen.de\/wp-content\/uploads\/2023\/09\/Zu-einer-Radexkursion-entlang-des-Kriegbachs-hatten-die-Reilinger-Gruenen-und-Dr.-Andre-Baumann-eingeladen_Foto-Stefan-Behme--scaled.jpg","width":2560,"height":2018},{"@type":"BreadcrumbList","@id":"https:\/\/gruene-reilingen.de\/?p=2500#breadcrumb","itemListElement":[{"@type":"ListItem","position":1,"name":"Startseite","item":"https:\/\/gruene-reilingen.de\/"},{"@type":"ListItem","position":2,"name":"Radexkursion der Gr\u00fcnen entlang des Kriegbachs \u2013 Unter anderem Erfolge des Probebetriebs zur Niedrigwasserzufuhr begutachtet"}]},{"@type":"WebSite","@id":"https:\/\/gruene-reilingen.de\/#website","url":"https:\/\/gruene-reilingen.de\/","name":"B\u00dcNDNIS 90\/DIE GR\u00dcNEN REILINGEN","description":"","potentialAction":[{"@type":"SearchAction","target":{"@type":"EntryPoint","urlTemplate":"https:\/\/gruene-reilingen.de\/?s={search_term_string}"},"query-input":{"@type":"PropertyValueSpecification","valueRequired":true,"valueName":"search_term_string"}}],"inLanguage":"de"},{"@type":"Person","@id":"https:\/\/gruene-reilingen.de\/#\/schema\/person\/f9da928f04550d0db757afd781f08df8","name":"gruene_reilingen","image":{"@type":"ImageObject","inLanguage":"de","@id":"https:\/\/secure.gravatar.com\/avatar\/913acc38ce102bffd85b7d788472a0913fa53d9b1fe59056f1fe4e704a8231cb?s=96&d=mm&r=g","url":"https:\/\/secure.gravatar.com\/avatar\/913acc38ce102bffd85b7d788472a0913fa53d9b1fe59056f1fe4e704a8231cb?s=96&d=mm&r=g","contentUrl":"https:\/\/secure.gravatar.com\/avatar\/913acc38ce102bffd85b7d788472a0913fa53d9b1fe59056f1fe4e704a8231cb?s=96&d=mm&r=g","caption":"gruene_reilingen"},"sameAs":["http:\/\/www.gruene-reilingen.de"],"url":"https:\/\/gruene-reilingen.de\/?author=2"}]}},"_links":{"self":[{"href":"https:\/\/gruene-reilingen.de\/index.php?rest_route=\/wp\/v2\/posts\/2500","targetHints":{"allow":["GET"]}}],"collection":[{"href":"https:\/\/gruene-reilingen.de\/index.php?rest_route=\/wp\/v2\/posts"}],"about":[{"href":"https:\/\/gruene-reilingen.de\/index.php?rest_route=\/wp\/v2\/types\/post"}],"author":[{"embeddable":true,"href":"https:\/\/gruene-reilingen.de\/index.php?rest_route=\/wp\/v2\/users\/2"}],"replies":[{"embeddable":true,"href":"https:\/\/gruene-reilingen.de\/index.php?rest_route=%2Fwp%2Fv2%2Fcomments&post=2500"}],"version-history":[{"count":3,"href":"https:\/\/gruene-reilingen.de\/index.php?rest_route=\/wp\/v2\/posts\/2500\/revisions"}],"predecessor-version":[{"id":2507,"href":"https:\/\/gruene-reilingen.de\/index.php?rest_route=\/wp\/v2\/posts\/2500\/revisions\/2507"}],"wp:attachment":[{"href":"https:\/\/gruene-reilingen.de\/index.php?rest_route=%2Fwp%2Fv2%2Fmedia&parent=2500"}],"wp:term":[{"taxonomy":"category","embeddable":true,"href":"https:\/\/gruene-reilingen.de\/index.php?rest_route=%2Fwp%2Fv2%2Fcategories&post=2500"},{"taxonomy":"post_tag","embeddable":true,"href":"https:\/\/gruene-reilingen.de\/index.php?rest_route=%2Fwp%2Fv2%2Ftags&post=2500"}],"curies":[{"name":"wp","href":"https:\/\/api.w.org\/{rel}","templated":true}]}}