{"id":2527,"date":"2023-10-29T14:05:48","date_gmt":"2023-10-29T14:05:48","guid":{"rendered":"https:\/\/gruene-reilingen.de\/?p=2527"},"modified":"2023-10-29T14:06:28","modified_gmt":"2023-10-29T14:06:28","slug":"reilinger-gruene-fuer-ausbau-der-mobilen-jugendarbeit-und-der-schulsozialarbeit","status":"publish","type":"post","link":"https:\/\/gruene-reilingen.de\/?p=2527","title":{"rendered":"Reilinger Gr\u00fcne f\u00fcr Ausbau der mobilen Jugendarbeit und der Schulsozialarbeit"},"content":{"rendered":"\r\n\r\n\r\n\r\n\r\n\r\n\r\n\r\n \r\n\r\n\n<p>Bei der letzten Gemeinderatssitzung berichtete Sozialarbeiter Walter Rall \u00fcber seine T\u00e4tigkeit in der mobilen Jugendarbeit in Reilingen. Er gab einen Einblick in seine Arbeit, u.a. die Unterst\u00fctzung des Jugendgemeinderates, Problemen der.Jugendlichen und \u00fcber verschiedene Projekte wie z.B. den Jugendplatz.<\/p>\n\n\n\n<p>Der eindrucksvolle Bericht zeigte den Reilinger Gr\u00fcnen, dass ein Ausbau der mobilen Jugendarbeit, aber auch der Schulsozialarbeit (die Anzahl der Sch\u00fclerinnen und Sch\u00fcler ist erfreulicherweise auf rund 625 angewachsen) notwendig ist.<\/p>\n","protected":false},"excerpt":{"rendered":"<p>Bei der letzten Gemeinderatssitzung berichtete Sozialarbeiter Walter Rall \u00fcber seine T\u00e4tigkeit in der mobilen Jugendarbeit in Reilingen. Er gab einen Einblick in seine Arbeit, u.a. die Unterst\u00fctzung des Jugendgemeinderates, Problemen [&hellip;]<\/p>\n","protected":false},"author":-1,"featured_media":0,"comment_status":"open","ping_status":"open","sticky":false,"template":"","format":"standard","meta":{"footnotes":""},"categories":[3],"tags":[],"class_list":["post-2527","post","type-post","status-publish","format-standard","hentry","category-news"],"yoast_head":"<!-- This site is optimized with the Yoast SEO plugin v27.5 - https:\/\/yoast.com\/product\/yoast-seo-wordpress\/ -->\n<title>Reilinger Gr\u00fcne f\u00fcr Ausbau der mobilen Jugendarbeit und der Schulsozialarbeit - B\u00dcNDNIS 90\/DIE GR\u00dcNEN REILINGEN<\/title>\n<meta name=\"robots\" content=\"index, follow, max-snippet:-1, max-image-preview:large, max-video-preview:-1\" \/>\n<link rel=\"canonical\" href=\"https:\/\/gruene-reilingen.de\/?p=2527\" \/>\n<meta property=\"og:locale\" content=\"de_DE\" \/>\n<meta property=\"og:type\" content=\"article\" \/>\n<meta property=\"og:title\" content=\"Reilinger Gr\u00fcne f\u00fcr Ausbau der mobilen Jugendarbeit und der Schulsozialarbeit - B\u00dcNDNIS 90\/DIE GR\u00dcNEN REILINGEN\" \/>\n<meta property=\"og:description\" content=\"Bei der letzten Gemeinderatssitzung berichtete Sozialarbeiter Walter Rall \u00fcber seine T\u00e4tigkeit in der mobilen Jugendarbeit in Reilingen. Er gab einen Einblick in seine Arbeit, u.a. die Unterst\u00fctzung des Jugendgemeinderates, Problemen [&hellip;]\" \/>\n<meta property=\"og:url\" content=\"https:\/\/gruene-reilingen.de\/?p=2527\" \/>\n<meta property=\"og:site_name\" content=\"B\u00dcNDNIS 90\/DIE GR\u00dcNEN REILINGEN\" \/>\n<meta property=\"article:published_time\" content=\"2023-10-29T14:05:48+00:00\" \/>\n<meta property=\"article:modified_time\" content=\"2023-10-29T14:06:28+00:00\" \/>\n<meta name=\"author\" content=\"gruene_reilingen\" \/>\n<meta name=\"twitter:card\" content=\"summary_large_image\" \/>\n<meta name=\"twitter:label1\" content=\"Verfasst von\" \/>\n\t<meta name=\"twitter:data1\" content=\"gruene_reilingen\" \/>\n\t<meta name=\"twitter:label2\" content=\"Gesch\u00e4tzte Lesezeit\" \/>\n\t<meta name=\"twitter:data2\" content=\"1\u00a0Minute\" \/>\n<script type=\"application\/ld+json\" class=\"yoast-schema-graph\">{\"@context\":\"https:\\\/\\\/schema.org\",\"@graph\":[{\"@type\":\"Article\",\"@id\":\"https:\\\/\\\/gruene-reilingen.de\\\/?p=2527#article\",\"isPartOf\":{\"@id\":\"https:\\\/\\\/gruene-reilingen.de\\\/?p=2527\"},\"author\":{\"name\":\"gruene_reilingen\",\"@id\":\"https:\\\/\\\/gruene-reilingen.de\\\/#\\\/schema\\\/person\\\/f9da928f04550d0db757afd781f08df8\"},\"headline\":\"Reilinger Gr\u00fcne f\u00fcr Ausbau der mobilen Jugendarbeit und der Schulsozialarbeit\",\"datePublished\":\"2023-10-29T14:05:48+00:00\",\"dateModified\":\"2023-10-29T14:06:28+00:00\",\"mainEntityOfPage\":{\"@id\":\"https:\\\/\\\/gruene-reilingen.de\\\/?p=2527\"},\"wordCount\":89,\"commentCount\":0,\"articleSection\":[\"News\"],\"inLanguage\":\"de\",\"potentialAction\":[{\"@type\":\"CommentAction\",\"name\":\"Comment\",\"target\":[\"https:\\\/\\\/gruene-reilingen.de\\\/?p=2527#respond\"]}]},{\"@type\":\"WebPage\",\"@id\":\"https:\\\/\\\/gruene-reilingen.de\\\/?p=2527\",\"url\":\"https:\\\/\\\/gruene-reilingen.de\\\/?p=2527\",\"name\":\"Reilinger Gr\u00fcne f\u00fcr Ausbau der mobilen Jugendarbeit und der Schulsozialarbeit - B\u00dcNDNIS 90\\\/DIE GR\u00dcNEN REILINGEN\",\"isPartOf\":{\"@id\":\"https:\\\/\\\/gruene-reilingen.de\\\/#website\"},\"datePublished\":\"2023-10-29T14:05:48+00:00\",\"dateModified\":\"2023-10-29T14:06:28+00:00\",\"author\":{\"@id\":\"https:\\\/\\\/gruene-reilingen.de\\\/#\\\/schema\\\/person\\\/f9da928f04550d0db757afd781f08df8\"},\"breadcrumb\":{\"@id\":\"https:\\\/\\\/gruene-reilingen.de\\\/?p=2527#breadcrumb\"},\"inLanguage\":\"de\",\"potentialAction\":[{\"@type\":\"ReadAction\",\"target\":[\"https:\\\/\\\/gruene-reilingen.de\\\/?p=2527\"]}]},{\"@type\":\"BreadcrumbList\",\"@id\":\"https:\\\/\\\/gruene-reilingen.de\\\/?p=2527#breadcrumb\",\"itemListElement\":[{\"@type\":\"ListItem\",\"position\":1,\"name\":\"Startseite\",\"item\":\"https:\\\/\\\/gruene-reilingen.de\\\/\"},{\"@type\":\"ListItem\",\"position\":2,\"name\":\"Reilinger Gr\u00fcne f\u00fcr Ausbau der mobilen Jugendarbeit und der Schulsozialarbeit\"}]},{\"@type\":\"WebSite\",\"@id\":\"https:\\\/\\\/gruene-reilingen.de\\\/#website\",\"url\":\"https:\\\/\\\/gruene-reilingen.de\\\/\",\"name\":\"B\u00dcNDNIS 90\\\/DIE GR\u00dcNEN REILINGEN\",\"description\":\"\",\"potentialAction\":[{\"@type\":\"SearchAction\",\"target\":{\"@type\":\"EntryPoint\",\"urlTemplate\":\"https:\\\/\\\/gruene-reilingen.de\\\/?s={search_term_string}\"},\"query-input\":{\"@type\":\"PropertyValueSpecification\",\"valueRequired\":true,\"valueName\":\"search_term_string\"}}],\"inLanguage\":\"de\"},{\"@type\":\"Person\",\"@id\":\"https:\\\/\\\/gruene-reilingen.de\\\/#\\\/schema\\\/person\\\/f9da928f04550d0db757afd781f08df8\",\"name\":\"gruene_reilingen\",\"image\":{\"@type\":\"ImageObject\",\"inLanguage\":\"de\",\"@id\":\"https:\\\/\\\/secure.gravatar.com\\\/avatar\\\/913acc38ce102bffd85b7d788472a0913fa53d9b1fe59056f1fe4e704a8231cb?s=96&d=mm&r=g\",\"url\":\"https:\\\/\\\/secure.gravatar.com\\\/avatar\\\/913acc38ce102bffd85b7d788472a0913fa53d9b1fe59056f1fe4e704a8231cb?s=96&d=mm&r=g\",\"contentUrl\":\"https:\\\/\\\/secure.gravatar.com\\\/avatar\\\/913acc38ce102bffd85b7d788472a0913fa53d9b1fe59056f1fe4e704a8231cb?s=96&d=mm&r=g\",\"caption\":\"gruene_reilingen\"},\"sameAs\":[\"http:\\\/\\\/www.gruene-reilingen.de\"],\"url\":\"https:\\\/\\\/gruene-reilingen.de\\\/?author=2\"}]}<\/script>\n<!-- \/ Yoast SEO plugin. -->","yoast_head_json":{"title":"Reilinger Gr\u00fcne f\u00fcr Ausbau der mobilen Jugendarbeit und der Schulsozialarbeit - B\u00dcNDNIS 90\/DIE GR\u00dcNEN REILINGEN","robots":{"index":"index","follow":"follow","max-snippet":"max-snippet:-1","max-image-preview":"max-image-preview:large","max-video-preview":"max-video-preview:-1"},"canonical":"https:\/\/gruene-reilingen.de\/?p=2527","og_locale":"de_DE","og_type":"article","og_title":"Reilinger Gr\u00fcne f\u00fcr Ausbau der mobilen Jugendarbeit und der Schulsozialarbeit - B\u00dcNDNIS 90\/DIE GR\u00dcNEN REILINGEN","og_description":"Bei der letzten Gemeinderatssitzung berichtete Sozialarbeiter Walter Rall \u00fcber seine T\u00e4tigkeit in der mobilen Jugendarbeit in Reilingen. Er gab einen Einblick in seine Arbeit, u.a. die Unterst\u00fctzung des Jugendgemeinderates, Problemen [&hellip;]","og_url":"https:\/\/gruene-reilingen.de\/?p=2527","og_site_name":"B\u00dcNDNIS 90\/DIE GR\u00dcNEN REILINGEN","article_published_time":"2023-10-29T14:05:48+00:00","article_modified_time":"2023-10-29T14:06:28+00:00","author":"gruene_reilingen","twitter_card":"summary_large_image","twitter_misc":{"Verfasst von":"gruene_reilingen","Gesch\u00e4tzte Lesezeit":"1\u00a0Minute"},"schema":{"@context":"https:\/\/schema.org","@graph":[{"@type":"Article","@id":"https:\/\/gruene-reilingen.de\/?p=2527#article","isPartOf":{"@id":"https:\/\/gruene-reilingen.de\/?p=2527"},"author":{"name":"gruene_reilingen","@id":"https:\/\/gruene-reilingen.de\/#\/schema\/person\/f9da928f04550d0db757afd781f08df8"},"headline":"Reilinger Gr\u00fcne f\u00fcr Ausbau der mobilen Jugendarbeit und der Schulsozialarbeit","datePublished":"2023-10-29T14:05:48+00:00","dateModified":"2023-10-29T14:06:28+00:00","mainEntityOfPage":{"@id":"https:\/\/gruene-reilingen.de\/?p=2527"},"wordCount":89,"commentCount":0,"articleSection":["News"],"inLanguage":"de","potentialAction":[{"@type":"CommentAction","name":"Comment","target":["https:\/\/gruene-reilingen.de\/?p=2527#respond"]}]},{"@type":"WebPage","@id":"https:\/\/gruene-reilingen.de\/?p=2527","url":"https:\/\/gruene-reilingen.de\/?p=2527","name":"Reilinger Gr\u00fcne f\u00fcr Ausbau der mobilen Jugendarbeit und der Schulsozialarbeit - B\u00dcNDNIS 90\/DIE GR\u00dcNEN REILINGEN","isPartOf":{"@id":"https:\/\/gruene-reilingen.de\/#website"},"datePublished":"2023-10-29T14:05:48+00:00","dateModified":"2023-10-29T14:06:28+00:00","author":{"@id":"https:\/\/gruene-reilingen.de\/#\/schema\/person\/f9da928f04550d0db757afd781f08df8"},"breadcrumb":{"@id":"https:\/\/gruene-reilingen.de\/?p=2527#breadcrumb"},"inLanguage":"de","potentialAction":[{"@type":"ReadAction","target":["https:\/\/gruene-reilingen.de\/?p=2527"]}]},{"@type":"BreadcrumbList","@id":"https:\/\/gruene-reilingen.de\/?p=2527#breadcrumb","itemListElement":[{"@type":"ListItem","position":1,"name":"Startseite","item":"https:\/\/gruene-reilingen.de\/"},{"@type":"ListItem","position":2,"name":"Reilinger Gr\u00fcne f\u00fcr Ausbau der mobilen Jugendarbeit und der Schulsozialarbeit"}]},{"@type":"WebSite","@id":"https:\/\/gruene-reilingen.de\/#website","url":"https:\/\/gruene-reilingen.de\/","name":"B\u00dcNDNIS 90\/DIE GR\u00dcNEN REILINGEN","description":"","potentialAction":[{"@type":"SearchAction","target":{"@type":"EntryPoint","urlTemplate":"https:\/\/gruene-reilingen.de\/?s={search_term_string}"},"query-input":{"@type":"PropertyValueSpecification","valueRequired":true,"valueName":"search_term_string"}}],"inLanguage":"de"},{"@type":"Person","@id":"https:\/\/gruene-reilingen.de\/#\/schema\/person\/f9da928f04550d0db757afd781f08df8","name":"gruene_reilingen","image":{"@type":"ImageObject","inLanguage":"de","@id":"https:\/\/secure.gravatar.com\/avatar\/913acc38ce102bffd85b7d788472a0913fa53d9b1fe59056f1fe4e704a8231cb?s=96&d=mm&r=g","url":"https:\/\/secure.gravatar.com\/avatar\/913acc38ce102bffd85b7d788472a0913fa53d9b1fe59056f1fe4e704a8231cb?s=96&d=mm&r=g","contentUrl":"https:\/\/secure.gravatar.com\/avatar\/913acc38ce102bffd85b7d788472a0913fa53d9b1fe59056f1fe4e704a8231cb?s=96&d=mm&r=g","caption":"gruene_reilingen"},"sameAs":["http:\/\/www.gruene-reilingen.de"],"url":"https:\/\/gruene-reilingen.de\/?author=2"}]}},"_links":{"self":[{"href":"https:\/\/gruene-reilingen.de\/index.php?rest_route=\/wp\/v2\/posts\/2527","targetHints":{"allow":["GET"]}}],"collection":[{"href":"https:\/\/gruene-reilingen.de\/index.php?rest_route=\/wp\/v2\/posts"}],"about":[{"href":"https:\/\/gruene-reilingen.de\/index.php?rest_route=\/wp\/v2\/types\/post"}],"author":[{"embeddable":true,"href":"https:\/\/gruene-reilingen.de\/index.php?rest_route=\/wp\/v2\/users\/2"}],"replies":[{"embeddable":true,"href":"https:\/\/gruene-reilingen.de\/index.php?rest_route=%2Fwp%2Fv2%2Fcomments&post=2527"}],"version-history":[{"count":2,"href":"https:\/\/gruene-reilingen.de\/index.php?rest_route=\/wp\/v2\/posts\/2527\/revisions"}],"predecessor-version":[{"id":2529,"href":"https:\/\/gruene-reilingen.de\/index.php?rest_route=\/wp\/v2\/posts\/2527\/revisions\/2529"}],"wp:attachment":[{"href":"https:\/\/gruene-reilingen.de\/index.php?rest_route=%2Fwp%2Fv2%2Fmedia&parent=2527"}],"wp:term":[{"taxonomy":"category","embeddable":true,"href":"https:\/\/gruene-reilingen.de\/index.php?rest_route=%2Fwp%2Fv2%2Fcategories&post=2527"},{"taxonomy":"post_tag","embeddable":true,"href":"https:\/\/gruene-reilingen.de\/index.php?rest_route=%2Fwp%2Fv2%2Ftags&post=2527"}],"curies":[{"name":"wp","href":"https:\/\/api.w.org\/{rel}","templated":true}]}}