{"id":2530,"date":"2023-10-29T22:23:16","date_gmt":"2023-10-29T22:23:16","guid":{"rendered":"https:\/\/gruene-reilingen.de\/?p=2530"},"modified":"2023-10-29T22:23:32","modified_gmt":"2023-10-29T22:23:32","slug":"jahresausflug-fuehrte-zu-den-murals-nach-mannheim","status":"publish","type":"post","link":"https:\/\/gruene-reilingen.de\/?p=2530","title":{"rendered":"Jahresausflug f\u00fchrte zu den Murals nach Mannheim"},"content":{"rendered":"\r\n\r\n\r\n\r\n\r\n\r\n\r\n\r\n \r\n\r\n\n<p>Der Jahresausflug des Ortsverbandes der Reilinger Gr\u00fcnen und dem Stadtradelteam Reilinger Gr\u00fcne &amp; Friends f\u00fchrte zu den Murals in der Mannheimer Innenstadt. Die Reilinger Stadtf\u00fchrerin und Kunsthistorikerin Agn\u00e8s Thualt-Pfahler erl\u00e4uterte am Ausgangspunkt Friedensengel den interessierten Teilnehmenden zun\u00e4chst die Entstehung und Entwicklung der Stadt Mannheim. Von der Gr\u00fcndung Mannheims \u00fcber die Industrialisierung bis zu den Zerst\u00f6rungen durch die verschiedenen Kriege. Nachdem im zweiten Weltkrieg viele H\u00e4user zerst\u00f6rt wurden, wurde m\u00f6glichst schnell und g\u00fcnstig neuer Wohnraum geschaffen.<\/p>\n\n\n\n<p>Da diese Geb\u00e4ude in den Quadraten nicht sehr sch\u00f6n aussahen, entschloss sich die Stadt Mannheim vor ein paar Jahren, internationalen K\u00fcnstlerinnen und K\u00fcnstlern zu erlauben, einige gro\u00dfe Wandfl\u00e4chen von Geb\u00e4uden der Mannheimer Wohnbaugesellschaft mit Murals zu versch\u00f6nern. Mittlerweile gibt es \u00fcber 40 dieser kunstvollen, riesigen Wandmalereien, die auf H\u00e4userw\u00e4nde gesprayt wurden. Diese sind der Hingucker in der Innenstadt.\u00a0Agn\u00e8s Thualt-Pfahler f\u00fchrte durch die Mannheimer Quadrate, zeigte einige Murals und erkl\u00e4rte die Entstehung und Hintergr\u00fcnde der unterschiedlichen Murals.<\/p>\n\n\n\n<p>Beim abschlie\u00dfenden Essen wurde noch viel \u00fcber die beeindruckenden Murals gesprochen.<\/p>\n\n\n\n<figure class=\"wp-block-image size-large\"><a href=\"https:\/\/gruene-reilingen.de\/wp-content\/uploads\/2023\/10\/WhatsApp-Image-2023-10-28-at-14.51.41.jpeg\"><img loading=\"lazy\" decoding=\"async\" width=\"375\" height=\"500\" src=\"https:\/\/gruene-reilingen.de\/wp-content\/uploads\/2023\/10\/WhatsApp-Image-2023-10-28-at-14.51.41-375x500.jpeg\" alt=\"\" class=\"wp-image-2531\" srcset=\"https:\/\/gruene-reilingen.de\/wp-content\/uploads\/2023\/10\/WhatsApp-Image-2023-10-28-at-14.51.41-375x500.jpeg 375w, https:\/\/gruene-reilingen.de\/wp-content\/uploads\/2023\/10\/WhatsApp-Image-2023-10-28-at-14.51.41-278x370.jpeg 278w, https:\/\/gruene-reilingen.de\/wp-content\/uploads\/2023\/10\/WhatsApp-Image-2023-10-28-at-14.51.41-768x1024.jpeg 768w, https:\/\/gruene-reilingen.de\/wp-content\/uploads\/2023\/10\/WhatsApp-Image-2023-10-28-at-14.51.41-1152x1536.jpeg 1152w, https:\/\/gruene-reilingen.de\/wp-content\/uploads\/2023\/10\/WhatsApp-Image-2023-10-28-at-14.51.41.jpeg 1536w\" sizes=\"auto, (max-width: 375px) 100vw, 375px\" \/><\/a><\/figure>\n","protected":false},"excerpt":{"rendered":"<p>Der Jahresausflug des Ortsverbandes der Reilinger Gr\u00fcnen und dem Stadtradelteam Reilinger Gr\u00fcne &amp; Friends f\u00fchrte zu den Murals in der Mannheimer Innenstadt. Die Reilinger Stadtf\u00fchrerin und Kunsthistorikerin Agn\u00e8s Thualt-Pfahler erl\u00e4uterte [&hellip;]<\/p>\n","protected":false},"author":-1,"featured_media":0,"comment_status":"open","ping_status":"open","sticky":false,"template":"","format":"standard","meta":{"footnotes":""},"categories":[3],"tags":[],"class_list":["post-2530","post","type-post","status-publish","format-standard","hentry","category-news"],"yoast_head":"<!-- This site is optimized with the Yoast SEO plugin v27.5 - https:\/\/yoast.com\/product\/yoast-seo-wordpress\/ -->\n<title>Jahresausflug f\u00fchrte zu den Murals nach Mannheim - B\u00dcNDNIS 90\/DIE GR\u00dcNEN REILINGEN<\/title>\n<meta name=\"robots\" content=\"index, follow, max-snippet:-1, max-image-preview:large, max-video-preview:-1\" \/>\n<link rel=\"canonical\" href=\"https:\/\/gruene-reilingen.de\/?p=2530\" \/>\n<meta property=\"og:locale\" content=\"de_DE\" \/>\n<meta property=\"og:type\" content=\"article\" \/>\n<meta property=\"og:title\" content=\"Jahresausflug f\u00fchrte zu den Murals nach Mannheim - B\u00dcNDNIS 90\/DIE GR\u00dcNEN REILINGEN\" \/>\n<meta property=\"og:description\" content=\"Der Jahresausflug des Ortsverbandes der Reilinger Gr\u00fcnen und dem Stadtradelteam Reilinger Gr\u00fcne &amp; Friends f\u00fchrte zu den Murals in der Mannheimer Innenstadt. Die Reilinger Stadtf\u00fchrerin und Kunsthistorikerin Agn\u00e8s Thualt-Pfahler erl\u00e4uterte [&hellip;]\" \/>\n<meta property=\"og:url\" content=\"https:\/\/gruene-reilingen.de\/?p=2530\" \/>\n<meta property=\"og:site_name\" content=\"B\u00dcNDNIS 90\/DIE GR\u00dcNEN REILINGEN\" \/>\n<meta property=\"article:published_time\" content=\"2023-10-29T22:23:16+00:00\" \/>\n<meta property=\"article:modified_time\" content=\"2023-10-29T22:23:32+00:00\" \/>\n<meta property=\"og:image\" content=\"https:\/\/gruene-reilingen.de\/wp-content\/uploads\/2023\/10\/WhatsApp-Image-2023-10-28-at-14.51.41-375x500.jpeg\" \/>\n<meta name=\"author\" content=\"gruene_reilingen\" \/>\n<meta name=\"twitter:card\" content=\"summary_large_image\" \/>\n<meta name=\"twitter:label1\" content=\"Verfasst von\" \/>\n\t<meta name=\"twitter:data1\" content=\"gruene_reilingen\" \/>\n\t<meta name=\"twitter:label2\" content=\"Gesch\u00e4tzte Lesezeit\" \/>\n\t<meta name=\"twitter:data2\" content=\"2\u00a0Minuten\" \/>\n<script type=\"application\/ld+json\" class=\"yoast-schema-graph\">{\"@context\":\"https:\\\/\\\/schema.org\",\"@graph\":[{\"@type\":\"Article\",\"@id\":\"https:\\\/\\\/gruene-reilingen.de\\\/?p=2530#article\",\"isPartOf\":{\"@id\":\"https:\\\/\\\/gruene-reilingen.de\\\/?p=2530\"},\"author\":{\"name\":\"gruene_reilingen\",\"@id\":\"https:\\\/\\\/gruene-reilingen.de\\\/#\\\/schema\\\/person\\\/f9da928f04550d0db757afd781f08df8\"},\"headline\":\"Jahresausflug f\u00fchrte zu den Murals nach Mannheim\",\"datePublished\":\"2023-10-29T22:23:16+00:00\",\"dateModified\":\"2023-10-29T22:23:32+00:00\",\"mainEntityOfPage\":{\"@id\":\"https:\\\/\\\/gruene-reilingen.de\\\/?p=2530\"},\"wordCount\":198,\"commentCount\":0,\"image\":{\"@id\":\"https:\\\/\\\/gruene-reilingen.de\\\/?p=2530#primaryimage\"},\"thumbnailUrl\":\"https:\\\/\\\/gruene-reilingen.de\\\/wp-content\\\/uploads\\\/2023\\\/10\\\/WhatsApp-Image-2023-10-28-at-14.51.41-375x500.jpeg\",\"articleSection\":[\"News\"],\"inLanguage\":\"de\",\"potentialAction\":[{\"@type\":\"CommentAction\",\"name\":\"Comment\",\"target\":[\"https:\\\/\\\/gruene-reilingen.de\\\/?p=2530#respond\"]}]},{\"@type\":\"WebPage\",\"@id\":\"https:\\\/\\\/gruene-reilingen.de\\\/?p=2530\",\"url\":\"https:\\\/\\\/gruene-reilingen.de\\\/?p=2530\",\"name\":\"Jahresausflug f\u00fchrte zu den Murals nach Mannheim - B\u00dcNDNIS 90\\\/DIE GR\u00dcNEN REILINGEN\",\"isPartOf\":{\"@id\":\"https:\\\/\\\/gruene-reilingen.de\\\/#website\"},\"primaryImageOfPage\":{\"@id\":\"https:\\\/\\\/gruene-reilingen.de\\\/?p=2530#primaryimage\"},\"image\":{\"@id\":\"https:\\\/\\\/gruene-reilingen.de\\\/?p=2530#primaryimage\"},\"thumbnailUrl\":\"https:\\\/\\\/gruene-reilingen.de\\\/wp-content\\\/uploads\\\/2023\\\/10\\\/WhatsApp-Image-2023-10-28-at-14.51.41-375x500.jpeg\",\"datePublished\":\"2023-10-29T22:23:16+00:00\",\"dateModified\":\"2023-10-29T22:23:32+00:00\",\"author\":{\"@id\":\"https:\\\/\\\/gruene-reilingen.de\\\/#\\\/schema\\\/person\\\/f9da928f04550d0db757afd781f08df8\"},\"breadcrumb\":{\"@id\":\"https:\\\/\\\/gruene-reilingen.de\\\/?p=2530#breadcrumb\"},\"inLanguage\":\"de\",\"potentialAction\":[{\"@type\":\"ReadAction\",\"target\":[\"https:\\\/\\\/gruene-reilingen.de\\\/?p=2530\"]}]},{\"@type\":\"ImageObject\",\"inLanguage\":\"de\",\"@id\":\"https:\\\/\\\/gruene-reilingen.de\\\/?p=2530#primaryimage\",\"url\":\"https:\\\/\\\/gruene-reilingen.de\\\/wp-content\\\/uploads\\\/2023\\\/10\\\/WhatsApp-Image-2023-10-28-at-14.51.41-375x500.jpeg\",\"contentUrl\":\"https:\\\/\\\/gruene-reilingen.de\\\/wp-content\\\/uploads\\\/2023\\\/10\\\/WhatsApp-Image-2023-10-28-at-14.51.41-375x500.jpeg\"},{\"@type\":\"BreadcrumbList\",\"@id\":\"https:\\\/\\\/gruene-reilingen.de\\\/?p=2530#breadcrumb\",\"itemListElement\":[{\"@type\":\"ListItem\",\"position\":1,\"name\":\"Startseite\",\"item\":\"https:\\\/\\\/gruene-reilingen.de\\\/\"},{\"@type\":\"ListItem\",\"position\":2,\"name\":\"Jahresausflug f\u00fchrte zu den Murals nach Mannheim\"}]},{\"@type\":\"WebSite\",\"@id\":\"https:\\\/\\\/gruene-reilingen.de\\\/#website\",\"url\":\"https:\\\/\\\/gruene-reilingen.de\\\/\",\"name\":\"B\u00dcNDNIS 90\\\/DIE GR\u00dcNEN REILINGEN\",\"description\":\"\",\"potentialAction\":[{\"@type\":\"SearchAction\",\"target\":{\"@type\":\"EntryPoint\",\"urlTemplate\":\"https:\\\/\\\/gruene-reilingen.de\\\/?s={search_term_string}\"},\"query-input\":{\"@type\":\"PropertyValueSpecification\",\"valueRequired\":true,\"valueName\":\"search_term_string\"}}],\"inLanguage\":\"de\"},{\"@type\":\"Person\",\"@id\":\"https:\\\/\\\/gruene-reilingen.de\\\/#\\\/schema\\\/person\\\/f9da928f04550d0db757afd781f08df8\",\"name\":\"gruene_reilingen\",\"image\":{\"@type\":\"ImageObject\",\"inLanguage\":\"de\",\"@id\":\"https:\\\/\\\/secure.gravatar.com\\\/avatar\\\/913acc38ce102bffd85b7d788472a0913fa53d9b1fe59056f1fe4e704a8231cb?s=96&d=mm&r=g\",\"url\":\"https:\\\/\\\/secure.gravatar.com\\\/avatar\\\/913acc38ce102bffd85b7d788472a0913fa53d9b1fe59056f1fe4e704a8231cb?s=96&d=mm&r=g\",\"contentUrl\":\"https:\\\/\\\/secure.gravatar.com\\\/avatar\\\/913acc38ce102bffd85b7d788472a0913fa53d9b1fe59056f1fe4e704a8231cb?s=96&d=mm&r=g\",\"caption\":\"gruene_reilingen\"},\"sameAs\":[\"http:\\\/\\\/www.gruene-reilingen.de\"],\"url\":\"https:\\\/\\\/gruene-reilingen.de\\\/?author=2\"}]}<\/script>\n<!-- \/ Yoast SEO plugin. -->","yoast_head_json":{"title":"Jahresausflug f\u00fchrte zu den Murals nach Mannheim - B\u00dcNDNIS 90\/DIE GR\u00dcNEN REILINGEN","robots":{"index":"index","follow":"follow","max-snippet":"max-snippet:-1","max-image-preview":"max-image-preview:large","max-video-preview":"max-video-preview:-1"},"canonical":"https:\/\/gruene-reilingen.de\/?p=2530","og_locale":"de_DE","og_type":"article","og_title":"Jahresausflug f\u00fchrte zu den Murals nach Mannheim - B\u00dcNDNIS 90\/DIE GR\u00dcNEN REILINGEN","og_description":"Der Jahresausflug des Ortsverbandes der Reilinger Gr\u00fcnen und dem Stadtradelteam Reilinger Gr\u00fcne &amp; Friends f\u00fchrte zu den Murals in der Mannheimer Innenstadt. Die Reilinger Stadtf\u00fchrerin und Kunsthistorikerin Agn\u00e8s Thualt-Pfahler erl\u00e4uterte [&hellip;]","og_url":"https:\/\/gruene-reilingen.de\/?p=2530","og_site_name":"B\u00dcNDNIS 90\/DIE GR\u00dcNEN REILINGEN","article_published_time":"2023-10-29T22:23:16+00:00","article_modified_time":"2023-10-29T22:23:32+00:00","og_image":[{"url":"https:\/\/gruene-reilingen.de\/wp-content\/uploads\/2023\/10\/WhatsApp-Image-2023-10-28-at-14.51.41-375x500.jpeg","type":"","width":"","height":""}],"author":"gruene_reilingen","twitter_card":"summary_large_image","twitter_misc":{"Verfasst von":"gruene_reilingen","Gesch\u00e4tzte Lesezeit":"2\u00a0Minuten"},"schema":{"@context":"https:\/\/schema.org","@graph":[{"@type":"Article","@id":"https:\/\/gruene-reilingen.de\/?p=2530#article","isPartOf":{"@id":"https:\/\/gruene-reilingen.de\/?p=2530"},"author":{"name":"gruene_reilingen","@id":"https:\/\/gruene-reilingen.de\/#\/schema\/person\/f9da928f04550d0db757afd781f08df8"},"headline":"Jahresausflug f\u00fchrte zu den Murals nach Mannheim","datePublished":"2023-10-29T22:23:16+00:00","dateModified":"2023-10-29T22:23:32+00:00","mainEntityOfPage":{"@id":"https:\/\/gruene-reilingen.de\/?p=2530"},"wordCount":198,"commentCount":0,"image":{"@id":"https:\/\/gruene-reilingen.de\/?p=2530#primaryimage"},"thumbnailUrl":"https:\/\/gruene-reilingen.de\/wp-content\/uploads\/2023\/10\/WhatsApp-Image-2023-10-28-at-14.51.41-375x500.jpeg","articleSection":["News"],"inLanguage":"de","potentialAction":[{"@type":"CommentAction","name":"Comment","target":["https:\/\/gruene-reilingen.de\/?p=2530#respond"]}]},{"@type":"WebPage","@id":"https:\/\/gruene-reilingen.de\/?p=2530","url":"https:\/\/gruene-reilingen.de\/?p=2530","name":"Jahresausflug f\u00fchrte zu den Murals nach Mannheim - B\u00dcNDNIS 90\/DIE GR\u00dcNEN REILINGEN","isPartOf":{"@id":"https:\/\/gruene-reilingen.de\/#website"},"primaryImageOfPage":{"@id":"https:\/\/gruene-reilingen.de\/?p=2530#primaryimage"},"image":{"@id":"https:\/\/gruene-reilingen.de\/?p=2530#primaryimage"},"thumbnailUrl":"https:\/\/gruene-reilingen.de\/wp-content\/uploads\/2023\/10\/WhatsApp-Image-2023-10-28-at-14.51.41-375x500.jpeg","datePublished":"2023-10-29T22:23:16+00:00","dateModified":"2023-10-29T22:23:32+00:00","author":{"@id":"https:\/\/gruene-reilingen.de\/#\/schema\/person\/f9da928f04550d0db757afd781f08df8"},"breadcrumb":{"@id":"https:\/\/gruene-reilingen.de\/?p=2530#breadcrumb"},"inLanguage":"de","potentialAction":[{"@type":"ReadAction","target":["https:\/\/gruene-reilingen.de\/?p=2530"]}]},{"@type":"ImageObject","inLanguage":"de","@id":"https:\/\/gruene-reilingen.de\/?p=2530#primaryimage","url":"https:\/\/gruene-reilingen.de\/wp-content\/uploads\/2023\/10\/WhatsApp-Image-2023-10-28-at-14.51.41-375x500.jpeg","contentUrl":"https:\/\/gruene-reilingen.de\/wp-content\/uploads\/2023\/10\/WhatsApp-Image-2023-10-28-at-14.51.41-375x500.jpeg"},{"@type":"BreadcrumbList","@id":"https:\/\/gruene-reilingen.de\/?p=2530#breadcrumb","itemListElement":[{"@type":"ListItem","position":1,"name":"Startseite","item":"https:\/\/gruene-reilingen.de\/"},{"@type":"ListItem","position":2,"name":"Jahresausflug f\u00fchrte zu den Murals nach Mannheim"}]},{"@type":"WebSite","@id":"https:\/\/gruene-reilingen.de\/#website","url":"https:\/\/gruene-reilingen.de\/","name":"B\u00dcNDNIS 90\/DIE GR\u00dcNEN REILINGEN","description":"","potentialAction":[{"@type":"SearchAction","target":{"@type":"EntryPoint","urlTemplate":"https:\/\/gruene-reilingen.de\/?s={search_term_string}"},"query-input":{"@type":"PropertyValueSpecification","valueRequired":true,"valueName":"search_term_string"}}],"inLanguage":"de"},{"@type":"Person","@id":"https:\/\/gruene-reilingen.de\/#\/schema\/person\/f9da928f04550d0db757afd781f08df8","name":"gruene_reilingen","image":{"@type":"ImageObject","inLanguage":"de","@id":"https:\/\/secure.gravatar.com\/avatar\/913acc38ce102bffd85b7d788472a0913fa53d9b1fe59056f1fe4e704a8231cb?s=96&d=mm&r=g","url":"https:\/\/secure.gravatar.com\/avatar\/913acc38ce102bffd85b7d788472a0913fa53d9b1fe59056f1fe4e704a8231cb?s=96&d=mm&r=g","contentUrl":"https:\/\/secure.gravatar.com\/avatar\/913acc38ce102bffd85b7d788472a0913fa53d9b1fe59056f1fe4e704a8231cb?s=96&d=mm&r=g","caption":"gruene_reilingen"},"sameAs":["http:\/\/www.gruene-reilingen.de"],"url":"https:\/\/gruene-reilingen.de\/?author=2"}]}},"_links":{"self":[{"href":"https:\/\/gruene-reilingen.de\/index.php?rest_route=\/wp\/v2\/posts\/2530","targetHints":{"allow":["GET"]}}],"collection":[{"href":"https:\/\/gruene-reilingen.de\/index.php?rest_route=\/wp\/v2\/posts"}],"about":[{"href":"https:\/\/gruene-reilingen.de\/index.php?rest_route=\/wp\/v2\/types\/post"}],"author":[{"embeddable":true,"href":"https:\/\/gruene-reilingen.de\/index.php?rest_route=\/wp\/v2\/users\/2"}],"replies":[{"embeddable":true,"href":"https:\/\/gruene-reilingen.de\/index.php?rest_route=%2Fwp%2Fv2%2Fcomments&post=2530"}],"version-history":[{"count":1,"href":"https:\/\/gruene-reilingen.de\/index.php?rest_route=\/wp\/v2\/posts\/2530\/revisions"}],"predecessor-version":[{"id":2532,"href":"https:\/\/gruene-reilingen.de\/index.php?rest_route=\/wp\/v2\/posts\/2530\/revisions\/2532"}],"wp:attachment":[{"href":"https:\/\/gruene-reilingen.de\/index.php?rest_route=%2Fwp%2Fv2%2Fmedia&parent=2530"}],"wp:term":[{"taxonomy":"category","embeddable":true,"href":"https:\/\/gruene-reilingen.de\/index.php?rest_route=%2Fwp%2Fv2%2Fcategories&post=2530"},{"taxonomy":"post_tag","embeddable":true,"href":"https:\/\/gruene-reilingen.de\/index.php?rest_route=%2Fwp%2Fv2%2Ftags&post=2530"}],"curies":[{"name":"wp","href":"https:\/\/api.w.org\/{rel}","templated":true}]}}