{"id":2540,"date":"2023-11-11T10:08:46","date_gmt":"2023-11-11T10:08:46","guid":{"rendered":"https:\/\/gruene-reilingen.de\/?p=2540"},"modified":"2023-11-11T10:09:15","modified_gmt":"2023-11-11T10:09:15","slug":"politik-und-punsch-spannende-einblicke-in-di-landespolitik-und-weihnachtliche-stimmung","status":"publish","type":"post","link":"https:\/\/gruene-reilingen.de\/?p=2540","title":{"rendered":"Politik und Punsch &#8211; Spannende Einblicke in die Landespolitik und weihnachtliche Stimmung"},"content":{"rendered":"\r\n\r\n\r\n\r\n\r\n\r\n\r\n\r\n \r\n\r\n\n<p><strong><em>Dr. Andre Baumann l\u00e4dt zu einer Fahrt in den baden-w\u00fcrttembergischen Landtag ein \u2013 Auch gemeinsamer Besuch des Stuttgarter Weihnachtsmarktes geplant<\/em><\/strong><\/p>\n\n\n\n<p>Spannende Einblicke in den Politikbetrieb und viel weihnachtliche Stimmung: Der direktgew\u00e4hlte Landtagsabgeordnete Dr. Andre Baumann l\u00e4dt zu einer Fahrt in den Landtag von Baden-W\u00fcrttemberg nach Stuttgart ein. Am Mittwoch, 20. Dezember, haben B\u00fcrgerinnen und B\u00fcrger aus dem Wahlkreis Schwetzingen die M\u00f6glichkeit, sich vor Ort \u00fcber Baumanns Arbeitsplatz in der Herzkammer der baden-w\u00fcrttembergischen Demokratie zu informieren. Neben einer Einf\u00fchrung zu den Aufgaben und Arbeitsweisen des Landtags steht auch der Besuch einer Sitzung des Plenums, der Vollversammlung aller Landtagsabgeordneten, auf dem Programm. Bei dem anschlie\u00dfenden Besuch auf dem Stuttgarter Weihnachtsmarkt haben die Teilnehmenden viel Zeit, sich pers\u00f6nlich mit Baumann bei Gl\u00fchwein, Punsch und Bratwurst \u00fcber aktuelle politische Themen im Land oder vor Ort im Wahlkreis auszutauschen.<\/p>\n\n\n\n<p>Die Teilnahme ist kostenlos. Da die Pl\u00e4tze begrenzt sind, ist eine Anmeldung notwendig. Entweder per E-Mail an andre.baumann@gruene.landtag-bw.de oder telefonisch unter der Nummer 06202 4094 785.<\/p>\n\n\n\n<p>Der Bus f\u00e4hrt um 12.30 Uhr am Parkplatz Alter Messplatz in Schwetzingen ab. Ein Zustieg am Bahnhof in Hockenheim ist gegen 12:45 Uhr m\u00f6glich. Die R\u00fcckfahrt von Stuttgart nach Hockenheim und Schwetzingen ist f\u00fcr circa 18.30 Uhr geplant.<\/p>\n","protected":false},"excerpt":{"rendered":"<p>Dr. Andre Baumann l\u00e4dt zu einer Fahrt in den baden-w\u00fcrttembergischen Landtag ein \u2013 Auch gemeinsamer Besuch des Stuttgarter Weihnachtsmarktes geplant Spannende Einblicke in den Politikbetrieb und viel weihnachtliche Stimmung: Der [&hellip;]<\/p>\n","protected":false},"author":-1,"featured_media":0,"comment_status":"open","ping_status":"open","sticky":false,"template":"","format":"standard","meta":{"footnotes":""},"categories":[3],"tags":[],"class_list":["post-2540","post","type-post","status-publish","format-standard","hentry","category-news"],"yoast_head":"<!-- This site is optimized with the Yoast SEO plugin v27.5 - https:\/\/yoast.com\/product\/yoast-seo-wordpress\/ -->\n<title>Politik und Punsch - Spannende Einblicke in die Landespolitik und weihnachtliche Stimmung - B\u00dcNDNIS 90\/DIE GR\u00dcNEN REILINGEN<\/title>\n<meta name=\"robots\" content=\"index, follow, max-snippet:-1, max-image-preview:large, max-video-preview:-1\" \/>\n<link rel=\"canonical\" href=\"https:\/\/gruene-reilingen.de\/?p=2540\" \/>\n<meta property=\"og:locale\" content=\"de_DE\" \/>\n<meta property=\"og:type\" content=\"article\" \/>\n<meta property=\"og:title\" content=\"Politik und Punsch - Spannende Einblicke in die Landespolitik und weihnachtliche Stimmung - B\u00dcNDNIS 90\/DIE GR\u00dcNEN REILINGEN\" \/>\n<meta property=\"og:description\" content=\"Dr. Andre Baumann l\u00e4dt zu einer Fahrt in den baden-w\u00fcrttembergischen Landtag ein \u2013 Auch gemeinsamer Besuch des Stuttgarter Weihnachtsmarktes geplant Spannende Einblicke in den Politikbetrieb und viel weihnachtliche Stimmung: Der [&hellip;]\" \/>\n<meta property=\"og:url\" content=\"https:\/\/gruene-reilingen.de\/?p=2540\" \/>\n<meta property=\"og:site_name\" content=\"B\u00dcNDNIS 90\/DIE GR\u00dcNEN REILINGEN\" \/>\n<meta property=\"article:published_time\" content=\"2023-11-11T10:08:46+00:00\" \/>\n<meta property=\"article:modified_time\" content=\"2023-11-11T10:09:15+00:00\" \/>\n<meta name=\"author\" content=\"gruene_reilingen\" \/>\n<meta name=\"twitter:card\" content=\"summary_large_image\" \/>\n<meta name=\"twitter:label1\" content=\"Verfasst von\" \/>\n\t<meta name=\"twitter:data1\" content=\"gruene_reilingen\" \/>\n\t<meta name=\"twitter:label2\" content=\"Gesch\u00e4tzte Lesezeit\" \/>\n\t<meta name=\"twitter:data2\" content=\"2\u00a0Minuten\" \/>\n<script type=\"application\/ld+json\" class=\"yoast-schema-graph\">{\"@context\":\"https:\\\/\\\/schema.org\",\"@graph\":[{\"@type\":\"Article\",\"@id\":\"https:\\\/\\\/gruene-reilingen.de\\\/?p=2540#article\",\"isPartOf\":{\"@id\":\"https:\\\/\\\/gruene-reilingen.de\\\/?p=2540\"},\"author\":{\"name\":\"gruene_reilingen\",\"@id\":\"https:\\\/\\\/gruene-reilingen.de\\\/#\\\/schema\\\/person\\\/f9da928f04550d0db757afd781f08df8\"},\"headline\":\"Politik und Punsch &#8211; Spannende Einblicke in die Landespolitik und weihnachtliche Stimmung\",\"datePublished\":\"2023-11-11T10:08:46+00:00\",\"dateModified\":\"2023-11-11T10:09:15+00:00\",\"mainEntityOfPage\":{\"@id\":\"https:\\\/\\\/gruene-reilingen.de\\\/?p=2540\"},\"wordCount\":224,\"commentCount\":0,\"articleSection\":[\"News\"],\"inLanguage\":\"de\",\"potentialAction\":[{\"@type\":\"CommentAction\",\"name\":\"Comment\",\"target\":[\"https:\\\/\\\/gruene-reilingen.de\\\/?p=2540#respond\"]}]},{\"@type\":\"WebPage\",\"@id\":\"https:\\\/\\\/gruene-reilingen.de\\\/?p=2540\",\"url\":\"https:\\\/\\\/gruene-reilingen.de\\\/?p=2540\",\"name\":\"Politik und Punsch - Spannende Einblicke in die Landespolitik und weihnachtliche Stimmung - B\u00dcNDNIS 90\\\/DIE GR\u00dcNEN REILINGEN\",\"isPartOf\":{\"@id\":\"https:\\\/\\\/gruene-reilingen.de\\\/#website\"},\"datePublished\":\"2023-11-11T10:08:46+00:00\",\"dateModified\":\"2023-11-11T10:09:15+00:00\",\"author\":{\"@id\":\"https:\\\/\\\/gruene-reilingen.de\\\/#\\\/schema\\\/person\\\/f9da928f04550d0db757afd781f08df8\"},\"breadcrumb\":{\"@id\":\"https:\\\/\\\/gruene-reilingen.de\\\/?p=2540#breadcrumb\"},\"inLanguage\":\"de\",\"potentialAction\":[{\"@type\":\"ReadAction\",\"target\":[\"https:\\\/\\\/gruene-reilingen.de\\\/?p=2540\"]}]},{\"@type\":\"BreadcrumbList\",\"@id\":\"https:\\\/\\\/gruene-reilingen.de\\\/?p=2540#breadcrumb\",\"itemListElement\":[{\"@type\":\"ListItem\",\"position\":1,\"name\":\"Startseite\",\"item\":\"https:\\\/\\\/gruene-reilingen.de\\\/\"},{\"@type\":\"ListItem\",\"position\":2,\"name\":\"Politik und Punsch &#8211; Spannende Einblicke in die Landespolitik und weihnachtliche Stimmung\"}]},{\"@type\":\"WebSite\",\"@id\":\"https:\\\/\\\/gruene-reilingen.de\\\/#website\",\"url\":\"https:\\\/\\\/gruene-reilingen.de\\\/\",\"name\":\"B\u00dcNDNIS 90\\\/DIE GR\u00dcNEN REILINGEN\",\"description\":\"\",\"potentialAction\":[{\"@type\":\"SearchAction\",\"target\":{\"@type\":\"EntryPoint\",\"urlTemplate\":\"https:\\\/\\\/gruene-reilingen.de\\\/?s={search_term_string}\"},\"query-input\":{\"@type\":\"PropertyValueSpecification\",\"valueRequired\":true,\"valueName\":\"search_term_string\"}}],\"inLanguage\":\"de\"},{\"@type\":\"Person\",\"@id\":\"https:\\\/\\\/gruene-reilingen.de\\\/#\\\/schema\\\/person\\\/f9da928f04550d0db757afd781f08df8\",\"name\":\"gruene_reilingen\",\"image\":{\"@type\":\"ImageObject\",\"inLanguage\":\"de\",\"@id\":\"https:\\\/\\\/secure.gravatar.com\\\/avatar\\\/913acc38ce102bffd85b7d788472a0913fa53d9b1fe59056f1fe4e704a8231cb?s=96&d=mm&r=g\",\"url\":\"https:\\\/\\\/secure.gravatar.com\\\/avatar\\\/913acc38ce102bffd85b7d788472a0913fa53d9b1fe59056f1fe4e704a8231cb?s=96&d=mm&r=g\",\"contentUrl\":\"https:\\\/\\\/secure.gravatar.com\\\/avatar\\\/913acc38ce102bffd85b7d788472a0913fa53d9b1fe59056f1fe4e704a8231cb?s=96&d=mm&r=g\",\"caption\":\"gruene_reilingen\"},\"sameAs\":[\"http:\\\/\\\/www.gruene-reilingen.de\"],\"url\":\"https:\\\/\\\/gruene-reilingen.de\\\/?author=2\"}]}<\/script>\n<!-- \/ Yoast SEO plugin. -->","yoast_head_json":{"title":"Politik und Punsch - Spannende Einblicke in die Landespolitik und weihnachtliche Stimmung - B\u00dcNDNIS 90\/DIE GR\u00dcNEN REILINGEN","robots":{"index":"index","follow":"follow","max-snippet":"max-snippet:-1","max-image-preview":"max-image-preview:large","max-video-preview":"max-video-preview:-1"},"canonical":"https:\/\/gruene-reilingen.de\/?p=2540","og_locale":"de_DE","og_type":"article","og_title":"Politik und Punsch - Spannende Einblicke in die Landespolitik und weihnachtliche Stimmung - B\u00dcNDNIS 90\/DIE GR\u00dcNEN REILINGEN","og_description":"Dr. Andre Baumann l\u00e4dt zu einer Fahrt in den baden-w\u00fcrttembergischen Landtag ein \u2013 Auch gemeinsamer Besuch des Stuttgarter Weihnachtsmarktes geplant Spannende Einblicke in den Politikbetrieb und viel weihnachtliche Stimmung: Der [&hellip;]","og_url":"https:\/\/gruene-reilingen.de\/?p=2540","og_site_name":"B\u00dcNDNIS 90\/DIE GR\u00dcNEN REILINGEN","article_published_time":"2023-11-11T10:08:46+00:00","article_modified_time":"2023-11-11T10:09:15+00:00","author":"gruene_reilingen","twitter_card":"summary_large_image","twitter_misc":{"Verfasst von":"gruene_reilingen","Gesch\u00e4tzte Lesezeit":"2\u00a0Minuten"},"schema":{"@context":"https:\/\/schema.org","@graph":[{"@type":"Article","@id":"https:\/\/gruene-reilingen.de\/?p=2540#article","isPartOf":{"@id":"https:\/\/gruene-reilingen.de\/?p=2540"},"author":{"name":"gruene_reilingen","@id":"https:\/\/gruene-reilingen.de\/#\/schema\/person\/f9da928f04550d0db757afd781f08df8"},"headline":"Politik und Punsch &#8211; Spannende Einblicke in die Landespolitik und weihnachtliche Stimmung","datePublished":"2023-11-11T10:08:46+00:00","dateModified":"2023-11-11T10:09:15+00:00","mainEntityOfPage":{"@id":"https:\/\/gruene-reilingen.de\/?p=2540"},"wordCount":224,"commentCount":0,"articleSection":["News"],"inLanguage":"de","potentialAction":[{"@type":"CommentAction","name":"Comment","target":["https:\/\/gruene-reilingen.de\/?p=2540#respond"]}]},{"@type":"WebPage","@id":"https:\/\/gruene-reilingen.de\/?p=2540","url":"https:\/\/gruene-reilingen.de\/?p=2540","name":"Politik und Punsch - Spannende Einblicke in die Landespolitik und weihnachtliche Stimmung - B\u00dcNDNIS 90\/DIE GR\u00dcNEN REILINGEN","isPartOf":{"@id":"https:\/\/gruene-reilingen.de\/#website"},"datePublished":"2023-11-11T10:08:46+00:00","dateModified":"2023-11-11T10:09:15+00:00","author":{"@id":"https:\/\/gruene-reilingen.de\/#\/schema\/person\/f9da928f04550d0db757afd781f08df8"},"breadcrumb":{"@id":"https:\/\/gruene-reilingen.de\/?p=2540#breadcrumb"},"inLanguage":"de","potentialAction":[{"@type":"ReadAction","target":["https:\/\/gruene-reilingen.de\/?p=2540"]}]},{"@type":"BreadcrumbList","@id":"https:\/\/gruene-reilingen.de\/?p=2540#breadcrumb","itemListElement":[{"@type":"ListItem","position":1,"name":"Startseite","item":"https:\/\/gruene-reilingen.de\/"},{"@type":"ListItem","position":2,"name":"Politik und Punsch &#8211; Spannende Einblicke in die Landespolitik und weihnachtliche Stimmung"}]},{"@type":"WebSite","@id":"https:\/\/gruene-reilingen.de\/#website","url":"https:\/\/gruene-reilingen.de\/","name":"B\u00dcNDNIS 90\/DIE GR\u00dcNEN REILINGEN","description":"","potentialAction":[{"@type":"SearchAction","target":{"@type":"EntryPoint","urlTemplate":"https:\/\/gruene-reilingen.de\/?s={search_term_string}"},"query-input":{"@type":"PropertyValueSpecification","valueRequired":true,"valueName":"search_term_string"}}],"inLanguage":"de"},{"@type":"Person","@id":"https:\/\/gruene-reilingen.de\/#\/schema\/person\/f9da928f04550d0db757afd781f08df8","name":"gruene_reilingen","image":{"@type":"ImageObject","inLanguage":"de","@id":"https:\/\/secure.gravatar.com\/avatar\/913acc38ce102bffd85b7d788472a0913fa53d9b1fe59056f1fe4e704a8231cb?s=96&d=mm&r=g","url":"https:\/\/secure.gravatar.com\/avatar\/913acc38ce102bffd85b7d788472a0913fa53d9b1fe59056f1fe4e704a8231cb?s=96&d=mm&r=g","contentUrl":"https:\/\/secure.gravatar.com\/avatar\/913acc38ce102bffd85b7d788472a0913fa53d9b1fe59056f1fe4e704a8231cb?s=96&d=mm&r=g","caption":"gruene_reilingen"},"sameAs":["http:\/\/www.gruene-reilingen.de"],"url":"https:\/\/gruene-reilingen.de\/?author=2"}]}},"_links":{"self":[{"href":"https:\/\/gruene-reilingen.de\/index.php?rest_route=\/wp\/v2\/posts\/2540","targetHints":{"allow":["GET"]}}],"collection":[{"href":"https:\/\/gruene-reilingen.de\/index.php?rest_route=\/wp\/v2\/posts"}],"about":[{"href":"https:\/\/gruene-reilingen.de\/index.php?rest_route=\/wp\/v2\/types\/post"}],"author":[{"embeddable":true,"href":"https:\/\/gruene-reilingen.de\/index.php?rest_route=\/wp\/v2\/users\/2"}],"replies":[{"embeddable":true,"href":"https:\/\/gruene-reilingen.de\/index.php?rest_route=%2Fwp%2Fv2%2Fcomments&post=2540"}],"version-history":[{"count":2,"href":"https:\/\/gruene-reilingen.de\/index.php?rest_route=\/wp\/v2\/posts\/2540\/revisions"}],"predecessor-version":[{"id":2542,"href":"https:\/\/gruene-reilingen.de\/index.php?rest_route=\/wp\/v2\/posts\/2540\/revisions\/2542"}],"wp:attachment":[{"href":"https:\/\/gruene-reilingen.de\/index.php?rest_route=%2Fwp%2Fv2%2Fmedia&parent=2540"}],"wp:term":[{"taxonomy":"category","embeddable":true,"href":"https:\/\/gruene-reilingen.de\/index.php?rest_route=%2Fwp%2Fv2%2Fcategories&post=2540"},{"taxonomy":"post_tag","embeddable":true,"href":"https:\/\/gruene-reilingen.de\/index.php?rest_route=%2Fwp%2Fv2%2Ftags&post=2540"}],"curies":[{"name":"wp","href":"https:\/\/api.w.org\/{rel}","templated":true}]}}