{"id":2547,"date":"2023-11-15T21:07:25","date_gmt":"2023-11-15T21:07:25","guid":{"rendered":"https:\/\/gruene-reilingen.de\/?p=2547"},"modified":"2023-11-15T21:07:26","modified_gmt":"2023-11-15T21:07:26","slug":"reilinger-gruesse-begruessen-bemuehen-um-sicherere-schulwege","status":"publish","type":"post","link":"https:\/\/gruene-reilingen.de\/?p=2547","title":{"rendered":"Reilinger Gr\u00fc\u00dfe begr\u00fc\u00dfen Bem\u00fchen um sicherere Schulwege"},"content":{"rendered":"\r\n\r\n\r\n\r\n\r\n\r\n\r\n\r\n \r\n\r\n\n<p>Die Reilinger Gr\u00fcnen begr\u00fc\u00dfen die Diskussion zu sicheren Schulwegen und loben die B\u00fcrgerbeteiligung. Gute, sachliche Ideen wurden von B\u00fcrgerinnen und B\u00fcrgern eingebracht. Die Gr\u00fcnen w\u00fcnschen sich, dass diese B\u00fcrgerbeteiligung auch weiterhin gelebt wird.<\/p>\n\n\n\n<p>Das nicht jede Idee umsetzbar ist, haben die Gr\u00fcnen in der Vergangenheit auch feststellen m\u00fcssen, als der Antrag zur Einrichtung von Zebrastreifen f\u00fcr Schulwege aufgrund der Stra\u00dfenverkehrsordnung abgelehnt wurde.&nbsp;<\/p>\n\n\n\n<p>Zugleich begr\u00fc\u00dfen die Gr\u00fcnen, dass das Ordnungsamt personell aufgestockt werden soll &#8211; eine Forderung der Gr\u00fcnen im letzten Gemeinderatswahlkampf.&nbsp;<\/p>\n\n\n\n<p>Bei ca. 8.000 PKW, die in Reilingen gemeldet sind, ist es dar\u00fcber hinaus auch notwendig, dass Alternativen f\u00fcr Autos, z.b. \u00fcber den Ausbau von Buslinien, mehr Carsharing-Angebote und Sanierung\/Ausbau Radwege unterst\u00fctzt werden. Zugleich sollte die Gemeinde an Initiativen zum Stadtradeln &#8211; Kampagne pro Rad gegen Elterntaxis teilnehmen und diese auch in Reilingen durchf\u00fchren.<\/p>\n","protected":false},"excerpt":{"rendered":"<p>Die Reilinger Gr\u00fcnen begr\u00fc\u00dfen die Diskussion zu sicheren Schulwegen und loben die B\u00fcrgerbeteiligung. Gute, sachliche Ideen wurden von B\u00fcrgerinnen und B\u00fcrgern eingebracht. Die Gr\u00fcnen w\u00fcnschen sich, dass diese B\u00fcrgerbeteiligung auch [&hellip;]<\/p>\n","protected":false},"author":-1,"featured_media":0,"comment_status":"open","ping_status":"open","sticky":false,"template":"","format":"standard","meta":{"footnotes":""},"categories":[3],"tags":[],"class_list":["post-2547","post","type-post","status-publish","format-standard","hentry","category-news"],"yoast_head":"<!-- This site is optimized with the Yoast SEO plugin v27.5 - https:\/\/yoast.com\/product\/yoast-seo-wordpress\/ -->\n<title>Reilinger Gr\u00fc\u00dfe begr\u00fc\u00dfen Bem\u00fchen um sicherere Schulwege - B\u00dcNDNIS 90\/DIE GR\u00dcNEN REILINGEN<\/title>\n<meta name=\"robots\" content=\"index, follow, max-snippet:-1, max-image-preview:large, max-video-preview:-1\" \/>\n<link rel=\"canonical\" href=\"https:\/\/gruene-reilingen.de\/?p=2547\" \/>\n<meta property=\"og:locale\" content=\"de_DE\" \/>\n<meta property=\"og:type\" content=\"article\" \/>\n<meta property=\"og:title\" content=\"Reilinger Gr\u00fc\u00dfe begr\u00fc\u00dfen Bem\u00fchen um sicherere Schulwege - B\u00dcNDNIS 90\/DIE GR\u00dcNEN REILINGEN\" \/>\n<meta property=\"og:description\" content=\"Die Reilinger Gr\u00fcnen begr\u00fc\u00dfen die Diskussion zu sicheren Schulwegen und loben die B\u00fcrgerbeteiligung. Gute, sachliche Ideen wurden von B\u00fcrgerinnen und B\u00fcrgern eingebracht. Die Gr\u00fcnen w\u00fcnschen sich, dass diese B\u00fcrgerbeteiligung auch [&hellip;]\" \/>\n<meta property=\"og:url\" content=\"https:\/\/gruene-reilingen.de\/?p=2547\" \/>\n<meta property=\"og:site_name\" content=\"B\u00dcNDNIS 90\/DIE GR\u00dcNEN REILINGEN\" \/>\n<meta property=\"article:published_time\" content=\"2023-11-15T21:07:25+00:00\" \/>\n<meta property=\"article:modified_time\" content=\"2023-11-15T21:07:26+00:00\" \/>\n<meta name=\"author\" content=\"gruene_reilingen\" \/>\n<meta name=\"twitter:card\" content=\"summary_large_image\" \/>\n<meta name=\"twitter:label1\" content=\"Verfasst von\" \/>\n\t<meta name=\"twitter:data1\" content=\"gruene_reilingen\" \/>\n\t<meta name=\"twitter:label2\" content=\"Gesch\u00e4tzte Lesezeit\" \/>\n\t<meta name=\"twitter:data2\" content=\"1\u00a0Minute\" \/>\n<script type=\"application\/ld+json\" class=\"yoast-schema-graph\">{\"@context\":\"https:\\\/\\\/schema.org\",\"@graph\":[{\"@type\":\"Article\",\"@id\":\"https:\\\/\\\/gruene-reilingen.de\\\/?p=2547#article\",\"isPartOf\":{\"@id\":\"https:\\\/\\\/gruene-reilingen.de\\\/?p=2547\"},\"author\":{\"name\":\"gruene_reilingen\",\"@id\":\"https:\\\/\\\/gruene-reilingen.de\\\/#\\\/schema\\\/person\\\/f9da928f04550d0db757afd781f08df8\"},\"headline\":\"Reilinger Gr\u00fc\u00dfe begr\u00fc\u00dfen Bem\u00fchen um sicherere Schulwege\",\"datePublished\":\"2023-11-15T21:07:25+00:00\",\"dateModified\":\"2023-11-15T21:07:26+00:00\",\"mainEntityOfPage\":{\"@id\":\"https:\\\/\\\/gruene-reilingen.de\\\/?p=2547\"},\"wordCount\":166,\"commentCount\":0,\"articleSection\":[\"News\"],\"inLanguage\":\"de\",\"potentialAction\":[{\"@type\":\"CommentAction\",\"name\":\"Comment\",\"target\":[\"https:\\\/\\\/gruene-reilingen.de\\\/?p=2547#respond\"]}]},{\"@type\":\"WebPage\",\"@id\":\"https:\\\/\\\/gruene-reilingen.de\\\/?p=2547\",\"url\":\"https:\\\/\\\/gruene-reilingen.de\\\/?p=2547\",\"name\":\"Reilinger Gr\u00fc\u00dfe begr\u00fc\u00dfen Bem\u00fchen um sicherere Schulwege - B\u00dcNDNIS 90\\\/DIE GR\u00dcNEN REILINGEN\",\"isPartOf\":{\"@id\":\"https:\\\/\\\/gruene-reilingen.de\\\/#website\"},\"datePublished\":\"2023-11-15T21:07:25+00:00\",\"dateModified\":\"2023-11-15T21:07:26+00:00\",\"author\":{\"@id\":\"https:\\\/\\\/gruene-reilingen.de\\\/#\\\/schema\\\/person\\\/f9da928f04550d0db757afd781f08df8\"},\"breadcrumb\":{\"@id\":\"https:\\\/\\\/gruene-reilingen.de\\\/?p=2547#breadcrumb\"},\"inLanguage\":\"de\",\"potentialAction\":[{\"@type\":\"ReadAction\",\"target\":[\"https:\\\/\\\/gruene-reilingen.de\\\/?p=2547\"]}]},{\"@type\":\"BreadcrumbList\",\"@id\":\"https:\\\/\\\/gruene-reilingen.de\\\/?p=2547#breadcrumb\",\"itemListElement\":[{\"@type\":\"ListItem\",\"position\":1,\"name\":\"Startseite\",\"item\":\"https:\\\/\\\/gruene-reilingen.de\\\/\"},{\"@type\":\"ListItem\",\"position\":2,\"name\":\"Reilinger Gr\u00fc\u00dfe begr\u00fc\u00dfen Bem\u00fchen um sicherere Schulwege\"}]},{\"@type\":\"WebSite\",\"@id\":\"https:\\\/\\\/gruene-reilingen.de\\\/#website\",\"url\":\"https:\\\/\\\/gruene-reilingen.de\\\/\",\"name\":\"B\u00dcNDNIS 90\\\/DIE GR\u00dcNEN REILINGEN\",\"description\":\"\",\"potentialAction\":[{\"@type\":\"SearchAction\",\"target\":{\"@type\":\"EntryPoint\",\"urlTemplate\":\"https:\\\/\\\/gruene-reilingen.de\\\/?s={search_term_string}\"},\"query-input\":{\"@type\":\"PropertyValueSpecification\",\"valueRequired\":true,\"valueName\":\"search_term_string\"}}],\"inLanguage\":\"de\"},{\"@type\":\"Person\",\"@id\":\"https:\\\/\\\/gruene-reilingen.de\\\/#\\\/schema\\\/person\\\/f9da928f04550d0db757afd781f08df8\",\"name\":\"gruene_reilingen\",\"image\":{\"@type\":\"ImageObject\",\"inLanguage\":\"de\",\"@id\":\"https:\\\/\\\/secure.gravatar.com\\\/avatar\\\/913acc38ce102bffd85b7d788472a0913fa53d9b1fe59056f1fe4e704a8231cb?s=96&d=mm&r=g\",\"url\":\"https:\\\/\\\/secure.gravatar.com\\\/avatar\\\/913acc38ce102bffd85b7d788472a0913fa53d9b1fe59056f1fe4e704a8231cb?s=96&d=mm&r=g\",\"contentUrl\":\"https:\\\/\\\/secure.gravatar.com\\\/avatar\\\/913acc38ce102bffd85b7d788472a0913fa53d9b1fe59056f1fe4e704a8231cb?s=96&d=mm&r=g\",\"caption\":\"gruene_reilingen\"},\"sameAs\":[\"http:\\\/\\\/www.gruene-reilingen.de\"],\"url\":\"https:\\\/\\\/gruene-reilingen.de\\\/?author=2\"}]}<\/script>\n<!-- \/ Yoast SEO plugin. -->","yoast_head_json":{"title":"Reilinger Gr\u00fc\u00dfe begr\u00fc\u00dfen Bem\u00fchen um sicherere Schulwege - B\u00dcNDNIS 90\/DIE GR\u00dcNEN REILINGEN","robots":{"index":"index","follow":"follow","max-snippet":"max-snippet:-1","max-image-preview":"max-image-preview:large","max-video-preview":"max-video-preview:-1"},"canonical":"https:\/\/gruene-reilingen.de\/?p=2547","og_locale":"de_DE","og_type":"article","og_title":"Reilinger Gr\u00fc\u00dfe begr\u00fc\u00dfen Bem\u00fchen um sicherere Schulwege - B\u00dcNDNIS 90\/DIE GR\u00dcNEN REILINGEN","og_description":"Die Reilinger Gr\u00fcnen begr\u00fc\u00dfen die Diskussion zu sicheren Schulwegen und loben die B\u00fcrgerbeteiligung. Gute, sachliche Ideen wurden von B\u00fcrgerinnen und B\u00fcrgern eingebracht. Die Gr\u00fcnen w\u00fcnschen sich, dass diese B\u00fcrgerbeteiligung auch [&hellip;]","og_url":"https:\/\/gruene-reilingen.de\/?p=2547","og_site_name":"B\u00dcNDNIS 90\/DIE GR\u00dcNEN REILINGEN","article_published_time":"2023-11-15T21:07:25+00:00","article_modified_time":"2023-11-15T21:07:26+00:00","author":"gruene_reilingen","twitter_card":"summary_large_image","twitter_misc":{"Verfasst von":"gruene_reilingen","Gesch\u00e4tzte Lesezeit":"1\u00a0Minute"},"schema":{"@context":"https:\/\/schema.org","@graph":[{"@type":"Article","@id":"https:\/\/gruene-reilingen.de\/?p=2547#article","isPartOf":{"@id":"https:\/\/gruene-reilingen.de\/?p=2547"},"author":{"name":"gruene_reilingen","@id":"https:\/\/gruene-reilingen.de\/#\/schema\/person\/f9da928f04550d0db757afd781f08df8"},"headline":"Reilinger Gr\u00fc\u00dfe begr\u00fc\u00dfen Bem\u00fchen um sicherere Schulwege","datePublished":"2023-11-15T21:07:25+00:00","dateModified":"2023-11-15T21:07:26+00:00","mainEntityOfPage":{"@id":"https:\/\/gruene-reilingen.de\/?p=2547"},"wordCount":166,"commentCount":0,"articleSection":["News"],"inLanguage":"de","potentialAction":[{"@type":"CommentAction","name":"Comment","target":["https:\/\/gruene-reilingen.de\/?p=2547#respond"]}]},{"@type":"WebPage","@id":"https:\/\/gruene-reilingen.de\/?p=2547","url":"https:\/\/gruene-reilingen.de\/?p=2547","name":"Reilinger Gr\u00fc\u00dfe begr\u00fc\u00dfen Bem\u00fchen um sicherere Schulwege - B\u00dcNDNIS 90\/DIE GR\u00dcNEN REILINGEN","isPartOf":{"@id":"https:\/\/gruene-reilingen.de\/#website"},"datePublished":"2023-11-15T21:07:25+00:00","dateModified":"2023-11-15T21:07:26+00:00","author":{"@id":"https:\/\/gruene-reilingen.de\/#\/schema\/person\/f9da928f04550d0db757afd781f08df8"},"breadcrumb":{"@id":"https:\/\/gruene-reilingen.de\/?p=2547#breadcrumb"},"inLanguage":"de","potentialAction":[{"@type":"ReadAction","target":["https:\/\/gruene-reilingen.de\/?p=2547"]}]},{"@type":"BreadcrumbList","@id":"https:\/\/gruene-reilingen.de\/?p=2547#breadcrumb","itemListElement":[{"@type":"ListItem","position":1,"name":"Startseite","item":"https:\/\/gruene-reilingen.de\/"},{"@type":"ListItem","position":2,"name":"Reilinger Gr\u00fc\u00dfe begr\u00fc\u00dfen Bem\u00fchen um sicherere Schulwege"}]},{"@type":"WebSite","@id":"https:\/\/gruene-reilingen.de\/#website","url":"https:\/\/gruene-reilingen.de\/","name":"B\u00dcNDNIS 90\/DIE GR\u00dcNEN REILINGEN","description":"","potentialAction":[{"@type":"SearchAction","target":{"@type":"EntryPoint","urlTemplate":"https:\/\/gruene-reilingen.de\/?s={search_term_string}"},"query-input":{"@type":"PropertyValueSpecification","valueRequired":true,"valueName":"search_term_string"}}],"inLanguage":"de"},{"@type":"Person","@id":"https:\/\/gruene-reilingen.de\/#\/schema\/person\/f9da928f04550d0db757afd781f08df8","name":"gruene_reilingen","image":{"@type":"ImageObject","inLanguage":"de","@id":"https:\/\/secure.gravatar.com\/avatar\/913acc38ce102bffd85b7d788472a0913fa53d9b1fe59056f1fe4e704a8231cb?s=96&d=mm&r=g","url":"https:\/\/secure.gravatar.com\/avatar\/913acc38ce102bffd85b7d788472a0913fa53d9b1fe59056f1fe4e704a8231cb?s=96&d=mm&r=g","contentUrl":"https:\/\/secure.gravatar.com\/avatar\/913acc38ce102bffd85b7d788472a0913fa53d9b1fe59056f1fe4e704a8231cb?s=96&d=mm&r=g","caption":"gruene_reilingen"},"sameAs":["http:\/\/www.gruene-reilingen.de"],"url":"https:\/\/gruene-reilingen.de\/?author=2"}]}},"_links":{"self":[{"href":"https:\/\/gruene-reilingen.de\/index.php?rest_route=\/wp\/v2\/posts\/2547","targetHints":{"allow":["GET"]}}],"collection":[{"href":"https:\/\/gruene-reilingen.de\/index.php?rest_route=\/wp\/v2\/posts"}],"about":[{"href":"https:\/\/gruene-reilingen.de\/index.php?rest_route=\/wp\/v2\/types\/post"}],"author":[{"embeddable":true,"href":"https:\/\/gruene-reilingen.de\/index.php?rest_route=\/wp\/v2\/users\/2"}],"replies":[{"embeddable":true,"href":"https:\/\/gruene-reilingen.de\/index.php?rest_route=%2Fwp%2Fv2%2Fcomments&post=2547"}],"version-history":[{"count":1,"href":"https:\/\/gruene-reilingen.de\/index.php?rest_route=\/wp\/v2\/posts\/2547\/revisions"}],"predecessor-version":[{"id":2548,"href":"https:\/\/gruene-reilingen.de\/index.php?rest_route=\/wp\/v2\/posts\/2547\/revisions\/2548"}],"wp:attachment":[{"href":"https:\/\/gruene-reilingen.de\/index.php?rest_route=%2Fwp%2Fv2%2Fmedia&parent=2547"}],"wp:term":[{"taxonomy":"category","embeddable":true,"href":"https:\/\/gruene-reilingen.de\/index.php?rest_route=%2Fwp%2Fv2%2Fcategories&post=2547"},{"taxonomy":"post_tag","embeddable":true,"href":"https:\/\/gruene-reilingen.de\/index.php?rest_route=%2Fwp%2Fv2%2Ftags&post=2547"}],"curies":[{"name":"wp","href":"https:\/\/api.w.org\/{rel}","templated":true}]}}