{"id":2587,"date":"2024-02-19T17:06:06","date_gmt":"2024-02-19T17:06:06","guid":{"rendered":"https:\/\/gruene-reilingen.de\/?p=2587"},"modified":"2024-02-19T17:06:07","modified_gmt":"2024-02-19T17:06:07","slug":"es-geht-um-wertschaetzung-und-um-wertschoepfung","status":"publish","type":"post","link":"https:\/\/gruene-reilingen.de\/?p=2587","title":{"rendered":"\u201eEs geht um Wertsch\u00e4tzung und um Wertsch\u00f6pfung\u201c"},"content":{"rendered":"\r\n\r\n\r\n\r\n\r\n\r\n\r\n\r\n \r\n\r\n\n<p><strong><em>Der gr\u00fcne Landtagsabgeordnete Dr. Andre Baumann hat mal wieder den Wersauer Hof in Reilingen besucht<\/em><\/strong><\/p>\n\n\n\n<p>Mit Bio-Landwirt Michael Hoffmann vom Wersauer Hof in Reilingen pflegt der Landtagsabgeordnete der Gr\u00fcnen, Dr. Andre Baumann, stets einen guten Austausch. So hat er ihn und seine Frau Helga j\u00fcngst wieder auf dem Hof besucht und sich mit ihnen \u00fcber die aktuelle Lage der Landwirtinnen und Landwirte ausgetauscht. Die Familie Hoffmann bewirtschaftet den Wersauer Hof seit 1999. Neben einer extensiven Rinderhaltung und Landschaftspflege in Schutzgebieten rund um Reilingen werden sowohl ein Hofladen als auch eine Gastronomie betrieben. Au\u00dferdem hat sich der Wersauer Hof als Pferde-Pension und als idyllisch gelegene Ferme-Auberge im denkmalgesch\u00fctzten Geb\u00e4ude-Ensemble einen regionalen Ruf erarbeitet.<\/p>\n\n\n\n<p>\u201eDenen, die bei den Bauernprotesten demonstrieren, geht es nicht nur um die Agrardiesel-Subventionierung\u201c, sagte Hoffmann. \u201eEs geht ihnen um die mangelnde Wertsch\u00e4tzung, die uns Landwirten in Deutschland seit Jahrzehnten entgegengebracht wird. Wir brauchen endlich eine faire Preisgestaltung!\u201c Die Bezuschussung des Agrardiesels sei wichtig, sagte Baumann, da sie f\u00fcr kleine Landwirte, die vor allem in Baden-W\u00fcrttemberg auch oft Naturschutzma\u00dfnahmen durchf\u00fchrten, eine finanzielle Erleichterung bedeute. \u201eWir wollen unsere kleinteilige Landwirtschaft im Land erhalten, wir wollen weniger Pestizideinsatz, und wir wollen auch einen h\u00f6heren Bio-Anteil\u201c, so Baumann weiter. \u201eF\u00fcr die b\u00e4uerlichen Betriebe hei\u00dft dies: Mehrarbeit auf dem Acker mit dem Traktor. Biobauern bek\u00e4mpfen Unkr\u00e4uter mechanisch. Wer weniger Glyphosat m\u00f6chte, braucht also mehr Diesel. Wer mehr Bio m\u00f6chte, braucht auch mehr Diesel. F\u00fcr Traktoren gibt es leider zurzeit keine alternative Antriebsform.\u201c<\/p>\n\n\n\n<p>Und nat\u00fcrlich sei auch mehr Wertsch\u00e4tzung der Landwirte wichtig, stimmte der Politiker dem Landwirt zu. \u201eEs geht um Wertsch\u00e4tzung und um Wertsch\u00f6pfung\u201c, sagte Baumann. \u201eDer Lebensmitteleinzelhandel muss sich \u00f6ffnen f\u00fcr eine faire Preispolitik. Wir brauchen eine zukunftsf\u00e4hige Landwirtschaft, die uns ern\u00e4hrt. Und nicht nur die Bauern m\u00fcssen von uns als Gesellschaft mehr wertgesch\u00e4tzt werden, sondern auch ihre Produkte: Gutes, regionales Biofleisch ist seinen Preis wert. Es ist preiswert im echten Wortsinn. Daf\u00fcr k\u00f6nnen die Kundinnen und Kunden eine andere Qualit\u00e4t erwarten als beim Billigfleisch aus Massentierhaltung.\u201c<\/p>\n\n\n\n<p><\/p>\n\n\n\n<figure class=\"wp-block-image size-large\"><a href=\"https:\/\/gruene-reilingen.de\/wp-content\/uploads\/2024\/02\/Mit-Bio-Landwirt-Michael-Hoffmann-rechts-vom-Wersauer-Hof-in-Reilingen-pflegt-der-Landtagsabgeordnete-der-Gruenen-Dr.-Andre-Baumann-stets-einen-guten-Austausch_Foto-Decher-scaled.jpg\"><img loading=\"lazy\" decoding=\"async\" width=\"667\" height=\"500\" src=\"https:\/\/gruene-reilingen.de\/wp-content\/uploads\/2024\/02\/Mit-Bio-Landwirt-Michael-Hoffmann-rechts-vom-Wersauer-Hof-in-Reilingen-pflegt-der-Landtagsabgeordnete-der-Gruenen-Dr.-Andre-Baumann-stets-einen-guten-Austausch_Foto-Decher-667x500.jpg\" alt=\"\" class=\"wp-image-2588\" srcset=\"https:\/\/gruene-reilingen.de\/wp-content\/uploads\/2024\/02\/Mit-Bio-Landwirt-Michael-Hoffmann-rechts-vom-Wersauer-Hof-in-Reilingen-pflegt-der-Landtagsabgeordnete-der-Gruenen-Dr.-Andre-Baumann-stets-einen-guten-Austausch_Foto-Decher-667x500.jpg 667w, https:\/\/gruene-reilingen.de\/wp-content\/uploads\/2024\/02\/Mit-Bio-Landwirt-Michael-Hoffmann-rechts-vom-Wersauer-Hof-in-Reilingen-pflegt-der-Landtagsabgeordnete-der-Gruenen-Dr.-Andre-Baumann-stets-einen-guten-Austausch_Foto-Decher-493x370.jpg 493w, https:\/\/gruene-reilingen.de\/wp-content\/uploads\/2024\/02\/Mit-Bio-Landwirt-Michael-Hoffmann-rechts-vom-Wersauer-Hof-in-Reilingen-pflegt-der-Landtagsabgeordnete-der-Gruenen-Dr.-Andre-Baumann-stets-einen-guten-Austausch_Foto-Decher-768x576.jpg 768w, https:\/\/gruene-reilingen.de\/wp-content\/uploads\/2024\/02\/Mit-Bio-Landwirt-Michael-Hoffmann-rechts-vom-Wersauer-Hof-in-Reilingen-pflegt-der-Landtagsabgeordnete-der-Gruenen-Dr.-Andre-Baumann-stets-einen-guten-Austausch_Foto-Decher-1536x1152.jpg 1536w, https:\/\/gruene-reilingen.de\/wp-content\/uploads\/2024\/02\/Mit-Bio-Landwirt-Michael-Hoffmann-rechts-vom-Wersauer-Hof-in-Reilingen-pflegt-der-Landtagsabgeordnete-der-Gruenen-Dr.-Andre-Baumann-stets-einen-guten-Austausch_Foto-Decher-2048x1536.jpg 2048w\" sizes=\"auto, (max-width: 667px) 100vw, 667px\" \/><\/a><\/figure>\n","protected":false},"excerpt":{"rendered":"<p>Der gr\u00fcne Landtagsabgeordnete Dr. Andre Baumann hat mal wieder den Wersauer Hof in Reilingen besucht Mit Bio-Landwirt Michael Hoffmann vom Wersauer Hof in Reilingen pflegt der Landtagsabgeordnete der Gr\u00fcnen, Dr. [&hellip;]<\/p>\n","protected":false},"author":-1,"featured_media":0,"comment_status":"open","ping_status":"open","sticky":false,"template":"","format":"standard","meta":{"footnotes":""},"categories":[3],"tags":[],"class_list":["post-2587","post","type-post","status-publish","format-standard","hentry","category-news"],"yoast_head":"<!-- This site is optimized with the Yoast SEO plugin v27.5 - https:\/\/yoast.com\/product\/yoast-seo-wordpress\/ -->\n<title>\u201eEs geht um Wertsch\u00e4tzung und um Wertsch\u00f6pfung\u201c - B\u00dcNDNIS 90\/DIE GR\u00dcNEN REILINGEN<\/title>\n<meta name=\"robots\" content=\"index, follow, max-snippet:-1, max-image-preview:large, max-video-preview:-1\" \/>\n<link rel=\"canonical\" href=\"https:\/\/gruene-reilingen.de\/?p=2587\" \/>\n<meta property=\"og:locale\" content=\"de_DE\" \/>\n<meta property=\"og:type\" content=\"article\" \/>\n<meta property=\"og:title\" content=\"\u201eEs geht um Wertsch\u00e4tzung und um Wertsch\u00f6pfung\u201c - B\u00dcNDNIS 90\/DIE GR\u00dcNEN REILINGEN\" \/>\n<meta property=\"og:description\" content=\"Der gr\u00fcne Landtagsabgeordnete Dr. Andre Baumann hat mal wieder den Wersauer Hof in Reilingen besucht Mit Bio-Landwirt Michael Hoffmann vom Wersauer Hof in Reilingen pflegt der Landtagsabgeordnete der Gr\u00fcnen, Dr. [&hellip;]\" \/>\n<meta property=\"og:url\" content=\"https:\/\/gruene-reilingen.de\/?p=2587\" \/>\n<meta property=\"og:site_name\" content=\"B\u00dcNDNIS 90\/DIE GR\u00dcNEN REILINGEN\" \/>\n<meta property=\"article:published_time\" content=\"2024-02-19T17:06:06+00:00\" \/>\n<meta property=\"article:modified_time\" content=\"2024-02-19T17:06:07+00:00\" \/>\n<meta property=\"og:image\" content=\"https:\/\/gruene-reilingen.de\/wp-content\/uploads\/2024\/02\/Mit-Bio-Landwirt-Michael-Hoffmann-rechts-vom-Wersauer-Hof-in-Reilingen-pflegt-der-Landtagsabgeordnete-der-Gruenen-Dr.-Andre-Baumann-stets-einen-guten-Austausch_Foto-Decher-667x500.jpg\" \/>\n<meta name=\"author\" content=\"gruene_reilingen\" \/>\n<meta name=\"twitter:card\" content=\"summary_large_image\" \/>\n<meta name=\"twitter:label1\" content=\"Verfasst von\" \/>\n\t<meta name=\"twitter:data1\" content=\"gruene_reilingen\" \/>\n\t<meta name=\"twitter:label2\" content=\"Gesch\u00e4tzte Lesezeit\" \/>\n\t<meta name=\"twitter:data2\" content=\"3\u00a0Minuten\" \/>\n<script type=\"application\/ld+json\" class=\"yoast-schema-graph\">{\"@context\":\"https:\\\/\\\/schema.org\",\"@graph\":[{\"@type\":\"Article\",\"@id\":\"https:\\\/\\\/gruene-reilingen.de\\\/?p=2587#article\",\"isPartOf\":{\"@id\":\"https:\\\/\\\/gruene-reilingen.de\\\/?p=2587\"},\"author\":{\"name\":\"gruene_reilingen\",\"@id\":\"https:\\\/\\\/gruene-reilingen.de\\\/#\\\/schema\\\/person\\\/f9da928f04550d0db757afd781f08df8\"},\"headline\":\"\u201eEs geht um Wertsch\u00e4tzung und um Wertsch\u00f6pfung\u201c\",\"datePublished\":\"2024-02-19T17:06:06+00:00\",\"dateModified\":\"2024-02-19T17:06:07+00:00\",\"mainEntityOfPage\":{\"@id\":\"https:\\\/\\\/gruene-reilingen.de\\\/?p=2587\"},\"wordCount\":365,\"commentCount\":0,\"image\":{\"@id\":\"https:\\\/\\\/gruene-reilingen.de\\\/?p=2587#primaryimage\"},\"thumbnailUrl\":\"https:\\\/\\\/gruene-reilingen.de\\\/wp-content\\\/uploads\\\/2024\\\/02\\\/Mit-Bio-Landwirt-Michael-Hoffmann-rechts-vom-Wersauer-Hof-in-Reilingen-pflegt-der-Landtagsabgeordnete-der-Gruenen-Dr.-Andre-Baumann-stets-einen-guten-Austausch_Foto-Decher-667x500.jpg\",\"articleSection\":[\"News\"],\"inLanguage\":\"de\",\"potentialAction\":[{\"@type\":\"CommentAction\",\"name\":\"Comment\",\"target\":[\"https:\\\/\\\/gruene-reilingen.de\\\/?p=2587#respond\"]}]},{\"@type\":\"WebPage\",\"@id\":\"https:\\\/\\\/gruene-reilingen.de\\\/?p=2587\",\"url\":\"https:\\\/\\\/gruene-reilingen.de\\\/?p=2587\",\"name\":\"\u201eEs geht um Wertsch\u00e4tzung und um Wertsch\u00f6pfung\u201c - B\u00dcNDNIS 90\\\/DIE GR\u00dcNEN REILINGEN\",\"isPartOf\":{\"@id\":\"https:\\\/\\\/gruene-reilingen.de\\\/#website\"},\"primaryImageOfPage\":{\"@id\":\"https:\\\/\\\/gruene-reilingen.de\\\/?p=2587#primaryimage\"},\"image\":{\"@id\":\"https:\\\/\\\/gruene-reilingen.de\\\/?p=2587#primaryimage\"},\"thumbnailUrl\":\"https:\\\/\\\/gruene-reilingen.de\\\/wp-content\\\/uploads\\\/2024\\\/02\\\/Mit-Bio-Landwirt-Michael-Hoffmann-rechts-vom-Wersauer-Hof-in-Reilingen-pflegt-der-Landtagsabgeordnete-der-Gruenen-Dr.-Andre-Baumann-stets-einen-guten-Austausch_Foto-Decher-667x500.jpg\",\"datePublished\":\"2024-02-19T17:06:06+00:00\",\"dateModified\":\"2024-02-19T17:06:07+00:00\",\"author\":{\"@id\":\"https:\\\/\\\/gruene-reilingen.de\\\/#\\\/schema\\\/person\\\/f9da928f04550d0db757afd781f08df8\"},\"breadcrumb\":{\"@id\":\"https:\\\/\\\/gruene-reilingen.de\\\/?p=2587#breadcrumb\"},\"inLanguage\":\"de\",\"potentialAction\":[{\"@type\":\"ReadAction\",\"target\":[\"https:\\\/\\\/gruene-reilingen.de\\\/?p=2587\"]}]},{\"@type\":\"ImageObject\",\"inLanguage\":\"de\",\"@id\":\"https:\\\/\\\/gruene-reilingen.de\\\/?p=2587#primaryimage\",\"url\":\"https:\\\/\\\/gruene-reilingen.de\\\/wp-content\\\/uploads\\\/2024\\\/02\\\/Mit-Bio-Landwirt-Michael-Hoffmann-rechts-vom-Wersauer-Hof-in-Reilingen-pflegt-der-Landtagsabgeordnete-der-Gruenen-Dr.-Andre-Baumann-stets-einen-guten-Austausch_Foto-Decher-667x500.jpg\",\"contentUrl\":\"https:\\\/\\\/gruene-reilingen.de\\\/wp-content\\\/uploads\\\/2024\\\/02\\\/Mit-Bio-Landwirt-Michael-Hoffmann-rechts-vom-Wersauer-Hof-in-Reilingen-pflegt-der-Landtagsabgeordnete-der-Gruenen-Dr.-Andre-Baumann-stets-einen-guten-Austausch_Foto-Decher-667x500.jpg\"},{\"@type\":\"BreadcrumbList\",\"@id\":\"https:\\\/\\\/gruene-reilingen.de\\\/?p=2587#breadcrumb\",\"itemListElement\":[{\"@type\":\"ListItem\",\"position\":1,\"name\":\"Startseite\",\"item\":\"https:\\\/\\\/gruene-reilingen.de\\\/\"},{\"@type\":\"ListItem\",\"position\":2,\"name\":\"\u201eEs geht um Wertsch\u00e4tzung und um Wertsch\u00f6pfung\u201c\"}]},{\"@type\":\"WebSite\",\"@id\":\"https:\\\/\\\/gruene-reilingen.de\\\/#website\",\"url\":\"https:\\\/\\\/gruene-reilingen.de\\\/\",\"name\":\"B\u00dcNDNIS 90\\\/DIE GR\u00dcNEN REILINGEN\",\"description\":\"\",\"potentialAction\":[{\"@type\":\"SearchAction\",\"target\":{\"@type\":\"EntryPoint\",\"urlTemplate\":\"https:\\\/\\\/gruene-reilingen.de\\\/?s={search_term_string}\"},\"query-input\":{\"@type\":\"PropertyValueSpecification\",\"valueRequired\":true,\"valueName\":\"search_term_string\"}}],\"inLanguage\":\"de\"},{\"@type\":\"Person\",\"@id\":\"https:\\\/\\\/gruene-reilingen.de\\\/#\\\/schema\\\/person\\\/f9da928f04550d0db757afd781f08df8\",\"name\":\"gruene_reilingen\",\"image\":{\"@type\":\"ImageObject\",\"inLanguage\":\"de\",\"@id\":\"https:\\\/\\\/secure.gravatar.com\\\/avatar\\\/913acc38ce102bffd85b7d788472a0913fa53d9b1fe59056f1fe4e704a8231cb?s=96&d=mm&r=g\",\"url\":\"https:\\\/\\\/secure.gravatar.com\\\/avatar\\\/913acc38ce102bffd85b7d788472a0913fa53d9b1fe59056f1fe4e704a8231cb?s=96&d=mm&r=g\",\"contentUrl\":\"https:\\\/\\\/secure.gravatar.com\\\/avatar\\\/913acc38ce102bffd85b7d788472a0913fa53d9b1fe59056f1fe4e704a8231cb?s=96&d=mm&r=g\",\"caption\":\"gruene_reilingen\"},\"sameAs\":[\"http:\\\/\\\/www.gruene-reilingen.de\"],\"url\":\"https:\\\/\\\/gruene-reilingen.de\\\/?author=2\"}]}<\/script>\n<!-- \/ Yoast SEO plugin. -->","yoast_head_json":{"title":"\u201eEs geht um Wertsch\u00e4tzung und um Wertsch\u00f6pfung\u201c - B\u00dcNDNIS 90\/DIE GR\u00dcNEN REILINGEN","robots":{"index":"index","follow":"follow","max-snippet":"max-snippet:-1","max-image-preview":"max-image-preview:large","max-video-preview":"max-video-preview:-1"},"canonical":"https:\/\/gruene-reilingen.de\/?p=2587","og_locale":"de_DE","og_type":"article","og_title":"\u201eEs geht um Wertsch\u00e4tzung und um Wertsch\u00f6pfung\u201c - B\u00dcNDNIS 90\/DIE GR\u00dcNEN REILINGEN","og_description":"Der gr\u00fcne Landtagsabgeordnete Dr. Andre Baumann hat mal wieder den Wersauer Hof in Reilingen besucht Mit Bio-Landwirt Michael Hoffmann vom Wersauer Hof in Reilingen pflegt der Landtagsabgeordnete der Gr\u00fcnen, Dr. [&hellip;]","og_url":"https:\/\/gruene-reilingen.de\/?p=2587","og_site_name":"B\u00dcNDNIS 90\/DIE GR\u00dcNEN REILINGEN","article_published_time":"2024-02-19T17:06:06+00:00","article_modified_time":"2024-02-19T17:06:07+00:00","og_image":[{"url":"https:\/\/gruene-reilingen.de\/wp-content\/uploads\/2024\/02\/Mit-Bio-Landwirt-Michael-Hoffmann-rechts-vom-Wersauer-Hof-in-Reilingen-pflegt-der-Landtagsabgeordnete-der-Gruenen-Dr.-Andre-Baumann-stets-einen-guten-Austausch_Foto-Decher-667x500.jpg","type":"","width":"","height":""}],"author":"gruene_reilingen","twitter_card":"summary_large_image","twitter_misc":{"Verfasst von":"gruene_reilingen","Gesch\u00e4tzte Lesezeit":"3\u00a0Minuten"},"schema":{"@context":"https:\/\/schema.org","@graph":[{"@type":"Article","@id":"https:\/\/gruene-reilingen.de\/?p=2587#article","isPartOf":{"@id":"https:\/\/gruene-reilingen.de\/?p=2587"},"author":{"name":"gruene_reilingen","@id":"https:\/\/gruene-reilingen.de\/#\/schema\/person\/f9da928f04550d0db757afd781f08df8"},"headline":"\u201eEs geht um Wertsch\u00e4tzung und um Wertsch\u00f6pfung\u201c","datePublished":"2024-02-19T17:06:06+00:00","dateModified":"2024-02-19T17:06:07+00:00","mainEntityOfPage":{"@id":"https:\/\/gruene-reilingen.de\/?p=2587"},"wordCount":365,"commentCount":0,"image":{"@id":"https:\/\/gruene-reilingen.de\/?p=2587#primaryimage"},"thumbnailUrl":"https:\/\/gruene-reilingen.de\/wp-content\/uploads\/2024\/02\/Mit-Bio-Landwirt-Michael-Hoffmann-rechts-vom-Wersauer-Hof-in-Reilingen-pflegt-der-Landtagsabgeordnete-der-Gruenen-Dr.-Andre-Baumann-stets-einen-guten-Austausch_Foto-Decher-667x500.jpg","articleSection":["News"],"inLanguage":"de","potentialAction":[{"@type":"CommentAction","name":"Comment","target":["https:\/\/gruene-reilingen.de\/?p=2587#respond"]}]},{"@type":"WebPage","@id":"https:\/\/gruene-reilingen.de\/?p=2587","url":"https:\/\/gruene-reilingen.de\/?p=2587","name":"\u201eEs geht um Wertsch\u00e4tzung und um Wertsch\u00f6pfung\u201c - B\u00dcNDNIS 90\/DIE GR\u00dcNEN REILINGEN","isPartOf":{"@id":"https:\/\/gruene-reilingen.de\/#website"},"primaryImageOfPage":{"@id":"https:\/\/gruene-reilingen.de\/?p=2587#primaryimage"},"image":{"@id":"https:\/\/gruene-reilingen.de\/?p=2587#primaryimage"},"thumbnailUrl":"https:\/\/gruene-reilingen.de\/wp-content\/uploads\/2024\/02\/Mit-Bio-Landwirt-Michael-Hoffmann-rechts-vom-Wersauer-Hof-in-Reilingen-pflegt-der-Landtagsabgeordnete-der-Gruenen-Dr.-Andre-Baumann-stets-einen-guten-Austausch_Foto-Decher-667x500.jpg","datePublished":"2024-02-19T17:06:06+00:00","dateModified":"2024-02-19T17:06:07+00:00","author":{"@id":"https:\/\/gruene-reilingen.de\/#\/schema\/person\/f9da928f04550d0db757afd781f08df8"},"breadcrumb":{"@id":"https:\/\/gruene-reilingen.de\/?p=2587#breadcrumb"},"inLanguage":"de","potentialAction":[{"@type":"ReadAction","target":["https:\/\/gruene-reilingen.de\/?p=2587"]}]},{"@type":"ImageObject","inLanguage":"de","@id":"https:\/\/gruene-reilingen.de\/?p=2587#primaryimage","url":"https:\/\/gruene-reilingen.de\/wp-content\/uploads\/2024\/02\/Mit-Bio-Landwirt-Michael-Hoffmann-rechts-vom-Wersauer-Hof-in-Reilingen-pflegt-der-Landtagsabgeordnete-der-Gruenen-Dr.-Andre-Baumann-stets-einen-guten-Austausch_Foto-Decher-667x500.jpg","contentUrl":"https:\/\/gruene-reilingen.de\/wp-content\/uploads\/2024\/02\/Mit-Bio-Landwirt-Michael-Hoffmann-rechts-vom-Wersauer-Hof-in-Reilingen-pflegt-der-Landtagsabgeordnete-der-Gruenen-Dr.-Andre-Baumann-stets-einen-guten-Austausch_Foto-Decher-667x500.jpg"},{"@type":"BreadcrumbList","@id":"https:\/\/gruene-reilingen.de\/?p=2587#breadcrumb","itemListElement":[{"@type":"ListItem","position":1,"name":"Startseite","item":"https:\/\/gruene-reilingen.de\/"},{"@type":"ListItem","position":2,"name":"\u201eEs geht um Wertsch\u00e4tzung und um Wertsch\u00f6pfung\u201c"}]},{"@type":"WebSite","@id":"https:\/\/gruene-reilingen.de\/#website","url":"https:\/\/gruene-reilingen.de\/","name":"B\u00dcNDNIS 90\/DIE GR\u00dcNEN REILINGEN","description":"","potentialAction":[{"@type":"SearchAction","target":{"@type":"EntryPoint","urlTemplate":"https:\/\/gruene-reilingen.de\/?s={search_term_string}"},"query-input":{"@type":"PropertyValueSpecification","valueRequired":true,"valueName":"search_term_string"}}],"inLanguage":"de"},{"@type":"Person","@id":"https:\/\/gruene-reilingen.de\/#\/schema\/person\/f9da928f04550d0db757afd781f08df8","name":"gruene_reilingen","image":{"@type":"ImageObject","inLanguage":"de","@id":"https:\/\/secure.gravatar.com\/avatar\/913acc38ce102bffd85b7d788472a0913fa53d9b1fe59056f1fe4e704a8231cb?s=96&d=mm&r=g","url":"https:\/\/secure.gravatar.com\/avatar\/913acc38ce102bffd85b7d788472a0913fa53d9b1fe59056f1fe4e704a8231cb?s=96&d=mm&r=g","contentUrl":"https:\/\/secure.gravatar.com\/avatar\/913acc38ce102bffd85b7d788472a0913fa53d9b1fe59056f1fe4e704a8231cb?s=96&d=mm&r=g","caption":"gruene_reilingen"},"sameAs":["http:\/\/www.gruene-reilingen.de"],"url":"https:\/\/gruene-reilingen.de\/?author=2"}]}},"_links":{"self":[{"href":"https:\/\/gruene-reilingen.de\/index.php?rest_route=\/wp\/v2\/posts\/2587","targetHints":{"allow":["GET"]}}],"collection":[{"href":"https:\/\/gruene-reilingen.de\/index.php?rest_route=\/wp\/v2\/posts"}],"about":[{"href":"https:\/\/gruene-reilingen.de\/index.php?rest_route=\/wp\/v2\/types\/post"}],"author":[{"embeddable":true,"href":"https:\/\/gruene-reilingen.de\/index.php?rest_route=\/wp\/v2\/users\/2"}],"replies":[{"embeddable":true,"href":"https:\/\/gruene-reilingen.de\/index.php?rest_route=%2Fwp%2Fv2%2Fcomments&post=2587"}],"version-history":[{"count":1,"href":"https:\/\/gruene-reilingen.de\/index.php?rest_route=\/wp\/v2\/posts\/2587\/revisions"}],"predecessor-version":[{"id":2589,"href":"https:\/\/gruene-reilingen.de\/index.php?rest_route=\/wp\/v2\/posts\/2587\/revisions\/2589"}],"wp:attachment":[{"href":"https:\/\/gruene-reilingen.de\/index.php?rest_route=%2Fwp%2Fv2%2Fmedia&parent=2587"}],"wp:term":[{"taxonomy":"category","embeddable":true,"href":"https:\/\/gruene-reilingen.de\/index.php?rest_route=%2Fwp%2Fv2%2Fcategories&post=2587"},{"taxonomy":"post_tag","embeddable":true,"href":"https:\/\/gruene-reilingen.de\/index.php?rest_route=%2Fwp%2Fv2%2Ftags&post=2587"}],"curies":[{"name":"wp","href":"https:\/\/api.w.org\/{rel}","templated":true}]}}