{"id":2590,"date":"2024-02-19T21:37:02","date_gmt":"2024-02-19T21:37:02","guid":{"rendered":"https:\/\/gruene-reilingen.de\/?p=2590"},"modified":"2024-02-19T21:37:58","modified_gmt":"2024-02-19T21:37:58","slug":"haushaltsrede-der-fraktion-buendnis90-die-gruenen-2","status":"publish","type":"post","link":"https:\/\/gruene-reilingen.de\/?p=2590","title":{"rendered":"Haushaltsrede der Fraktion B\u00fcndnis&#8217;90\/Die Gr\u00fcnen"},"content":{"rendered":"\r\n\r\n\r\n\r\n\r\n\r\n\r\n\r\n \r\n\r\n\n<p><\/p>\n\n\n\n<p>Sehr geehrter Herr B\u00fcrgermeister, werte Damen und Herren des Gemeinderats, sehr geehrte Verwaltung, sehr geehrtes Publikum, liebe Reilinger*innen!<\/p>\n\n\n\n<p><br>Die Fraktion B\u00fcndnis 90\/Die Gr\u00fcnen k\u00f6nnen diesem Haushalt die Zustimmung eigentlich nur verweigern. Aus dem negativen ordentlichen Ergebnis von zwei Millionen Euro, so wie auch vor einem Monat in der Schwetzinger Zeitung zu lesen war, sind zwar mittlerweile gl\u00fccklicherweise weniger als 1,7 Millionen Euro geworden. Vielen Dank der Verwaltung an dieser Stelle, die die Impulse des Gemeinderats von der Klausurtagung aufgenommen und umgesetzt hat. Verbleibt aber noch ein riesiger Geldbetrag, leider negativ. Jede Reilingerin, jeder Reilinger m\u00fcsste umgerechnet ca. 200 Euro ins Rathaus tragen, um diese Finanzierungsl\u00fccke auszugleichen. Wie sollten wir also diesem Haushalt unsere Zustimmung erteilen? Auch wenn drei Viertel der Kommunen des Rhein-Neckar-Kreises in einem \u00e4hnlichen Zustand sind?<\/p>\n\n\n\n<p>Unser Kreis braucht im Vergleich zum Vorjahr deutlich mehr an Geld, n\u00e4mlich fast 900 \u0301000 Euro. Das ist eine erstaunliche Steigerung von mehr als einem Viertel. \u00dcber die Finanzausgleichsumlage sind im Vergleich zum Vorjahr mehr als 400 \u0301000 Euro zus\u00e4tzlich abzuf\u00fchren. Ein Plus von 15%. Hinzu kommt noch eine halbe Million Euro durch um 9% gestiegene Personalkosten. Auch die Kosten f\u00fcr die Betreuung unserer Allerj\u00fcngsten, die Zusch\u00fcsse an die Kindergartentr\u00e4ger, sind um ca. 200 \u0301000 Euro gestiegen. Das sind sieben Prozent mehr als letztes Jahr. Immerhin erh\u00f6hen sich andererseits die geplanten Einnahmen der Gemeinde um ca. 800 \u0301000 Euro, vor allem durch Schl\u00fcsselzuweisungen vom Land und durch mehr Einnahmen durch die Einkommenssteuer. Die insgesamt gestiegenen Kosten, vor allem inflationsbedingt, macht dies allerdings hinten und vorne nicht wett.<\/p>\n\n\n\n<p>Es steht au\u00dfer Frage, dass die abzuf\u00fchrenden Mittel sinnvoll sind, wenn sich auch \u00fcber die H\u00f6he streiten lie\u00dfe. Das ist aber nicht in der Hand dieses Gremiums. Der Rhein- Neckar-Kreis hat mit einem Rekorddefizit der GRN-Kliniken zu k\u00e4mpfen. Mit dem Hauptanteil der Finanzausgleichsumlage unterst\u00fctzen wir nach Landesgesetz anteilig Kommunen, die finanziell schw\u00e4cher als unser Dorf dastehen. Die gestiegenen Personalkosten haben zur Folge, dass die von unserer Gemeinde Besch\u00e4ftigten, ob Bauhof oder Bauamt, ob Kindergarten oder K\u00e4mmerei, unserer Ansicht nach angemessen bezahlt werden. Die Inflation treibt nicht nur die Kosten der Gemeinde Reilingen in die H\u00f6he, sondern auch die H\u00f6he der Rechnungen der Menschen, die f\u00fcr uns alle arbeiten. Genau diese Inflation l\u00e4sst uns vom Gemeinderat auch vorerst von Erh\u00f6hungen der Geb\u00fchren, Abgaben und Steuern absehen.<br>Nun stehen im Haushaltsentwurf jedoch nicht nur abstrakte Posten von Einnahmen und Abgaben, sondern auch ganz konkrete Vorhaben unserer Gemeinschaft. Wichtige Investitionen, die uns allen zugute kommen sollen. Anschaffungen der Reilinger Feuerwehr etwa, die Modernisierung des EDV-Systems des Rathauses, die Sanierung der Ziegelstra\u00dfe oder die schrittweise Umstellung der Stra\u00dfenbeleuchtung auf energiesparende LED. Die Unterst\u00fctzung der Reilinger Vereine mit \u00fcber 80 \u0301000 Euro, dieses Jahr sogar etwas mehr als 2023, ist eine finanzielle Fortsetzung unser aller Wertsch\u00e4tzung f\u00fcr deren wertvolle Arbeit. Die Anschaffung eines L\u00f6schfahrzeugs des Typs LF20 f\u00fcr unsere Reilinger Feuerwehr, der unser gro\u00dfer Dank und ein gro\u00dfes Lob gilt, reiht sich ein. Dazu kann endlich ein Notstromaggregat angeschafft werden. Nicht zuletzt durch diese beiden Dinge kann die hohe Einsatzbereitschaft f\u00fcr unser aller Sicherheit gew\u00e4hrleistet werden.<\/p>\n\n\n\n<p>Eine gro\u00dfe finanzielle Herausforderung f\u00fcr die Haushalte der n\u00e4chsten Jahre wird unsere Schule sein. Das mittlerweile bew\u00e4hrte p\u00e4dagogische Prinzip der Gemeinschaftsschule, dazu generell ein zeitgem\u00e4\u00dfer Umgang mit Sch\u00fclerschaft und Lehrk\u00f6rper, erfordert ein Umdenken nicht nur einiger Mitglieder dieses Rats, sondern auch eine Realisierung im Geb\u00e4udekomplex unserer Schillerschule. Hinzu kommt der Rechtsanspruch auf Ganztagsbetreuung f\u00fcr Kinder im Grundschulalter ab dem Schuljahr 2026\/2027, im Fr\u00fchjahr 2021 auf den Weg gebracht von der gro\u00dfen Koalition im Bundestag. F\u00f6rderprogramme hierzu sind bereits auf dem Weg, so dass unsere finanzielle Zukunft diesbez\u00fcglich also hoffentlich nicht ganz so schwarz werden wird. Ein Blick hinter den Wald zu unserer s\u00fcdliche Nachbarin, der gro\u00dfen Kreisstadt Wagh\u00e4usel, zeigt zus\u00e4tzliches Sparpotential auf. Beim Neubau ihrer Gemeinschaftsschule gingen diese vergleichsweise neue Wege und konnten durch ein Angebot eines regionalen Generalunternehmers die veranschlagten Kosten um etwa 20% senken. Dessen modulare Bauweise gibt es \u00fcbrigens auch f\u00fcr Anbauten.<\/p>\n\n\n\n<p>Eine neue, hoffentlich dauerhafte Heimat f\u00fcr den kommunalen Kindergarten der Sterne zu errichten, wird uns ebenso die n\u00e4chsten Jahre finanziell besch\u00e4ftigen. So wie auch die dringende Sanierung des Fachwerks unseres Dorfgemeinschaftshauses. Die Erhaltung historischer Substanz, die Erweiterung und Ert\u00fcchtigung vorhandener Geb\u00e4ude sowie der Neubau dringend ben\u00f6tigter Immobilien, aber bitte nachhaltig, ist uns essentiell wichtig und hierf\u00fcr wollen wir auch Steuergeld in die Hand nehmen.<\/p>\n\n\n\n<p>Inwiefern die von der Verwaltung veranschlagten Kosten von f\u00fcnf Millionen Euro f\u00fcr das Schulgeb\u00e4ude, vor einem Monat waren das noch acht, und von vier Millionen Euro f\u00fcr den Neubau des Kindergartens der Sterne realistisch sind, wird noch beraten werden. Auf Nummer Sicher gehend sind sie bestimmt nicht zu niedrig angesetzt. Au\u00dferdem wird so unser Rufen an die Landespolitik nach zus\u00e4tzlicher finanzieller Unterst\u00fctzung wieder etwas lauter, unterst\u00fctzt auch durch den Gemeindetag Baden-W\u00fcrttemberg.<\/p>\n\n\n\n<p>Die Investitionen durch die KWG in bezahlbaren Wohnraum, in die Erweiterung des ReWe-Markts und in Photovoltaik vor Ort auf Reilinger D\u00e4chern begr\u00fc\u00dfen wir. Das sind allesamt nachhaltige Ans\u00e4tze, die sich alsbald amortisiert haben werden. Einen kleinen Beitrag zur Energiewende und zur Linderung der Klimakrise leisten wir als Gemeinde somit auch, was zus\u00e4tzlich positiv zu verbuchen ist. Wir sind au\u00dferdem der festen \u00dcberzeugung, dass die in den n\u00e4chsten Jahren anstehende Investition in ein \u00c4rztehaus das Richtige f\u00fcr Reilingens Zukunft ist.<\/p>\n\n\n\n<p>Die Eigenbetriebe Wasserversorgung und Abwasserbeseitigung stehen im Gesamtkontext betrachtet solide da. Die geplanten zus\u00e4tzlichen Kosten von etwa einer halben Million Euro sind gut in das Reilinger Abwassernetz angelegtes Geld. Was nicht beizeiten vergleichsweise kosteng\u00fcnstig instand gesetzt wird, kostet uns in der Zukunft ungleich mehr.<\/p>\n\n\n\n<p>Wir als Gemeinder\u00e4tinnen und Gemeinder\u00e4te k\u00f6nnen als Ehrenamtliche nicht jeden einzelnen Posten des uns vorliegenden Haushaltsentwurfs von \u00fcber 300 Seiten auf die Goldwaage legen, versuchen aber unser Bestm\u00f6gliches, zum Wohle aller Reilingerinnen und Reilinger zu handeln. Anstehende wichtige Investitionen m\u00fcssen umgesetzt werden. Der Reilinger B\u00fcrgerschaft, den Reilinger Firmen und der Reilinger Vereinswelt wollen wir aufgrund hoffentlich vor\u00fcbergehender finanzieller Flaute im Haushalt nicht den Wind aus den Segeln nehmen. So ung\u00fcnstig die aufgezeigten Bedingungen finanziell auch sind, so gro\u00df auch unsere Bedenken, sind wir dennoch zuversichtlich, das vorliegende Haushaltsjahr zusammen zu schaffen.<\/p>\n\n\n\n<p>Die Fraktion B\u00fcndnis 90\/Die Gr\u00fcnen stimmt dem vorgelegten Haushaltsentwurf sowie den Wirtschaftspl\u00e4nen der Eigenbetriebe f\u00fcr das Jahr 2024 zu. Aufgrund der angespannten Haushaltslage haben wir von Haushaltsantr\u00e4gen abgesehen.Wir bedanken uns bei Herrn B\u00fcrgermeister Weisbrod, Herrn K\u00e4mmerer Bickle und den Mitarbeiterinnen und Mitarbeitern der K\u00e4mmerei und der Verwaltung.<\/p>\n\n\n\n<p><\/p>\n\n\n\n<p>Simon Schell<\/p>\n\n\n\n<p>Fraktionssprecher<\/p>\n","protected":false},"excerpt":{"rendered":"<p>Sehr geehrter Herr B\u00fcrgermeister, werte Damen und Herren des Gemeinderats, sehr geehrte Verwaltung, sehr geehrtes Publikum, liebe Reilinger*innen! Die Fraktion B\u00fcndnis 90\/Die Gr\u00fcnen k\u00f6nnen diesem Haushalt die Zustimmung eigentlich nur [&hellip;]<\/p>\n","protected":false},"author":-1,"featured_media":0,"comment_status":"open","ping_status":"open","sticky":false,"template":"","format":"standard","meta":{"footnotes":""},"categories":[3],"tags":[],"class_list":["post-2590","post","type-post","status-publish","format-standard","hentry","category-news"],"yoast_head":"<!-- This site is optimized with the Yoast SEO plugin v27.5 - https:\/\/yoast.com\/product\/yoast-seo-wordpress\/ -->\n<title>Haushaltsrede der Fraktion B\u00fcndnis&#039;90\/Die Gr\u00fcnen - B\u00dcNDNIS 90\/DIE GR\u00dcNEN REILINGEN<\/title>\n<meta name=\"robots\" content=\"index, follow, max-snippet:-1, max-image-preview:large, max-video-preview:-1\" \/>\n<link rel=\"canonical\" href=\"https:\/\/gruene-reilingen.de\/?p=2590\" \/>\n<meta property=\"og:locale\" content=\"de_DE\" \/>\n<meta property=\"og:type\" content=\"article\" \/>\n<meta property=\"og:title\" content=\"Haushaltsrede der Fraktion B\u00fcndnis&#039;90\/Die Gr\u00fcnen - B\u00dcNDNIS 90\/DIE GR\u00dcNEN REILINGEN\" \/>\n<meta property=\"og:description\" content=\"Sehr geehrter Herr B\u00fcrgermeister, werte Damen und Herren des Gemeinderats, sehr geehrte Verwaltung, sehr geehrtes Publikum, liebe Reilinger*innen! Die Fraktion B\u00fcndnis 90\/Die Gr\u00fcnen k\u00f6nnen diesem Haushalt die Zustimmung eigentlich nur [&hellip;]\" \/>\n<meta property=\"og:url\" content=\"https:\/\/gruene-reilingen.de\/?p=2590\" \/>\n<meta property=\"og:site_name\" content=\"B\u00dcNDNIS 90\/DIE GR\u00dcNEN REILINGEN\" \/>\n<meta property=\"article:published_time\" content=\"2024-02-19T21:37:02+00:00\" \/>\n<meta property=\"article:modified_time\" content=\"2024-02-19T21:37:58+00:00\" \/>\n<meta name=\"author\" content=\"gruene_reilingen\" \/>\n<meta name=\"twitter:card\" content=\"summary_large_image\" \/>\n<meta name=\"twitter:label1\" content=\"Verfasst von\" \/>\n\t<meta name=\"twitter:data1\" content=\"gruene_reilingen\" \/>\n\t<meta name=\"twitter:label2\" content=\"Gesch\u00e4tzte Lesezeit\" \/>\n\t<meta name=\"twitter:data2\" content=\"6\u00a0Minuten\" \/>\n<script type=\"application\/ld+json\" class=\"yoast-schema-graph\">{\"@context\":\"https:\\\/\\\/schema.org\",\"@graph\":[{\"@type\":\"Article\",\"@id\":\"https:\\\/\\\/gruene-reilingen.de\\\/?p=2590#article\",\"isPartOf\":{\"@id\":\"https:\\\/\\\/gruene-reilingen.de\\\/?p=2590\"},\"author\":{\"name\":\"gruene_reilingen\",\"@id\":\"https:\\\/\\\/gruene-reilingen.de\\\/#\\\/schema\\\/person\\\/f9da928f04550d0db757afd781f08df8\"},\"headline\":\"Haushaltsrede der Fraktion B\u00fcndnis&#8217;90\\\/Die Gr\u00fcnen\",\"datePublished\":\"2024-02-19T21:37:02+00:00\",\"dateModified\":\"2024-02-19T21:37:58+00:00\",\"mainEntityOfPage\":{\"@id\":\"https:\\\/\\\/gruene-reilingen.de\\\/?p=2590\"},\"wordCount\":1142,\"commentCount\":0,\"articleSection\":[\"News\"],\"inLanguage\":\"de\",\"potentialAction\":[{\"@type\":\"CommentAction\",\"name\":\"Comment\",\"target\":[\"https:\\\/\\\/gruene-reilingen.de\\\/?p=2590#respond\"]}]},{\"@type\":\"WebPage\",\"@id\":\"https:\\\/\\\/gruene-reilingen.de\\\/?p=2590\",\"url\":\"https:\\\/\\\/gruene-reilingen.de\\\/?p=2590\",\"name\":\"Haushaltsrede der Fraktion B\u00fcndnis'90\\\/Die Gr\u00fcnen - B\u00dcNDNIS 90\\\/DIE GR\u00dcNEN REILINGEN\",\"isPartOf\":{\"@id\":\"https:\\\/\\\/gruene-reilingen.de\\\/#website\"},\"datePublished\":\"2024-02-19T21:37:02+00:00\",\"dateModified\":\"2024-02-19T21:37:58+00:00\",\"author\":{\"@id\":\"https:\\\/\\\/gruene-reilingen.de\\\/#\\\/schema\\\/person\\\/f9da928f04550d0db757afd781f08df8\"},\"breadcrumb\":{\"@id\":\"https:\\\/\\\/gruene-reilingen.de\\\/?p=2590#breadcrumb\"},\"inLanguage\":\"de\",\"potentialAction\":[{\"@type\":\"ReadAction\",\"target\":[\"https:\\\/\\\/gruene-reilingen.de\\\/?p=2590\"]}]},{\"@type\":\"BreadcrumbList\",\"@id\":\"https:\\\/\\\/gruene-reilingen.de\\\/?p=2590#breadcrumb\",\"itemListElement\":[{\"@type\":\"ListItem\",\"position\":1,\"name\":\"Startseite\",\"item\":\"https:\\\/\\\/gruene-reilingen.de\\\/\"},{\"@type\":\"ListItem\",\"position\":2,\"name\":\"Haushaltsrede der Fraktion B\u00fcndnis&#8217;90\\\/Die Gr\u00fcnen\"}]},{\"@type\":\"WebSite\",\"@id\":\"https:\\\/\\\/gruene-reilingen.de\\\/#website\",\"url\":\"https:\\\/\\\/gruene-reilingen.de\\\/\",\"name\":\"B\u00dcNDNIS 90\\\/DIE GR\u00dcNEN REILINGEN\",\"description\":\"\",\"potentialAction\":[{\"@type\":\"SearchAction\",\"target\":{\"@type\":\"EntryPoint\",\"urlTemplate\":\"https:\\\/\\\/gruene-reilingen.de\\\/?s={search_term_string}\"},\"query-input\":{\"@type\":\"PropertyValueSpecification\",\"valueRequired\":true,\"valueName\":\"search_term_string\"}}],\"inLanguage\":\"de\"},{\"@type\":\"Person\",\"@id\":\"https:\\\/\\\/gruene-reilingen.de\\\/#\\\/schema\\\/person\\\/f9da928f04550d0db757afd781f08df8\",\"name\":\"gruene_reilingen\",\"image\":{\"@type\":\"ImageObject\",\"inLanguage\":\"de\",\"@id\":\"https:\\\/\\\/secure.gravatar.com\\\/avatar\\\/913acc38ce102bffd85b7d788472a0913fa53d9b1fe59056f1fe4e704a8231cb?s=96&d=mm&r=g\",\"url\":\"https:\\\/\\\/secure.gravatar.com\\\/avatar\\\/913acc38ce102bffd85b7d788472a0913fa53d9b1fe59056f1fe4e704a8231cb?s=96&d=mm&r=g\",\"contentUrl\":\"https:\\\/\\\/secure.gravatar.com\\\/avatar\\\/913acc38ce102bffd85b7d788472a0913fa53d9b1fe59056f1fe4e704a8231cb?s=96&d=mm&r=g\",\"caption\":\"gruene_reilingen\"},\"sameAs\":[\"http:\\\/\\\/www.gruene-reilingen.de\"],\"url\":\"https:\\\/\\\/gruene-reilingen.de\\\/?author=2\"}]}<\/script>\n<!-- \/ Yoast SEO plugin. -->","yoast_head_json":{"title":"Haushaltsrede der Fraktion B\u00fcndnis'90\/Die Gr\u00fcnen - B\u00dcNDNIS 90\/DIE GR\u00dcNEN REILINGEN","robots":{"index":"index","follow":"follow","max-snippet":"max-snippet:-1","max-image-preview":"max-image-preview:large","max-video-preview":"max-video-preview:-1"},"canonical":"https:\/\/gruene-reilingen.de\/?p=2590","og_locale":"de_DE","og_type":"article","og_title":"Haushaltsrede der Fraktion B\u00fcndnis'90\/Die Gr\u00fcnen - B\u00dcNDNIS 90\/DIE GR\u00dcNEN REILINGEN","og_description":"Sehr geehrter Herr B\u00fcrgermeister, werte Damen und Herren des Gemeinderats, sehr geehrte Verwaltung, sehr geehrtes Publikum, liebe Reilinger*innen! Die Fraktion B\u00fcndnis 90\/Die Gr\u00fcnen k\u00f6nnen diesem Haushalt die Zustimmung eigentlich nur [&hellip;]","og_url":"https:\/\/gruene-reilingen.de\/?p=2590","og_site_name":"B\u00dcNDNIS 90\/DIE GR\u00dcNEN REILINGEN","article_published_time":"2024-02-19T21:37:02+00:00","article_modified_time":"2024-02-19T21:37:58+00:00","author":"gruene_reilingen","twitter_card":"summary_large_image","twitter_misc":{"Verfasst von":"gruene_reilingen","Gesch\u00e4tzte Lesezeit":"6\u00a0Minuten"},"schema":{"@context":"https:\/\/schema.org","@graph":[{"@type":"Article","@id":"https:\/\/gruene-reilingen.de\/?p=2590#article","isPartOf":{"@id":"https:\/\/gruene-reilingen.de\/?p=2590"},"author":{"name":"gruene_reilingen","@id":"https:\/\/gruene-reilingen.de\/#\/schema\/person\/f9da928f04550d0db757afd781f08df8"},"headline":"Haushaltsrede der Fraktion B\u00fcndnis&#8217;90\/Die Gr\u00fcnen","datePublished":"2024-02-19T21:37:02+00:00","dateModified":"2024-02-19T21:37:58+00:00","mainEntityOfPage":{"@id":"https:\/\/gruene-reilingen.de\/?p=2590"},"wordCount":1142,"commentCount":0,"articleSection":["News"],"inLanguage":"de","potentialAction":[{"@type":"CommentAction","name":"Comment","target":["https:\/\/gruene-reilingen.de\/?p=2590#respond"]}]},{"@type":"WebPage","@id":"https:\/\/gruene-reilingen.de\/?p=2590","url":"https:\/\/gruene-reilingen.de\/?p=2590","name":"Haushaltsrede der Fraktion B\u00fcndnis'90\/Die Gr\u00fcnen - B\u00dcNDNIS 90\/DIE GR\u00dcNEN REILINGEN","isPartOf":{"@id":"https:\/\/gruene-reilingen.de\/#website"},"datePublished":"2024-02-19T21:37:02+00:00","dateModified":"2024-02-19T21:37:58+00:00","author":{"@id":"https:\/\/gruene-reilingen.de\/#\/schema\/person\/f9da928f04550d0db757afd781f08df8"},"breadcrumb":{"@id":"https:\/\/gruene-reilingen.de\/?p=2590#breadcrumb"},"inLanguage":"de","potentialAction":[{"@type":"ReadAction","target":["https:\/\/gruene-reilingen.de\/?p=2590"]}]},{"@type":"BreadcrumbList","@id":"https:\/\/gruene-reilingen.de\/?p=2590#breadcrumb","itemListElement":[{"@type":"ListItem","position":1,"name":"Startseite","item":"https:\/\/gruene-reilingen.de\/"},{"@type":"ListItem","position":2,"name":"Haushaltsrede der Fraktion B\u00fcndnis&#8217;90\/Die Gr\u00fcnen"}]},{"@type":"WebSite","@id":"https:\/\/gruene-reilingen.de\/#website","url":"https:\/\/gruene-reilingen.de\/","name":"B\u00dcNDNIS 90\/DIE GR\u00dcNEN REILINGEN","description":"","potentialAction":[{"@type":"SearchAction","target":{"@type":"EntryPoint","urlTemplate":"https:\/\/gruene-reilingen.de\/?s={search_term_string}"},"query-input":{"@type":"PropertyValueSpecification","valueRequired":true,"valueName":"search_term_string"}}],"inLanguage":"de"},{"@type":"Person","@id":"https:\/\/gruene-reilingen.de\/#\/schema\/person\/f9da928f04550d0db757afd781f08df8","name":"gruene_reilingen","image":{"@type":"ImageObject","inLanguage":"de","@id":"https:\/\/secure.gravatar.com\/avatar\/913acc38ce102bffd85b7d788472a0913fa53d9b1fe59056f1fe4e704a8231cb?s=96&d=mm&r=g","url":"https:\/\/secure.gravatar.com\/avatar\/913acc38ce102bffd85b7d788472a0913fa53d9b1fe59056f1fe4e704a8231cb?s=96&d=mm&r=g","contentUrl":"https:\/\/secure.gravatar.com\/avatar\/913acc38ce102bffd85b7d788472a0913fa53d9b1fe59056f1fe4e704a8231cb?s=96&d=mm&r=g","caption":"gruene_reilingen"},"sameAs":["http:\/\/www.gruene-reilingen.de"],"url":"https:\/\/gruene-reilingen.de\/?author=2"}]}},"_links":{"self":[{"href":"https:\/\/gruene-reilingen.de\/index.php?rest_route=\/wp\/v2\/posts\/2590","targetHints":{"allow":["GET"]}}],"collection":[{"href":"https:\/\/gruene-reilingen.de\/index.php?rest_route=\/wp\/v2\/posts"}],"about":[{"href":"https:\/\/gruene-reilingen.de\/index.php?rest_route=\/wp\/v2\/types\/post"}],"author":[{"embeddable":true,"href":"https:\/\/gruene-reilingen.de\/index.php?rest_route=\/wp\/v2\/users\/2"}],"replies":[{"embeddable":true,"href":"https:\/\/gruene-reilingen.de\/index.php?rest_route=%2Fwp%2Fv2%2Fcomments&post=2590"}],"version-history":[{"count":2,"href":"https:\/\/gruene-reilingen.de\/index.php?rest_route=\/wp\/v2\/posts\/2590\/revisions"}],"predecessor-version":[{"id":2592,"href":"https:\/\/gruene-reilingen.de\/index.php?rest_route=\/wp\/v2\/posts\/2590\/revisions\/2592"}],"wp:attachment":[{"href":"https:\/\/gruene-reilingen.de\/index.php?rest_route=%2Fwp%2Fv2%2Fmedia&parent=2590"}],"wp:term":[{"taxonomy":"category","embeddable":true,"href":"https:\/\/gruene-reilingen.de\/index.php?rest_route=%2Fwp%2Fv2%2Fcategories&post=2590"},{"taxonomy":"post_tag","embeddable":true,"href":"https:\/\/gruene-reilingen.de\/index.php?rest_route=%2Fwp%2Fv2%2Ftags&post=2590"}],"curies":[{"name":"wp","href":"https:\/\/api.w.org\/{rel}","templated":true}]}}