{"id":2607,"date":"2024-03-08T12:58:23","date_gmt":"2024-03-08T12:58:23","guid":{"rendered":"https:\/\/gruene-reilingen.de\/?p=2607"},"modified":"2024-03-27T15:56:48","modified_gmt":"2024-03-27T15:56:48","slug":"reilinger-gruene-gehen-mit-vollstaendiger-liste-ins-rennen-ortsverband-nominiert-kandidierende","status":"publish","type":"post","link":"https:\/\/gruene-reilingen.de\/?p=2607","title":{"rendered":"Reilinger Gr\u00fcne gehen mit vollst\u00e4ndiger Liste ins Rennen \/ Ortsverband nominiert Kandidierende"},"content":{"rendered":"\r\n\r\n\r\n\r\n\r\n\r\n\r\n\r\n \r\n\r\n\n<p>Der B\u00fcndnis\u201990\/Die Gr\u00fcnen-Ortsverband Reilingen hat seine 18 Kandidierenden f\u00fcr die Gemeinderatswahl am 09.06.2024 nominiert. Der Landtagsabgeordnete Dr. Andre Baumann f\u00fchrte als Versammlungsleiter durch die Nominierungsveranstaltung auf dem Wersauer Hof.&nbsp;<\/p>\n\n\n\n<p>Das vierk\u00f6pfige Spitzenteam besteht aus Ortsverbandssprecherin Anna-Lena Becker, Fraktionssprecher Simon Schell, der ehemaligen Fraktionssprecherin Lisa Dorn und dem Ortsverbandssprecher Jochen Rotter.<\/p>\n\n\n\n<p>Mit 10 Frauen und 8 M\u00e4nnern zwischen 25 Jahren und 62 Jahren (Altersschnitt: 43,0), darunter allen b\u00fcndnisgr\u00fcnen aktuellen und ehemaligen Gemeinderatsmitgliedern gehen die Reilinger Gr\u00fcnen ins Rennen. Neben den etablierten und erfahrenen Kandidierenden sind dieses Mal auch 8 Kandidierende dabei, die erstmals f\u00fcr die Reilinger Gr\u00fcnen antreten. Sie setzen sich f\u00fcr Reilingen ein. Sei es in den zahlreichen Vereinen, im Elternbeirat, in der Feuerwehr, in der Kirchengemeinde.<\/p>\n\n\n\n<p>Sie alle treten f\u00fcr mehr Natur- und Umweltschutz, f\u00fcr eine Mobilit\u00e4t mit Zukunft, f\u00fcr verl\u00e4ssliche Bildung, f\u00fcr B\u00f6den voller Leben und f\u00fcr ein starkes Miteinander an.<\/p>\n\n\n\n<p>Die Gemeinderatskandidierenden:<\/p>\n\n\n\n<ol class=\"wp-block-list\">\n<li>Anna-Lena Becker, 40, Selbst\u00e4ndig<\/li>\n\n\n\n<li>Simon Schell, 45, Lehrer<\/li>\n\n\n\n<li>Lisa Dorn, 30, p\u00e4dagogische Fachkraft in Elternzeit<\/li>\n\n\n\n<li>Jochen Rotter, 43, Krankenkassenbetriebswirt<\/li>\n\n\n\n<li>Heike D\u00f6hren, 57, Lehrerin<\/li>\n\n\n\n<li>Oliver Keim, System-Analytiker<\/li>\n\n\n\n<li>Janina Frener, 35, Staatlich anerkannte Erzieherin<\/li>\n\n\n\n<li>Michael Hoffmann, 60, Landwirt und Maschinenbauingenieur<\/li>\n\n\n\n<li>Irina Hilken, 47, Polizeibeamtin<\/li>\n\n\n\n<li>Herbert Nehiba, 56, Hausmeister<\/li>\n\n\n\n<li>Carolin Hoffmann, 30, Landwirtschaftsamtsfrauanw\u00e4rterin<\/li>\n\n\n\n<li>Thomas Brox, 36, Lehrer<\/li>\n\n\n\n<li>Uschi Troy, 62, kaufm\u00e4nnische Angestellte<\/li>\n\n\n\n<li>Sebastian Ehrstein, 33, Projektingenieur Brandschutz<\/li>\n\n\n\n<li>Maren Schulte, Lehrerin<\/li>\n\n\n\n<li>Robin Ciuman, 25, Texter<\/li>\n\n\n\n<li>Susanne Fraser, 38, Vertriebskoordinatorin<\/li>\n\n\n\n<li>Anna-Lena Gef\u00e4ller, 34, Finanzbeamtin<\/li>\n<\/ol>\n\n\n\n<figure class=\"wp-block-image size-large\"><a href=\"https:\/\/gruene-reilingen.de\/wp-content\/uploads\/2024\/03\/Nominierung-2024.jpeg\"><img loading=\"lazy\" decoding=\"async\" width=\"375\" height=\"500\" src=\"https:\/\/gruene-reilingen.de\/wp-content\/uploads\/2024\/03\/Nominierung-2024-375x500.jpeg\" alt=\"\" class=\"wp-image-2608\" srcset=\"https:\/\/gruene-reilingen.de\/wp-content\/uploads\/2024\/03\/Nominierung-2024-375x500.jpeg 375w, https:\/\/gruene-reilingen.de\/wp-content\/uploads\/2024\/03\/Nominierung-2024-278x370.jpeg 278w, https:\/\/gruene-reilingen.de\/wp-content\/uploads\/2024\/03\/Nominierung-2024-768x1024.jpeg 768w, https:\/\/gruene-reilingen.de\/wp-content\/uploads\/2024\/03\/Nominierung-2024-1152x1536.jpeg 1152w, https:\/\/gruene-reilingen.de\/wp-content\/uploads\/2024\/03\/Nominierung-2024.jpeg 1200w\" sizes=\"auto, (max-width: 375px) 100vw, 375px\" \/><\/a><\/figure>\n","protected":false},"excerpt":{"rendered":"<p>Der B\u00fcndnis\u201990\/Die Gr\u00fcnen-Ortsverband Reilingen hat seine 18 Kandidierenden f\u00fcr die Gemeinderatswahl am 09.06.2024 nominiert. Der Landtagsabgeordnete Dr. Andre Baumann f\u00fchrte als Versammlungsleiter durch die Nominierungsveranstaltung auf dem Wersauer Hof.&nbsp; Das [&hellip;]<\/p>\n","protected":false},"author":-1,"featured_media":0,"comment_status":"open","ping_status":"open","sticky":false,"template":"","format":"standard","meta":{"footnotes":""},"categories":[3],"tags":[],"class_list":["post-2607","post","type-post","status-publish","format-standard","hentry","category-news"],"yoast_head":"<!-- This site is optimized with the Yoast SEO plugin v27.5 - https:\/\/yoast.com\/product\/yoast-seo-wordpress\/ -->\n<title>Reilinger Gr\u00fcne gehen mit vollst\u00e4ndiger Liste ins Rennen \/ Ortsverband nominiert Kandidierende - B\u00dcNDNIS 90\/DIE GR\u00dcNEN REILINGEN<\/title>\n<meta name=\"robots\" content=\"index, follow, max-snippet:-1, max-image-preview:large, max-video-preview:-1\" \/>\n<link rel=\"canonical\" href=\"https:\/\/gruene-reilingen.de\/?p=2607\" \/>\n<meta property=\"og:locale\" content=\"de_DE\" \/>\n<meta property=\"og:type\" content=\"article\" \/>\n<meta property=\"og:title\" content=\"Reilinger Gr\u00fcne gehen mit vollst\u00e4ndiger Liste ins Rennen \/ Ortsverband nominiert Kandidierende - B\u00dcNDNIS 90\/DIE GR\u00dcNEN REILINGEN\" \/>\n<meta property=\"og:description\" content=\"Der B\u00fcndnis\u201990\/Die Gr\u00fcnen-Ortsverband Reilingen hat seine 18 Kandidierenden f\u00fcr die Gemeinderatswahl am 09.06.2024 nominiert. Der Landtagsabgeordnete Dr. Andre Baumann f\u00fchrte als Versammlungsleiter durch die Nominierungsveranstaltung auf dem Wersauer Hof.&nbsp; Das [&hellip;]\" \/>\n<meta property=\"og:url\" content=\"https:\/\/gruene-reilingen.de\/?p=2607\" \/>\n<meta property=\"og:site_name\" content=\"B\u00dcNDNIS 90\/DIE GR\u00dcNEN REILINGEN\" \/>\n<meta property=\"article:published_time\" content=\"2024-03-08T12:58:23+00:00\" \/>\n<meta property=\"article:modified_time\" content=\"2024-03-27T15:56:48+00:00\" \/>\n<meta property=\"og:image\" content=\"https:\/\/gruene-reilingen.de\/wp-content\/uploads\/2024\/03\/Nominierung-2024-375x500.jpeg\" \/>\n<meta name=\"author\" content=\"gruene_reilingen\" \/>\n<meta name=\"twitter:card\" content=\"summary_large_image\" \/>\n<meta name=\"twitter:label1\" content=\"Verfasst von\" \/>\n\t<meta name=\"twitter:data1\" content=\"gruene_reilingen\" \/>\n\t<meta name=\"twitter:label2\" content=\"Gesch\u00e4tzte Lesezeit\" \/>\n\t<meta name=\"twitter:data2\" content=\"2\u00a0Minuten\" \/>\n<script type=\"application\/ld+json\" class=\"yoast-schema-graph\">{\"@context\":\"https:\\\/\\\/schema.org\",\"@graph\":[{\"@type\":\"Article\",\"@id\":\"https:\\\/\\\/gruene-reilingen.de\\\/?p=2607#article\",\"isPartOf\":{\"@id\":\"https:\\\/\\\/gruene-reilingen.de\\\/?p=2607\"},\"author\":{\"name\":\"gruene_reilingen\",\"@id\":\"https:\\\/\\\/gruene-reilingen.de\\\/#\\\/schema\\\/person\\\/f9da928f04550d0db757afd781f08df8\"},\"headline\":\"Reilinger Gr\u00fcne gehen mit vollst\u00e4ndiger Liste ins Rennen \\\/ Ortsverband nominiert Kandidierende\",\"datePublished\":\"2024-03-08T12:58:23+00:00\",\"dateModified\":\"2024-03-27T15:56:48+00:00\",\"mainEntityOfPage\":{\"@id\":\"https:\\\/\\\/gruene-reilingen.de\\\/?p=2607\"},\"wordCount\":241,\"commentCount\":0,\"image\":{\"@id\":\"https:\\\/\\\/gruene-reilingen.de\\\/?p=2607#primaryimage\"},\"thumbnailUrl\":\"https:\\\/\\\/gruene-reilingen.de\\\/wp-content\\\/uploads\\\/2024\\\/03\\\/Nominierung-2024-375x500.jpeg\",\"articleSection\":[\"News\"],\"inLanguage\":\"de\",\"potentialAction\":[{\"@type\":\"CommentAction\",\"name\":\"Comment\",\"target\":[\"https:\\\/\\\/gruene-reilingen.de\\\/?p=2607#respond\"]}]},{\"@type\":\"WebPage\",\"@id\":\"https:\\\/\\\/gruene-reilingen.de\\\/?p=2607\",\"url\":\"https:\\\/\\\/gruene-reilingen.de\\\/?p=2607\",\"name\":\"Reilinger Gr\u00fcne gehen mit vollst\u00e4ndiger Liste ins Rennen \\\/ Ortsverband nominiert Kandidierende - B\u00dcNDNIS 90\\\/DIE GR\u00dcNEN REILINGEN\",\"isPartOf\":{\"@id\":\"https:\\\/\\\/gruene-reilingen.de\\\/#website\"},\"primaryImageOfPage\":{\"@id\":\"https:\\\/\\\/gruene-reilingen.de\\\/?p=2607#primaryimage\"},\"image\":{\"@id\":\"https:\\\/\\\/gruene-reilingen.de\\\/?p=2607#primaryimage\"},\"thumbnailUrl\":\"https:\\\/\\\/gruene-reilingen.de\\\/wp-content\\\/uploads\\\/2024\\\/03\\\/Nominierung-2024-375x500.jpeg\",\"datePublished\":\"2024-03-08T12:58:23+00:00\",\"dateModified\":\"2024-03-27T15:56:48+00:00\",\"author\":{\"@id\":\"https:\\\/\\\/gruene-reilingen.de\\\/#\\\/schema\\\/person\\\/f9da928f04550d0db757afd781f08df8\"},\"breadcrumb\":{\"@id\":\"https:\\\/\\\/gruene-reilingen.de\\\/?p=2607#breadcrumb\"},\"inLanguage\":\"de\",\"potentialAction\":[{\"@type\":\"ReadAction\",\"target\":[\"https:\\\/\\\/gruene-reilingen.de\\\/?p=2607\"]}]},{\"@type\":\"ImageObject\",\"inLanguage\":\"de\",\"@id\":\"https:\\\/\\\/gruene-reilingen.de\\\/?p=2607#primaryimage\",\"url\":\"https:\\\/\\\/gruene-reilingen.de\\\/wp-content\\\/uploads\\\/2024\\\/03\\\/Nominierung-2024-375x500.jpeg\",\"contentUrl\":\"https:\\\/\\\/gruene-reilingen.de\\\/wp-content\\\/uploads\\\/2024\\\/03\\\/Nominierung-2024-375x500.jpeg\"},{\"@type\":\"BreadcrumbList\",\"@id\":\"https:\\\/\\\/gruene-reilingen.de\\\/?p=2607#breadcrumb\",\"itemListElement\":[{\"@type\":\"ListItem\",\"position\":1,\"name\":\"Startseite\",\"item\":\"https:\\\/\\\/gruene-reilingen.de\\\/\"},{\"@type\":\"ListItem\",\"position\":2,\"name\":\"Reilinger Gr\u00fcne gehen mit vollst\u00e4ndiger Liste ins Rennen \\\/ Ortsverband nominiert Kandidierende\"}]},{\"@type\":\"WebSite\",\"@id\":\"https:\\\/\\\/gruene-reilingen.de\\\/#website\",\"url\":\"https:\\\/\\\/gruene-reilingen.de\\\/\",\"name\":\"B\u00dcNDNIS 90\\\/DIE GR\u00dcNEN REILINGEN\",\"description\":\"\",\"potentialAction\":[{\"@type\":\"SearchAction\",\"target\":{\"@type\":\"EntryPoint\",\"urlTemplate\":\"https:\\\/\\\/gruene-reilingen.de\\\/?s={search_term_string}\"},\"query-input\":{\"@type\":\"PropertyValueSpecification\",\"valueRequired\":true,\"valueName\":\"search_term_string\"}}],\"inLanguage\":\"de\"},{\"@type\":\"Person\",\"@id\":\"https:\\\/\\\/gruene-reilingen.de\\\/#\\\/schema\\\/person\\\/f9da928f04550d0db757afd781f08df8\",\"name\":\"gruene_reilingen\",\"image\":{\"@type\":\"ImageObject\",\"inLanguage\":\"de\",\"@id\":\"https:\\\/\\\/secure.gravatar.com\\\/avatar\\\/913acc38ce102bffd85b7d788472a0913fa53d9b1fe59056f1fe4e704a8231cb?s=96&d=mm&r=g\",\"url\":\"https:\\\/\\\/secure.gravatar.com\\\/avatar\\\/913acc38ce102bffd85b7d788472a0913fa53d9b1fe59056f1fe4e704a8231cb?s=96&d=mm&r=g\",\"contentUrl\":\"https:\\\/\\\/secure.gravatar.com\\\/avatar\\\/913acc38ce102bffd85b7d788472a0913fa53d9b1fe59056f1fe4e704a8231cb?s=96&d=mm&r=g\",\"caption\":\"gruene_reilingen\"},\"sameAs\":[\"http:\\\/\\\/www.gruene-reilingen.de\"],\"url\":\"https:\\\/\\\/gruene-reilingen.de\\\/?author=2\"}]}<\/script>\n<!-- \/ Yoast SEO plugin. -->","yoast_head_json":{"title":"Reilinger Gr\u00fcne gehen mit vollst\u00e4ndiger Liste ins Rennen \/ Ortsverband nominiert Kandidierende - B\u00dcNDNIS 90\/DIE GR\u00dcNEN REILINGEN","robots":{"index":"index","follow":"follow","max-snippet":"max-snippet:-1","max-image-preview":"max-image-preview:large","max-video-preview":"max-video-preview:-1"},"canonical":"https:\/\/gruene-reilingen.de\/?p=2607","og_locale":"de_DE","og_type":"article","og_title":"Reilinger Gr\u00fcne gehen mit vollst\u00e4ndiger Liste ins Rennen \/ Ortsverband nominiert Kandidierende - B\u00dcNDNIS 90\/DIE GR\u00dcNEN REILINGEN","og_description":"Der B\u00fcndnis\u201990\/Die Gr\u00fcnen-Ortsverband Reilingen hat seine 18 Kandidierenden f\u00fcr die Gemeinderatswahl am 09.06.2024 nominiert. Der Landtagsabgeordnete Dr. Andre Baumann f\u00fchrte als Versammlungsleiter durch die Nominierungsveranstaltung auf dem Wersauer Hof.&nbsp; Das [&hellip;]","og_url":"https:\/\/gruene-reilingen.de\/?p=2607","og_site_name":"B\u00dcNDNIS 90\/DIE GR\u00dcNEN REILINGEN","article_published_time":"2024-03-08T12:58:23+00:00","article_modified_time":"2024-03-27T15:56:48+00:00","og_image":[{"url":"https:\/\/gruene-reilingen.de\/wp-content\/uploads\/2024\/03\/Nominierung-2024-375x500.jpeg","type":"","width":"","height":""}],"author":"gruene_reilingen","twitter_card":"summary_large_image","twitter_misc":{"Verfasst von":"gruene_reilingen","Gesch\u00e4tzte Lesezeit":"2\u00a0Minuten"},"schema":{"@context":"https:\/\/schema.org","@graph":[{"@type":"Article","@id":"https:\/\/gruene-reilingen.de\/?p=2607#article","isPartOf":{"@id":"https:\/\/gruene-reilingen.de\/?p=2607"},"author":{"name":"gruene_reilingen","@id":"https:\/\/gruene-reilingen.de\/#\/schema\/person\/f9da928f04550d0db757afd781f08df8"},"headline":"Reilinger Gr\u00fcne gehen mit vollst\u00e4ndiger Liste ins Rennen \/ Ortsverband nominiert Kandidierende","datePublished":"2024-03-08T12:58:23+00:00","dateModified":"2024-03-27T15:56:48+00:00","mainEntityOfPage":{"@id":"https:\/\/gruene-reilingen.de\/?p=2607"},"wordCount":241,"commentCount":0,"image":{"@id":"https:\/\/gruene-reilingen.de\/?p=2607#primaryimage"},"thumbnailUrl":"https:\/\/gruene-reilingen.de\/wp-content\/uploads\/2024\/03\/Nominierung-2024-375x500.jpeg","articleSection":["News"],"inLanguage":"de","potentialAction":[{"@type":"CommentAction","name":"Comment","target":["https:\/\/gruene-reilingen.de\/?p=2607#respond"]}]},{"@type":"WebPage","@id":"https:\/\/gruene-reilingen.de\/?p=2607","url":"https:\/\/gruene-reilingen.de\/?p=2607","name":"Reilinger Gr\u00fcne gehen mit vollst\u00e4ndiger Liste ins Rennen \/ Ortsverband nominiert Kandidierende - B\u00dcNDNIS 90\/DIE GR\u00dcNEN REILINGEN","isPartOf":{"@id":"https:\/\/gruene-reilingen.de\/#website"},"primaryImageOfPage":{"@id":"https:\/\/gruene-reilingen.de\/?p=2607#primaryimage"},"image":{"@id":"https:\/\/gruene-reilingen.de\/?p=2607#primaryimage"},"thumbnailUrl":"https:\/\/gruene-reilingen.de\/wp-content\/uploads\/2024\/03\/Nominierung-2024-375x500.jpeg","datePublished":"2024-03-08T12:58:23+00:00","dateModified":"2024-03-27T15:56:48+00:00","author":{"@id":"https:\/\/gruene-reilingen.de\/#\/schema\/person\/f9da928f04550d0db757afd781f08df8"},"breadcrumb":{"@id":"https:\/\/gruene-reilingen.de\/?p=2607#breadcrumb"},"inLanguage":"de","potentialAction":[{"@type":"ReadAction","target":["https:\/\/gruene-reilingen.de\/?p=2607"]}]},{"@type":"ImageObject","inLanguage":"de","@id":"https:\/\/gruene-reilingen.de\/?p=2607#primaryimage","url":"https:\/\/gruene-reilingen.de\/wp-content\/uploads\/2024\/03\/Nominierung-2024-375x500.jpeg","contentUrl":"https:\/\/gruene-reilingen.de\/wp-content\/uploads\/2024\/03\/Nominierung-2024-375x500.jpeg"},{"@type":"BreadcrumbList","@id":"https:\/\/gruene-reilingen.de\/?p=2607#breadcrumb","itemListElement":[{"@type":"ListItem","position":1,"name":"Startseite","item":"https:\/\/gruene-reilingen.de\/"},{"@type":"ListItem","position":2,"name":"Reilinger Gr\u00fcne gehen mit vollst\u00e4ndiger Liste ins Rennen \/ Ortsverband nominiert Kandidierende"}]},{"@type":"WebSite","@id":"https:\/\/gruene-reilingen.de\/#website","url":"https:\/\/gruene-reilingen.de\/","name":"B\u00dcNDNIS 90\/DIE GR\u00dcNEN REILINGEN","description":"","potentialAction":[{"@type":"SearchAction","target":{"@type":"EntryPoint","urlTemplate":"https:\/\/gruene-reilingen.de\/?s={search_term_string}"},"query-input":{"@type":"PropertyValueSpecification","valueRequired":true,"valueName":"search_term_string"}}],"inLanguage":"de"},{"@type":"Person","@id":"https:\/\/gruene-reilingen.de\/#\/schema\/person\/f9da928f04550d0db757afd781f08df8","name":"gruene_reilingen","image":{"@type":"ImageObject","inLanguage":"de","@id":"https:\/\/secure.gravatar.com\/avatar\/913acc38ce102bffd85b7d788472a0913fa53d9b1fe59056f1fe4e704a8231cb?s=96&d=mm&r=g","url":"https:\/\/secure.gravatar.com\/avatar\/913acc38ce102bffd85b7d788472a0913fa53d9b1fe59056f1fe4e704a8231cb?s=96&d=mm&r=g","contentUrl":"https:\/\/secure.gravatar.com\/avatar\/913acc38ce102bffd85b7d788472a0913fa53d9b1fe59056f1fe4e704a8231cb?s=96&d=mm&r=g","caption":"gruene_reilingen"},"sameAs":["http:\/\/www.gruene-reilingen.de"],"url":"https:\/\/gruene-reilingen.de\/?author=2"}]}},"_links":{"self":[{"href":"https:\/\/gruene-reilingen.de\/index.php?rest_route=\/wp\/v2\/posts\/2607","targetHints":{"allow":["GET"]}}],"collection":[{"href":"https:\/\/gruene-reilingen.de\/index.php?rest_route=\/wp\/v2\/posts"}],"about":[{"href":"https:\/\/gruene-reilingen.de\/index.php?rest_route=\/wp\/v2\/types\/post"}],"author":[{"embeddable":true,"href":"https:\/\/gruene-reilingen.de\/index.php?rest_route=\/wp\/v2\/users\/2"}],"replies":[{"embeddable":true,"href":"https:\/\/gruene-reilingen.de\/index.php?rest_route=%2Fwp%2Fv2%2Fcomments&post=2607"}],"version-history":[{"count":2,"href":"https:\/\/gruene-reilingen.de\/index.php?rest_route=\/wp\/v2\/posts\/2607\/revisions"}],"predecessor-version":[{"id":2614,"href":"https:\/\/gruene-reilingen.de\/index.php?rest_route=\/wp\/v2\/posts\/2607\/revisions\/2614"}],"wp:attachment":[{"href":"https:\/\/gruene-reilingen.de\/index.php?rest_route=%2Fwp%2Fv2%2Fmedia&parent=2607"}],"wp:term":[{"taxonomy":"category","embeddable":true,"href":"https:\/\/gruene-reilingen.de\/index.php?rest_route=%2Fwp%2Fv2%2Fcategories&post=2607"},{"taxonomy":"post_tag","embeddable":true,"href":"https:\/\/gruene-reilingen.de\/index.php?rest_route=%2Fwp%2Fv2%2Ftags&post=2607"}],"curies":[{"name":"wp","href":"https:\/\/api.w.org\/{rel}","templated":true}]}}