{"id":2634,"date":"2024-04-15T19:37:31","date_gmt":"2024-04-15T19:37:31","guid":{"rendered":"https:\/\/gruene-reilingen.de\/?p=2634"},"modified":"2024-04-15T19:37:32","modified_gmt":"2024-04-15T19:37:32","slug":"stellungnahme-zum-archaeologiepark-burg-wersau-weiteres-vorgehen-errichtung-eines-empfangsgebaeudes","status":"publish","type":"post","link":"https:\/\/gruene-reilingen.de\/?p=2634","title":{"rendered":"Stellungnahme zum Arch\u00e4ologiepark Burg Wersau (weiteres Vorgehen: Errichtung eines Empfangsgeb\u00e4udes)"},"content":{"rendered":"\r\n\r\n\r\n\r\n\r\n\r\n\r\n\r\n \r\n\r\n\n<p>Wir danken dem jahrelangen Engagement der Ehrenamtlichen des Arbeitskreises Burg Wersau der Freunde Reilinger Geschichte, ohne die wir nicht die Grundlage h\u00e4tten, einen Arch\u00e4ologiepark von \u00fcberregionalem Rang errichten zu k\u00f6nnen.<\/p>\n\n\n\n<p>Die historische Bedeutung des Wersau-Areals ist unbestritten und die Burg unter der Grasnarbe geh\u00f6rt zu Reilingen. Zudem ist seit 2007 das Gel\u00e4nde im Eigentum der Gemeinde.<\/p>\n\n\n\n<p>Der n\u00e4chste Schritt zur Realisierung des bereits einige Zeit vorliegenden Konzepts des Arch\u00e4ologieparks ist die Errichtung eines kleinen Empfangsgeb\u00e4udes, f\u00fcr das die Haushaltsmittel zur Verf\u00fcgung stehen. Etwas Lagerkapazit\u00e4t, eine grundlegende Infrastruktur f\u00fcr Besuchende und Ehrenamtliche, ein bescheidener, aber w\u00fcrdevoller Rahmen, um im Namen Reilingens G\u00e4ste zu empfangen. Und vor allem endlich sanit\u00e4re Einrichtungen vor Ort. Leider ist bauen teuer, jedoch k\u00f6nnen wir hiermit den Grundstein f\u00fcr ein wichtiges kulturelles Angebot schaffen.<\/p>\n\n\n\n<p>Die Fraktion der Reilinger Gr\u00fcnen stimmt f\u00fcr die Realisierung eines schlichten Funktionsgeb\u00e4udes auf Grundlage der Variante 1 (\u201ekleine L\u00f6sung\u201c).<\/p>\n","protected":false},"excerpt":{"rendered":"<p>Wir danken dem jahrelangen Engagement der Ehrenamtlichen des Arbeitskreises Burg Wersau der Freunde Reilinger Geschichte, ohne die wir nicht die Grundlage h\u00e4tten, einen Arch\u00e4ologiepark von \u00fcberregionalem Rang errichten zu k\u00f6nnen. [&hellip;]<\/p>\n","protected":false},"author":-1,"featured_media":0,"comment_status":"open","ping_status":"open","sticky":false,"template":"","format":"standard","meta":{"footnotes":""},"categories":[3],"tags":[],"class_list":["post-2634","post","type-post","status-publish","format-standard","hentry","category-news"],"yoast_head":"<!-- This site is optimized with the Yoast SEO plugin v27.5 - https:\/\/yoast.com\/product\/yoast-seo-wordpress\/ -->\n<title>Stellungnahme zum Arch\u00e4ologiepark Burg Wersau (weiteres Vorgehen: Errichtung eines Empfangsgeb\u00e4udes) - B\u00dcNDNIS 90\/DIE GR\u00dcNEN REILINGEN<\/title>\n<meta name=\"robots\" content=\"index, follow, max-snippet:-1, max-image-preview:large, max-video-preview:-1\" \/>\n<link rel=\"canonical\" href=\"https:\/\/gruene-reilingen.de\/?p=2634\" \/>\n<meta property=\"og:locale\" content=\"de_DE\" \/>\n<meta property=\"og:type\" content=\"article\" \/>\n<meta property=\"og:title\" content=\"Stellungnahme zum Arch\u00e4ologiepark Burg Wersau (weiteres Vorgehen: Errichtung eines Empfangsgeb\u00e4udes) - B\u00dcNDNIS 90\/DIE GR\u00dcNEN REILINGEN\" \/>\n<meta property=\"og:description\" content=\"Wir danken dem jahrelangen Engagement der Ehrenamtlichen des Arbeitskreises Burg Wersau der Freunde Reilinger Geschichte, ohne die wir nicht die Grundlage h\u00e4tten, einen Arch\u00e4ologiepark von \u00fcberregionalem Rang errichten zu k\u00f6nnen. [&hellip;]\" \/>\n<meta property=\"og:url\" content=\"https:\/\/gruene-reilingen.de\/?p=2634\" \/>\n<meta property=\"og:site_name\" content=\"B\u00dcNDNIS 90\/DIE GR\u00dcNEN REILINGEN\" \/>\n<meta property=\"article:published_time\" content=\"2024-04-15T19:37:31+00:00\" \/>\n<meta property=\"article:modified_time\" content=\"2024-04-15T19:37:32+00:00\" \/>\n<meta name=\"author\" content=\"gruene_reilingen\" \/>\n<meta name=\"twitter:card\" content=\"summary_large_image\" \/>\n<meta name=\"twitter:label1\" content=\"Verfasst von\" \/>\n\t<meta name=\"twitter:data1\" content=\"gruene_reilingen\" \/>\n\t<meta name=\"twitter:label2\" content=\"Gesch\u00e4tzte Lesezeit\" \/>\n\t<meta name=\"twitter:data2\" content=\"1\u00a0Minute\" \/>\n<script type=\"application\/ld+json\" class=\"yoast-schema-graph\">{\"@context\":\"https:\\\/\\\/schema.org\",\"@graph\":[{\"@type\":\"Article\",\"@id\":\"https:\\\/\\\/gruene-reilingen.de\\\/?p=2634#article\",\"isPartOf\":{\"@id\":\"https:\\\/\\\/gruene-reilingen.de\\\/?p=2634\"},\"author\":{\"name\":\"gruene_reilingen\",\"@id\":\"https:\\\/\\\/gruene-reilingen.de\\\/#\\\/schema\\\/person\\\/f9da928f04550d0db757afd781f08df8\"},\"headline\":\"Stellungnahme zum Arch\u00e4ologiepark Burg Wersau (weiteres Vorgehen: Errichtung eines Empfangsgeb\u00e4udes)\",\"datePublished\":\"2024-04-15T19:37:31+00:00\",\"dateModified\":\"2024-04-15T19:37:32+00:00\",\"mainEntityOfPage\":{\"@id\":\"https:\\\/\\\/gruene-reilingen.de\\\/?p=2634\"},\"wordCount\":177,\"commentCount\":0,\"articleSection\":[\"News\"],\"inLanguage\":\"de\",\"potentialAction\":[{\"@type\":\"CommentAction\",\"name\":\"Comment\",\"target\":[\"https:\\\/\\\/gruene-reilingen.de\\\/?p=2634#respond\"]}]},{\"@type\":\"WebPage\",\"@id\":\"https:\\\/\\\/gruene-reilingen.de\\\/?p=2634\",\"url\":\"https:\\\/\\\/gruene-reilingen.de\\\/?p=2634\",\"name\":\"Stellungnahme zum Arch\u00e4ologiepark Burg Wersau (weiteres Vorgehen: Errichtung eines Empfangsgeb\u00e4udes) - B\u00dcNDNIS 90\\\/DIE GR\u00dcNEN REILINGEN\",\"isPartOf\":{\"@id\":\"https:\\\/\\\/gruene-reilingen.de\\\/#website\"},\"datePublished\":\"2024-04-15T19:37:31+00:00\",\"dateModified\":\"2024-04-15T19:37:32+00:00\",\"author\":{\"@id\":\"https:\\\/\\\/gruene-reilingen.de\\\/#\\\/schema\\\/person\\\/f9da928f04550d0db757afd781f08df8\"},\"breadcrumb\":{\"@id\":\"https:\\\/\\\/gruene-reilingen.de\\\/?p=2634#breadcrumb\"},\"inLanguage\":\"de\",\"potentialAction\":[{\"@type\":\"ReadAction\",\"target\":[\"https:\\\/\\\/gruene-reilingen.de\\\/?p=2634\"]}]},{\"@type\":\"BreadcrumbList\",\"@id\":\"https:\\\/\\\/gruene-reilingen.de\\\/?p=2634#breadcrumb\",\"itemListElement\":[{\"@type\":\"ListItem\",\"position\":1,\"name\":\"Startseite\",\"item\":\"https:\\\/\\\/gruene-reilingen.de\\\/\"},{\"@type\":\"ListItem\",\"position\":2,\"name\":\"Stellungnahme zum Arch\u00e4ologiepark Burg Wersau (weiteres Vorgehen: Errichtung eines Empfangsgeb\u00e4udes)\"}]},{\"@type\":\"WebSite\",\"@id\":\"https:\\\/\\\/gruene-reilingen.de\\\/#website\",\"url\":\"https:\\\/\\\/gruene-reilingen.de\\\/\",\"name\":\"B\u00dcNDNIS 90\\\/DIE GR\u00dcNEN REILINGEN\",\"description\":\"\",\"potentialAction\":[{\"@type\":\"SearchAction\",\"target\":{\"@type\":\"EntryPoint\",\"urlTemplate\":\"https:\\\/\\\/gruene-reilingen.de\\\/?s={search_term_string}\"},\"query-input\":{\"@type\":\"PropertyValueSpecification\",\"valueRequired\":true,\"valueName\":\"search_term_string\"}}],\"inLanguage\":\"de\"},{\"@type\":\"Person\",\"@id\":\"https:\\\/\\\/gruene-reilingen.de\\\/#\\\/schema\\\/person\\\/f9da928f04550d0db757afd781f08df8\",\"name\":\"gruene_reilingen\",\"image\":{\"@type\":\"ImageObject\",\"inLanguage\":\"de\",\"@id\":\"https:\\\/\\\/secure.gravatar.com\\\/avatar\\\/913acc38ce102bffd85b7d788472a0913fa53d9b1fe59056f1fe4e704a8231cb?s=96&d=mm&r=g\",\"url\":\"https:\\\/\\\/secure.gravatar.com\\\/avatar\\\/913acc38ce102bffd85b7d788472a0913fa53d9b1fe59056f1fe4e704a8231cb?s=96&d=mm&r=g\",\"contentUrl\":\"https:\\\/\\\/secure.gravatar.com\\\/avatar\\\/913acc38ce102bffd85b7d788472a0913fa53d9b1fe59056f1fe4e704a8231cb?s=96&d=mm&r=g\",\"caption\":\"gruene_reilingen\"},\"sameAs\":[\"http:\\\/\\\/www.gruene-reilingen.de\"],\"url\":\"https:\\\/\\\/gruene-reilingen.de\\\/?author=2\"}]}<\/script>\n<!-- \/ Yoast SEO plugin. -->","yoast_head_json":{"title":"Stellungnahme zum Arch\u00e4ologiepark Burg Wersau (weiteres Vorgehen: Errichtung eines Empfangsgeb\u00e4udes) - B\u00dcNDNIS 90\/DIE GR\u00dcNEN REILINGEN","robots":{"index":"index","follow":"follow","max-snippet":"max-snippet:-1","max-image-preview":"max-image-preview:large","max-video-preview":"max-video-preview:-1"},"canonical":"https:\/\/gruene-reilingen.de\/?p=2634","og_locale":"de_DE","og_type":"article","og_title":"Stellungnahme zum Arch\u00e4ologiepark Burg Wersau (weiteres Vorgehen: Errichtung eines Empfangsgeb\u00e4udes) - B\u00dcNDNIS 90\/DIE GR\u00dcNEN REILINGEN","og_description":"Wir danken dem jahrelangen Engagement der Ehrenamtlichen des Arbeitskreises Burg Wersau der Freunde Reilinger Geschichte, ohne die wir nicht die Grundlage h\u00e4tten, einen Arch\u00e4ologiepark von \u00fcberregionalem Rang errichten zu k\u00f6nnen. [&hellip;]","og_url":"https:\/\/gruene-reilingen.de\/?p=2634","og_site_name":"B\u00dcNDNIS 90\/DIE GR\u00dcNEN REILINGEN","article_published_time":"2024-04-15T19:37:31+00:00","article_modified_time":"2024-04-15T19:37:32+00:00","author":"gruene_reilingen","twitter_card":"summary_large_image","twitter_misc":{"Verfasst von":"gruene_reilingen","Gesch\u00e4tzte Lesezeit":"1\u00a0Minute"},"schema":{"@context":"https:\/\/schema.org","@graph":[{"@type":"Article","@id":"https:\/\/gruene-reilingen.de\/?p=2634#article","isPartOf":{"@id":"https:\/\/gruene-reilingen.de\/?p=2634"},"author":{"name":"gruene_reilingen","@id":"https:\/\/gruene-reilingen.de\/#\/schema\/person\/f9da928f04550d0db757afd781f08df8"},"headline":"Stellungnahme zum Arch\u00e4ologiepark Burg Wersau (weiteres Vorgehen: Errichtung eines Empfangsgeb\u00e4udes)","datePublished":"2024-04-15T19:37:31+00:00","dateModified":"2024-04-15T19:37:32+00:00","mainEntityOfPage":{"@id":"https:\/\/gruene-reilingen.de\/?p=2634"},"wordCount":177,"commentCount":0,"articleSection":["News"],"inLanguage":"de","potentialAction":[{"@type":"CommentAction","name":"Comment","target":["https:\/\/gruene-reilingen.de\/?p=2634#respond"]}]},{"@type":"WebPage","@id":"https:\/\/gruene-reilingen.de\/?p=2634","url":"https:\/\/gruene-reilingen.de\/?p=2634","name":"Stellungnahme zum Arch\u00e4ologiepark Burg Wersau (weiteres Vorgehen: Errichtung eines Empfangsgeb\u00e4udes) - B\u00dcNDNIS 90\/DIE GR\u00dcNEN REILINGEN","isPartOf":{"@id":"https:\/\/gruene-reilingen.de\/#website"},"datePublished":"2024-04-15T19:37:31+00:00","dateModified":"2024-04-15T19:37:32+00:00","author":{"@id":"https:\/\/gruene-reilingen.de\/#\/schema\/person\/f9da928f04550d0db757afd781f08df8"},"breadcrumb":{"@id":"https:\/\/gruene-reilingen.de\/?p=2634#breadcrumb"},"inLanguage":"de","potentialAction":[{"@type":"ReadAction","target":["https:\/\/gruene-reilingen.de\/?p=2634"]}]},{"@type":"BreadcrumbList","@id":"https:\/\/gruene-reilingen.de\/?p=2634#breadcrumb","itemListElement":[{"@type":"ListItem","position":1,"name":"Startseite","item":"https:\/\/gruene-reilingen.de\/"},{"@type":"ListItem","position":2,"name":"Stellungnahme zum Arch\u00e4ologiepark Burg Wersau (weiteres Vorgehen: Errichtung eines Empfangsgeb\u00e4udes)"}]},{"@type":"WebSite","@id":"https:\/\/gruene-reilingen.de\/#website","url":"https:\/\/gruene-reilingen.de\/","name":"B\u00dcNDNIS 90\/DIE GR\u00dcNEN REILINGEN","description":"","potentialAction":[{"@type":"SearchAction","target":{"@type":"EntryPoint","urlTemplate":"https:\/\/gruene-reilingen.de\/?s={search_term_string}"},"query-input":{"@type":"PropertyValueSpecification","valueRequired":true,"valueName":"search_term_string"}}],"inLanguage":"de"},{"@type":"Person","@id":"https:\/\/gruene-reilingen.de\/#\/schema\/person\/f9da928f04550d0db757afd781f08df8","name":"gruene_reilingen","image":{"@type":"ImageObject","inLanguage":"de","@id":"https:\/\/secure.gravatar.com\/avatar\/913acc38ce102bffd85b7d788472a0913fa53d9b1fe59056f1fe4e704a8231cb?s=96&d=mm&r=g","url":"https:\/\/secure.gravatar.com\/avatar\/913acc38ce102bffd85b7d788472a0913fa53d9b1fe59056f1fe4e704a8231cb?s=96&d=mm&r=g","contentUrl":"https:\/\/secure.gravatar.com\/avatar\/913acc38ce102bffd85b7d788472a0913fa53d9b1fe59056f1fe4e704a8231cb?s=96&d=mm&r=g","caption":"gruene_reilingen"},"sameAs":["http:\/\/www.gruene-reilingen.de"],"url":"https:\/\/gruene-reilingen.de\/?author=2"}]}},"_links":{"self":[{"href":"https:\/\/gruene-reilingen.de\/index.php?rest_route=\/wp\/v2\/posts\/2634","targetHints":{"allow":["GET"]}}],"collection":[{"href":"https:\/\/gruene-reilingen.de\/index.php?rest_route=\/wp\/v2\/posts"}],"about":[{"href":"https:\/\/gruene-reilingen.de\/index.php?rest_route=\/wp\/v2\/types\/post"}],"author":[{"embeddable":true,"href":"https:\/\/gruene-reilingen.de\/index.php?rest_route=\/wp\/v2\/users\/2"}],"replies":[{"embeddable":true,"href":"https:\/\/gruene-reilingen.de\/index.php?rest_route=%2Fwp%2Fv2%2Fcomments&post=2634"}],"version-history":[{"count":1,"href":"https:\/\/gruene-reilingen.de\/index.php?rest_route=\/wp\/v2\/posts\/2634\/revisions"}],"predecessor-version":[{"id":2635,"href":"https:\/\/gruene-reilingen.de\/index.php?rest_route=\/wp\/v2\/posts\/2634\/revisions\/2635"}],"wp:attachment":[{"href":"https:\/\/gruene-reilingen.de\/index.php?rest_route=%2Fwp%2Fv2%2Fmedia&parent=2634"}],"wp:term":[{"taxonomy":"category","embeddable":true,"href":"https:\/\/gruene-reilingen.de\/index.php?rest_route=%2Fwp%2Fv2%2Fcategories&post=2634"},{"taxonomy":"post_tag","embeddable":true,"href":"https:\/\/gruene-reilingen.de\/index.php?rest_route=%2Fwp%2Fv2%2Ftags&post=2634"}],"curies":[{"name":"wp","href":"https:\/\/api.w.org\/{rel}","templated":true}]}}