{"id":2744,"date":"2024-04-23T18:50:03","date_gmt":"2024-04-23T18:50:03","guid":{"rendered":"https:\/\/gruene-reilingen.de\/?p=2744"},"modified":"2024-04-23T18:50:04","modified_gmt":"2024-04-23T18:50:04","slug":"ein-gutes-beispiel-wie-die-mobilitaet-vorangebracht-werden-kann-und-das-mit-weitsicht","status":"publish","type":"post","link":"https:\/\/gruene-reilingen.de\/?p=2744","title":{"rendered":"\u201eEin gutes Beispiel, wie die Mobilit\u00e4t vorangebracht werden kann \u2013 und das mit Weitsicht\u201c"},"content":{"rendered":"\r\n\r\n\r\n\r\n\r\n\r\n\r\n\r\n \r\n\r\n\n<p><strong><em>Dr. Andre Baumann, Landtagsabgeordneter der Gr\u00fcnen, und Mitglieder der Reilinger Gr\u00fcnen informierten sich bei Besuch des Unternehmens DellCon \u00fcber Entsorgung und Recycling von Lithium-Ionen-Batterien<\/em><\/strong><\/p>\n\n\n\n<p>\u201eBaden-W\u00fcrttemberg ist Automobilland und soll das auch bleiben. Es geht um zehntausende Arbeitspl\u00e4tze. Unsere Automobilunternehmen fahren geradeaus in Richtung Elektromobilit\u00e4t. Darum ist es wichtig, dass Elektrobatterien konsequent und professionell nach ihrem Einsatz im E-Auto ausgebaut, in einem zweiten Leben verwendet oder die darin kritischen Rohstoffe recycelt werden\u201c, stellte Dr. Andre Baumann, Landtagsabgeordneter der Gr\u00fcnen, bei seinem zweiten Besuch der Firma DellCon fest. \u201eMit Ihrem Unternehmen bieten Sie eine L\u00f6sung mit Weitsicht, die wir dringend ben\u00f6tigen.\u201c<\/p>\n\n\n\n<p>Gemeinsam mit Anna-Lena Becker, Lisa Dorn, Jochen Rotter und Simon Schell vom Ortsverband der Reilinger Gr\u00fcnen besuchte der Abgeordnete die beiden Produktionsstandorte des Unternehmens in Reilingen. Die Firma mit Verwaltungssitz in Hockenheim befasst sich mit dem Transport von Lithium-Ionen-Batterien und hat sich hierbei auf den Transport von kritisch-defekten Batterien spezialisiert. Ein weiterer Bereich ist das Betesten von gebrauchten Batterien, um eine m\u00f6gliche Weiterverwertung im sogenannten \u201eSecond Life\u201c zu erm\u00f6glichen. Neben der Betriebsst\u00e4tte in der Industriestra\u00dfe gibt es seit Februar 2023 in der Daimlerstra\u00dfe einen zweiten Produktionsstandort, der nahezu CO2-neutral betrieben wird. Hierzu wird der Strom genutzt, der durch die Entladung von Batterien gewonnen wird. DellCon strebt an, diesen gewonnen Strom zeitnah auch ins Stromnetz einspeisen zu k\u00f6nnen.<\/p>\n\n\n\n<p>\u201eUns ist es wichtig, unseren Kunden eine Gesamtl\u00f6sung der Reverse-Logistik in Verbindung mit der Chance auf Weiterverwendung aus einer Hand bieten zu k\u00f6nnen\u201c, erl\u00e4uterte Maja Jung, die zusammen mit Markus Dellori und Nicole Jung-Dellori die Gesch\u00e4ftsf\u00fchrung von DellCon bildet. \u201eDaher umfasst unser Portfolio neben dem Transport von Batterien auch deren Demontage, die Be- und Entladung der gespeicherten Energie, das Testing zur optionalen Verwendung der Batteriemodule im Second Life sowie den ADR-konformen Verpackungsservice direkt bei unseren Kunden.\u201c [Anmerkung: ADR bezeichnet ein Europ\u00e4isches \u00dcbereinkommen \u00fcber den grenz\u00fcberschreitenden Transport von Gefahrgut.] Europaweit unterst\u00fctzt das Unternehmen aber auch bei der Bergung von havarierten Batterien und deren sicheren Transport sowie der Vernichtung von Batterie-Prototypen. \u201eUnsere Kunden und deren Mitarbeiter wissen oft nicht, wie sie mit den ausgebauten Batterien sicher umgehen k\u00f6nnen. Hier kommen wir ins Spiel. F\u00fcr den sicheren Umgang mit besch\u00e4digen Batterien, also das Sichern und Lagern, ist besonders geschultes Personal n\u00f6tig\u201c, erl\u00e4uterte Nicole Jung-Dellori.<\/p>\n\n\n\n<p>Perspektivisch plant DellCon den Aufbau eines Schulungs- und Kompetenzzentrums, \u201edenn vielen in der Automobilbranche ist noch nicht klar, wie mit diesem speziellen Gefahrgut umgegangen werden soll\u201c, erl\u00e4uterte Markus Dellori. Dies sei auch besonders f\u00fcr Feuerwehren relevant, die im Fall eines Brandes gerufen werden. Problematisch sei, dass es bisher keine allgemeing\u00fcltige Zertifizierung f\u00fcr den Umgang mit Lithium-Ionen-Batterien gebe, denn jede Branche betrachte nur ihre T\u00e4tigkeit, erg\u00e4nzte Jung-Dellori. \u201eAm besten w\u00e4re es, wenn branchen\u00fcbergreifend einheitlich geschult werden k\u00f6nnte. Bisher ist dies noch nicht m\u00f6glich.\u201c Andre Baumann versprach seine Unterst\u00fctzung. Er erl\u00e4uterte, dass er am Vormittag desselben Tages \u00fcber die Umsetzung einer EU-Regelung zum Umgang mit seltenen und kritischen Rohstoffen, wie Lithium, im Landtag gesprochen habe. \u201eWir sind uns einig, dass wir die Firmen konsequent bef\u00e4higen m\u00fcssen, mit diesen Materialien einwandfrei umzugehen.\u201c Baumann versprach, eine Vernetzung zwischen den unterschiedlichen Akteuren in der Automobilbranche herzustellen.<\/p>\n\n\n\n<p>Baumann und die Reilinger Gr\u00fcnen informierten sich bei der Gesch\u00e4ftsf\u00fchrung auch zu den Bedenken der Reilinger B\u00fcrgerinnen und B\u00fcrger, die seit dem Brand bei DellCon im Dezember 2022 bestehen, und \u00fcber die generellen Brandschutzma\u00dfnahmen des Unternehmens. \u201eWir k\u00f6nnen die Unsicherheit der Bev\u00f6lkerung nachvollziehen, es entstehen \u00c4ngste, wenn E-Autos oder deren Batterien brennen\u201c, so Dellori. Die damals schon getroffenen Ma\u00dfnahmen h\u00e4tten jedoch Wirkung gezeigt, neben dem Verlust des aufgestellten Lagerzeltes mit Brandschutzklasse seien keine nennenswerten Sch\u00e4den entstanden. \u201eDie Schadstoffmessungen w\u00e4hrend der L\u00f6schung und das anschlie\u00dfende Bodengutachten waren ebenfalls unauff\u00e4llig\u201c, erg\u00e4nzte Jung-Dellori.<\/p>\n\n\n\n<p><strong>Gr\u00fcne loben strenge Brandschutzma\u00dfnahmen bei DellCon und w\u00fcnschen sich auch Schulung der Feuerwehren<\/strong><\/p>\n\n\n\n<p>\u201eDie Brandschutzma\u00dfnahmen werden immer strenger, das merken wir auch bei Vorschriften, an die wir uns halten m\u00fcssen. Dadurch ist unser Betrieb aber so sicher wie m\u00f6glich\u201c, erkl\u00e4rte Dellori. Ab einer bestimmten Lagerh\u00f6he wird das Vorhalten von Sprinkleranlagen gefordert, jedoch ist Wasser im Fall von gelagerten Batterien (Elektrokomponenten) allein nicht geeignet. Daher werden auf dem Betriebsgel\u00e4nde von DellCon je Container separate Feuerschutzeinrichtungen installiert. DellCon m\u00f6chte in den n\u00e4chsten Monaten auf dem Werksgel\u00e4nde in der Daimlerstra\u00dfe ein L\u00f6schsystem einf\u00fchren, bei dem Wasserleitungen und Rauchwarnmelder direkt in die Container gelegt werden, um so in einem Brandfall direkt steuern zu k\u00f6nnen, welcher Container geflutet werden soll. Ein weiterer Sicherheitsaspekt f\u00fcr die Mitarbeiter und Feuerwehrleute ist der Einbau einer Druckklappe, damit der entstehende Druck des Wasserdampfes bei den L\u00f6scharbeiten gezielt abgleitet werden kann und somit die Gef\u00e4hrdung von Menschen minimiert wird.<\/p>\n\n\n\n<p>\u201eMit Ihren Ideen zeigen Sie Ihre Kompetenz und vor allem auch Ihr Verantwortungsbewusstsein im Umgang mit gebrauchten Lithium-Ionen-Batterien unter dem Aspekt der Sicherheit. Dennoch m\u00fcssen aber die Feuerwehren ger\u00fcstet werden, mit etwaigen Gefahrensituationen umzugehen, nicht nur auf dem Firmengel\u00e4nde, sondern \u00fcberall da, wo Lithium-Ionen-Batterien zum Einsatz kommen\u201c, betonte Lisa Dorn von den Reilinger Gr\u00fcnen.<\/p>\n\n\n\n<p>Bei dem Unternehmensbesuch konnten die Teilnehmenden auch mit einem der Partner von DellCon sprechen. Philipp Freisler von encore, einem Corporate Start-Up der DB Bahnbau Gruppe, das mittlerweile mehr als 25 Mitarbeitende umfasst und aus alten Batterien neue Energiespeicher herstellt. \u201eAuf dem Markt gibt es aktuell viele unterschiedliche Batterietypen. Automobilhersteller tauschen nach circa acht Jahren die Batterien aus\u201c, erkl\u00e4rte Freisler. Damit diese in den encore Second Life Batteriespeicher eingebaut werden k\u00f6nnen, werden die Batterien demontiert und die restlichen Rohstoffe recycelt oder wiederverwendet. Das Batteriemodul wird einer Sicherheits- und Qualit\u00e4tsanalyse unterzogen und die Restkapazit\u00e4t analysiert. In dem Second Life k\u00f6nnen die Batteriespeicher zum Beispiel als Speicher von PV-Anlagen weiter genutzt werden. \u201eWir setzen die Second Life Batterien auch als Pufferspeicher f\u00fcr zum Beispiel intelligente Wallboxen ein, um das Laden von E-Autos zu optimieren\u201c, so Freisler<\/p>\n\n\n\n<p>Anna-Lena Becker von den Reilinger Gr\u00fcnen stellte fest: \u201eMit ihren starken Partnern wie encore denkt die Firma DellCon weiter und schlie\u00dft nicht nur direkt den Kreis zur Wiederverwertung, sondern setzt auch neue Ma\u00dfst\u00e4be in geteilten Arbeitsfl\u00e4chen.\u201c Dr. Andre Baumann, der nicht nur Landtagsabgeordneter im Wahlkreis Schwetzingen ist, sondern auch Staatssekret\u00e4r im Ministerium f\u00fcr Umwelt, Klima und Energiewirtschaft Baden-W\u00fcrttemberg, erg\u00e4nzte: \u201eIch bin dankbar, dass ein europaweit agierendes Unternehmen wie DellCon in meinem Wahlkreis in Reilingen t\u00e4tig ist und sich wirtschaftlich positiv entwickelt. Dies tr\u00e4gt dazu bei, den Wirtschaftsstandort Baden-W\u00fcrttemberg mit Lithium und Akkus zu versorgen und dadurch die neue Mobilit\u00e4t voranzubringen. Wir brauchen starke, mutige und innovative mittelst\u00e4ndische und familiengef\u00fchrte Unternehmen wie Sie. F\u00fcr diese gilt es sich weiterhin mit ganzer Kraft einzusetzen.\u201c<\/p>\n\n\n\n<p>Dieser Aussage schlossen sich auch die Reilinger Gr\u00fcnen an: \u201eWir sind stolz darauf, ein solch innovatives und umweltbewusstes Unternehmen in unserer Gemeinde zu haben. Sicher k\u00f6nnen wir in einigen Jahren weiter von der Unternehmensidee wertsch\u00f6pfen\u201c, so Jochen Rotter. \u201eDie Ansiedlung von DellCon in Reilingen ist ein bedeutender Schritt in Richtung Nachhaltigkeit und innovative Wirtschaft hier in unsere Gemeinde. Durch ihr Engagement in der Wieder- beziehungsweise Weiterverwendung von \u00e4lteren Lithium-Ionen-Akkus und dem Recycling der wertvollen Rohstoffe von defekten derartigen Batterien tr\u00e4gt das Unternehmen nicht nur zum Umweltschutz bei, sondern st\u00e4rkt auch unsere lokale Wirtschaft\u201c, erg\u00e4nzte Simon Schell.<\/p>\n\n\n\n<div class=\"wp-block-cover\" style=\"min-height:430px;aspect-ratio:unset;\"><span aria-hidden=\"true\" class=\"wp-block-cover__background has-background-dim\"><\/span><img loading=\"lazy\" decoding=\"async\" width=\"667\" height=\"500\" class=\"wp-block-cover__image-background wp-image-2745\" alt=\"\" src=\"https:\/\/gruene-reilingen.de\/wp-content\/uploads\/2024\/04\/Markus-Dellori-l.-erklaert-der-Besuchergruppe-um-MdL-Dr.-Andre-Baumann-3.v.r.-den-Aufbau-einer-Batterie_Foto-Rotter-667x500.jpg\" data-object-fit=\"cover\" srcset=\"https:\/\/gruene-reilingen.de\/wp-content\/uploads\/2024\/04\/Markus-Dellori-l.-erklaert-der-Besuchergruppe-um-MdL-Dr.-Andre-Baumann-3.v.r.-den-Aufbau-einer-Batterie_Foto-Rotter-667x500.jpg 667w, https:\/\/gruene-reilingen.de\/wp-content\/uploads\/2024\/04\/Markus-Dellori-l.-erklaert-der-Besuchergruppe-um-MdL-Dr.-Andre-Baumann-3.v.r.-den-Aufbau-einer-Batterie_Foto-Rotter-493x370.jpg 493w, https:\/\/gruene-reilingen.de\/wp-content\/uploads\/2024\/04\/Markus-Dellori-l.-erklaert-der-Besuchergruppe-um-MdL-Dr.-Andre-Baumann-3.v.r.-den-Aufbau-einer-Batterie_Foto-Rotter-768x576.jpg 768w, https:\/\/gruene-reilingen.de\/wp-content\/uploads\/2024\/04\/Markus-Dellori-l.-erklaert-der-Besuchergruppe-um-MdL-Dr.-Andre-Baumann-3.v.r.-den-Aufbau-einer-Batterie_Foto-Rotter-1536x1152.jpg 1536w, https:\/\/gruene-reilingen.de\/wp-content\/uploads\/2024\/04\/Markus-Dellori-l.-erklaert-der-Besuchergruppe-um-MdL-Dr.-Andre-Baumann-3.v.r.-den-Aufbau-einer-Batterie_Foto-Rotter-2048x1536.jpg 2048w\" sizes=\"auto, (max-width: 667px) 100vw, 667px\" \/><div class=\"wp-block-cover__inner-container is-layout-flow wp-block-cover-is-layout-flow\">\n<p class=\"has-text-align-center has-large-font-size\"><\/p>\n<\/div><\/div>\n\n\n\n<p>Markus Dellori (l.) erkl\u00e4rt der Besuchergruppe um MdL Dr. Andre Baumann (3.v.r.) den Aufbau einer Batterie.<\/p>\n","protected":false},"excerpt":{"rendered":"<p>Dr. Andre Baumann, Landtagsabgeordneter der Gr\u00fcnen, und Mitglieder der Reilinger Gr\u00fcnen informierten sich bei Besuch des Unternehmens DellCon \u00fcber Entsorgung und Recycling von Lithium-Ionen-Batterien \u201eBaden-W\u00fcrttemberg ist Automobilland und soll das [&hellip;]<\/p>\n","protected":false},"author":-1,"featured_media":0,"comment_status":"open","ping_status":"open","sticky":false,"template":"","format":"standard","meta":{"footnotes":""},"categories":[3],"tags":[],"class_list":["post-2744","post","type-post","status-publish","format-standard","hentry","category-news"],"yoast_head":"<!-- This site is optimized with the Yoast SEO plugin v27.5 - https:\/\/yoast.com\/product\/yoast-seo-wordpress\/ -->\n<title>\u201eEin gutes Beispiel, wie die Mobilit\u00e4t vorangebracht werden kann \u2013 und das mit Weitsicht\u201c - B\u00dcNDNIS 90\/DIE GR\u00dcNEN REILINGEN<\/title>\n<meta name=\"robots\" content=\"index, follow, max-snippet:-1, max-image-preview:large, max-video-preview:-1\" \/>\n<link rel=\"canonical\" href=\"https:\/\/gruene-reilingen.de\/?p=2744\" \/>\n<meta property=\"og:locale\" content=\"de_DE\" \/>\n<meta property=\"og:type\" content=\"article\" \/>\n<meta property=\"og:title\" content=\"\u201eEin gutes Beispiel, wie die Mobilit\u00e4t vorangebracht werden kann \u2013 und das mit Weitsicht\u201c - B\u00dcNDNIS 90\/DIE GR\u00dcNEN REILINGEN\" \/>\n<meta property=\"og:description\" content=\"Dr. Andre Baumann, Landtagsabgeordneter der Gr\u00fcnen, und Mitglieder der Reilinger Gr\u00fcnen informierten sich bei Besuch des Unternehmens DellCon \u00fcber Entsorgung und Recycling von Lithium-Ionen-Batterien \u201eBaden-W\u00fcrttemberg ist Automobilland und soll das [&hellip;]\" \/>\n<meta property=\"og:url\" content=\"https:\/\/gruene-reilingen.de\/?p=2744\" \/>\n<meta property=\"og:site_name\" content=\"B\u00dcNDNIS 90\/DIE GR\u00dcNEN REILINGEN\" \/>\n<meta property=\"article:published_time\" content=\"2024-04-23T18:50:03+00:00\" \/>\n<meta property=\"article:modified_time\" content=\"2024-04-23T18:50:04+00:00\" \/>\n<meta property=\"og:image\" content=\"https:\/\/gruene-reilingen.de\/wp-content\/uploads\/2024\/04\/Markus-Dellori-l.-erklaert-der-Besuchergruppe-um-MdL-Dr.-Andre-Baumann-3.v.r.-den-Aufbau-einer-Batterie_Foto-Rotter-667x500.jpg\" \/>\n<meta name=\"author\" content=\"gruene_reilingen\" \/>\n<meta name=\"twitter:card\" content=\"summary_large_image\" \/>\n<meta name=\"twitter:label1\" content=\"Verfasst von\" \/>\n\t<meta name=\"twitter:data1\" content=\"gruene_reilingen\" \/>\n\t<meta name=\"twitter:label2\" content=\"Gesch\u00e4tzte Lesezeit\" \/>\n\t<meta name=\"twitter:data2\" content=\"7\u00a0Minuten\" \/>\n<script type=\"application\/ld+json\" class=\"yoast-schema-graph\">{\"@context\":\"https:\\\/\\\/schema.org\",\"@graph\":[{\"@type\":\"Article\",\"@id\":\"https:\\\/\\\/gruene-reilingen.de\\\/?p=2744#article\",\"isPartOf\":{\"@id\":\"https:\\\/\\\/gruene-reilingen.de\\\/?p=2744\"},\"author\":{\"name\":\"gruene_reilingen\",\"@id\":\"https:\\\/\\\/gruene-reilingen.de\\\/#\\\/schema\\\/person\\\/f9da928f04550d0db757afd781f08df8\"},\"headline\":\"\u201eEin gutes Beispiel, wie die Mobilit\u00e4t vorangebracht werden kann \u2013 und das mit Weitsicht\u201c\",\"datePublished\":\"2024-04-23T18:50:03+00:00\",\"dateModified\":\"2024-04-23T18:50:04+00:00\",\"mainEntityOfPage\":{\"@id\":\"https:\\\/\\\/gruene-reilingen.de\\\/?p=2744\"},\"wordCount\":1291,\"commentCount\":0,\"image\":{\"@id\":\"https:\\\/\\\/gruene-reilingen.de\\\/?p=2744#primaryimage\"},\"thumbnailUrl\":\"https:\\\/\\\/gruene-reilingen.de\\\/wp-content\\\/uploads\\\/2024\\\/04\\\/Markus-Dellori-l.-erklaert-der-Besuchergruppe-um-MdL-Dr.-Andre-Baumann-3.v.r.-den-Aufbau-einer-Batterie_Foto-Rotter-667x500.jpg\",\"articleSection\":[\"News\"],\"inLanguage\":\"de\",\"potentialAction\":[{\"@type\":\"CommentAction\",\"name\":\"Comment\",\"target\":[\"https:\\\/\\\/gruene-reilingen.de\\\/?p=2744#respond\"]}]},{\"@type\":\"WebPage\",\"@id\":\"https:\\\/\\\/gruene-reilingen.de\\\/?p=2744\",\"url\":\"https:\\\/\\\/gruene-reilingen.de\\\/?p=2744\",\"name\":\"\u201eEin gutes Beispiel, wie die Mobilit\u00e4t vorangebracht werden kann \u2013 und das mit Weitsicht\u201c - B\u00dcNDNIS 90\\\/DIE GR\u00dcNEN REILINGEN\",\"isPartOf\":{\"@id\":\"https:\\\/\\\/gruene-reilingen.de\\\/#website\"},\"primaryImageOfPage\":{\"@id\":\"https:\\\/\\\/gruene-reilingen.de\\\/?p=2744#primaryimage\"},\"image\":{\"@id\":\"https:\\\/\\\/gruene-reilingen.de\\\/?p=2744#primaryimage\"},\"thumbnailUrl\":\"https:\\\/\\\/gruene-reilingen.de\\\/wp-content\\\/uploads\\\/2024\\\/04\\\/Markus-Dellori-l.-erklaert-der-Besuchergruppe-um-MdL-Dr.-Andre-Baumann-3.v.r.-den-Aufbau-einer-Batterie_Foto-Rotter-667x500.jpg\",\"datePublished\":\"2024-04-23T18:50:03+00:00\",\"dateModified\":\"2024-04-23T18:50:04+00:00\",\"author\":{\"@id\":\"https:\\\/\\\/gruene-reilingen.de\\\/#\\\/schema\\\/person\\\/f9da928f04550d0db757afd781f08df8\"},\"breadcrumb\":{\"@id\":\"https:\\\/\\\/gruene-reilingen.de\\\/?p=2744#breadcrumb\"},\"inLanguage\":\"de\",\"potentialAction\":[{\"@type\":\"ReadAction\",\"target\":[\"https:\\\/\\\/gruene-reilingen.de\\\/?p=2744\"]}]},{\"@type\":\"ImageObject\",\"inLanguage\":\"de\",\"@id\":\"https:\\\/\\\/gruene-reilingen.de\\\/?p=2744#primaryimage\",\"url\":\"https:\\\/\\\/gruene-reilingen.de\\\/wp-content\\\/uploads\\\/2024\\\/04\\\/Markus-Dellori-l.-erklaert-der-Besuchergruppe-um-MdL-Dr.-Andre-Baumann-3.v.r.-den-Aufbau-einer-Batterie_Foto-Rotter-667x500.jpg\",\"contentUrl\":\"https:\\\/\\\/gruene-reilingen.de\\\/wp-content\\\/uploads\\\/2024\\\/04\\\/Markus-Dellori-l.-erklaert-der-Besuchergruppe-um-MdL-Dr.-Andre-Baumann-3.v.r.-den-Aufbau-einer-Batterie_Foto-Rotter-667x500.jpg\"},{\"@type\":\"BreadcrumbList\",\"@id\":\"https:\\\/\\\/gruene-reilingen.de\\\/?p=2744#breadcrumb\",\"itemListElement\":[{\"@type\":\"ListItem\",\"position\":1,\"name\":\"Startseite\",\"item\":\"https:\\\/\\\/gruene-reilingen.de\\\/\"},{\"@type\":\"ListItem\",\"position\":2,\"name\":\"\u201eEin gutes Beispiel, wie die Mobilit\u00e4t vorangebracht werden kann \u2013 und das mit Weitsicht\u201c\"}]},{\"@type\":\"WebSite\",\"@id\":\"https:\\\/\\\/gruene-reilingen.de\\\/#website\",\"url\":\"https:\\\/\\\/gruene-reilingen.de\\\/\",\"name\":\"B\u00dcNDNIS 90\\\/DIE GR\u00dcNEN REILINGEN\",\"description\":\"\",\"potentialAction\":[{\"@type\":\"SearchAction\",\"target\":{\"@type\":\"EntryPoint\",\"urlTemplate\":\"https:\\\/\\\/gruene-reilingen.de\\\/?s={search_term_string}\"},\"query-input\":{\"@type\":\"PropertyValueSpecification\",\"valueRequired\":true,\"valueName\":\"search_term_string\"}}],\"inLanguage\":\"de\"},{\"@type\":\"Person\",\"@id\":\"https:\\\/\\\/gruene-reilingen.de\\\/#\\\/schema\\\/person\\\/f9da928f04550d0db757afd781f08df8\",\"name\":\"gruene_reilingen\",\"image\":{\"@type\":\"ImageObject\",\"inLanguage\":\"de\",\"@id\":\"https:\\\/\\\/secure.gravatar.com\\\/avatar\\\/913acc38ce102bffd85b7d788472a0913fa53d9b1fe59056f1fe4e704a8231cb?s=96&d=mm&r=g\",\"url\":\"https:\\\/\\\/secure.gravatar.com\\\/avatar\\\/913acc38ce102bffd85b7d788472a0913fa53d9b1fe59056f1fe4e704a8231cb?s=96&d=mm&r=g\",\"contentUrl\":\"https:\\\/\\\/secure.gravatar.com\\\/avatar\\\/913acc38ce102bffd85b7d788472a0913fa53d9b1fe59056f1fe4e704a8231cb?s=96&d=mm&r=g\",\"caption\":\"gruene_reilingen\"},\"sameAs\":[\"http:\\\/\\\/www.gruene-reilingen.de\"],\"url\":\"https:\\\/\\\/gruene-reilingen.de\\\/?author=2\"}]}<\/script>\n<!-- \/ Yoast SEO plugin. -->","yoast_head_json":{"title":"\u201eEin gutes Beispiel, wie die Mobilit\u00e4t vorangebracht werden kann \u2013 und das mit Weitsicht\u201c - B\u00dcNDNIS 90\/DIE GR\u00dcNEN REILINGEN","robots":{"index":"index","follow":"follow","max-snippet":"max-snippet:-1","max-image-preview":"max-image-preview:large","max-video-preview":"max-video-preview:-1"},"canonical":"https:\/\/gruene-reilingen.de\/?p=2744","og_locale":"de_DE","og_type":"article","og_title":"\u201eEin gutes Beispiel, wie die Mobilit\u00e4t vorangebracht werden kann \u2013 und das mit Weitsicht\u201c - B\u00dcNDNIS 90\/DIE GR\u00dcNEN REILINGEN","og_description":"Dr. Andre Baumann, Landtagsabgeordneter der Gr\u00fcnen, und Mitglieder der Reilinger Gr\u00fcnen informierten sich bei Besuch des Unternehmens DellCon \u00fcber Entsorgung und Recycling von Lithium-Ionen-Batterien \u201eBaden-W\u00fcrttemberg ist Automobilland und soll das [&hellip;]","og_url":"https:\/\/gruene-reilingen.de\/?p=2744","og_site_name":"B\u00dcNDNIS 90\/DIE GR\u00dcNEN REILINGEN","article_published_time":"2024-04-23T18:50:03+00:00","article_modified_time":"2024-04-23T18:50:04+00:00","og_image":[{"url":"https:\/\/gruene-reilingen.de\/wp-content\/uploads\/2024\/04\/Markus-Dellori-l.-erklaert-der-Besuchergruppe-um-MdL-Dr.-Andre-Baumann-3.v.r.-den-Aufbau-einer-Batterie_Foto-Rotter-667x500.jpg","type":"","width":"","height":""}],"author":"gruene_reilingen","twitter_card":"summary_large_image","twitter_misc":{"Verfasst von":"gruene_reilingen","Gesch\u00e4tzte Lesezeit":"7\u00a0Minuten"},"schema":{"@context":"https:\/\/schema.org","@graph":[{"@type":"Article","@id":"https:\/\/gruene-reilingen.de\/?p=2744#article","isPartOf":{"@id":"https:\/\/gruene-reilingen.de\/?p=2744"},"author":{"name":"gruene_reilingen","@id":"https:\/\/gruene-reilingen.de\/#\/schema\/person\/f9da928f04550d0db757afd781f08df8"},"headline":"\u201eEin gutes Beispiel, wie die Mobilit\u00e4t vorangebracht werden kann \u2013 und das mit Weitsicht\u201c","datePublished":"2024-04-23T18:50:03+00:00","dateModified":"2024-04-23T18:50:04+00:00","mainEntityOfPage":{"@id":"https:\/\/gruene-reilingen.de\/?p=2744"},"wordCount":1291,"commentCount":0,"image":{"@id":"https:\/\/gruene-reilingen.de\/?p=2744#primaryimage"},"thumbnailUrl":"https:\/\/gruene-reilingen.de\/wp-content\/uploads\/2024\/04\/Markus-Dellori-l.-erklaert-der-Besuchergruppe-um-MdL-Dr.-Andre-Baumann-3.v.r.-den-Aufbau-einer-Batterie_Foto-Rotter-667x500.jpg","articleSection":["News"],"inLanguage":"de","potentialAction":[{"@type":"CommentAction","name":"Comment","target":["https:\/\/gruene-reilingen.de\/?p=2744#respond"]}]},{"@type":"WebPage","@id":"https:\/\/gruene-reilingen.de\/?p=2744","url":"https:\/\/gruene-reilingen.de\/?p=2744","name":"\u201eEin gutes Beispiel, wie die Mobilit\u00e4t vorangebracht werden kann \u2013 und das mit Weitsicht\u201c - B\u00dcNDNIS 90\/DIE GR\u00dcNEN REILINGEN","isPartOf":{"@id":"https:\/\/gruene-reilingen.de\/#website"},"primaryImageOfPage":{"@id":"https:\/\/gruene-reilingen.de\/?p=2744#primaryimage"},"image":{"@id":"https:\/\/gruene-reilingen.de\/?p=2744#primaryimage"},"thumbnailUrl":"https:\/\/gruene-reilingen.de\/wp-content\/uploads\/2024\/04\/Markus-Dellori-l.-erklaert-der-Besuchergruppe-um-MdL-Dr.-Andre-Baumann-3.v.r.-den-Aufbau-einer-Batterie_Foto-Rotter-667x500.jpg","datePublished":"2024-04-23T18:50:03+00:00","dateModified":"2024-04-23T18:50:04+00:00","author":{"@id":"https:\/\/gruene-reilingen.de\/#\/schema\/person\/f9da928f04550d0db757afd781f08df8"},"breadcrumb":{"@id":"https:\/\/gruene-reilingen.de\/?p=2744#breadcrumb"},"inLanguage":"de","potentialAction":[{"@type":"ReadAction","target":["https:\/\/gruene-reilingen.de\/?p=2744"]}]},{"@type":"ImageObject","inLanguage":"de","@id":"https:\/\/gruene-reilingen.de\/?p=2744#primaryimage","url":"https:\/\/gruene-reilingen.de\/wp-content\/uploads\/2024\/04\/Markus-Dellori-l.-erklaert-der-Besuchergruppe-um-MdL-Dr.-Andre-Baumann-3.v.r.-den-Aufbau-einer-Batterie_Foto-Rotter-667x500.jpg","contentUrl":"https:\/\/gruene-reilingen.de\/wp-content\/uploads\/2024\/04\/Markus-Dellori-l.-erklaert-der-Besuchergruppe-um-MdL-Dr.-Andre-Baumann-3.v.r.-den-Aufbau-einer-Batterie_Foto-Rotter-667x500.jpg"},{"@type":"BreadcrumbList","@id":"https:\/\/gruene-reilingen.de\/?p=2744#breadcrumb","itemListElement":[{"@type":"ListItem","position":1,"name":"Startseite","item":"https:\/\/gruene-reilingen.de\/"},{"@type":"ListItem","position":2,"name":"\u201eEin gutes Beispiel, wie die Mobilit\u00e4t vorangebracht werden kann \u2013 und das mit Weitsicht\u201c"}]},{"@type":"WebSite","@id":"https:\/\/gruene-reilingen.de\/#website","url":"https:\/\/gruene-reilingen.de\/","name":"B\u00dcNDNIS 90\/DIE GR\u00dcNEN REILINGEN","description":"","potentialAction":[{"@type":"SearchAction","target":{"@type":"EntryPoint","urlTemplate":"https:\/\/gruene-reilingen.de\/?s={search_term_string}"},"query-input":{"@type":"PropertyValueSpecification","valueRequired":true,"valueName":"search_term_string"}}],"inLanguage":"de"},{"@type":"Person","@id":"https:\/\/gruene-reilingen.de\/#\/schema\/person\/f9da928f04550d0db757afd781f08df8","name":"gruene_reilingen","image":{"@type":"ImageObject","inLanguage":"de","@id":"https:\/\/secure.gravatar.com\/avatar\/913acc38ce102bffd85b7d788472a0913fa53d9b1fe59056f1fe4e704a8231cb?s=96&d=mm&r=g","url":"https:\/\/secure.gravatar.com\/avatar\/913acc38ce102bffd85b7d788472a0913fa53d9b1fe59056f1fe4e704a8231cb?s=96&d=mm&r=g","contentUrl":"https:\/\/secure.gravatar.com\/avatar\/913acc38ce102bffd85b7d788472a0913fa53d9b1fe59056f1fe4e704a8231cb?s=96&d=mm&r=g","caption":"gruene_reilingen"},"sameAs":["http:\/\/www.gruene-reilingen.de"],"url":"https:\/\/gruene-reilingen.de\/?author=2"}]}},"_links":{"self":[{"href":"https:\/\/gruene-reilingen.de\/index.php?rest_route=\/wp\/v2\/posts\/2744","targetHints":{"allow":["GET"]}}],"collection":[{"href":"https:\/\/gruene-reilingen.de\/index.php?rest_route=\/wp\/v2\/posts"}],"about":[{"href":"https:\/\/gruene-reilingen.de\/index.php?rest_route=\/wp\/v2\/types\/post"}],"author":[{"embeddable":true,"href":"https:\/\/gruene-reilingen.de\/index.php?rest_route=\/wp\/v2\/users\/2"}],"replies":[{"embeddable":true,"href":"https:\/\/gruene-reilingen.de\/index.php?rest_route=%2Fwp%2Fv2%2Fcomments&post=2744"}],"version-history":[{"count":1,"href":"https:\/\/gruene-reilingen.de\/index.php?rest_route=\/wp\/v2\/posts\/2744\/revisions"}],"predecessor-version":[{"id":2746,"href":"https:\/\/gruene-reilingen.de\/index.php?rest_route=\/wp\/v2\/posts\/2744\/revisions\/2746"}],"wp:attachment":[{"href":"https:\/\/gruene-reilingen.de\/index.php?rest_route=%2Fwp%2Fv2%2Fmedia&parent=2744"}],"wp:term":[{"taxonomy":"category","embeddable":true,"href":"https:\/\/gruene-reilingen.de\/index.php?rest_route=%2Fwp%2Fv2%2Fcategories&post=2744"},{"taxonomy":"post_tag","embeddable":true,"href":"https:\/\/gruene-reilingen.de\/index.php?rest_route=%2Fwp%2Fv2%2Ftags&post=2744"}],"curies":[{"name":"wp","href":"https:\/\/api.w.org\/{rel}","templated":true}]}}