{"id":2833,"date":"2024-05-14T04:55:23","date_gmt":"2024-05-14T04:55:23","guid":{"rendered":"https:\/\/gruene-reilingen.de\/?p=2833"},"modified":"2024-05-14T04:55:24","modified_gmt":"2024-05-14T04:55:24","slug":"stellungnahme-der-gruenen-zum-antrag-der-cdu-bezueglich-fahrradwegbeleuchtung-top-7-gr-sitzung-13-05-24","status":"publish","type":"post","link":"https:\/\/gruene-reilingen.de\/?p=2833","title":{"rendered":"Stellungnahme der Gr\u00fcnen zum Antrag der CDU bez\u00fcglich Fahrradwegbeleuchtung (TOP 7, GR-Sitzung 13.05.24)"},"content":{"rendered":"\r\n\r\n\r\n\r\n\r\n\r\n\r\n\r\n \r\n\r\n\n<p><\/p>\n\n\n\n<p>Sehr geehrte Besucherinnen und Besucher, werter Herr B\u00fcrgermeister, sehr geehrte Verwaltung, mein lieber Gemeinderat: willkommen im Wahlkampf.<\/p>\n\n\n\n<p>Ich zitiere aus der der Haushaltsrede der CDU vom 19. Februar, also vor etwa einem Viertel Jahr:<\/p>\n\n\n\n<p><em>Die CDU hat sich aufgrund der aktuellen wirtschaftlichen Lage der Gemeinde dazu entschieden keine eigenen Antr\u00e4ge zu stellen, trotzdem gibt es Zukunftsprojekte, die f\u00fcr uns wichtig und notwendig sind.<\/em><\/p>\n\n\n\n<p>Bestimmt war nicht nur unsere Fraktion \u00fcberrascht, den Gegenstand der Fahrradweg- Beleuchtung nun trotzdem wieder auf dem Tableau zu finden. Jedoch ist es das gute Recht unserer CDU-Ratskolleg*innen, diesen Antrag zu stellen.<\/p>\n\n\n\n<p>Ebenso wird es nicht nur mich \u00fcberrascht haben, dass wir nicht \u00fcber den Biblis- Feldweg reden, der von Hockenheimer Seite aus bereits bis zur Br\u00fccke \u00fcber die L723 beleuchtet ist. Wir debattieren heute \u00fcber die Kraichbach-Route, vielmehr den Teil direkt an der verl\u00e4ngerten Hockenheimer Stra\u00dfe bis hin zur Unterf\u00fchrung der L723.<\/p>\n\n\n\n<p>Soweit die \u00dcberraschungen. Wir von den Gr\u00fcnen sind sicherlich f\u00fcr Radwege und deren Ausbau, deren Ert\u00fcchtigung. Eine Beleuchtung f\u00e4llt allerdings nicht hierunter. Die ca. 50\u2018000 Euro an Kosten w\u00e4ren hierbei wohl besser in die Sanierung bestehender Wege investiert, oder in die Errichtung von Fahrrad-Reparatur-Stationen. Zu loben ist jedoch der Ansatz der CDU, \u00fcber Solar-Lampen mit geringem Eingriff ins Erdreich die Beleuchtung realisieren zu wollen, nebst Bewegungsmeldern und einer intelligenten Steuerung. Trotzdem w\u00e4re eine leicht vermeidbare Lichtverschmutzung die Folge.<\/p>\n\n\n\n<p>Die Fraktion B\u00fcndnis 90 \/ Die Gr\u00fcnen stimmt daher gegen die Beschlussvorlage.<\/p>\n\n\n\n<p><\/p>\n\n\n\n<p>Simon Schell<\/p>\n\n\n\n<p>Fraktionssprecher<\/p>\n\n\n\n<p><\/p>\n","protected":false},"excerpt":{"rendered":"<p>Sehr geehrte Besucherinnen und Besucher, werter Herr B\u00fcrgermeister, sehr geehrte Verwaltung, mein lieber Gemeinderat: willkommen im Wahlkampf. Ich zitiere aus der der Haushaltsrede der CDU vom 19. Februar, also vor [&hellip;]<\/p>\n","protected":false},"author":-1,"featured_media":0,"comment_status":"open","ping_status":"open","sticky":false,"template":"","format":"standard","meta":{"footnotes":""},"categories":[3],"tags":[],"class_list":["post-2833","post","type-post","status-publish","format-standard","hentry","category-news"],"yoast_head":"<!-- This site is optimized with the Yoast SEO plugin v27.5 - https:\/\/yoast.com\/product\/yoast-seo-wordpress\/ -->\n<title>Stellungnahme der Gr\u00fcnen zum Antrag der CDU bez\u00fcglich Fahrradwegbeleuchtung (TOP 7, GR-Sitzung 13.05.24) - B\u00dcNDNIS 90\/DIE GR\u00dcNEN REILINGEN<\/title>\n<meta name=\"robots\" content=\"index, follow, max-snippet:-1, max-image-preview:large, max-video-preview:-1\" \/>\n<link rel=\"canonical\" href=\"https:\/\/gruene-reilingen.de\/?p=2833\" \/>\n<meta property=\"og:locale\" content=\"de_DE\" \/>\n<meta property=\"og:type\" content=\"article\" \/>\n<meta property=\"og:title\" content=\"Stellungnahme der Gr\u00fcnen zum Antrag der CDU bez\u00fcglich Fahrradwegbeleuchtung (TOP 7, GR-Sitzung 13.05.24) - B\u00dcNDNIS 90\/DIE GR\u00dcNEN REILINGEN\" \/>\n<meta property=\"og:description\" content=\"Sehr geehrte Besucherinnen und Besucher, werter Herr B\u00fcrgermeister, sehr geehrte Verwaltung, mein lieber Gemeinderat: willkommen im Wahlkampf. Ich zitiere aus der der Haushaltsrede der CDU vom 19. Februar, also vor [&hellip;]\" \/>\n<meta property=\"og:url\" content=\"https:\/\/gruene-reilingen.de\/?p=2833\" \/>\n<meta property=\"og:site_name\" content=\"B\u00dcNDNIS 90\/DIE GR\u00dcNEN REILINGEN\" \/>\n<meta property=\"article:published_time\" content=\"2024-05-14T04:55:23+00:00\" \/>\n<meta property=\"article:modified_time\" content=\"2024-05-14T04:55:24+00:00\" \/>\n<meta name=\"author\" content=\"gruene_reilingen\" \/>\n<meta name=\"twitter:card\" content=\"summary_large_image\" \/>\n<meta name=\"twitter:label1\" content=\"Verfasst von\" \/>\n\t<meta name=\"twitter:data1\" content=\"gruene_reilingen\" \/>\n\t<meta name=\"twitter:label2\" content=\"Gesch\u00e4tzte Lesezeit\" \/>\n\t<meta name=\"twitter:data2\" content=\"2\u00a0Minuten\" \/>\n<script type=\"application\/ld+json\" class=\"yoast-schema-graph\">{\"@context\":\"https:\\\/\\\/schema.org\",\"@graph\":[{\"@type\":\"Article\",\"@id\":\"https:\\\/\\\/gruene-reilingen.de\\\/?p=2833#article\",\"isPartOf\":{\"@id\":\"https:\\\/\\\/gruene-reilingen.de\\\/?p=2833\"},\"author\":{\"name\":\"gruene_reilingen\",\"@id\":\"https:\\\/\\\/gruene-reilingen.de\\\/#\\\/schema\\\/person\\\/f9da928f04550d0db757afd781f08df8\"},\"headline\":\"Stellungnahme der Gr\u00fcnen zum Antrag der CDU bez\u00fcglich Fahrradwegbeleuchtung (TOP 7, GR-Sitzung 13.05.24)\",\"datePublished\":\"2024-05-14T04:55:23+00:00\",\"dateModified\":\"2024-05-14T04:55:24+00:00\",\"mainEntityOfPage\":{\"@id\":\"https:\\\/\\\/gruene-reilingen.de\\\/?p=2833\"},\"wordCount\":264,\"commentCount\":0,\"articleSection\":[\"News\"],\"inLanguage\":\"de\",\"potentialAction\":[{\"@type\":\"CommentAction\",\"name\":\"Comment\",\"target\":[\"https:\\\/\\\/gruene-reilingen.de\\\/?p=2833#respond\"]}]},{\"@type\":\"WebPage\",\"@id\":\"https:\\\/\\\/gruene-reilingen.de\\\/?p=2833\",\"url\":\"https:\\\/\\\/gruene-reilingen.de\\\/?p=2833\",\"name\":\"Stellungnahme der Gr\u00fcnen zum Antrag der CDU bez\u00fcglich Fahrradwegbeleuchtung (TOP 7, GR-Sitzung 13.05.24) - B\u00dcNDNIS 90\\\/DIE GR\u00dcNEN REILINGEN\",\"isPartOf\":{\"@id\":\"https:\\\/\\\/gruene-reilingen.de\\\/#website\"},\"datePublished\":\"2024-05-14T04:55:23+00:00\",\"dateModified\":\"2024-05-14T04:55:24+00:00\",\"author\":{\"@id\":\"https:\\\/\\\/gruene-reilingen.de\\\/#\\\/schema\\\/person\\\/f9da928f04550d0db757afd781f08df8\"},\"breadcrumb\":{\"@id\":\"https:\\\/\\\/gruene-reilingen.de\\\/?p=2833#breadcrumb\"},\"inLanguage\":\"de\",\"potentialAction\":[{\"@type\":\"ReadAction\",\"target\":[\"https:\\\/\\\/gruene-reilingen.de\\\/?p=2833\"]}]},{\"@type\":\"BreadcrumbList\",\"@id\":\"https:\\\/\\\/gruene-reilingen.de\\\/?p=2833#breadcrumb\",\"itemListElement\":[{\"@type\":\"ListItem\",\"position\":1,\"name\":\"Startseite\",\"item\":\"https:\\\/\\\/gruene-reilingen.de\\\/\"},{\"@type\":\"ListItem\",\"position\":2,\"name\":\"Stellungnahme der Gr\u00fcnen zum Antrag der CDU bez\u00fcglich Fahrradwegbeleuchtung (TOP 7, GR-Sitzung 13.05.24)\"}]},{\"@type\":\"WebSite\",\"@id\":\"https:\\\/\\\/gruene-reilingen.de\\\/#website\",\"url\":\"https:\\\/\\\/gruene-reilingen.de\\\/\",\"name\":\"B\u00dcNDNIS 90\\\/DIE GR\u00dcNEN REILINGEN\",\"description\":\"\",\"potentialAction\":[{\"@type\":\"SearchAction\",\"target\":{\"@type\":\"EntryPoint\",\"urlTemplate\":\"https:\\\/\\\/gruene-reilingen.de\\\/?s={search_term_string}\"},\"query-input\":{\"@type\":\"PropertyValueSpecification\",\"valueRequired\":true,\"valueName\":\"search_term_string\"}}],\"inLanguage\":\"de\"},{\"@type\":\"Person\",\"@id\":\"https:\\\/\\\/gruene-reilingen.de\\\/#\\\/schema\\\/person\\\/f9da928f04550d0db757afd781f08df8\",\"name\":\"gruene_reilingen\",\"image\":{\"@type\":\"ImageObject\",\"inLanguage\":\"de\",\"@id\":\"https:\\\/\\\/secure.gravatar.com\\\/avatar\\\/913acc38ce102bffd85b7d788472a0913fa53d9b1fe59056f1fe4e704a8231cb?s=96&d=mm&r=g\",\"url\":\"https:\\\/\\\/secure.gravatar.com\\\/avatar\\\/913acc38ce102bffd85b7d788472a0913fa53d9b1fe59056f1fe4e704a8231cb?s=96&d=mm&r=g\",\"contentUrl\":\"https:\\\/\\\/secure.gravatar.com\\\/avatar\\\/913acc38ce102bffd85b7d788472a0913fa53d9b1fe59056f1fe4e704a8231cb?s=96&d=mm&r=g\",\"caption\":\"gruene_reilingen\"},\"sameAs\":[\"http:\\\/\\\/www.gruene-reilingen.de\"],\"url\":\"https:\\\/\\\/gruene-reilingen.de\\\/?author=2\"}]}<\/script>\n<!-- \/ Yoast SEO plugin. -->","yoast_head_json":{"title":"Stellungnahme der Gr\u00fcnen zum Antrag der CDU bez\u00fcglich Fahrradwegbeleuchtung (TOP 7, GR-Sitzung 13.05.24) - B\u00dcNDNIS 90\/DIE GR\u00dcNEN REILINGEN","robots":{"index":"index","follow":"follow","max-snippet":"max-snippet:-1","max-image-preview":"max-image-preview:large","max-video-preview":"max-video-preview:-1"},"canonical":"https:\/\/gruene-reilingen.de\/?p=2833","og_locale":"de_DE","og_type":"article","og_title":"Stellungnahme der Gr\u00fcnen zum Antrag der CDU bez\u00fcglich Fahrradwegbeleuchtung (TOP 7, GR-Sitzung 13.05.24) - B\u00dcNDNIS 90\/DIE GR\u00dcNEN REILINGEN","og_description":"Sehr geehrte Besucherinnen und Besucher, werter Herr B\u00fcrgermeister, sehr geehrte Verwaltung, mein lieber Gemeinderat: willkommen im Wahlkampf. Ich zitiere aus der der Haushaltsrede der CDU vom 19. Februar, also vor [&hellip;]","og_url":"https:\/\/gruene-reilingen.de\/?p=2833","og_site_name":"B\u00dcNDNIS 90\/DIE GR\u00dcNEN REILINGEN","article_published_time":"2024-05-14T04:55:23+00:00","article_modified_time":"2024-05-14T04:55:24+00:00","author":"gruene_reilingen","twitter_card":"summary_large_image","twitter_misc":{"Verfasst von":"gruene_reilingen","Gesch\u00e4tzte Lesezeit":"2\u00a0Minuten"},"schema":{"@context":"https:\/\/schema.org","@graph":[{"@type":"Article","@id":"https:\/\/gruene-reilingen.de\/?p=2833#article","isPartOf":{"@id":"https:\/\/gruene-reilingen.de\/?p=2833"},"author":{"name":"gruene_reilingen","@id":"https:\/\/gruene-reilingen.de\/#\/schema\/person\/f9da928f04550d0db757afd781f08df8"},"headline":"Stellungnahme der Gr\u00fcnen zum Antrag der CDU bez\u00fcglich Fahrradwegbeleuchtung (TOP 7, GR-Sitzung 13.05.24)","datePublished":"2024-05-14T04:55:23+00:00","dateModified":"2024-05-14T04:55:24+00:00","mainEntityOfPage":{"@id":"https:\/\/gruene-reilingen.de\/?p=2833"},"wordCount":264,"commentCount":0,"articleSection":["News"],"inLanguage":"de","potentialAction":[{"@type":"CommentAction","name":"Comment","target":["https:\/\/gruene-reilingen.de\/?p=2833#respond"]}]},{"@type":"WebPage","@id":"https:\/\/gruene-reilingen.de\/?p=2833","url":"https:\/\/gruene-reilingen.de\/?p=2833","name":"Stellungnahme der Gr\u00fcnen zum Antrag der CDU bez\u00fcglich Fahrradwegbeleuchtung (TOP 7, GR-Sitzung 13.05.24) - B\u00dcNDNIS 90\/DIE GR\u00dcNEN REILINGEN","isPartOf":{"@id":"https:\/\/gruene-reilingen.de\/#website"},"datePublished":"2024-05-14T04:55:23+00:00","dateModified":"2024-05-14T04:55:24+00:00","author":{"@id":"https:\/\/gruene-reilingen.de\/#\/schema\/person\/f9da928f04550d0db757afd781f08df8"},"breadcrumb":{"@id":"https:\/\/gruene-reilingen.de\/?p=2833#breadcrumb"},"inLanguage":"de","potentialAction":[{"@type":"ReadAction","target":["https:\/\/gruene-reilingen.de\/?p=2833"]}]},{"@type":"BreadcrumbList","@id":"https:\/\/gruene-reilingen.de\/?p=2833#breadcrumb","itemListElement":[{"@type":"ListItem","position":1,"name":"Startseite","item":"https:\/\/gruene-reilingen.de\/"},{"@type":"ListItem","position":2,"name":"Stellungnahme der Gr\u00fcnen zum Antrag der CDU bez\u00fcglich Fahrradwegbeleuchtung (TOP 7, GR-Sitzung 13.05.24)"}]},{"@type":"WebSite","@id":"https:\/\/gruene-reilingen.de\/#website","url":"https:\/\/gruene-reilingen.de\/","name":"B\u00dcNDNIS 90\/DIE GR\u00dcNEN REILINGEN","description":"","potentialAction":[{"@type":"SearchAction","target":{"@type":"EntryPoint","urlTemplate":"https:\/\/gruene-reilingen.de\/?s={search_term_string}"},"query-input":{"@type":"PropertyValueSpecification","valueRequired":true,"valueName":"search_term_string"}}],"inLanguage":"de"},{"@type":"Person","@id":"https:\/\/gruene-reilingen.de\/#\/schema\/person\/f9da928f04550d0db757afd781f08df8","name":"gruene_reilingen","image":{"@type":"ImageObject","inLanguage":"de","@id":"https:\/\/secure.gravatar.com\/avatar\/913acc38ce102bffd85b7d788472a0913fa53d9b1fe59056f1fe4e704a8231cb?s=96&d=mm&r=g","url":"https:\/\/secure.gravatar.com\/avatar\/913acc38ce102bffd85b7d788472a0913fa53d9b1fe59056f1fe4e704a8231cb?s=96&d=mm&r=g","contentUrl":"https:\/\/secure.gravatar.com\/avatar\/913acc38ce102bffd85b7d788472a0913fa53d9b1fe59056f1fe4e704a8231cb?s=96&d=mm&r=g","caption":"gruene_reilingen"},"sameAs":["http:\/\/www.gruene-reilingen.de"],"url":"https:\/\/gruene-reilingen.de\/?author=2"}]}},"_links":{"self":[{"href":"https:\/\/gruene-reilingen.de\/index.php?rest_route=\/wp\/v2\/posts\/2833","targetHints":{"allow":["GET"]}}],"collection":[{"href":"https:\/\/gruene-reilingen.de\/index.php?rest_route=\/wp\/v2\/posts"}],"about":[{"href":"https:\/\/gruene-reilingen.de\/index.php?rest_route=\/wp\/v2\/types\/post"}],"author":[{"embeddable":true,"href":"https:\/\/gruene-reilingen.de\/index.php?rest_route=\/wp\/v2\/users\/2"}],"replies":[{"embeddable":true,"href":"https:\/\/gruene-reilingen.de\/index.php?rest_route=%2Fwp%2Fv2%2Fcomments&post=2833"}],"version-history":[{"count":1,"href":"https:\/\/gruene-reilingen.de\/index.php?rest_route=\/wp\/v2\/posts\/2833\/revisions"}],"predecessor-version":[{"id":2834,"href":"https:\/\/gruene-reilingen.de\/index.php?rest_route=\/wp\/v2\/posts\/2833\/revisions\/2834"}],"wp:attachment":[{"href":"https:\/\/gruene-reilingen.de\/index.php?rest_route=%2Fwp%2Fv2%2Fmedia&parent=2833"}],"wp:term":[{"taxonomy":"category","embeddable":true,"href":"https:\/\/gruene-reilingen.de\/index.php?rest_route=%2Fwp%2Fv2%2Fcategories&post=2833"},{"taxonomy":"post_tag","embeddable":true,"href":"https:\/\/gruene-reilingen.de\/index.php?rest_route=%2Fwp%2Fv2%2Ftags&post=2833"}],"curies":[{"name":"wp","href":"https:\/\/api.w.org\/{rel}","templated":true}]}}