{"id":2835,"date":"2024-05-14T04:57:14","date_gmt":"2024-05-14T04:57:14","guid":{"rendered":"https:\/\/gruene-reilingen.de\/?p=2835"},"modified":"2024-05-14T04:57:14","modified_gmt":"2024-05-14T04:57:14","slug":"stellungnahme-der-gruenen-zur-herrichtung-einer-multifunktionsflaeche-auf-dem-festplatz-top-3-gr-sitzung-13-05-24","status":"publish","type":"post","link":"https:\/\/gruene-reilingen.de\/?p=2835","title":{"rendered":"Stellungnahme der Gr\u00fcnen zur Herrichtung einer Multifunktionsfl\u00e4che auf dem Festplatz (TOP 3, GR-Sitzung 13.05.24)"},"content":{"rendered":"\r\n\r\n\r\n\r\n\r\n\r\n\r\n\r\n \r\n\r\n\n<p>Sehr geehrte Damen und Herren!<\/p>\n\n\n\n<p>Wir unterst\u00fctzen die Bem\u00fchungen des AMC Reilingen e.V., eines Vereins mit toller Jugendarbeit, der weit \u00fcber die Grenzen unseres sch\u00f6nen Dorfes hinaus bekannt ist. Der bisherige Standort f\u00fcr das Fahrtraining und Turniere auf dem Parkplatz der Fritz- Mannherz-Hallen ist leider nicht mehr tragbar. Ein dauerhaftes Ausweichen auf die Kart-Bahn nach Walldorf ist nicht sinnvoll und finanziell kaum darzustellen. Unser Festplatz w\u00e4re hingegen ein geeigneter neuer Standort, wenn sich auch die Anwohnerinnen und Anwohner dort an eine neue Situation gew\u00f6hnen m\u00fcssten. Die L\u00e4rmbelastung durch das w\u00f6chentliche Training wird jedoch durch die Umstellung auf Elektro-Karts gering sein.<\/p>\n\n\n\n<p>Eine Kr\u00f6te m\u00fcssen wir hierbei allerdings schlucken, n\u00e4mlich die Versiegelung von \u00fcber 2\u2018000 Quadratmetern an Boden. Auch wenn der Untergrund des Festplatzes bereits stark verdichtet ist, sprechen wir hier von einem deutlichen Eingriff ins Mikroklima und das Verschwinden einer Versickerungsfl\u00e4che. Als ausgleichende Ma\u00dfnahmen m\u00f6chten wir deswegen eine \u00f6kologisch sinnvolle Aufwertung der verbleibenden Gr\u00fcnfl\u00e4che vorschlagen sowie die Pflanzung etlicher B\u00e4ume dort. Eine als Biotop angelegte Versickerungsmulde k\u00f6nnte angelegt werden, um auf Starkregenereignisse vorbereitet zu sein. Zus\u00e4tzlich m\u00f6chten wir anregen, die Knochensteine der Stellfl\u00e4chen des Mannherzhallen-Parkplatzes durch Rasengittersteine zu ersetzen. Die Knochensteine k\u00f6nnten f\u00fcr Teile des neuen Platzes verwendet werden, und der gro\u00dfe Parkplatz an der Halle k\u00f6nnte wasserdurchl\u00e4ssiger werden, und k\u00fchler im Sommer. Im Zuge der Festplatz-Umgestaltung k\u00f6nnte so ein \u00fcberschaubarer, aber ernsthafter Schritt in Richtung \u201eSchwammstadt\u201c gegangen werden, um unsere Gemeinde klimaresilienter werden zu lassen.<\/p>\n\n\n\n<p>Vor allem aber m\u00f6chten wir dem AMC eine gute M\u00f6glichkeit zum Training schaffen und der ganzen Gemeinde ein modernes Areal anbieten, das vielf\u00e4ltig genutzt werden kann.<\/p>\n\n\n\n<p>Die Fraktion B\u00fcndnis&#8217;90\/Die Gr\u00fcnen stimmt der Beschlussvorlage zu.<\/p>\n\n\n\n<p>Simon Schell<\/p>\n\n\n\n<p>Fraktionssprecher<\/p>\n","protected":false},"excerpt":{"rendered":"<p>Sehr geehrte Damen und Herren! Wir unterst\u00fctzen die Bem\u00fchungen des AMC Reilingen e.V., eines Vereins mit toller Jugendarbeit, der weit \u00fcber die Grenzen unseres sch\u00f6nen Dorfes hinaus bekannt ist. Der [&hellip;]<\/p>\n","protected":false},"author":-1,"featured_media":0,"comment_status":"open","ping_status":"open","sticky":false,"template":"","format":"standard","meta":{"footnotes":""},"categories":[3],"tags":[],"class_list":["post-2835","post","type-post","status-publish","format-standard","hentry","category-news"],"yoast_head":"<!-- This site is optimized with the Yoast SEO plugin v27.5 - https:\/\/yoast.com\/product\/yoast-seo-wordpress\/ -->\n<title>Stellungnahme der Gr\u00fcnen zur Herrichtung einer Multifunktionsfl\u00e4che auf dem Festplatz (TOP 3, GR-Sitzung 13.05.24) - B\u00dcNDNIS 90\/DIE GR\u00dcNEN REILINGEN<\/title>\n<meta name=\"robots\" content=\"index, follow, max-snippet:-1, max-image-preview:large, max-video-preview:-1\" \/>\n<link rel=\"canonical\" href=\"https:\/\/gruene-reilingen.de\/?p=2835\" \/>\n<meta property=\"og:locale\" content=\"de_DE\" \/>\n<meta property=\"og:type\" content=\"article\" \/>\n<meta property=\"og:title\" content=\"Stellungnahme der Gr\u00fcnen zur Herrichtung einer Multifunktionsfl\u00e4che auf dem Festplatz (TOP 3, GR-Sitzung 13.05.24) - B\u00dcNDNIS 90\/DIE GR\u00dcNEN REILINGEN\" \/>\n<meta property=\"og:description\" content=\"Sehr geehrte Damen und Herren! Wir unterst\u00fctzen die Bem\u00fchungen des AMC Reilingen e.V., eines Vereins mit toller Jugendarbeit, der weit \u00fcber die Grenzen unseres sch\u00f6nen Dorfes hinaus bekannt ist. Der [&hellip;]\" \/>\n<meta property=\"og:url\" content=\"https:\/\/gruene-reilingen.de\/?p=2835\" \/>\n<meta property=\"og:site_name\" content=\"B\u00dcNDNIS 90\/DIE GR\u00dcNEN REILINGEN\" \/>\n<meta property=\"article:published_time\" content=\"2024-05-14T04:57:14+00:00\" \/>\n<meta name=\"author\" content=\"gruene_reilingen\" \/>\n<meta name=\"twitter:card\" content=\"summary_large_image\" \/>\n<meta name=\"twitter:label1\" content=\"Verfasst von\" \/>\n\t<meta name=\"twitter:data1\" content=\"gruene_reilingen\" \/>\n\t<meta name=\"twitter:label2\" content=\"Gesch\u00e4tzte Lesezeit\" \/>\n\t<meta name=\"twitter:data2\" content=\"2\u00a0Minuten\" \/>\n<script type=\"application\/ld+json\" class=\"yoast-schema-graph\">{\"@context\":\"https:\\\/\\\/schema.org\",\"@graph\":[{\"@type\":\"Article\",\"@id\":\"https:\\\/\\\/gruene-reilingen.de\\\/?p=2835#article\",\"isPartOf\":{\"@id\":\"https:\\\/\\\/gruene-reilingen.de\\\/?p=2835\"},\"author\":{\"name\":\"gruene_reilingen\",\"@id\":\"https:\\\/\\\/gruene-reilingen.de\\\/#\\\/schema\\\/person\\\/f9da928f04550d0db757afd781f08df8\"},\"headline\":\"Stellungnahme der Gr\u00fcnen zur Herrichtung einer Multifunktionsfl\u00e4che auf dem Festplatz (TOP 3, GR-Sitzung 13.05.24)\",\"datePublished\":\"2024-05-14T04:57:14+00:00\",\"mainEntityOfPage\":{\"@id\":\"https:\\\/\\\/gruene-reilingen.de\\\/?p=2835\"},\"wordCount\":321,\"commentCount\":0,\"articleSection\":[\"News\"],\"inLanguage\":\"de\",\"potentialAction\":[{\"@type\":\"CommentAction\",\"name\":\"Comment\",\"target\":[\"https:\\\/\\\/gruene-reilingen.de\\\/?p=2835#respond\"]}]},{\"@type\":\"WebPage\",\"@id\":\"https:\\\/\\\/gruene-reilingen.de\\\/?p=2835\",\"url\":\"https:\\\/\\\/gruene-reilingen.de\\\/?p=2835\",\"name\":\"Stellungnahme der Gr\u00fcnen zur Herrichtung einer Multifunktionsfl\u00e4che auf dem Festplatz (TOP 3, GR-Sitzung 13.05.24) - B\u00dcNDNIS 90\\\/DIE GR\u00dcNEN REILINGEN\",\"isPartOf\":{\"@id\":\"https:\\\/\\\/gruene-reilingen.de\\\/#website\"},\"datePublished\":\"2024-05-14T04:57:14+00:00\",\"author\":{\"@id\":\"https:\\\/\\\/gruene-reilingen.de\\\/#\\\/schema\\\/person\\\/f9da928f04550d0db757afd781f08df8\"},\"breadcrumb\":{\"@id\":\"https:\\\/\\\/gruene-reilingen.de\\\/?p=2835#breadcrumb\"},\"inLanguage\":\"de\",\"potentialAction\":[{\"@type\":\"ReadAction\",\"target\":[\"https:\\\/\\\/gruene-reilingen.de\\\/?p=2835\"]}]},{\"@type\":\"BreadcrumbList\",\"@id\":\"https:\\\/\\\/gruene-reilingen.de\\\/?p=2835#breadcrumb\",\"itemListElement\":[{\"@type\":\"ListItem\",\"position\":1,\"name\":\"Startseite\",\"item\":\"https:\\\/\\\/gruene-reilingen.de\\\/\"},{\"@type\":\"ListItem\",\"position\":2,\"name\":\"Stellungnahme der Gr\u00fcnen zur Herrichtung einer Multifunktionsfl\u00e4che auf dem Festplatz (TOP 3, GR-Sitzung 13.05.24)\"}]},{\"@type\":\"WebSite\",\"@id\":\"https:\\\/\\\/gruene-reilingen.de\\\/#website\",\"url\":\"https:\\\/\\\/gruene-reilingen.de\\\/\",\"name\":\"B\u00dcNDNIS 90\\\/DIE GR\u00dcNEN REILINGEN\",\"description\":\"\",\"potentialAction\":[{\"@type\":\"SearchAction\",\"target\":{\"@type\":\"EntryPoint\",\"urlTemplate\":\"https:\\\/\\\/gruene-reilingen.de\\\/?s={search_term_string}\"},\"query-input\":{\"@type\":\"PropertyValueSpecification\",\"valueRequired\":true,\"valueName\":\"search_term_string\"}}],\"inLanguage\":\"de\"},{\"@type\":\"Person\",\"@id\":\"https:\\\/\\\/gruene-reilingen.de\\\/#\\\/schema\\\/person\\\/f9da928f04550d0db757afd781f08df8\",\"name\":\"gruene_reilingen\",\"image\":{\"@type\":\"ImageObject\",\"inLanguage\":\"de\",\"@id\":\"https:\\\/\\\/secure.gravatar.com\\\/avatar\\\/913acc38ce102bffd85b7d788472a0913fa53d9b1fe59056f1fe4e704a8231cb?s=96&d=mm&r=g\",\"url\":\"https:\\\/\\\/secure.gravatar.com\\\/avatar\\\/913acc38ce102bffd85b7d788472a0913fa53d9b1fe59056f1fe4e704a8231cb?s=96&d=mm&r=g\",\"contentUrl\":\"https:\\\/\\\/secure.gravatar.com\\\/avatar\\\/913acc38ce102bffd85b7d788472a0913fa53d9b1fe59056f1fe4e704a8231cb?s=96&d=mm&r=g\",\"caption\":\"gruene_reilingen\"},\"sameAs\":[\"http:\\\/\\\/www.gruene-reilingen.de\"],\"url\":\"https:\\\/\\\/gruene-reilingen.de\\\/?author=2\"}]}<\/script>\n<!-- \/ Yoast SEO plugin. -->","yoast_head_json":{"title":"Stellungnahme der Gr\u00fcnen zur Herrichtung einer Multifunktionsfl\u00e4che auf dem Festplatz (TOP 3, GR-Sitzung 13.05.24) - B\u00dcNDNIS 90\/DIE GR\u00dcNEN REILINGEN","robots":{"index":"index","follow":"follow","max-snippet":"max-snippet:-1","max-image-preview":"max-image-preview:large","max-video-preview":"max-video-preview:-1"},"canonical":"https:\/\/gruene-reilingen.de\/?p=2835","og_locale":"de_DE","og_type":"article","og_title":"Stellungnahme der Gr\u00fcnen zur Herrichtung einer Multifunktionsfl\u00e4che auf dem Festplatz (TOP 3, GR-Sitzung 13.05.24) - B\u00dcNDNIS 90\/DIE GR\u00dcNEN REILINGEN","og_description":"Sehr geehrte Damen und Herren! Wir unterst\u00fctzen die Bem\u00fchungen des AMC Reilingen e.V., eines Vereins mit toller Jugendarbeit, der weit \u00fcber die Grenzen unseres sch\u00f6nen Dorfes hinaus bekannt ist. Der [&hellip;]","og_url":"https:\/\/gruene-reilingen.de\/?p=2835","og_site_name":"B\u00dcNDNIS 90\/DIE GR\u00dcNEN REILINGEN","article_published_time":"2024-05-14T04:57:14+00:00","author":"gruene_reilingen","twitter_card":"summary_large_image","twitter_misc":{"Verfasst von":"gruene_reilingen","Gesch\u00e4tzte Lesezeit":"2\u00a0Minuten"},"schema":{"@context":"https:\/\/schema.org","@graph":[{"@type":"Article","@id":"https:\/\/gruene-reilingen.de\/?p=2835#article","isPartOf":{"@id":"https:\/\/gruene-reilingen.de\/?p=2835"},"author":{"name":"gruene_reilingen","@id":"https:\/\/gruene-reilingen.de\/#\/schema\/person\/f9da928f04550d0db757afd781f08df8"},"headline":"Stellungnahme der Gr\u00fcnen zur Herrichtung einer Multifunktionsfl\u00e4che auf dem Festplatz (TOP 3, GR-Sitzung 13.05.24)","datePublished":"2024-05-14T04:57:14+00:00","mainEntityOfPage":{"@id":"https:\/\/gruene-reilingen.de\/?p=2835"},"wordCount":321,"commentCount":0,"articleSection":["News"],"inLanguage":"de","potentialAction":[{"@type":"CommentAction","name":"Comment","target":["https:\/\/gruene-reilingen.de\/?p=2835#respond"]}]},{"@type":"WebPage","@id":"https:\/\/gruene-reilingen.de\/?p=2835","url":"https:\/\/gruene-reilingen.de\/?p=2835","name":"Stellungnahme der Gr\u00fcnen zur Herrichtung einer Multifunktionsfl\u00e4che auf dem Festplatz (TOP 3, GR-Sitzung 13.05.24) - B\u00dcNDNIS 90\/DIE GR\u00dcNEN REILINGEN","isPartOf":{"@id":"https:\/\/gruene-reilingen.de\/#website"},"datePublished":"2024-05-14T04:57:14+00:00","author":{"@id":"https:\/\/gruene-reilingen.de\/#\/schema\/person\/f9da928f04550d0db757afd781f08df8"},"breadcrumb":{"@id":"https:\/\/gruene-reilingen.de\/?p=2835#breadcrumb"},"inLanguage":"de","potentialAction":[{"@type":"ReadAction","target":["https:\/\/gruene-reilingen.de\/?p=2835"]}]},{"@type":"BreadcrumbList","@id":"https:\/\/gruene-reilingen.de\/?p=2835#breadcrumb","itemListElement":[{"@type":"ListItem","position":1,"name":"Startseite","item":"https:\/\/gruene-reilingen.de\/"},{"@type":"ListItem","position":2,"name":"Stellungnahme der Gr\u00fcnen zur Herrichtung einer Multifunktionsfl\u00e4che auf dem Festplatz (TOP 3, GR-Sitzung 13.05.24)"}]},{"@type":"WebSite","@id":"https:\/\/gruene-reilingen.de\/#website","url":"https:\/\/gruene-reilingen.de\/","name":"B\u00dcNDNIS 90\/DIE GR\u00dcNEN REILINGEN","description":"","potentialAction":[{"@type":"SearchAction","target":{"@type":"EntryPoint","urlTemplate":"https:\/\/gruene-reilingen.de\/?s={search_term_string}"},"query-input":{"@type":"PropertyValueSpecification","valueRequired":true,"valueName":"search_term_string"}}],"inLanguage":"de"},{"@type":"Person","@id":"https:\/\/gruene-reilingen.de\/#\/schema\/person\/f9da928f04550d0db757afd781f08df8","name":"gruene_reilingen","image":{"@type":"ImageObject","inLanguage":"de","@id":"https:\/\/secure.gravatar.com\/avatar\/913acc38ce102bffd85b7d788472a0913fa53d9b1fe59056f1fe4e704a8231cb?s=96&d=mm&r=g","url":"https:\/\/secure.gravatar.com\/avatar\/913acc38ce102bffd85b7d788472a0913fa53d9b1fe59056f1fe4e704a8231cb?s=96&d=mm&r=g","contentUrl":"https:\/\/secure.gravatar.com\/avatar\/913acc38ce102bffd85b7d788472a0913fa53d9b1fe59056f1fe4e704a8231cb?s=96&d=mm&r=g","caption":"gruene_reilingen"},"sameAs":["http:\/\/www.gruene-reilingen.de"],"url":"https:\/\/gruene-reilingen.de\/?author=2"}]}},"_links":{"self":[{"href":"https:\/\/gruene-reilingen.de\/index.php?rest_route=\/wp\/v2\/posts\/2835","targetHints":{"allow":["GET"]}}],"collection":[{"href":"https:\/\/gruene-reilingen.de\/index.php?rest_route=\/wp\/v2\/posts"}],"about":[{"href":"https:\/\/gruene-reilingen.de\/index.php?rest_route=\/wp\/v2\/types\/post"}],"author":[{"embeddable":true,"href":"https:\/\/gruene-reilingen.de\/index.php?rest_route=\/wp\/v2\/users\/2"}],"replies":[{"embeddable":true,"href":"https:\/\/gruene-reilingen.de\/index.php?rest_route=%2Fwp%2Fv2%2Fcomments&post=2835"}],"version-history":[{"count":1,"href":"https:\/\/gruene-reilingen.de\/index.php?rest_route=\/wp\/v2\/posts\/2835\/revisions"}],"predecessor-version":[{"id":2836,"href":"https:\/\/gruene-reilingen.de\/index.php?rest_route=\/wp\/v2\/posts\/2835\/revisions\/2836"}],"wp:attachment":[{"href":"https:\/\/gruene-reilingen.de\/index.php?rest_route=%2Fwp%2Fv2%2Fmedia&parent=2835"}],"wp:term":[{"taxonomy":"category","embeddable":true,"href":"https:\/\/gruene-reilingen.de\/index.php?rest_route=%2Fwp%2Fv2%2Fcategories&post=2835"},{"taxonomy":"post_tag","embeddable":true,"href":"https:\/\/gruene-reilingen.de\/index.php?rest_route=%2Fwp%2Fv2%2Ftags&post=2835"}],"curies":[{"name":"wp","href":"https:\/\/api.w.org\/{rel}","templated":true}]}}