{"id":2837,"date":"2024-05-14T05:01:31","date_gmt":"2024-05-14T05:01:31","guid":{"rendered":"https:\/\/gruene-reilingen.de\/?p=2837"},"modified":"2024-05-16T05:29:51","modified_gmt":"2024-05-16T05:29:51","slug":"tolle-gespraeche-bei-vesper-uff-de-gass","status":"publish","type":"post","link":"https:\/\/gruene-reilingen.de\/?p=2837","title":{"rendered":"Tolle Gespr\u00e4che bei Vesper uff de Gass"},"content":{"rendered":"\r\n\r\n\r\n\r\n\r\n\r\n\r\n\r\n \r\n\r\n\n<p>Beim ersten Vesper uff de Gass gab es viele interessante Gespr\u00e4che. Hauptthema war die anstehende Gemeinderatswahl. Es wurde allerdings auch \u00fcber die am gleichen Tag stattfindende Europawahl gesprochen.<\/p>\n\n\n\n<p>Das n\u00e4chste Vesper uff de Gass findet am Mittwoch, 22.05. ab 19 Uhr in der Wilhelmstr. 30 statt.<\/p>\n\n\n\n<figure class=\"wp-block-image size-large\"><a href=\"https:\/\/gruene-reilingen.de\/wp-content\/uploads\/2024\/05\/1000022926-scaled.jpg\"><img loading=\"lazy\" decoding=\"async\" width=\"667\" height=\"500\" src=\"https:\/\/gruene-reilingen.de\/wp-content\/uploads\/2024\/05\/1000022926-667x500.jpg\" alt=\"\" class=\"wp-image-2838\" srcset=\"https:\/\/gruene-reilingen.de\/wp-content\/uploads\/2024\/05\/1000022926-667x500.jpg 667w, https:\/\/gruene-reilingen.de\/wp-content\/uploads\/2024\/05\/1000022926-493x370.jpg 493w, https:\/\/gruene-reilingen.de\/wp-content\/uploads\/2024\/05\/1000022926-768x576.jpg 768w, https:\/\/gruene-reilingen.de\/wp-content\/uploads\/2024\/05\/1000022926-1536x1152.jpg 1536w, https:\/\/gruene-reilingen.de\/wp-content\/uploads\/2024\/05\/1000022926-2048x1536.jpg 2048w\" sizes=\"auto, (max-width: 667px) 100vw, 667px\" \/><\/a><\/figure>\n\n\n\n<p><\/p>\n\n\n\n<figure class=\"wp-block-image size-large\"><a href=\"https:\/\/gruene-reilingen.de\/wp-content\/uploads\/2024\/05\/1000022928-scaled.jpg\"><img loading=\"lazy\" decoding=\"async\" width=\"375\" height=\"500\" src=\"https:\/\/gruene-reilingen.de\/wp-content\/uploads\/2024\/05\/1000022928-375x500.jpg\" alt=\"\" class=\"wp-image-2839\" srcset=\"https:\/\/gruene-reilingen.de\/wp-content\/uploads\/2024\/05\/1000022928-375x500.jpg 375w, https:\/\/gruene-reilingen.de\/wp-content\/uploads\/2024\/05\/1000022928-278x370.jpg 278w, https:\/\/gruene-reilingen.de\/wp-content\/uploads\/2024\/05\/1000022928-768x1024.jpg 768w, https:\/\/gruene-reilingen.de\/wp-content\/uploads\/2024\/05\/1000022928-1152x1536.jpg 1152w, https:\/\/gruene-reilingen.de\/wp-content\/uploads\/2024\/05\/1000022928-1536x2048.jpg 1536w, https:\/\/gruene-reilingen.de\/wp-content\/uploads\/2024\/05\/1000022928-scaled.jpg 1920w\" sizes=\"auto, (max-width: 375px) 100vw, 375px\" \/><\/a><\/figure>\n\n\n\n<p><\/p>\n\n\n\n<figure class=\"wp-block-image size-large\"><a href=\"https:\/\/gruene-reilingen.de\/wp-content\/uploads\/2024\/05\/20240510_191135-scaled.jpg\"><img loading=\"lazy\" decoding=\"async\" width=\"375\" height=\"500\" src=\"https:\/\/gruene-reilingen.de\/wp-content\/uploads\/2024\/05\/20240510_191135-375x500.jpg\" alt=\"\" class=\"wp-image-2852\" srcset=\"https:\/\/gruene-reilingen.de\/wp-content\/uploads\/2024\/05\/20240510_191135-375x500.jpg 375w, https:\/\/gruene-reilingen.de\/wp-content\/uploads\/2024\/05\/20240510_191135-278x370.jpg 278w, https:\/\/gruene-reilingen.de\/wp-content\/uploads\/2024\/05\/20240510_191135-768x1024.jpg 768w, https:\/\/gruene-reilingen.de\/wp-content\/uploads\/2024\/05\/20240510_191135-1152x1536.jpg 1152w, https:\/\/gruene-reilingen.de\/wp-content\/uploads\/2024\/05\/20240510_191135-1536x2048.jpg 1536w, https:\/\/gruene-reilingen.de\/wp-content\/uploads\/2024\/05\/20240510_191135-scaled.jpg 1920w\" sizes=\"auto, (max-width: 375px) 100vw, 375px\" \/><\/a><\/figure>\n\n\n\n\n","protected":false},"excerpt":{"rendered":"<p>Beim ersten Vesper uff de Gass gab es viele interessante Gespr\u00e4che. Hauptthema war die anstehende Gemeinderatswahl. Es wurde allerdings auch \u00fcber die am gleichen Tag stattfindende Europawahl gesprochen. Das n\u00e4chste [&hellip;]<\/p>\n","protected":false},"author":-1,"featured_media":0,"comment_status":"open","ping_status":"open","sticky":false,"template":"","format":"standard","meta":{"footnotes":""},"categories":[3],"tags":[],"class_list":["post-2837","post","type-post","status-publish","format-standard","hentry","category-news"],"yoast_head":"<!-- This site is optimized with the Yoast SEO plugin v27.5 - https:\/\/yoast.com\/product\/yoast-seo-wordpress\/ -->\n<title>Tolle Gespr\u00e4che bei Vesper uff de Gass - B\u00dcNDNIS 90\/DIE GR\u00dcNEN REILINGEN<\/title>\n<meta name=\"robots\" content=\"index, follow, max-snippet:-1, max-image-preview:large, max-video-preview:-1\" \/>\n<link rel=\"canonical\" href=\"https:\/\/gruene-reilingen.de\/?p=2837\" \/>\n<meta property=\"og:locale\" content=\"de_DE\" \/>\n<meta property=\"og:type\" content=\"article\" \/>\n<meta property=\"og:title\" content=\"Tolle Gespr\u00e4che bei Vesper uff de Gass - B\u00dcNDNIS 90\/DIE GR\u00dcNEN REILINGEN\" \/>\n<meta property=\"og:description\" content=\"Beim ersten Vesper uff de Gass gab es viele interessante Gespr\u00e4che. Hauptthema war die anstehende Gemeinderatswahl. Es wurde allerdings auch \u00fcber die am gleichen Tag stattfindende Europawahl gesprochen. Das n\u00e4chste [&hellip;]\" \/>\n<meta property=\"og:url\" content=\"https:\/\/gruene-reilingen.de\/?p=2837\" \/>\n<meta property=\"og:site_name\" content=\"B\u00dcNDNIS 90\/DIE GR\u00dcNEN REILINGEN\" \/>\n<meta property=\"article:published_time\" content=\"2024-05-14T05:01:31+00:00\" \/>\n<meta property=\"article:modified_time\" content=\"2024-05-16T05:29:51+00:00\" \/>\n<meta property=\"og:image\" content=\"https:\/\/gruene-reilingen.de\/wp-content\/uploads\/2024\/05\/1000022926-667x500.jpg\" \/>\n<meta name=\"author\" content=\"gruene_reilingen\" \/>\n<meta name=\"twitter:card\" content=\"summary_large_image\" \/>\n<meta name=\"twitter:label1\" content=\"Verfasst von\" \/>\n\t<meta name=\"twitter:data1\" content=\"gruene_reilingen\" \/>\n\t<meta name=\"twitter:label2\" content=\"Gesch\u00e4tzte Lesezeit\" \/>\n\t<meta name=\"twitter:data2\" content=\"2\u00a0Minuten\" \/>\n<script type=\"application\/ld+json\" class=\"yoast-schema-graph\">{\"@context\":\"https:\\\/\\\/schema.org\",\"@graph\":[{\"@type\":\"Article\",\"@id\":\"https:\\\/\\\/gruene-reilingen.de\\\/?p=2837#article\",\"isPartOf\":{\"@id\":\"https:\\\/\\\/gruene-reilingen.de\\\/?p=2837\"},\"author\":{\"name\":\"gruene_reilingen\",\"@id\":\"https:\\\/\\\/gruene-reilingen.de\\\/#\\\/schema\\\/person\\\/f9da928f04550d0db757afd781f08df8\"},\"headline\":\"Tolle Gespr\u00e4che bei Vesper uff de Gass\",\"datePublished\":\"2024-05-14T05:01:31+00:00\",\"dateModified\":\"2024-05-16T05:29:51+00:00\",\"mainEntityOfPage\":{\"@id\":\"https:\\\/\\\/gruene-reilingen.de\\\/?p=2837\"},\"wordCount\":53,\"commentCount\":0,\"image\":{\"@id\":\"https:\\\/\\\/gruene-reilingen.de\\\/?p=2837#primaryimage\"},\"thumbnailUrl\":\"https:\\\/\\\/gruene-reilingen.de\\\/wp-content\\\/uploads\\\/2024\\\/05\\\/1000022926-667x500.jpg\",\"articleSection\":[\"News\"],\"inLanguage\":\"de\",\"potentialAction\":[{\"@type\":\"CommentAction\",\"name\":\"Comment\",\"target\":[\"https:\\\/\\\/gruene-reilingen.de\\\/?p=2837#respond\"]}]},{\"@type\":\"WebPage\",\"@id\":\"https:\\\/\\\/gruene-reilingen.de\\\/?p=2837\",\"url\":\"https:\\\/\\\/gruene-reilingen.de\\\/?p=2837\",\"name\":\"Tolle Gespr\u00e4che bei Vesper uff de Gass - B\u00dcNDNIS 90\\\/DIE GR\u00dcNEN REILINGEN\",\"isPartOf\":{\"@id\":\"https:\\\/\\\/gruene-reilingen.de\\\/#website\"},\"primaryImageOfPage\":{\"@id\":\"https:\\\/\\\/gruene-reilingen.de\\\/?p=2837#primaryimage\"},\"image\":{\"@id\":\"https:\\\/\\\/gruene-reilingen.de\\\/?p=2837#primaryimage\"},\"thumbnailUrl\":\"https:\\\/\\\/gruene-reilingen.de\\\/wp-content\\\/uploads\\\/2024\\\/05\\\/1000022926-667x500.jpg\",\"datePublished\":\"2024-05-14T05:01:31+00:00\",\"dateModified\":\"2024-05-16T05:29:51+00:00\",\"author\":{\"@id\":\"https:\\\/\\\/gruene-reilingen.de\\\/#\\\/schema\\\/person\\\/f9da928f04550d0db757afd781f08df8\"},\"breadcrumb\":{\"@id\":\"https:\\\/\\\/gruene-reilingen.de\\\/?p=2837#breadcrumb\"},\"inLanguage\":\"de\",\"potentialAction\":[{\"@type\":\"ReadAction\",\"target\":[\"https:\\\/\\\/gruene-reilingen.de\\\/?p=2837\"]}]},{\"@type\":\"ImageObject\",\"inLanguage\":\"de\",\"@id\":\"https:\\\/\\\/gruene-reilingen.de\\\/?p=2837#primaryimage\",\"url\":\"https:\\\/\\\/gruene-reilingen.de\\\/wp-content\\\/uploads\\\/2024\\\/05\\\/1000022926-667x500.jpg\",\"contentUrl\":\"https:\\\/\\\/gruene-reilingen.de\\\/wp-content\\\/uploads\\\/2024\\\/05\\\/1000022926-667x500.jpg\"},{\"@type\":\"BreadcrumbList\",\"@id\":\"https:\\\/\\\/gruene-reilingen.de\\\/?p=2837#breadcrumb\",\"itemListElement\":[{\"@type\":\"ListItem\",\"position\":1,\"name\":\"Startseite\",\"item\":\"https:\\\/\\\/gruene-reilingen.de\\\/\"},{\"@type\":\"ListItem\",\"position\":2,\"name\":\"Tolle Gespr\u00e4che bei Vesper uff de Gass\"}]},{\"@type\":\"WebSite\",\"@id\":\"https:\\\/\\\/gruene-reilingen.de\\\/#website\",\"url\":\"https:\\\/\\\/gruene-reilingen.de\\\/\",\"name\":\"B\u00dcNDNIS 90\\\/DIE GR\u00dcNEN REILINGEN\",\"description\":\"\",\"potentialAction\":[{\"@type\":\"SearchAction\",\"target\":{\"@type\":\"EntryPoint\",\"urlTemplate\":\"https:\\\/\\\/gruene-reilingen.de\\\/?s={search_term_string}\"},\"query-input\":{\"@type\":\"PropertyValueSpecification\",\"valueRequired\":true,\"valueName\":\"search_term_string\"}}],\"inLanguage\":\"de\"},{\"@type\":\"Person\",\"@id\":\"https:\\\/\\\/gruene-reilingen.de\\\/#\\\/schema\\\/person\\\/f9da928f04550d0db757afd781f08df8\",\"name\":\"gruene_reilingen\",\"image\":{\"@type\":\"ImageObject\",\"inLanguage\":\"de\",\"@id\":\"https:\\\/\\\/secure.gravatar.com\\\/avatar\\\/913acc38ce102bffd85b7d788472a0913fa53d9b1fe59056f1fe4e704a8231cb?s=96&d=mm&r=g\",\"url\":\"https:\\\/\\\/secure.gravatar.com\\\/avatar\\\/913acc38ce102bffd85b7d788472a0913fa53d9b1fe59056f1fe4e704a8231cb?s=96&d=mm&r=g\",\"contentUrl\":\"https:\\\/\\\/secure.gravatar.com\\\/avatar\\\/913acc38ce102bffd85b7d788472a0913fa53d9b1fe59056f1fe4e704a8231cb?s=96&d=mm&r=g\",\"caption\":\"gruene_reilingen\"},\"sameAs\":[\"http:\\\/\\\/www.gruene-reilingen.de\"],\"url\":\"https:\\\/\\\/gruene-reilingen.de\\\/?author=2\"}]}<\/script>\n<!-- \/ Yoast SEO plugin. -->","yoast_head_json":{"title":"Tolle Gespr\u00e4che bei Vesper uff de Gass - B\u00dcNDNIS 90\/DIE GR\u00dcNEN REILINGEN","robots":{"index":"index","follow":"follow","max-snippet":"max-snippet:-1","max-image-preview":"max-image-preview:large","max-video-preview":"max-video-preview:-1"},"canonical":"https:\/\/gruene-reilingen.de\/?p=2837","og_locale":"de_DE","og_type":"article","og_title":"Tolle Gespr\u00e4che bei Vesper uff de Gass - B\u00dcNDNIS 90\/DIE GR\u00dcNEN REILINGEN","og_description":"Beim ersten Vesper uff de Gass gab es viele interessante Gespr\u00e4che. Hauptthema war die anstehende Gemeinderatswahl. Es wurde allerdings auch \u00fcber die am gleichen Tag stattfindende Europawahl gesprochen. Das n\u00e4chste [&hellip;]","og_url":"https:\/\/gruene-reilingen.de\/?p=2837","og_site_name":"B\u00dcNDNIS 90\/DIE GR\u00dcNEN REILINGEN","article_published_time":"2024-05-14T05:01:31+00:00","article_modified_time":"2024-05-16T05:29:51+00:00","og_image":[{"url":"https:\/\/gruene-reilingen.de\/wp-content\/uploads\/2024\/05\/1000022926-667x500.jpg","type":"","width":"","height":""}],"author":"gruene_reilingen","twitter_card":"summary_large_image","twitter_misc":{"Verfasst von":"gruene_reilingen","Gesch\u00e4tzte Lesezeit":"2\u00a0Minuten"},"schema":{"@context":"https:\/\/schema.org","@graph":[{"@type":"Article","@id":"https:\/\/gruene-reilingen.de\/?p=2837#article","isPartOf":{"@id":"https:\/\/gruene-reilingen.de\/?p=2837"},"author":{"name":"gruene_reilingen","@id":"https:\/\/gruene-reilingen.de\/#\/schema\/person\/f9da928f04550d0db757afd781f08df8"},"headline":"Tolle Gespr\u00e4che bei Vesper uff de Gass","datePublished":"2024-05-14T05:01:31+00:00","dateModified":"2024-05-16T05:29:51+00:00","mainEntityOfPage":{"@id":"https:\/\/gruene-reilingen.de\/?p=2837"},"wordCount":53,"commentCount":0,"image":{"@id":"https:\/\/gruene-reilingen.de\/?p=2837#primaryimage"},"thumbnailUrl":"https:\/\/gruene-reilingen.de\/wp-content\/uploads\/2024\/05\/1000022926-667x500.jpg","articleSection":["News"],"inLanguage":"de","potentialAction":[{"@type":"CommentAction","name":"Comment","target":["https:\/\/gruene-reilingen.de\/?p=2837#respond"]}]},{"@type":"WebPage","@id":"https:\/\/gruene-reilingen.de\/?p=2837","url":"https:\/\/gruene-reilingen.de\/?p=2837","name":"Tolle Gespr\u00e4che bei Vesper uff de Gass - B\u00dcNDNIS 90\/DIE GR\u00dcNEN REILINGEN","isPartOf":{"@id":"https:\/\/gruene-reilingen.de\/#website"},"primaryImageOfPage":{"@id":"https:\/\/gruene-reilingen.de\/?p=2837#primaryimage"},"image":{"@id":"https:\/\/gruene-reilingen.de\/?p=2837#primaryimage"},"thumbnailUrl":"https:\/\/gruene-reilingen.de\/wp-content\/uploads\/2024\/05\/1000022926-667x500.jpg","datePublished":"2024-05-14T05:01:31+00:00","dateModified":"2024-05-16T05:29:51+00:00","author":{"@id":"https:\/\/gruene-reilingen.de\/#\/schema\/person\/f9da928f04550d0db757afd781f08df8"},"breadcrumb":{"@id":"https:\/\/gruene-reilingen.de\/?p=2837#breadcrumb"},"inLanguage":"de","potentialAction":[{"@type":"ReadAction","target":["https:\/\/gruene-reilingen.de\/?p=2837"]}]},{"@type":"ImageObject","inLanguage":"de","@id":"https:\/\/gruene-reilingen.de\/?p=2837#primaryimage","url":"https:\/\/gruene-reilingen.de\/wp-content\/uploads\/2024\/05\/1000022926-667x500.jpg","contentUrl":"https:\/\/gruene-reilingen.de\/wp-content\/uploads\/2024\/05\/1000022926-667x500.jpg"},{"@type":"BreadcrumbList","@id":"https:\/\/gruene-reilingen.de\/?p=2837#breadcrumb","itemListElement":[{"@type":"ListItem","position":1,"name":"Startseite","item":"https:\/\/gruene-reilingen.de\/"},{"@type":"ListItem","position":2,"name":"Tolle Gespr\u00e4che bei Vesper uff de Gass"}]},{"@type":"WebSite","@id":"https:\/\/gruene-reilingen.de\/#website","url":"https:\/\/gruene-reilingen.de\/","name":"B\u00dcNDNIS 90\/DIE GR\u00dcNEN REILINGEN","description":"","potentialAction":[{"@type":"SearchAction","target":{"@type":"EntryPoint","urlTemplate":"https:\/\/gruene-reilingen.de\/?s={search_term_string}"},"query-input":{"@type":"PropertyValueSpecification","valueRequired":true,"valueName":"search_term_string"}}],"inLanguage":"de"},{"@type":"Person","@id":"https:\/\/gruene-reilingen.de\/#\/schema\/person\/f9da928f04550d0db757afd781f08df8","name":"gruene_reilingen","image":{"@type":"ImageObject","inLanguage":"de","@id":"https:\/\/secure.gravatar.com\/avatar\/913acc38ce102bffd85b7d788472a0913fa53d9b1fe59056f1fe4e704a8231cb?s=96&d=mm&r=g","url":"https:\/\/secure.gravatar.com\/avatar\/913acc38ce102bffd85b7d788472a0913fa53d9b1fe59056f1fe4e704a8231cb?s=96&d=mm&r=g","contentUrl":"https:\/\/secure.gravatar.com\/avatar\/913acc38ce102bffd85b7d788472a0913fa53d9b1fe59056f1fe4e704a8231cb?s=96&d=mm&r=g","caption":"gruene_reilingen"},"sameAs":["http:\/\/www.gruene-reilingen.de"],"url":"https:\/\/gruene-reilingen.de\/?author=2"}]}},"_links":{"self":[{"href":"https:\/\/gruene-reilingen.de\/index.php?rest_route=\/wp\/v2\/posts\/2837","targetHints":{"allow":["GET"]}}],"collection":[{"href":"https:\/\/gruene-reilingen.de\/index.php?rest_route=\/wp\/v2\/posts"}],"about":[{"href":"https:\/\/gruene-reilingen.de\/index.php?rest_route=\/wp\/v2\/types\/post"}],"author":[{"embeddable":true,"href":"https:\/\/gruene-reilingen.de\/index.php?rest_route=\/wp\/v2\/users\/2"}],"replies":[{"embeddable":true,"href":"https:\/\/gruene-reilingen.de\/index.php?rest_route=%2Fwp%2Fv2%2Fcomments&post=2837"}],"version-history":[{"count":5,"href":"https:\/\/gruene-reilingen.de\/index.php?rest_route=\/wp\/v2\/posts\/2837\/revisions"}],"predecessor-version":[{"id":2864,"href":"https:\/\/gruene-reilingen.de\/index.php?rest_route=\/wp\/v2\/posts\/2837\/revisions\/2864"}],"wp:attachment":[{"href":"https:\/\/gruene-reilingen.de\/index.php?rest_route=%2Fwp%2Fv2%2Fmedia&parent=2837"}],"wp:term":[{"taxonomy":"category","embeddable":true,"href":"https:\/\/gruene-reilingen.de\/index.php?rest_route=%2Fwp%2Fv2%2Fcategories&post=2837"},{"taxonomy":"post_tag","embeddable":true,"href":"https:\/\/gruene-reilingen.de\/index.php?rest_route=%2Fwp%2Fv2%2Ftags&post=2837"}],"curies":[{"name":"wp","href":"https:\/\/api.w.org\/{rel}","templated":true}]}}