{"id":2841,"date":"2024-05-14T05:10:41","date_gmt":"2024-05-14T05:10:41","guid":{"rendered":"https:\/\/gruene-reilingen.de\/?p=2841"},"modified":"2024-05-16T05:30:05","modified_gmt":"2024-05-16T05:30:05","slug":"7-tour-dhoran-ein-voller-erfolg","status":"publish","type":"post","link":"https:\/\/gruene-reilingen.de\/?p=2841","title":{"rendered":"7.Tour d&#8217;HoRAN ein voller Erfolg"},"content":{"rendered":"\r\n\r\n\r\n\r\n\r\n\r\n\r\n\r\n \r\n\r\n\n<p>Die Gr\u00fcnen aus Hockenheim, Reilingen, Alt- und Neulu\u00dfheim f\u00fchrten ihre mittlerweile 7.Radtour &#8222;Tour d&#8217;HoRAN&#8220; durch. In Hockenheim berichtete Adolf H\u00e4rdle \u00fcber die Aufenthaltsqualit\u00e4t bei der H\u00d6P, in Reilingen Jochen Rotter \u00fcber eine m\u00f6gliche Bepflanzung am Kraichbach. In Neulu\u00dfheim erl\u00e4uterte Monika Schroth die Pl\u00e4ne \u00fcber das geplante Photovoltaikprojekt am Friedhof und in Altlu\u00dfheim zeigte Holger Porath die Verkehrsprobleme in der Kirschenstra\u00dfe und die Pl\u00e4ne \u00fcber eine verkehrsberuhigte Zone bei der Rheinfrankenhalle auf. Bei einem leckeren Eis endete die diesj\u00e4hrige Tour d&#8217;HoRAN.<\/p>\n\n\n\n<figure class=\"wp-block-image size-large\"><a href=\"https:\/\/gruene-reilingen.de\/wp-content\/uploads\/2024\/05\/WhatsApp-Image-2024-05-14-at-06.43.51.jpeg\"><img loading=\"lazy\" decoding=\"async\" width=\"375\" height=\"500\" src=\"https:\/\/gruene-reilingen.de\/wp-content\/uploads\/2024\/05\/WhatsApp-Image-2024-05-14-at-06.43.51-375x500.jpeg\" alt=\"\" class=\"wp-image-2842\" srcset=\"https:\/\/gruene-reilingen.de\/wp-content\/uploads\/2024\/05\/WhatsApp-Image-2024-05-14-at-06.43.51-375x500.jpeg 375w, https:\/\/gruene-reilingen.de\/wp-content\/uploads\/2024\/05\/WhatsApp-Image-2024-05-14-at-06.43.51-278x370.jpeg 278w, https:\/\/gruene-reilingen.de\/wp-content\/uploads\/2024\/05\/WhatsApp-Image-2024-05-14-at-06.43.51-768x1024.jpeg 768w, https:\/\/gruene-reilingen.de\/wp-content\/uploads\/2024\/05\/WhatsApp-Image-2024-05-14-at-06.43.51-1152x1536.jpeg 1152w, https:\/\/gruene-reilingen.de\/wp-content\/uploads\/2024\/05\/WhatsApp-Image-2024-05-14-at-06.43.51.jpeg 1536w\" sizes=\"auto, (max-width: 375px) 100vw, 375px\" \/><\/a><\/figure>\n\n\n\n<p><\/p>\n\n\n\n<figure class=\"wp-block-image size-large\"><a href=\"https:\/\/gruene-reilingen.de\/wp-content\/uploads\/2024\/05\/WhatsApp-Image-2024-05-14-at-06.43.50-Kopie.jpeg\"><img loading=\"lazy\" decoding=\"async\" width=\"375\" height=\"500\" src=\"https:\/\/gruene-reilingen.de\/wp-content\/uploads\/2024\/05\/WhatsApp-Image-2024-05-14-at-06.43.50-Kopie-375x500.jpeg\" alt=\"\" class=\"wp-image-2843\" srcset=\"https:\/\/gruene-reilingen.de\/wp-content\/uploads\/2024\/05\/WhatsApp-Image-2024-05-14-at-06.43.50-Kopie-375x500.jpeg 375w, https:\/\/gruene-reilingen.de\/wp-content\/uploads\/2024\/05\/WhatsApp-Image-2024-05-14-at-06.43.50-Kopie-278x370.jpeg 278w, https:\/\/gruene-reilingen.de\/wp-content\/uploads\/2024\/05\/WhatsApp-Image-2024-05-14-at-06.43.50-Kopie-768x1024.jpeg 768w, https:\/\/gruene-reilingen.de\/wp-content\/uploads\/2024\/05\/WhatsApp-Image-2024-05-14-at-06.43.50-Kopie-1152x1536.jpeg 1152w, https:\/\/gruene-reilingen.de\/wp-content\/uploads\/2024\/05\/WhatsApp-Image-2024-05-14-at-06.43.50-Kopie.jpeg 1536w\" sizes=\"auto, (max-width: 375px) 100vw, 375px\" \/><\/a><\/figure>\n\n\n\n<p><\/p>\n\n\n\n\n\n<figure class=\"wp-block-image size-large\"><a href=\"https:\/\/gruene-reilingen.de\/wp-content\/uploads\/2024\/05\/WhatsApp-Image-2024-05-14-at-06.43.48.jpeg\"><img loading=\"lazy\" decoding=\"async\" width=\"375\" height=\"500\" src=\"https:\/\/gruene-reilingen.de\/wp-content\/uploads\/2024\/05\/WhatsApp-Image-2024-05-14-at-06.43.48-375x500.jpeg\" alt=\"\" class=\"wp-image-2844\" srcset=\"https:\/\/gruene-reilingen.de\/wp-content\/uploads\/2024\/05\/WhatsApp-Image-2024-05-14-at-06.43.48-375x500.jpeg 375w, https:\/\/gruene-reilingen.de\/wp-content\/uploads\/2024\/05\/WhatsApp-Image-2024-05-14-at-06.43.48-278x370.jpeg 278w, https:\/\/gruene-reilingen.de\/wp-content\/uploads\/2024\/05\/WhatsApp-Image-2024-05-14-at-06.43.48-768x1024.jpeg 768w, https:\/\/gruene-reilingen.de\/wp-content\/uploads\/2024\/05\/WhatsApp-Image-2024-05-14-at-06.43.48-1152x1536.jpeg 1152w, https:\/\/gruene-reilingen.de\/wp-content\/uploads\/2024\/05\/WhatsApp-Image-2024-05-14-at-06.43.48.jpeg 1536w\" sizes=\"auto, (max-width: 375px) 100vw, 375px\" \/><\/a><\/figure>\n","protected":false},"excerpt":{"rendered":"<p>Die Gr\u00fcnen aus Hockenheim, Reilingen, Alt- und Neulu\u00dfheim f\u00fchrten ihre mittlerweile 7.Radtour &#8222;Tour d&#8217;HoRAN&#8220; durch. In Hockenheim berichtete Adolf H\u00e4rdle \u00fcber die Aufenthaltsqualit\u00e4t bei der H\u00d6P, in Reilingen Jochen Rotter [&hellip;]<\/p>\n","protected":false},"author":-1,"featured_media":0,"comment_status":"open","ping_status":"open","sticky":false,"template":"","format":"standard","meta":{"footnotes":""},"categories":[3],"tags":[],"class_list":["post-2841","post","type-post","status-publish","format-standard","hentry","category-news"],"yoast_head":"<!-- This site is optimized with the Yoast SEO plugin v27.5 - https:\/\/yoast.com\/product\/yoast-seo-wordpress\/ -->\n<title>7.Tour d&#039;HoRAN ein voller Erfolg - B\u00dcNDNIS 90\/DIE GR\u00dcNEN REILINGEN<\/title>\n<meta name=\"robots\" content=\"index, follow, max-snippet:-1, max-image-preview:large, max-video-preview:-1\" \/>\n<link rel=\"canonical\" href=\"https:\/\/gruene-reilingen.de\/?p=2841\" \/>\n<meta property=\"og:locale\" content=\"de_DE\" \/>\n<meta property=\"og:type\" content=\"article\" \/>\n<meta property=\"og:title\" content=\"7.Tour d&#039;HoRAN ein voller Erfolg - B\u00dcNDNIS 90\/DIE GR\u00dcNEN REILINGEN\" \/>\n<meta property=\"og:description\" content=\"Die Gr\u00fcnen aus Hockenheim, Reilingen, Alt- und Neulu\u00dfheim f\u00fchrten ihre mittlerweile 7.Radtour &#8222;Tour d&#8217;HoRAN&#8220; durch. In Hockenheim berichtete Adolf H\u00e4rdle \u00fcber die Aufenthaltsqualit\u00e4t bei der H\u00d6P, in Reilingen Jochen Rotter [&hellip;]\" \/>\n<meta property=\"og:url\" content=\"https:\/\/gruene-reilingen.de\/?p=2841\" \/>\n<meta property=\"og:site_name\" content=\"B\u00dcNDNIS 90\/DIE GR\u00dcNEN REILINGEN\" \/>\n<meta property=\"article:published_time\" content=\"2024-05-14T05:10:41+00:00\" \/>\n<meta property=\"article:modified_time\" content=\"2024-05-16T05:30:05+00:00\" \/>\n<meta property=\"og:image\" content=\"https:\/\/gruene-reilingen.de\/wp-content\/uploads\/2024\/05\/WhatsApp-Image-2024-05-14-at-06.43.51-375x500.jpeg\" \/>\n<meta name=\"author\" content=\"gruene_reilingen\" \/>\n<meta name=\"twitter:card\" content=\"summary_large_image\" \/>\n<meta name=\"twitter:label1\" content=\"Verfasst von\" \/>\n\t<meta name=\"twitter:data1\" content=\"gruene_reilingen\" \/>\n\t<meta name=\"twitter:label2\" content=\"Gesch\u00e4tzte Lesezeit\" \/>\n\t<meta name=\"twitter:data2\" content=\"2\u00a0Minuten\" \/>\n<script type=\"application\/ld+json\" class=\"yoast-schema-graph\">{\"@context\":\"https:\\\/\\\/schema.org\",\"@graph\":[{\"@type\":\"Article\",\"@id\":\"https:\\\/\\\/gruene-reilingen.de\\\/?p=2841#article\",\"isPartOf\":{\"@id\":\"https:\\\/\\\/gruene-reilingen.de\\\/?p=2841\"},\"author\":{\"name\":\"gruene_reilingen\",\"@id\":\"https:\\\/\\\/gruene-reilingen.de\\\/#\\\/schema\\\/person\\\/f9da928f04550d0db757afd781f08df8\"},\"headline\":\"7.Tour d&#8217;HoRAN ein voller Erfolg\",\"datePublished\":\"2024-05-14T05:10:41+00:00\",\"dateModified\":\"2024-05-16T05:30:05+00:00\",\"mainEntityOfPage\":{\"@id\":\"https:\\\/\\\/gruene-reilingen.de\\\/?p=2841\"},\"wordCount\":102,\"commentCount\":0,\"image\":{\"@id\":\"https:\\\/\\\/gruene-reilingen.de\\\/?p=2841#primaryimage\"},\"thumbnailUrl\":\"https:\\\/\\\/gruene-reilingen.de\\\/wp-content\\\/uploads\\\/2024\\\/05\\\/WhatsApp-Image-2024-05-14-at-06.43.51-375x500.jpeg\",\"articleSection\":[\"News\"],\"inLanguage\":\"de\",\"potentialAction\":[{\"@type\":\"CommentAction\",\"name\":\"Comment\",\"target\":[\"https:\\\/\\\/gruene-reilingen.de\\\/?p=2841#respond\"]}]},{\"@type\":\"WebPage\",\"@id\":\"https:\\\/\\\/gruene-reilingen.de\\\/?p=2841\",\"url\":\"https:\\\/\\\/gruene-reilingen.de\\\/?p=2841\",\"name\":\"7.Tour d'HoRAN ein voller Erfolg - B\u00dcNDNIS 90\\\/DIE GR\u00dcNEN REILINGEN\",\"isPartOf\":{\"@id\":\"https:\\\/\\\/gruene-reilingen.de\\\/#website\"},\"primaryImageOfPage\":{\"@id\":\"https:\\\/\\\/gruene-reilingen.de\\\/?p=2841#primaryimage\"},\"image\":{\"@id\":\"https:\\\/\\\/gruene-reilingen.de\\\/?p=2841#primaryimage\"},\"thumbnailUrl\":\"https:\\\/\\\/gruene-reilingen.de\\\/wp-content\\\/uploads\\\/2024\\\/05\\\/WhatsApp-Image-2024-05-14-at-06.43.51-375x500.jpeg\",\"datePublished\":\"2024-05-14T05:10:41+00:00\",\"dateModified\":\"2024-05-16T05:30:05+00:00\",\"author\":{\"@id\":\"https:\\\/\\\/gruene-reilingen.de\\\/#\\\/schema\\\/person\\\/f9da928f04550d0db757afd781f08df8\"},\"breadcrumb\":{\"@id\":\"https:\\\/\\\/gruene-reilingen.de\\\/?p=2841#breadcrumb\"},\"inLanguage\":\"de\",\"potentialAction\":[{\"@type\":\"ReadAction\",\"target\":[\"https:\\\/\\\/gruene-reilingen.de\\\/?p=2841\"]}]},{\"@type\":\"ImageObject\",\"inLanguage\":\"de\",\"@id\":\"https:\\\/\\\/gruene-reilingen.de\\\/?p=2841#primaryimage\",\"url\":\"https:\\\/\\\/gruene-reilingen.de\\\/wp-content\\\/uploads\\\/2024\\\/05\\\/WhatsApp-Image-2024-05-14-at-06.43.51-375x500.jpeg\",\"contentUrl\":\"https:\\\/\\\/gruene-reilingen.de\\\/wp-content\\\/uploads\\\/2024\\\/05\\\/WhatsApp-Image-2024-05-14-at-06.43.51-375x500.jpeg\"},{\"@type\":\"BreadcrumbList\",\"@id\":\"https:\\\/\\\/gruene-reilingen.de\\\/?p=2841#breadcrumb\",\"itemListElement\":[{\"@type\":\"ListItem\",\"position\":1,\"name\":\"Startseite\",\"item\":\"https:\\\/\\\/gruene-reilingen.de\\\/\"},{\"@type\":\"ListItem\",\"position\":2,\"name\":\"7.Tour d&#8217;HoRAN ein voller Erfolg\"}]},{\"@type\":\"WebSite\",\"@id\":\"https:\\\/\\\/gruene-reilingen.de\\\/#website\",\"url\":\"https:\\\/\\\/gruene-reilingen.de\\\/\",\"name\":\"B\u00dcNDNIS 90\\\/DIE GR\u00dcNEN REILINGEN\",\"description\":\"\",\"potentialAction\":[{\"@type\":\"SearchAction\",\"target\":{\"@type\":\"EntryPoint\",\"urlTemplate\":\"https:\\\/\\\/gruene-reilingen.de\\\/?s={search_term_string}\"},\"query-input\":{\"@type\":\"PropertyValueSpecification\",\"valueRequired\":true,\"valueName\":\"search_term_string\"}}],\"inLanguage\":\"de\"},{\"@type\":\"Person\",\"@id\":\"https:\\\/\\\/gruene-reilingen.de\\\/#\\\/schema\\\/person\\\/f9da928f04550d0db757afd781f08df8\",\"name\":\"gruene_reilingen\",\"image\":{\"@type\":\"ImageObject\",\"inLanguage\":\"de\",\"@id\":\"https:\\\/\\\/secure.gravatar.com\\\/avatar\\\/913acc38ce102bffd85b7d788472a0913fa53d9b1fe59056f1fe4e704a8231cb?s=96&d=mm&r=g\",\"url\":\"https:\\\/\\\/secure.gravatar.com\\\/avatar\\\/913acc38ce102bffd85b7d788472a0913fa53d9b1fe59056f1fe4e704a8231cb?s=96&d=mm&r=g\",\"contentUrl\":\"https:\\\/\\\/secure.gravatar.com\\\/avatar\\\/913acc38ce102bffd85b7d788472a0913fa53d9b1fe59056f1fe4e704a8231cb?s=96&d=mm&r=g\",\"caption\":\"gruene_reilingen\"},\"sameAs\":[\"http:\\\/\\\/www.gruene-reilingen.de\"],\"url\":\"https:\\\/\\\/gruene-reilingen.de\\\/?author=2\"}]}<\/script>\n<!-- \/ Yoast SEO plugin. -->","yoast_head_json":{"title":"7.Tour d'HoRAN ein voller Erfolg - B\u00dcNDNIS 90\/DIE GR\u00dcNEN REILINGEN","robots":{"index":"index","follow":"follow","max-snippet":"max-snippet:-1","max-image-preview":"max-image-preview:large","max-video-preview":"max-video-preview:-1"},"canonical":"https:\/\/gruene-reilingen.de\/?p=2841","og_locale":"de_DE","og_type":"article","og_title":"7.Tour d'HoRAN ein voller Erfolg - B\u00dcNDNIS 90\/DIE GR\u00dcNEN REILINGEN","og_description":"Die Gr\u00fcnen aus Hockenheim, Reilingen, Alt- und Neulu\u00dfheim f\u00fchrten ihre mittlerweile 7.Radtour &#8222;Tour d&#8217;HoRAN&#8220; durch. In Hockenheim berichtete Adolf H\u00e4rdle \u00fcber die Aufenthaltsqualit\u00e4t bei der H\u00d6P, in Reilingen Jochen Rotter [&hellip;]","og_url":"https:\/\/gruene-reilingen.de\/?p=2841","og_site_name":"B\u00dcNDNIS 90\/DIE GR\u00dcNEN REILINGEN","article_published_time":"2024-05-14T05:10:41+00:00","article_modified_time":"2024-05-16T05:30:05+00:00","og_image":[{"url":"https:\/\/gruene-reilingen.de\/wp-content\/uploads\/2024\/05\/WhatsApp-Image-2024-05-14-at-06.43.51-375x500.jpeg","type":"","width":"","height":""}],"author":"gruene_reilingen","twitter_card":"summary_large_image","twitter_misc":{"Verfasst von":"gruene_reilingen","Gesch\u00e4tzte Lesezeit":"2\u00a0Minuten"},"schema":{"@context":"https:\/\/schema.org","@graph":[{"@type":"Article","@id":"https:\/\/gruene-reilingen.de\/?p=2841#article","isPartOf":{"@id":"https:\/\/gruene-reilingen.de\/?p=2841"},"author":{"name":"gruene_reilingen","@id":"https:\/\/gruene-reilingen.de\/#\/schema\/person\/f9da928f04550d0db757afd781f08df8"},"headline":"7.Tour d&#8217;HoRAN ein voller Erfolg","datePublished":"2024-05-14T05:10:41+00:00","dateModified":"2024-05-16T05:30:05+00:00","mainEntityOfPage":{"@id":"https:\/\/gruene-reilingen.de\/?p=2841"},"wordCount":102,"commentCount":0,"image":{"@id":"https:\/\/gruene-reilingen.de\/?p=2841#primaryimage"},"thumbnailUrl":"https:\/\/gruene-reilingen.de\/wp-content\/uploads\/2024\/05\/WhatsApp-Image-2024-05-14-at-06.43.51-375x500.jpeg","articleSection":["News"],"inLanguage":"de","potentialAction":[{"@type":"CommentAction","name":"Comment","target":["https:\/\/gruene-reilingen.de\/?p=2841#respond"]}]},{"@type":"WebPage","@id":"https:\/\/gruene-reilingen.de\/?p=2841","url":"https:\/\/gruene-reilingen.de\/?p=2841","name":"7.Tour d'HoRAN ein voller Erfolg - B\u00dcNDNIS 90\/DIE GR\u00dcNEN REILINGEN","isPartOf":{"@id":"https:\/\/gruene-reilingen.de\/#website"},"primaryImageOfPage":{"@id":"https:\/\/gruene-reilingen.de\/?p=2841#primaryimage"},"image":{"@id":"https:\/\/gruene-reilingen.de\/?p=2841#primaryimage"},"thumbnailUrl":"https:\/\/gruene-reilingen.de\/wp-content\/uploads\/2024\/05\/WhatsApp-Image-2024-05-14-at-06.43.51-375x500.jpeg","datePublished":"2024-05-14T05:10:41+00:00","dateModified":"2024-05-16T05:30:05+00:00","author":{"@id":"https:\/\/gruene-reilingen.de\/#\/schema\/person\/f9da928f04550d0db757afd781f08df8"},"breadcrumb":{"@id":"https:\/\/gruene-reilingen.de\/?p=2841#breadcrumb"},"inLanguage":"de","potentialAction":[{"@type":"ReadAction","target":["https:\/\/gruene-reilingen.de\/?p=2841"]}]},{"@type":"ImageObject","inLanguage":"de","@id":"https:\/\/gruene-reilingen.de\/?p=2841#primaryimage","url":"https:\/\/gruene-reilingen.de\/wp-content\/uploads\/2024\/05\/WhatsApp-Image-2024-05-14-at-06.43.51-375x500.jpeg","contentUrl":"https:\/\/gruene-reilingen.de\/wp-content\/uploads\/2024\/05\/WhatsApp-Image-2024-05-14-at-06.43.51-375x500.jpeg"},{"@type":"BreadcrumbList","@id":"https:\/\/gruene-reilingen.de\/?p=2841#breadcrumb","itemListElement":[{"@type":"ListItem","position":1,"name":"Startseite","item":"https:\/\/gruene-reilingen.de\/"},{"@type":"ListItem","position":2,"name":"7.Tour d&#8217;HoRAN ein voller Erfolg"}]},{"@type":"WebSite","@id":"https:\/\/gruene-reilingen.de\/#website","url":"https:\/\/gruene-reilingen.de\/","name":"B\u00dcNDNIS 90\/DIE GR\u00dcNEN REILINGEN","description":"","potentialAction":[{"@type":"SearchAction","target":{"@type":"EntryPoint","urlTemplate":"https:\/\/gruene-reilingen.de\/?s={search_term_string}"},"query-input":{"@type":"PropertyValueSpecification","valueRequired":true,"valueName":"search_term_string"}}],"inLanguage":"de"},{"@type":"Person","@id":"https:\/\/gruene-reilingen.de\/#\/schema\/person\/f9da928f04550d0db757afd781f08df8","name":"gruene_reilingen","image":{"@type":"ImageObject","inLanguage":"de","@id":"https:\/\/secure.gravatar.com\/avatar\/913acc38ce102bffd85b7d788472a0913fa53d9b1fe59056f1fe4e704a8231cb?s=96&d=mm&r=g","url":"https:\/\/secure.gravatar.com\/avatar\/913acc38ce102bffd85b7d788472a0913fa53d9b1fe59056f1fe4e704a8231cb?s=96&d=mm&r=g","contentUrl":"https:\/\/secure.gravatar.com\/avatar\/913acc38ce102bffd85b7d788472a0913fa53d9b1fe59056f1fe4e704a8231cb?s=96&d=mm&r=g","caption":"gruene_reilingen"},"sameAs":["http:\/\/www.gruene-reilingen.de"],"url":"https:\/\/gruene-reilingen.de\/?author=2"}]}},"_links":{"self":[{"href":"https:\/\/gruene-reilingen.de\/index.php?rest_route=\/wp\/v2\/posts\/2841","targetHints":{"allow":["GET"]}}],"collection":[{"href":"https:\/\/gruene-reilingen.de\/index.php?rest_route=\/wp\/v2\/posts"}],"about":[{"href":"https:\/\/gruene-reilingen.de\/index.php?rest_route=\/wp\/v2\/types\/post"}],"author":[{"embeddable":true,"href":"https:\/\/gruene-reilingen.de\/index.php?rest_route=\/wp\/v2\/users\/2"}],"replies":[{"embeddable":true,"href":"https:\/\/gruene-reilingen.de\/index.php?rest_route=%2Fwp%2Fv2%2Fcomments&post=2841"}],"version-history":[{"count":2,"href":"https:\/\/gruene-reilingen.de\/index.php?rest_route=\/wp\/v2\/posts\/2841\/revisions"}],"predecessor-version":[{"id":2863,"href":"https:\/\/gruene-reilingen.de\/index.php?rest_route=\/wp\/v2\/posts\/2841\/revisions\/2863"}],"wp:attachment":[{"href":"https:\/\/gruene-reilingen.de\/index.php?rest_route=%2Fwp%2Fv2%2Fmedia&parent=2841"}],"wp:term":[{"taxonomy":"category","embeddable":true,"href":"https:\/\/gruene-reilingen.de\/index.php?rest_route=%2Fwp%2Fv2%2Fcategories&post=2841"},{"taxonomy":"post_tag","embeddable":true,"href":"https:\/\/gruene-reilingen.de\/index.php?rest_route=%2Fwp%2Fv2%2Ftags&post=2841"}],"curies":[{"name":"wp","href":"https:\/\/api.w.org\/{rel}","templated":true}]}}