{"id":2880,"date":"2024-05-22T11:11:01","date_gmt":"2024-05-22T11:11:01","guid":{"rendered":"https:\/\/gruene-reilingen.de\/?p=2880"},"modified":"2024-05-28T12:32:21","modified_gmt":"2024-05-28T12:32:21","slug":"naturnahe-und-klimafreundliche-gaerten-ihr-beitrag-zum-erhalt-der-artenvielfalt-und-zum-klimaschutz","status":"publish","type":"post","link":"https:\/\/gruene-reilingen.de\/?p=2880","title":{"rendered":"Gut besuchter Vortrag zu naturnahen und klimafreundlichen G\u00e4rten"},"content":{"rendered":"\r\n\r\n\r\n\r\n\r\n\r\n\r\n\r\n \r\n\r\n<p>Dipl. Biologin Christiane Brell vom innovativen Umweltplanungsb\u00fcro BIU aus Dudenhofen f\u00fchrte durch einen vielf\u00e4ltigen und facettenreichen Abend zum Thema \u201eNaturnahe und klimafreundliche G\u00e4rten &#8211; Ihr Beitrag zum Erhalt der Artenvielfalt und zum Klimaschutz\u201c. Der Vortrag stie\u00df auf so breites Interesse, dass im Wersauer Hof sogar noch St\u00fchle f\u00fcr die zahlreichen Besucherinnen und Besucher herbeigeschafft werden mussten.<\/p>\n<p>Zu Beginn ging Christiane Brell auf die Biodiversit\u00e4tskrise und den damit verbundenen Verlust der biologischen Vielfalt ein. Rund 71.500 Arten (Tiere, Pilze und Pflanzen) gibt es in Deutschland &#8211; weltweit werden sogar bis zu 10 Mio Arten gesch\u00e4tzt. Aktuell haben wir einen Insektenr\u00fcckgang von 79 Prozent und einen Vogelr\u00fcckgang von 59 Prozent zu verzeichnen. Das Insekten- und Vogelsterben h\u00e4ngen zusammen. Ein massiver Fl\u00e4chenverbrauch, Bev\u00f6lkerungswachstum, Verlust von Extremlebensr\u00e4umen (z.B. Heiden, Moore), \u00dcberd\u00fcngung, Beseitigung st\u00f6render Nichtkulturfl\u00e4chen (z.B. Hecken und Einzelb\u00e4ume), Klimakrise und Lichtverschmutzung sind die Gr\u00fcnde hierf\u00fcr.\u00a0<\/p>\n<p>Christiane Brell schilderte die faszinierende Welt der Insekten und ihre wichtige Rolle in unserem \u00d6kosystem. Insekten sind die Basis der Nahrungskette. Sie sind biologische Sch\u00e4dlingsbek\u00e4mpfer, Dienstleister f\u00fcr den Menschen (z.B. in der Forensik) und dienen auch der Weltern\u00e4hrung als Nahrungsmittel. Sie sprach \u00fcber unsere heimische Honigbiene und die zahlreichen weiteren Bienenarten, die als Solit\u00e4rbienen ohne Volk leben.<\/p>\n<p>Dar\u00fcber hinaus erl\u00e4uterte Christiane Brell wie man im eigenen Garten, auf dem Balkon oder der Terrasse \u2013 sogar aus einem Schottergarten \u2013 eine Oase f\u00fcr heimische Pflanzen und Tiere schaffen und gleichzeitig einen Beitrag zum Klimaschutz leisten kann. Naturnahes Gr\u00fcn ist klimaresilient und nachhaltig. Steing\u00e4rten lassen sich zur\u00fcckbauen. So sollten naturnahe G\u00e4rten keinen Torf, keinen Minerald\u00fcnger, keinen Rindenmulch, keine Pestizide und keinen Kunststoff enthalten. Sie zeigte Beispiele f\u00fcr einj\u00e4hrige Ackerwildkr\u00e4uter (z.B. Klatschmohn, Sonnenblume), zweij\u00e4hrige Rosettenpflanzen (z.B. Glockenblume) und mehrj\u00e4hrige Stauden (z.B. Wiesensalbei) auf. Als Alternative zu einem klassischen Rasen, der viel Wasser braucht und in den Hitzesommern nicht mehr sch\u00f6n aussieht, schlug die Diplom-Biologin einen Blumenkr\u00e4uterrasen vor. Auch auf die Bedeutung von einheimischen Wildpflanzen, die vielf\u00e4ltig und insektenfreundlich sind, wurde eingegangen. So schilderte die Diplom-Biologin, dass z.B. 126 Tiere (Insekten, Milben, Parasiten) an oder mit der Wiesenflockenblume leben.<\/p>\n<p>Zum Abschluss bedankte sich Lisa Dorn im Namen der Reilinger Gr\u00fcnen f\u00fcr den interessanten und engagierten Vortrag.<\/p>\n<p>\u00a0<\/p>\n\n\n<figure class=\"wp-block-image size-large\"><a href=\"https:\/\/gruene-reilingen.de\/wp-content\/uploads\/2024\/05\/WhatsApp-Image-2024-05-22-at-13.59.05-1.jpeg\"><img loading=\"lazy\" decoding=\"async\" width=\"500\" height=\"500\" src=\"https:\/\/gruene-reilingen.de\/wp-content\/uploads\/2024\/05\/WhatsApp-Image-2024-05-22-at-13.59.05-1-500x500.jpeg\" alt=\"\" class=\"wp-image-2898\" srcset=\"https:\/\/gruene-reilingen.de\/wp-content\/uploads\/2024\/05\/WhatsApp-Image-2024-05-22-at-13.59.05-1-500x500.jpeg 500w, https:\/\/gruene-reilingen.de\/wp-content\/uploads\/2024\/05\/WhatsApp-Image-2024-05-22-at-13.59.05-1-370x370.jpeg 370w, https:\/\/gruene-reilingen.de\/wp-content\/uploads\/2024\/05\/WhatsApp-Image-2024-05-22-at-13.59.05-1-150x150.jpeg 150w, https:\/\/gruene-reilingen.de\/wp-content\/uploads\/2024\/05\/WhatsApp-Image-2024-05-22-at-13.59.05-1-768x768.jpeg 768w, https:\/\/gruene-reilingen.de\/wp-content\/uploads\/2024\/05\/WhatsApp-Image-2024-05-22-at-13.59.05-1.jpeg 1440w\" sizes=\"auto, (max-width: 500px) 100vw, 500px\" \/><\/a><figcaption class=\"wp-element-caption\">Lisa Dorn begr\u00fc\u00dfte die zahlreichen Anwesenden.<\/figcaption><\/figure>\n\n\n\n<figure class=\"wp-block-image size-large\"><a href=\"https:\/\/gruene-reilingen.de\/wp-content\/uploads\/2024\/05\/WhatsApp-Image-2024-05-22-at-14.00.49-1.jpeg\"><img loading=\"lazy\" decoding=\"async\" width=\"500\" height=\"500\" src=\"https:\/\/gruene-reilingen.de\/wp-content\/uploads\/2024\/05\/WhatsApp-Image-2024-05-22-at-14.00.49-1-500x500.jpeg\" alt=\"\" class=\"wp-image-2902\" srcset=\"https:\/\/gruene-reilingen.de\/wp-content\/uploads\/2024\/05\/WhatsApp-Image-2024-05-22-at-14.00.49-1-500x500.jpeg 500w, https:\/\/gruene-reilingen.de\/wp-content\/uploads\/2024\/05\/WhatsApp-Image-2024-05-22-at-14.00.49-1-370x370.jpeg 370w, https:\/\/gruene-reilingen.de\/wp-content\/uploads\/2024\/05\/WhatsApp-Image-2024-05-22-at-14.00.49-1-150x150.jpeg 150w, https:\/\/gruene-reilingen.de\/wp-content\/uploads\/2024\/05\/WhatsApp-Image-2024-05-22-at-14.00.49-1-768x768.jpeg 768w, https:\/\/gruene-reilingen.de\/wp-content\/uploads\/2024\/05\/WhatsApp-Image-2024-05-22-at-14.00.49-1.jpeg 1440w\" sizes=\"auto, (max-width: 500px) 100vw, 500px\" \/><\/a><figcaption class=\"wp-element-caption\">Diplom-Biologin Christiane Brell f\u00fchrte durch die spannende Welt der Insekten und naturnahen G\u00e4rten.<\/figcaption><\/figure>\n\n\n\n<p> <\/p>\n","protected":false},"excerpt":{"rendered":"<p>Dipl. Biologin Christiane Brell vom innovativen Umweltplanungsb\u00fcro BIU aus Dudenhofen f\u00fchrte durch einen vielf\u00e4ltigen und facettenreichen Abend zum Thema \u201eNaturnahe und klimafreundliche G\u00e4rten &#8211; Ihr Beitrag zum Erhalt der Artenvielfalt [&hellip;]<\/p>\n","protected":false},"author":-1,"featured_media":0,"comment_status":"open","ping_status":"open","sticky":false,"template":"","format":"standard","meta":{"footnotes":""},"categories":[3],"tags":[],"class_list":["post-2880","post","type-post","status-publish","format-standard","hentry","category-news"],"yoast_head":"<!-- This site is optimized with the Yoast SEO plugin v27.5 - https:\/\/yoast.com\/product\/yoast-seo-wordpress\/ -->\n<title>Gut besuchter Vortrag zu naturnahen und klimafreundlichen G\u00e4rten - B\u00dcNDNIS 90\/DIE GR\u00dcNEN REILINGEN<\/title>\n<meta name=\"robots\" content=\"index, follow, max-snippet:-1, max-image-preview:large, max-video-preview:-1\" \/>\n<link rel=\"canonical\" href=\"https:\/\/gruene-reilingen.de\/?p=2880\" \/>\n<meta property=\"og:locale\" content=\"de_DE\" \/>\n<meta property=\"og:type\" content=\"article\" \/>\n<meta property=\"og:title\" content=\"Gut besuchter Vortrag zu naturnahen und klimafreundlichen G\u00e4rten - B\u00dcNDNIS 90\/DIE GR\u00dcNEN REILINGEN\" \/>\n<meta property=\"og:description\" content=\"Dipl. Biologin Christiane Brell vom innovativen Umweltplanungsb\u00fcro BIU aus Dudenhofen f\u00fchrte durch einen vielf\u00e4ltigen und facettenreichen Abend zum Thema \u201eNaturnahe und klimafreundliche G\u00e4rten &#8211; Ihr Beitrag zum Erhalt der Artenvielfalt [&hellip;]\" \/>\n<meta property=\"og:url\" content=\"https:\/\/gruene-reilingen.de\/?p=2880\" \/>\n<meta property=\"og:site_name\" content=\"B\u00dcNDNIS 90\/DIE GR\u00dcNEN REILINGEN\" \/>\n<meta property=\"article:published_time\" content=\"2024-05-22T11:11:01+00:00\" \/>\n<meta property=\"article:modified_time\" content=\"2024-05-28T12:32:21+00:00\" \/>\n<meta property=\"og:image\" content=\"https:\/\/gruene-reilingen.de\/wp-content\/uploads\/2024\/05\/WhatsApp-Image-2024-05-22-at-13.59.05-1-500x500.jpeg\" \/>\n<meta name=\"author\" content=\"gruene_reilingen\" \/>\n<meta name=\"twitter:card\" content=\"summary_large_image\" \/>\n<meta name=\"twitter:label1\" content=\"Verfasst von\" \/>\n\t<meta name=\"twitter:data1\" content=\"gruene_reilingen\" \/>\n\t<meta name=\"twitter:label2\" content=\"Gesch\u00e4tzte Lesezeit\" \/>\n\t<meta name=\"twitter:data2\" content=\"3\u00a0Minuten\" \/>\n<script type=\"application\/ld+json\" class=\"yoast-schema-graph\">{\"@context\":\"https:\\\/\\\/schema.org\",\"@graph\":[{\"@type\":\"Article\",\"@id\":\"https:\\\/\\\/gruene-reilingen.de\\\/?p=2880#article\",\"isPartOf\":{\"@id\":\"https:\\\/\\\/gruene-reilingen.de\\\/?p=2880\"},\"author\":{\"name\":\"gruene_reilingen\",\"@id\":\"https:\\\/\\\/gruene-reilingen.de\\\/#\\\/schema\\\/person\\\/f9da928f04550d0db757afd781f08df8\"},\"headline\":\"Gut besuchter Vortrag zu naturnahen und klimafreundlichen G\u00e4rten\",\"datePublished\":\"2024-05-22T11:11:01+00:00\",\"dateModified\":\"2024-05-28T12:32:21+00:00\",\"mainEntityOfPage\":{\"@id\":\"https:\\\/\\\/gruene-reilingen.de\\\/?p=2880\"},\"wordCount\":427,\"commentCount\":0,\"image\":{\"@id\":\"https:\\\/\\\/gruene-reilingen.de\\\/?p=2880#primaryimage\"},\"thumbnailUrl\":\"https:\\\/\\\/gruene-reilingen.de\\\/wp-content\\\/uploads\\\/2024\\\/05\\\/WhatsApp-Image-2024-05-22-at-13.59.05-1-500x500.jpeg\",\"articleSection\":[\"News\"],\"inLanguage\":\"de\",\"potentialAction\":[{\"@type\":\"CommentAction\",\"name\":\"Comment\",\"target\":[\"https:\\\/\\\/gruene-reilingen.de\\\/?p=2880#respond\"]}]},{\"@type\":\"WebPage\",\"@id\":\"https:\\\/\\\/gruene-reilingen.de\\\/?p=2880\",\"url\":\"https:\\\/\\\/gruene-reilingen.de\\\/?p=2880\",\"name\":\"Gut besuchter Vortrag zu naturnahen und klimafreundlichen G\u00e4rten - B\u00dcNDNIS 90\\\/DIE GR\u00dcNEN REILINGEN\",\"isPartOf\":{\"@id\":\"https:\\\/\\\/gruene-reilingen.de\\\/#website\"},\"primaryImageOfPage\":{\"@id\":\"https:\\\/\\\/gruene-reilingen.de\\\/?p=2880#primaryimage\"},\"image\":{\"@id\":\"https:\\\/\\\/gruene-reilingen.de\\\/?p=2880#primaryimage\"},\"thumbnailUrl\":\"https:\\\/\\\/gruene-reilingen.de\\\/wp-content\\\/uploads\\\/2024\\\/05\\\/WhatsApp-Image-2024-05-22-at-13.59.05-1-500x500.jpeg\",\"datePublished\":\"2024-05-22T11:11:01+00:00\",\"dateModified\":\"2024-05-28T12:32:21+00:00\",\"author\":{\"@id\":\"https:\\\/\\\/gruene-reilingen.de\\\/#\\\/schema\\\/person\\\/f9da928f04550d0db757afd781f08df8\"},\"breadcrumb\":{\"@id\":\"https:\\\/\\\/gruene-reilingen.de\\\/?p=2880#breadcrumb\"},\"inLanguage\":\"de\",\"potentialAction\":[{\"@type\":\"ReadAction\",\"target\":[\"https:\\\/\\\/gruene-reilingen.de\\\/?p=2880\"]}]},{\"@type\":\"ImageObject\",\"inLanguage\":\"de\",\"@id\":\"https:\\\/\\\/gruene-reilingen.de\\\/?p=2880#primaryimage\",\"url\":\"https:\\\/\\\/gruene-reilingen.de\\\/wp-content\\\/uploads\\\/2024\\\/05\\\/WhatsApp-Image-2024-05-22-at-13.59.05-1-500x500.jpeg\",\"contentUrl\":\"https:\\\/\\\/gruene-reilingen.de\\\/wp-content\\\/uploads\\\/2024\\\/05\\\/WhatsApp-Image-2024-05-22-at-13.59.05-1-500x500.jpeg\"},{\"@type\":\"BreadcrumbList\",\"@id\":\"https:\\\/\\\/gruene-reilingen.de\\\/?p=2880#breadcrumb\",\"itemListElement\":[{\"@type\":\"ListItem\",\"position\":1,\"name\":\"Startseite\",\"item\":\"https:\\\/\\\/gruene-reilingen.de\\\/\"},{\"@type\":\"ListItem\",\"position\":2,\"name\":\"Gut besuchter Vortrag zu naturnahen und klimafreundlichen G\u00e4rten\"}]},{\"@type\":\"WebSite\",\"@id\":\"https:\\\/\\\/gruene-reilingen.de\\\/#website\",\"url\":\"https:\\\/\\\/gruene-reilingen.de\\\/\",\"name\":\"B\u00dcNDNIS 90\\\/DIE GR\u00dcNEN REILINGEN\",\"description\":\"\",\"potentialAction\":[{\"@type\":\"SearchAction\",\"target\":{\"@type\":\"EntryPoint\",\"urlTemplate\":\"https:\\\/\\\/gruene-reilingen.de\\\/?s={search_term_string}\"},\"query-input\":{\"@type\":\"PropertyValueSpecification\",\"valueRequired\":true,\"valueName\":\"search_term_string\"}}],\"inLanguage\":\"de\"},{\"@type\":\"Person\",\"@id\":\"https:\\\/\\\/gruene-reilingen.de\\\/#\\\/schema\\\/person\\\/f9da928f04550d0db757afd781f08df8\",\"name\":\"gruene_reilingen\",\"image\":{\"@type\":\"ImageObject\",\"inLanguage\":\"de\",\"@id\":\"https:\\\/\\\/secure.gravatar.com\\\/avatar\\\/913acc38ce102bffd85b7d788472a0913fa53d9b1fe59056f1fe4e704a8231cb?s=96&d=mm&r=g\",\"url\":\"https:\\\/\\\/secure.gravatar.com\\\/avatar\\\/913acc38ce102bffd85b7d788472a0913fa53d9b1fe59056f1fe4e704a8231cb?s=96&d=mm&r=g\",\"contentUrl\":\"https:\\\/\\\/secure.gravatar.com\\\/avatar\\\/913acc38ce102bffd85b7d788472a0913fa53d9b1fe59056f1fe4e704a8231cb?s=96&d=mm&r=g\",\"caption\":\"gruene_reilingen\"},\"sameAs\":[\"http:\\\/\\\/www.gruene-reilingen.de\"],\"url\":\"https:\\\/\\\/gruene-reilingen.de\\\/?author=2\"}]}<\/script>\n<!-- \/ Yoast SEO plugin. -->","yoast_head_json":{"title":"Gut besuchter Vortrag zu naturnahen und klimafreundlichen G\u00e4rten - B\u00dcNDNIS 90\/DIE GR\u00dcNEN REILINGEN","robots":{"index":"index","follow":"follow","max-snippet":"max-snippet:-1","max-image-preview":"max-image-preview:large","max-video-preview":"max-video-preview:-1"},"canonical":"https:\/\/gruene-reilingen.de\/?p=2880","og_locale":"de_DE","og_type":"article","og_title":"Gut besuchter Vortrag zu naturnahen und klimafreundlichen G\u00e4rten - B\u00dcNDNIS 90\/DIE GR\u00dcNEN REILINGEN","og_description":"Dipl. Biologin Christiane Brell vom innovativen Umweltplanungsb\u00fcro BIU aus Dudenhofen f\u00fchrte durch einen vielf\u00e4ltigen und facettenreichen Abend zum Thema \u201eNaturnahe und klimafreundliche G\u00e4rten &#8211; Ihr Beitrag zum Erhalt der Artenvielfalt [&hellip;]","og_url":"https:\/\/gruene-reilingen.de\/?p=2880","og_site_name":"B\u00dcNDNIS 90\/DIE GR\u00dcNEN REILINGEN","article_published_time":"2024-05-22T11:11:01+00:00","article_modified_time":"2024-05-28T12:32:21+00:00","og_image":[{"url":"https:\/\/gruene-reilingen.de\/wp-content\/uploads\/2024\/05\/WhatsApp-Image-2024-05-22-at-13.59.05-1-500x500.jpeg","type":"","width":"","height":""}],"author":"gruene_reilingen","twitter_card":"summary_large_image","twitter_misc":{"Verfasst von":"gruene_reilingen","Gesch\u00e4tzte Lesezeit":"3\u00a0Minuten"},"schema":{"@context":"https:\/\/schema.org","@graph":[{"@type":"Article","@id":"https:\/\/gruene-reilingen.de\/?p=2880#article","isPartOf":{"@id":"https:\/\/gruene-reilingen.de\/?p=2880"},"author":{"name":"gruene_reilingen","@id":"https:\/\/gruene-reilingen.de\/#\/schema\/person\/f9da928f04550d0db757afd781f08df8"},"headline":"Gut besuchter Vortrag zu naturnahen und klimafreundlichen G\u00e4rten","datePublished":"2024-05-22T11:11:01+00:00","dateModified":"2024-05-28T12:32:21+00:00","mainEntityOfPage":{"@id":"https:\/\/gruene-reilingen.de\/?p=2880"},"wordCount":427,"commentCount":0,"image":{"@id":"https:\/\/gruene-reilingen.de\/?p=2880#primaryimage"},"thumbnailUrl":"https:\/\/gruene-reilingen.de\/wp-content\/uploads\/2024\/05\/WhatsApp-Image-2024-05-22-at-13.59.05-1-500x500.jpeg","articleSection":["News"],"inLanguage":"de","potentialAction":[{"@type":"CommentAction","name":"Comment","target":["https:\/\/gruene-reilingen.de\/?p=2880#respond"]}]},{"@type":"WebPage","@id":"https:\/\/gruene-reilingen.de\/?p=2880","url":"https:\/\/gruene-reilingen.de\/?p=2880","name":"Gut besuchter Vortrag zu naturnahen und klimafreundlichen G\u00e4rten - B\u00dcNDNIS 90\/DIE GR\u00dcNEN REILINGEN","isPartOf":{"@id":"https:\/\/gruene-reilingen.de\/#website"},"primaryImageOfPage":{"@id":"https:\/\/gruene-reilingen.de\/?p=2880#primaryimage"},"image":{"@id":"https:\/\/gruene-reilingen.de\/?p=2880#primaryimage"},"thumbnailUrl":"https:\/\/gruene-reilingen.de\/wp-content\/uploads\/2024\/05\/WhatsApp-Image-2024-05-22-at-13.59.05-1-500x500.jpeg","datePublished":"2024-05-22T11:11:01+00:00","dateModified":"2024-05-28T12:32:21+00:00","author":{"@id":"https:\/\/gruene-reilingen.de\/#\/schema\/person\/f9da928f04550d0db757afd781f08df8"},"breadcrumb":{"@id":"https:\/\/gruene-reilingen.de\/?p=2880#breadcrumb"},"inLanguage":"de","potentialAction":[{"@type":"ReadAction","target":["https:\/\/gruene-reilingen.de\/?p=2880"]}]},{"@type":"ImageObject","inLanguage":"de","@id":"https:\/\/gruene-reilingen.de\/?p=2880#primaryimage","url":"https:\/\/gruene-reilingen.de\/wp-content\/uploads\/2024\/05\/WhatsApp-Image-2024-05-22-at-13.59.05-1-500x500.jpeg","contentUrl":"https:\/\/gruene-reilingen.de\/wp-content\/uploads\/2024\/05\/WhatsApp-Image-2024-05-22-at-13.59.05-1-500x500.jpeg"},{"@type":"BreadcrumbList","@id":"https:\/\/gruene-reilingen.de\/?p=2880#breadcrumb","itemListElement":[{"@type":"ListItem","position":1,"name":"Startseite","item":"https:\/\/gruene-reilingen.de\/"},{"@type":"ListItem","position":2,"name":"Gut besuchter Vortrag zu naturnahen und klimafreundlichen G\u00e4rten"}]},{"@type":"WebSite","@id":"https:\/\/gruene-reilingen.de\/#website","url":"https:\/\/gruene-reilingen.de\/","name":"B\u00dcNDNIS 90\/DIE GR\u00dcNEN REILINGEN","description":"","potentialAction":[{"@type":"SearchAction","target":{"@type":"EntryPoint","urlTemplate":"https:\/\/gruene-reilingen.de\/?s={search_term_string}"},"query-input":{"@type":"PropertyValueSpecification","valueRequired":true,"valueName":"search_term_string"}}],"inLanguage":"de"},{"@type":"Person","@id":"https:\/\/gruene-reilingen.de\/#\/schema\/person\/f9da928f04550d0db757afd781f08df8","name":"gruene_reilingen","image":{"@type":"ImageObject","inLanguage":"de","@id":"https:\/\/secure.gravatar.com\/avatar\/913acc38ce102bffd85b7d788472a0913fa53d9b1fe59056f1fe4e704a8231cb?s=96&d=mm&r=g","url":"https:\/\/secure.gravatar.com\/avatar\/913acc38ce102bffd85b7d788472a0913fa53d9b1fe59056f1fe4e704a8231cb?s=96&d=mm&r=g","contentUrl":"https:\/\/secure.gravatar.com\/avatar\/913acc38ce102bffd85b7d788472a0913fa53d9b1fe59056f1fe4e704a8231cb?s=96&d=mm&r=g","caption":"gruene_reilingen"},"sameAs":["http:\/\/www.gruene-reilingen.de"],"url":"https:\/\/gruene-reilingen.de\/?author=2"}]}},"_links":{"self":[{"href":"https:\/\/gruene-reilingen.de\/index.php?rest_route=\/wp\/v2\/posts\/2880","targetHints":{"allow":["GET"]}}],"collection":[{"href":"https:\/\/gruene-reilingen.de\/index.php?rest_route=\/wp\/v2\/posts"}],"about":[{"href":"https:\/\/gruene-reilingen.de\/index.php?rest_route=\/wp\/v2\/types\/post"}],"author":[{"embeddable":true,"href":"https:\/\/gruene-reilingen.de\/index.php?rest_route=\/wp\/v2\/users\/2"}],"replies":[{"embeddable":true,"href":"https:\/\/gruene-reilingen.de\/index.php?rest_route=%2Fwp%2Fv2%2Fcomments&post=2880"}],"version-history":[{"count":11,"href":"https:\/\/gruene-reilingen.de\/index.php?rest_route=\/wp\/v2\/posts\/2880\/revisions"}],"predecessor-version":[{"id":2921,"href":"https:\/\/gruene-reilingen.de\/index.php?rest_route=\/wp\/v2\/posts\/2880\/revisions\/2921"}],"wp:attachment":[{"href":"https:\/\/gruene-reilingen.de\/index.php?rest_route=%2Fwp%2Fv2%2Fmedia&parent=2880"}],"wp:term":[{"taxonomy":"category","embeddable":true,"href":"https:\/\/gruene-reilingen.de\/index.php?rest_route=%2Fwp%2Fv2%2Fcategories&post=2880"},{"taxonomy":"post_tag","embeddable":true,"href":"https:\/\/gruene-reilingen.de\/index.php?rest_route=%2Fwp%2Fv2%2Ftags&post=2880"}],"curies":[{"name":"wp","href":"https:\/\/api.w.org\/{rel}","templated":true}]}}