{"id":2910,"date":"2024-05-22T20:46:15","date_gmt":"2024-05-22T20:46:15","guid":{"rendered":"https:\/\/gruene-reilingen.de\/?p=2910"},"modified":"2024-05-23T09:11:00","modified_gmt":"2024-05-23T09:11:00","slug":"2-vesper-uff-de-gass-war-gut-besucht","status":"publish","type":"post","link":"https:\/\/gruene-reilingen.de\/?p=2910","title":{"rendered":"2.Vesper uff de Gass war gut besucht"},"content":{"rendered":"\r\n\r\n\r\n\r\n\r\n\r\n\r\n\r\n \r\n\r\n\n<p>P\u00fcnktlich zum Start des 2.Termins von Vesper uff de Gass riss der Himmel auf und die Sonne lie\u00df sich blicken. Zahlreiche B\u00fcrgerinnen und B\u00fcrger fanden den Weg zum Gr\u00fcnen Nachbarschaftstreff. Nat\u00fcrlich war auch dieses Mal die anstehende Gemeinderatswahl Hauptthema der zahlreichen Gespr\u00e4che.<\/p>\n\n\n\n<figure class=\"wp-block-image size-large is-resized\"><a href=\"https:\/\/gruene-reilingen.de\/wp-content\/uploads\/2024\/05\/WhatsApp-Image-2024-05-22-at-23.41.26.jpeg\"><img loading=\"lazy\" decoding=\"async\" src=\"https:\/\/gruene-reilingen.de\/wp-content\/uploads\/2024\/05\/WhatsApp-Image-2024-05-22-at-23.41.26-375x500.jpeg\" alt=\"\" class=\"wp-image-2912\" width=\"375\" height=\"500\" srcset=\"https:\/\/gruene-reilingen.de\/wp-content\/uploads\/2024\/05\/WhatsApp-Image-2024-05-22-at-23.41.26-375x500.jpeg 375w, https:\/\/gruene-reilingen.de\/wp-content\/uploads\/2024\/05\/WhatsApp-Image-2024-05-22-at-23.41.26-278x370.jpeg 278w, https:\/\/gruene-reilingen.de\/wp-content\/uploads\/2024\/05\/WhatsApp-Image-2024-05-22-at-23.41.26-768x1024.jpeg 768w, https:\/\/gruene-reilingen.de\/wp-content\/uploads\/2024\/05\/WhatsApp-Image-2024-05-22-at-23.41.26-1152x1536.jpeg 1152w, https:\/\/gruene-reilingen.de\/wp-content\/uploads\/2024\/05\/WhatsApp-Image-2024-05-22-at-23.41.26.jpeg 1200w\" sizes=\"auto, (max-width: 375px) 100vw, 375px\" \/><\/a><\/figure>\n\n\n\n<p><\/p>\n\n\n\n<figure class=\"wp-block-image size-large\"><a href=\"https:\/\/gruene-reilingen.de\/wp-content\/uploads\/2024\/05\/WhatsApp-Image-2024-05-23-at-11.09.11.jpeg\"><img loading=\"lazy\" decoding=\"async\" width=\"500\" height=\"500\" src=\"https:\/\/gruene-reilingen.de\/wp-content\/uploads\/2024\/05\/WhatsApp-Image-2024-05-23-at-11.09.11-500x500.jpeg\" alt=\"\" class=\"wp-image-2914\" srcset=\"https:\/\/gruene-reilingen.de\/wp-content\/uploads\/2024\/05\/WhatsApp-Image-2024-05-23-at-11.09.11-500x500.jpeg 500w, https:\/\/gruene-reilingen.de\/wp-content\/uploads\/2024\/05\/WhatsApp-Image-2024-05-23-at-11.09.11-370x370.jpeg 370w, https:\/\/gruene-reilingen.de\/wp-content\/uploads\/2024\/05\/WhatsApp-Image-2024-05-23-at-11.09.11-150x150.jpeg 150w, https:\/\/gruene-reilingen.de\/wp-content\/uploads\/2024\/05\/WhatsApp-Image-2024-05-23-at-11.09.11-768x768.jpeg 768w, https:\/\/gruene-reilingen.de\/wp-content\/uploads\/2024\/05\/WhatsApp-Image-2024-05-23-at-11.09.11.jpeg 1440w\" sizes=\"auto, (max-width: 500px) 100vw, 500px\" \/><\/a><\/figure>\n\n\n\n<p><\/p>\n","protected":false},"excerpt":{"rendered":"<p>P\u00fcnktlich zum Start des 2.Termins von Vesper uff de Gass riss der Himmel auf und die Sonne lie\u00df sich blicken. Zahlreiche B\u00fcrgerinnen und B\u00fcrger fanden den Weg zum Gr\u00fcnen Nachbarschaftstreff. [&hellip;]<\/p>\n","protected":false},"author":-1,"featured_media":0,"comment_status":"open","ping_status":"open","sticky":false,"template":"","format":"standard","meta":{"footnotes":""},"categories":[3],"tags":[],"class_list":["post-2910","post","type-post","status-publish","format-standard","hentry","category-news"],"yoast_head":"<!-- This site is optimized with the Yoast SEO plugin v27.5 - https:\/\/yoast.com\/product\/yoast-seo-wordpress\/ -->\n<title>2.Vesper uff de Gass war gut besucht - B\u00dcNDNIS 90\/DIE GR\u00dcNEN REILINGEN<\/title>\n<meta name=\"robots\" content=\"index, follow, max-snippet:-1, max-image-preview:large, max-video-preview:-1\" \/>\n<link rel=\"canonical\" href=\"https:\/\/gruene-reilingen.de\/?p=2910\" \/>\n<meta property=\"og:locale\" content=\"de_DE\" \/>\n<meta property=\"og:type\" content=\"article\" \/>\n<meta property=\"og:title\" content=\"2.Vesper uff de Gass war gut besucht - B\u00dcNDNIS 90\/DIE GR\u00dcNEN REILINGEN\" \/>\n<meta property=\"og:description\" content=\"P\u00fcnktlich zum Start des 2.Termins von Vesper uff de Gass riss der Himmel auf und die Sonne lie\u00df sich blicken. Zahlreiche B\u00fcrgerinnen und B\u00fcrger fanden den Weg zum Gr\u00fcnen Nachbarschaftstreff. [&hellip;]\" \/>\n<meta property=\"og:url\" content=\"https:\/\/gruene-reilingen.de\/?p=2910\" \/>\n<meta property=\"og:site_name\" content=\"B\u00dcNDNIS 90\/DIE GR\u00dcNEN REILINGEN\" \/>\n<meta property=\"article:published_time\" content=\"2024-05-22T20:46:15+00:00\" \/>\n<meta property=\"article:modified_time\" content=\"2024-05-23T09:11:00+00:00\" \/>\n<meta property=\"og:image\" content=\"https:\/\/gruene-reilingen.de\/wp-content\/uploads\/2024\/05\/WhatsApp-Image-2024-05-22-at-23.41.26-375x500.jpeg\" \/>\n<meta name=\"author\" content=\"gruene_reilingen\" \/>\n<meta name=\"twitter:card\" content=\"summary_large_image\" \/>\n<meta name=\"twitter:label1\" content=\"Verfasst von\" \/>\n\t<meta name=\"twitter:data1\" content=\"gruene_reilingen\" \/>\n\t<meta name=\"twitter:label2\" content=\"Gesch\u00e4tzte Lesezeit\" \/>\n\t<meta name=\"twitter:data2\" content=\"1\u00a0Minute\" \/>\n<script type=\"application\/ld+json\" class=\"yoast-schema-graph\">{\"@context\":\"https:\\\/\\\/schema.org\",\"@graph\":[{\"@type\":\"Article\",\"@id\":\"https:\\\/\\\/gruene-reilingen.de\\\/?p=2910#article\",\"isPartOf\":{\"@id\":\"https:\\\/\\\/gruene-reilingen.de\\\/?p=2910\"},\"author\":{\"name\":\"gruene_reilingen\",\"@id\":\"https:\\\/\\\/gruene-reilingen.de\\\/#\\\/schema\\\/person\\\/f9da928f04550d0db757afd781f08df8\"},\"headline\":\"2.Vesper uff de Gass war gut besucht\",\"datePublished\":\"2024-05-22T20:46:15+00:00\",\"dateModified\":\"2024-05-23T09:11:00+00:00\",\"mainEntityOfPage\":{\"@id\":\"https:\\\/\\\/gruene-reilingen.de\\\/?p=2910\"},\"wordCount\":55,\"commentCount\":0,\"image\":{\"@id\":\"https:\\\/\\\/gruene-reilingen.de\\\/?p=2910#primaryimage\"},\"thumbnailUrl\":\"https:\\\/\\\/gruene-reilingen.de\\\/wp-content\\\/uploads\\\/2024\\\/05\\\/WhatsApp-Image-2024-05-22-at-23.41.26-375x500.jpeg\",\"articleSection\":[\"News\"],\"inLanguage\":\"de\",\"potentialAction\":[{\"@type\":\"CommentAction\",\"name\":\"Comment\",\"target\":[\"https:\\\/\\\/gruene-reilingen.de\\\/?p=2910#respond\"]}]},{\"@type\":\"WebPage\",\"@id\":\"https:\\\/\\\/gruene-reilingen.de\\\/?p=2910\",\"url\":\"https:\\\/\\\/gruene-reilingen.de\\\/?p=2910\",\"name\":\"2.Vesper uff de Gass war gut besucht - B\u00dcNDNIS 90\\\/DIE GR\u00dcNEN REILINGEN\",\"isPartOf\":{\"@id\":\"https:\\\/\\\/gruene-reilingen.de\\\/#website\"},\"primaryImageOfPage\":{\"@id\":\"https:\\\/\\\/gruene-reilingen.de\\\/?p=2910#primaryimage\"},\"image\":{\"@id\":\"https:\\\/\\\/gruene-reilingen.de\\\/?p=2910#primaryimage\"},\"thumbnailUrl\":\"https:\\\/\\\/gruene-reilingen.de\\\/wp-content\\\/uploads\\\/2024\\\/05\\\/WhatsApp-Image-2024-05-22-at-23.41.26-375x500.jpeg\",\"datePublished\":\"2024-05-22T20:46:15+00:00\",\"dateModified\":\"2024-05-23T09:11:00+00:00\",\"author\":{\"@id\":\"https:\\\/\\\/gruene-reilingen.de\\\/#\\\/schema\\\/person\\\/f9da928f04550d0db757afd781f08df8\"},\"breadcrumb\":{\"@id\":\"https:\\\/\\\/gruene-reilingen.de\\\/?p=2910#breadcrumb\"},\"inLanguage\":\"de\",\"potentialAction\":[{\"@type\":\"ReadAction\",\"target\":[\"https:\\\/\\\/gruene-reilingen.de\\\/?p=2910\"]}]},{\"@type\":\"ImageObject\",\"inLanguage\":\"de\",\"@id\":\"https:\\\/\\\/gruene-reilingen.de\\\/?p=2910#primaryimage\",\"url\":\"https:\\\/\\\/gruene-reilingen.de\\\/wp-content\\\/uploads\\\/2024\\\/05\\\/WhatsApp-Image-2024-05-22-at-23.41.26-375x500.jpeg\",\"contentUrl\":\"https:\\\/\\\/gruene-reilingen.de\\\/wp-content\\\/uploads\\\/2024\\\/05\\\/WhatsApp-Image-2024-05-22-at-23.41.26-375x500.jpeg\"},{\"@type\":\"BreadcrumbList\",\"@id\":\"https:\\\/\\\/gruene-reilingen.de\\\/?p=2910#breadcrumb\",\"itemListElement\":[{\"@type\":\"ListItem\",\"position\":1,\"name\":\"Startseite\",\"item\":\"https:\\\/\\\/gruene-reilingen.de\\\/\"},{\"@type\":\"ListItem\",\"position\":2,\"name\":\"2.Vesper uff de Gass war gut besucht\"}]},{\"@type\":\"WebSite\",\"@id\":\"https:\\\/\\\/gruene-reilingen.de\\\/#website\",\"url\":\"https:\\\/\\\/gruene-reilingen.de\\\/\",\"name\":\"B\u00dcNDNIS 90\\\/DIE GR\u00dcNEN REILINGEN\",\"description\":\"\",\"potentialAction\":[{\"@type\":\"SearchAction\",\"target\":{\"@type\":\"EntryPoint\",\"urlTemplate\":\"https:\\\/\\\/gruene-reilingen.de\\\/?s={search_term_string}\"},\"query-input\":{\"@type\":\"PropertyValueSpecification\",\"valueRequired\":true,\"valueName\":\"search_term_string\"}}],\"inLanguage\":\"de\"},{\"@type\":\"Person\",\"@id\":\"https:\\\/\\\/gruene-reilingen.de\\\/#\\\/schema\\\/person\\\/f9da928f04550d0db757afd781f08df8\",\"name\":\"gruene_reilingen\",\"image\":{\"@type\":\"ImageObject\",\"inLanguage\":\"de\",\"@id\":\"https:\\\/\\\/secure.gravatar.com\\\/avatar\\\/913acc38ce102bffd85b7d788472a0913fa53d9b1fe59056f1fe4e704a8231cb?s=96&d=mm&r=g\",\"url\":\"https:\\\/\\\/secure.gravatar.com\\\/avatar\\\/913acc38ce102bffd85b7d788472a0913fa53d9b1fe59056f1fe4e704a8231cb?s=96&d=mm&r=g\",\"contentUrl\":\"https:\\\/\\\/secure.gravatar.com\\\/avatar\\\/913acc38ce102bffd85b7d788472a0913fa53d9b1fe59056f1fe4e704a8231cb?s=96&d=mm&r=g\",\"caption\":\"gruene_reilingen\"},\"sameAs\":[\"http:\\\/\\\/www.gruene-reilingen.de\"],\"url\":\"https:\\\/\\\/gruene-reilingen.de\\\/?author=2\"}]}<\/script>\n<!-- \/ Yoast SEO plugin. -->","yoast_head_json":{"title":"2.Vesper uff de Gass war gut besucht - B\u00dcNDNIS 90\/DIE GR\u00dcNEN REILINGEN","robots":{"index":"index","follow":"follow","max-snippet":"max-snippet:-1","max-image-preview":"max-image-preview:large","max-video-preview":"max-video-preview:-1"},"canonical":"https:\/\/gruene-reilingen.de\/?p=2910","og_locale":"de_DE","og_type":"article","og_title":"2.Vesper uff de Gass war gut besucht - B\u00dcNDNIS 90\/DIE GR\u00dcNEN REILINGEN","og_description":"P\u00fcnktlich zum Start des 2.Termins von Vesper uff de Gass riss der Himmel auf und die Sonne lie\u00df sich blicken. Zahlreiche B\u00fcrgerinnen und B\u00fcrger fanden den Weg zum Gr\u00fcnen Nachbarschaftstreff. [&hellip;]","og_url":"https:\/\/gruene-reilingen.de\/?p=2910","og_site_name":"B\u00dcNDNIS 90\/DIE GR\u00dcNEN REILINGEN","article_published_time":"2024-05-22T20:46:15+00:00","article_modified_time":"2024-05-23T09:11:00+00:00","og_image":[{"url":"https:\/\/gruene-reilingen.de\/wp-content\/uploads\/2024\/05\/WhatsApp-Image-2024-05-22-at-23.41.26-375x500.jpeg","type":"","width":"","height":""}],"author":"gruene_reilingen","twitter_card":"summary_large_image","twitter_misc":{"Verfasst von":"gruene_reilingen","Gesch\u00e4tzte Lesezeit":"1\u00a0Minute"},"schema":{"@context":"https:\/\/schema.org","@graph":[{"@type":"Article","@id":"https:\/\/gruene-reilingen.de\/?p=2910#article","isPartOf":{"@id":"https:\/\/gruene-reilingen.de\/?p=2910"},"author":{"name":"gruene_reilingen","@id":"https:\/\/gruene-reilingen.de\/#\/schema\/person\/f9da928f04550d0db757afd781f08df8"},"headline":"2.Vesper uff de Gass war gut besucht","datePublished":"2024-05-22T20:46:15+00:00","dateModified":"2024-05-23T09:11:00+00:00","mainEntityOfPage":{"@id":"https:\/\/gruene-reilingen.de\/?p=2910"},"wordCount":55,"commentCount":0,"image":{"@id":"https:\/\/gruene-reilingen.de\/?p=2910#primaryimage"},"thumbnailUrl":"https:\/\/gruene-reilingen.de\/wp-content\/uploads\/2024\/05\/WhatsApp-Image-2024-05-22-at-23.41.26-375x500.jpeg","articleSection":["News"],"inLanguage":"de","potentialAction":[{"@type":"CommentAction","name":"Comment","target":["https:\/\/gruene-reilingen.de\/?p=2910#respond"]}]},{"@type":"WebPage","@id":"https:\/\/gruene-reilingen.de\/?p=2910","url":"https:\/\/gruene-reilingen.de\/?p=2910","name":"2.Vesper uff de Gass war gut besucht - B\u00dcNDNIS 90\/DIE GR\u00dcNEN REILINGEN","isPartOf":{"@id":"https:\/\/gruene-reilingen.de\/#website"},"primaryImageOfPage":{"@id":"https:\/\/gruene-reilingen.de\/?p=2910#primaryimage"},"image":{"@id":"https:\/\/gruene-reilingen.de\/?p=2910#primaryimage"},"thumbnailUrl":"https:\/\/gruene-reilingen.de\/wp-content\/uploads\/2024\/05\/WhatsApp-Image-2024-05-22-at-23.41.26-375x500.jpeg","datePublished":"2024-05-22T20:46:15+00:00","dateModified":"2024-05-23T09:11:00+00:00","author":{"@id":"https:\/\/gruene-reilingen.de\/#\/schema\/person\/f9da928f04550d0db757afd781f08df8"},"breadcrumb":{"@id":"https:\/\/gruene-reilingen.de\/?p=2910#breadcrumb"},"inLanguage":"de","potentialAction":[{"@type":"ReadAction","target":["https:\/\/gruene-reilingen.de\/?p=2910"]}]},{"@type":"ImageObject","inLanguage":"de","@id":"https:\/\/gruene-reilingen.de\/?p=2910#primaryimage","url":"https:\/\/gruene-reilingen.de\/wp-content\/uploads\/2024\/05\/WhatsApp-Image-2024-05-22-at-23.41.26-375x500.jpeg","contentUrl":"https:\/\/gruene-reilingen.de\/wp-content\/uploads\/2024\/05\/WhatsApp-Image-2024-05-22-at-23.41.26-375x500.jpeg"},{"@type":"BreadcrumbList","@id":"https:\/\/gruene-reilingen.de\/?p=2910#breadcrumb","itemListElement":[{"@type":"ListItem","position":1,"name":"Startseite","item":"https:\/\/gruene-reilingen.de\/"},{"@type":"ListItem","position":2,"name":"2.Vesper uff de Gass war gut besucht"}]},{"@type":"WebSite","@id":"https:\/\/gruene-reilingen.de\/#website","url":"https:\/\/gruene-reilingen.de\/","name":"B\u00dcNDNIS 90\/DIE GR\u00dcNEN REILINGEN","description":"","potentialAction":[{"@type":"SearchAction","target":{"@type":"EntryPoint","urlTemplate":"https:\/\/gruene-reilingen.de\/?s={search_term_string}"},"query-input":{"@type":"PropertyValueSpecification","valueRequired":true,"valueName":"search_term_string"}}],"inLanguage":"de"},{"@type":"Person","@id":"https:\/\/gruene-reilingen.de\/#\/schema\/person\/f9da928f04550d0db757afd781f08df8","name":"gruene_reilingen","image":{"@type":"ImageObject","inLanguage":"de","@id":"https:\/\/secure.gravatar.com\/avatar\/913acc38ce102bffd85b7d788472a0913fa53d9b1fe59056f1fe4e704a8231cb?s=96&d=mm&r=g","url":"https:\/\/secure.gravatar.com\/avatar\/913acc38ce102bffd85b7d788472a0913fa53d9b1fe59056f1fe4e704a8231cb?s=96&d=mm&r=g","contentUrl":"https:\/\/secure.gravatar.com\/avatar\/913acc38ce102bffd85b7d788472a0913fa53d9b1fe59056f1fe4e704a8231cb?s=96&d=mm&r=g","caption":"gruene_reilingen"},"sameAs":["http:\/\/www.gruene-reilingen.de"],"url":"https:\/\/gruene-reilingen.de\/?author=2"}]}},"_links":{"self":[{"href":"https:\/\/gruene-reilingen.de\/index.php?rest_route=\/wp\/v2\/posts\/2910","targetHints":{"allow":["GET"]}}],"collection":[{"href":"https:\/\/gruene-reilingen.de\/index.php?rest_route=\/wp\/v2\/posts"}],"about":[{"href":"https:\/\/gruene-reilingen.de\/index.php?rest_route=\/wp\/v2\/types\/post"}],"author":[{"embeddable":true,"href":"https:\/\/gruene-reilingen.de\/index.php?rest_route=\/wp\/v2\/users\/2"}],"replies":[{"embeddable":true,"href":"https:\/\/gruene-reilingen.de\/index.php?rest_route=%2Fwp%2Fv2%2Fcomments&post=2910"}],"version-history":[{"count":4,"href":"https:\/\/gruene-reilingen.de\/index.php?rest_route=\/wp\/v2\/posts\/2910\/revisions"}],"predecessor-version":[{"id":2916,"href":"https:\/\/gruene-reilingen.de\/index.php?rest_route=\/wp\/v2\/posts\/2910\/revisions\/2916"}],"wp:attachment":[{"href":"https:\/\/gruene-reilingen.de\/index.php?rest_route=%2Fwp%2Fv2%2Fmedia&parent=2910"}],"wp:term":[{"taxonomy":"category","embeddable":true,"href":"https:\/\/gruene-reilingen.de\/index.php?rest_route=%2Fwp%2Fv2%2Fcategories&post=2910"},{"taxonomy":"post_tag","embeddable":true,"href":"https:\/\/gruene-reilingen.de\/index.php?rest_route=%2Fwp%2Fv2%2Ftags&post=2910"}],"curies":[{"name":"wp","href":"https:\/\/api.w.org\/{rel}","templated":true}]}}