{"id":3016,"date":"2024-11-11T11:25:02","date_gmt":"2024-11-11T11:25:02","guid":{"rendered":"https:\/\/gruene-reilingen.de\/?p=3016"},"modified":"2024-11-11T11:25:49","modified_gmt":"2024-11-11T11:25:49","slug":"gruenflaechen-binden-mehr-co2-als-jeder-wald","status":"publish","type":"post","link":"https:\/\/gruene-reilingen.de\/?p=3016","title":{"rendered":"Gr\u00fcnfl\u00e4chen binden mehr CO2 als jeder Wald"},"content":{"rendered":"\r\n\r\n\r\n\r\n\r\n\r\n\r\n\r\n \r\n\r\n\n<p><strong><em>Die Reilinger Gr\u00fcnen und Dr. Andre Baumann MdL hatten zu einer Exkursion zu den Kisselwiesen in Reilingen eingeladen<\/em><\/strong><\/p>\n\n\n\n<p>Auf den ersten Blick konnten die zahlreichen Teilnehmerinnen und Teilnehmer auf den gem\u00e4hten Wiesenfl\u00e4chen der Kisselwiesen in Reilingen nicht viel sehen. \u201eDie Kisselwiesen bieten jedoch wertvolle Lebensr\u00e4ume f\u00fcr eine Vielzahl an Pflanzen und Tieren\u201c, berichtete Dr. Andre Baumann, Naturschutzexperte und Landtagsabgeordneter der Gr\u00fcnen. Im Rahmen der Bem\u00fchungen, wertvolle Naturr\u00e4ume zu sch\u00fctzen und \u00f6kologisch aufzuwerten, hatten die Reilinger Gr\u00fcnen und Dr. Andre Baumann zu einer Exkursion in die Kisselwiesen eingeladen. Unter den Teilnehmenden waren auch Stefan Weisbrod, B\u00fcrgermeister von Reilingen, sowie einige dort ans\u00e4ssige Landwirte. \u201eUnsere Kisselwiesen sind vergleichsweise ein naturnahes Gebiet, da hier keine intensive Landwirtschaft betrieben wird. Dadurch haben wir hier eine Idylle, die Spazierg\u00e4nger und Radfahrer gerne nutzen und genie\u00dfen\u201c, berichtete Anna-Lena Becker, Ortsverbandsvorsitzende der Reilinger Gr\u00fcnen. \u201eAllerdings sehen wir auch, wie sehr der Klimawandel und der direkte menschliche Eingriff das Gebiet bereits ver\u00e4ndert haben.\u201c&nbsp;<\/p>\n\n\n\n<p>Die Kisselwiesen in Reilingen waren bis zur Begradigung des Kraichbachs und dem Wegfall der traditionellen Wiesenbew\u00e4sserung im 20. Jahrhundert einst eine weit verzweigte Bachauenlandschaft, bestehend aus Feuchtwiesen und Nieder- sowie Anmooren. Damals wurden durch Wasserwiesensysteme Gr\u00fcnlandfl\u00e4chen aktiv bew\u00e4ssert und auf den Wiesen wurde Weidewirtschaft betrieben. \u201eSogenannte Wiesenwarte betreuten die Schlie\u00dfensysteme und bestimmten, wo das Wasser aus den B\u00e4chen hingeleitet werden soll. Mit der Ver\u00e4nderung der Landwirtschaft wurden diese Systeme irgendwann nicht mehr genutzt, es gibt sie aber noch\u201c, erkl\u00e4rte Baumann. \u201eFr\u00fcher wurden die Wiesen gezielt geflutet, um die Produktivit\u00e4t zu steigern. In Zeiten des Klimawandels k\u00f6nnte es sinnvoll sein, die alten Bew\u00e4sserungssysteme zu reaktivieren.\u201c<\/p>\n\n\n\n<p>Fr\u00fcher seien die Schlie\u00dfensysteme auch f\u00fcr das Schmelzen von Schnee genutzt worden. Heutzutage gebe es eher das Problem, dass es in den Sommermonaten wenig regne und oft B\u00e4che und Fl\u00fcsse trockenfallen. Daf\u00fcr steige die Anzahl von Starkregenereignisse an. Daher seien sogenannte \u201eSchwammst\u00e4dte\u201c in Neubaugebieten wichtig, aber auch auf Feldern k\u00f6nnte man das schwammartige Versickern nutzen, um trockene Monate auf den Wiesen zu vermeiden und gleichzeitig die Kanalisation der Kommunen zu entlasten. \u201eDas Wasser aus dem Kraichbach sollte so lange wie m\u00f6glich bei uns bleiben\u201c, so Baumann.&nbsp;<\/p>\n\n\n\n<p>Aus Gespr\u00e4chen mit B\u00fcrgerinnen und B\u00fcrgern wei\u00df der Abgeordnete, dass viele Menschen den Wunsch haben, ihre Natur und Heimat, sowie die Artenvielfalt zu sch\u00fctzen. \u201eIn Baden-W\u00fcrttemberg haben wir die Mittel hierf\u00fcr wie in keinem anderen Bundesland erh\u00f6ht, denn wir wollen das Klima auch f\u00fcr die n\u00e4chste Generation sch\u00fctzen. Und auch Gr\u00fcnlandschutz ist Umweltschutz. Diese Fl\u00e4chen sind nicht nur Lebensr\u00e4ume f\u00fcr Pflanzen und Tiere. Kaum jemand wei\u00df, dass die CO2-Bindung auf diesen Fl\u00e4chen gr\u00f6\u00dfer sein kann als in einem Wald\u201c, so Baumann. Dies sei ein wesentlicher Beitrag zum Klimaschutz. In Vorbereitung auf m\u00f6gliche Ma\u00dfnahmen, um wertvolle Naturr\u00e4ume zu sch\u00fctzen und \u00f6kologisch aufzuwerten, habe das Land Baden-W\u00fcrttemberg \u00fcber viele Jahre Eigentum auch im Bereich der Kisselwiesen erworben.<\/p>\n\n\n\n<p>Als Landtagsabgeordneter erhalte Baumann auch viele Nachfragen, ob das Gebiet der Kisselwiesen unter Naturschutz gestellt werden k\u00f6nne. \u201eDamit ein Naturschutzgebiet ausgewiesen werden kann, m\u00fcssen schutzw\u00fcrdige Lebensr\u00e4ume bestehen. Bisher gibt es hier zwar wertvolle Lebensr\u00e4ume, aber diese m\u00fcssten daf\u00fcr aufgewertet werden. Eine Ausweisung als Landschaftsschutzgebiet sei ebenfalls m\u00f6glich und k\u00f6nnte ein guter Kompromiss sein. Der Schutz von Kulturlandschaften wie den Kisselwiesen geht jedoch nur mit den hier ans\u00e4ssigen Landwirten gemeinsam, daher m\u00f6chte ich auf dieses Thema aufmerksam machen\u201c, erl\u00e4uterte Baumann. Konkrete Pl\u00e4ne gebe es hierzu noch keine. \u00c4hnlich dem Vorgehen in den Schwetzinger Wiesen k\u00f6nnte eine Machbarkeitsstudie in Auftrag gegeben werden, um zu pr\u00fcfen, inwieweit es m\u00f6glich sei, die Kisselwiesen zu einem \u00f6kologisch intakten Gebiet mit artenreichem Gr\u00fcnland wiederherzustellen \u2013 gemeinsam mit den Bewirtschaftern. Eine M\u00f6glichkeit k\u00f6nnte laut Baumann im Rahmen des Biotopverbundes mit den umliegenden HoRAN-Gebieten sowie den Landwirten sein, beispielsweise durch Beweidung oder Heublumensaat.<\/p>\n\n\n\n<p>\u201eUnsere Aufgabe ist es, zusammen mit den Gemeinden und Landwirten Wege zu finden, unsere Natur und Umwelt sowie die Biodiversit\u00e4t zu sch\u00fctzen, ohne dabei die wirtschaftliche Grundlage der landwirtschaftlichen Betriebe zu gef\u00e4hrden. Das w\u00fcnsche ich mir auch f\u00fcr die Reilinger Kisselwiesen\u201c, fasste Baumann zusammen. Ein Dialog wird dabei n\u00f6tig sein, um langfristige L\u00f6sungen zu entwickeln.<\/p>\n\n\n\n<figure class=\"wp-block-image size-large\"><a href=\"https:\/\/gruene-reilingen.de\/wp-content\/uploads\/2024\/11\/Dr.-Andre-Baumann-MdL-berichtet-von-der-Historie-der-Reilinger-Kisselwiesen.jpg\"><img loading=\"lazy\" decoding=\"async\" width=\"667\" height=\"500\" src=\"https:\/\/gruene-reilingen.de\/wp-content\/uploads\/2024\/11\/Dr.-Andre-Baumann-MdL-berichtet-von-der-Historie-der-Reilinger-Kisselwiesen-667x500.jpg\" alt=\"\" class=\"wp-image-3017\" srcset=\"https:\/\/gruene-reilingen.de\/wp-content\/uploads\/2024\/11\/Dr.-Andre-Baumann-MdL-berichtet-von-der-Historie-der-Reilinger-Kisselwiesen-667x500.jpg 667w, https:\/\/gruene-reilingen.de\/wp-content\/uploads\/2024\/11\/Dr.-Andre-Baumann-MdL-berichtet-von-der-Historie-der-Reilinger-Kisselwiesen-493x370.jpg 493w, https:\/\/gruene-reilingen.de\/wp-content\/uploads\/2024\/11\/Dr.-Andre-Baumann-MdL-berichtet-von-der-Historie-der-Reilinger-Kisselwiesen-768x576.jpg 768w, https:\/\/gruene-reilingen.de\/wp-content\/uploads\/2024\/11\/Dr.-Andre-Baumann-MdL-berichtet-von-der-Historie-der-Reilinger-Kisselwiesen-1536x1152.jpg 1536w, https:\/\/gruene-reilingen.de\/wp-content\/uploads\/2024\/11\/Dr.-Andre-Baumann-MdL-berichtet-von-der-Historie-der-Reilinger-Kisselwiesen.jpg 2016w\" sizes=\"auto, (max-width: 667px) 100vw, 667px\" \/><\/a><\/figure>\n\n\n\n<p><\/p>\n\n\n\n<figure class=\"wp-block-image size-large\"><a href=\"https:\/\/gruene-reilingen.de\/wp-content\/uploads\/2024\/11\/Die-Kisselwiesen-bieten-wertvolle-Lebensraeume-fuer-eine-Vielzahl-an-Pflanzen-und-Tieren.jpg\"><img loading=\"lazy\" decoding=\"async\" width=\"667\" height=\"500\" src=\"https:\/\/gruene-reilingen.de\/wp-content\/uploads\/2024\/11\/Die-Kisselwiesen-bieten-wertvolle-Lebensraeume-fuer-eine-Vielzahl-an-Pflanzen-und-Tieren-667x500.jpg\" alt=\"\" class=\"wp-image-3018\" srcset=\"https:\/\/gruene-reilingen.de\/wp-content\/uploads\/2024\/11\/Die-Kisselwiesen-bieten-wertvolle-Lebensraeume-fuer-eine-Vielzahl-an-Pflanzen-und-Tieren-667x500.jpg 667w, https:\/\/gruene-reilingen.de\/wp-content\/uploads\/2024\/11\/Die-Kisselwiesen-bieten-wertvolle-Lebensraeume-fuer-eine-Vielzahl-an-Pflanzen-und-Tieren-493x370.jpg 493w, https:\/\/gruene-reilingen.de\/wp-content\/uploads\/2024\/11\/Die-Kisselwiesen-bieten-wertvolle-Lebensraeume-fuer-eine-Vielzahl-an-Pflanzen-und-Tieren-768x576.jpg 768w, https:\/\/gruene-reilingen.de\/wp-content\/uploads\/2024\/11\/Die-Kisselwiesen-bieten-wertvolle-Lebensraeume-fuer-eine-Vielzahl-an-Pflanzen-und-Tieren-1536x1152.jpg 1536w, https:\/\/gruene-reilingen.de\/wp-content\/uploads\/2024\/11\/Die-Kisselwiesen-bieten-wertvolle-Lebensraeume-fuer-eine-Vielzahl-an-Pflanzen-und-Tieren.jpg 2016w\" sizes=\"auto, (max-width: 667px) 100vw, 667px\" \/><\/a><\/figure>\n","protected":false},"excerpt":{"rendered":"<p>Die Reilinger Gr\u00fcnen und Dr. Andre Baumann MdL hatten zu einer Exkursion zu den Kisselwiesen in Reilingen eingeladen Auf den ersten Blick konnten die zahlreichen Teilnehmerinnen und Teilnehmer auf den [&hellip;]<\/p>\n","protected":false},"author":-1,"featured_media":0,"comment_status":"open","ping_status":"open","sticky":false,"template":"","format":"standard","meta":{"footnotes":""},"categories":[3],"tags":[],"class_list":["post-3016","post","type-post","status-publish","format-standard","hentry","category-news"],"yoast_head":"<!-- This site is optimized with the Yoast SEO plugin v27.5 - https:\/\/yoast.com\/product\/yoast-seo-wordpress\/ -->\n<title>Gr\u00fcnfl\u00e4chen binden mehr CO2 als jeder Wald - B\u00dcNDNIS 90\/DIE GR\u00dcNEN REILINGEN<\/title>\n<meta name=\"robots\" content=\"index, follow, max-snippet:-1, max-image-preview:large, max-video-preview:-1\" \/>\n<link rel=\"canonical\" href=\"https:\/\/gruene-reilingen.de\/?p=3016\" \/>\n<meta property=\"og:locale\" content=\"de_DE\" \/>\n<meta property=\"og:type\" content=\"article\" \/>\n<meta property=\"og:title\" content=\"Gr\u00fcnfl\u00e4chen binden mehr CO2 als jeder Wald - B\u00dcNDNIS 90\/DIE GR\u00dcNEN REILINGEN\" \/>\n<meta property=\"og:description\" content=\"Die Reilinger Gr\u00fcnen und Dr. Andre Baumann MdL hatten zu einer Exkursion zu den Kisselwiesen in Reilingen eingeladen Auf den ersten Blick konnten die zahlreichen Teilnehmerinnen und Teilnehmer auf den [&hellip;]\" \/>\n<meta property=\"og:url\" content=\"https:\/\/gruene-reilingen.de\/?p=3016\" \/>\n<meta property=\"og:site_name\" content=\"B\u00dcNDNIS 90\/DIE GR\u00dcNEN REILINGEN\" \/>\n<meta property=\"article:published_time\" content=\"2024-11-11T11:25:02+00:00\" \/>\n<meta property=\"article:modified_time\" content=\"2024-11-11T11:25:49+00:00\" \/>\n<meta property=\"og:image\" content=\"https:\/\/gruene-reilingen.de\/wp-content\/uploads\/2024\/11\/Dr.-Andre-Baumann-MdL-berichtet-von-der-Historie-der-Reilinger-Kisselwiesen-667x500.jpg\" \/>\n<meta name=\"author\" content=\"gruene_reilingen\" \/>\n<meta name=\"twitter:card\" content=\"summary_large_image\" \/>\n<meta name=\"twitter:label1\" content=\"Verfasst von\" \/>\n\t<meta name=\"twitter:data1\" content=\"gruene_reilingen\" \/>\n\t<meta name=\"twitter:label2\" content=\"Gesch\u00e4tzte Lesezeit\" \/>\n\t<meta name=\"twitter:data2\" content=\"5\u00a0Minuten\" \/>\n<script type=\"application\/ld+json\" class=\"yoast-schema-graph\">{\"@context\":\"https:\\\/\\\/schema.org\",\"@graph\":[{\"@type\":\"Article\",\"@id\":\"https:\\\/\\\/gruene-reilingen.de\\\/?p=3016#article\",\"isPartOf\":{\"@id\":\"https:\\\/\\\/gruene-reilingen.de\\\/?p=3016\"},\"author\":{\"name\":\"gruene_reilingen\",\"@id\":\"https:\\\/\\\/gruene-reilingen.de\\\/#\\\/schema\\\/person\\\/f9da928f04550d0db757afd781f08df8\"},\"headline\":\"Gr\u00fcnfl\u00e4chen binden mehr CO2 als jeder Wald\",\"datePublished\":\"2024-11-11T11:25:02+00:00\",\"dateModified\":\"2024-11-11T11:25:49+00:00\",\"mainEntityOfPage\":{\"@id\":\"https:\\\/\\\/gruene-reilingen.de\\\/?p=3016\"},\"wordCount\":754,\"commentCount\":0,\"image\":{\"@id\":\"https:\\\/\\\/gruene-reilingen.de\\\/?p=3016#primaryimage\"},\"thumbnailUrl\":\"https:\\\/\\\/gruene-reilingen.de\\\/wp-content\\\/uploads\\\/2024\\\/11\\\/Dr.-Andre-Baumann-MdL-berichtet-von-der-Historie-der-Reilinger-Kisselwiesen-667x500.jpg\",\"articleSection\":[\"News\"],\"inLanguage\":\"de\",\"potentialAction\":[{\"@type\":\"CommentAction\",\"name\":\"Comment\",\"target\":[\"https:\\\/\\\/gruene-reilingen.de\\\/?p=3016#respond\"]}]},{\"@type\":\"WebPage\",\"@id\":\"https:\\\/\\\/gruene-reilingen.de\\\/?p=3016\",\"url\":\"https:\\\/\\\/gruene-reilingen.de\\\/?p=3016\",\"name\":\"Gr\u00fcnfl\u00e4chen binden mehr CO2 als jeder Wald - B\u00dcNDNIS 90\\\/DIE GR\u00dcNEN REILINGEN\",\"isPartOf\":{\"@id\":\"https:\\\/\\\/gruene-reilingen.de\\\/#website\"},\"primaryImageOfPage\":{\"@id\":\"https:\\\/\\\/gruene-reilingen.de\\\/?p=3016#primaryimage\"},\"image\":{\"@id\":\"https:\\\/\\\/gruene-reilingen.de\\\/?p=3016#primaryimage\"},\"thumbnailUrl\":\"https:\\\/\\\/gruene-reilingen.de\\\/wp-content\\\/uploads\\\/2024\\\/11\\\/Dr.-Andre-Baumann-MdL-berichtet-von-der-Historie-der-Reilinger-Kisselwiesen-667x500.jpg\",\"datePublished\":\"2024-11-11T11:25:02+00:00\",\"dateModified\":\"2024-11-11T11:25:49+00:00\",\"author\":{\"@id\":\"https:\\\/\\\/gruene-reilingen.de\\\/#\\\/schema\\\/person\\\/f9da928f04550d0db757afd781f08df8\"},\"breadcrumb\":{\"@id\":\"https:\\\/\\\/gruene-reilingen.de\\\/?p=3016#breadcrumb\"},\"inLanguage\":\"de\",\"potentialAction\":[{\"@type\":\"ReadAction\",\"target\":[\"https:\\\/\\\/gruene-reilingen.de\\\/?p=3016\"]}]},{\"@type\":\"ImageObject\",\"inLanguage\":\"de\",\"@id\":\"https:\\\/\\\/gruene-reilingen.de\\\/?p=3016#primaryimage\",\"url\":\"https:\\\/\\\/gruene-reilingen.de\\\/wp-content\\\/uploads\\\/2024\\\/11\\\/Dr.-Andre-Baumann-MdL-berichtet-von-der-Historie-der-Reilinger-Kisselwiesen.jpg\",\"contentUrl\":\"https:\\\/\\\/gruene-reilingen.de\\\/wp-content\\\/uploads\\\/2024\\\/11\\\/Dr.-Andre-Baumann-MdL-berichtet-von-der-Historie-der-Reilinger-Kisselwiesen.jpg\",\"width\":2016,\"height\":1512},{\"@type\":\"BreadcrumbList\",\"@id\":\"https:\\\/\\\/gruene-reilingen.de\\\/?p=3016#breadcrumb\",\"itemListElement\":[{\"@type\":\"ListItem\",\"position\":1,\"name\":\"Startseite\",\"item\":\"https:\\\/\\\/gruene-reilingen.de\\\/\"},{\"@type\":\"ListItem\",\"position\":2,\"name\":\"Gr\u00fcnfl\u00e4chen binden mehr CO2 als jeder Wald\"}]},{\"@type\":\"WebSite\",\"@id\":\"https:\\\/\\\/gruene-reilingen.de\\\/#website\",\"url\":\"https:\\\/\\\/gruene-reilingen.de\\\/\",\"name\":\"B\u00dcNDNIS 90\\\/DIE GR\u00dcNEN REILINGEN\",\"description\":\"\",\"potentialAction\":[{\"@type\":\"SearchAction\",\"target\":{\"@type\":\"EntryPoint\",\"urlTemplate\":\"https:\\\/\\\/gruene-reilingen.de\\\/?s={search_term_string}\"},\"query-input\":{\"@type\":\"PropertyValueSpecification\",\"valueRequired\":true,\"valueName\":\"search_term_string\"}}],\"inLanguage\":\"de\"},{\"@type\":\"Person\",\"@id\":\"https:\\\/\\\/gruene-reilingen.de\\\/#\\\/schema\\\/person\\\/f9da928f04550d0db757afd781f08df8\",\"name\":\"gruene_reilingen\",\"image\":{\"@type\":\"ImageObject\",\"inLanguage\":\"de\",\"@id\":\"https:\\\/\\\/secure.gravatar.com\\\/avatar\\\/913acc38ce102bffd85b7d788472a0913fa53d9b1fe59056f1fe4e704a8231cb?s=96&d=mm&r=g\",\"url\":\"https:\\\/\\\/secure.gravatar.com\\\/avatar\\\/913acc38ce102bffd85b7d788472a0913fa53d9b1fe59056f1fe4e704a8231cb?s=96&d=mm&r=g\",\"contentUrl\":\"https:\\\/\\\/secure.gravatar.com\\\/avatar\\\/913acc38ce102bffd85b7d788472a0913fa53d9b1fe59056f1fe4e704a8231cb?s=96&d=mm&r=g\",\"caption\":\"gruene_reilingen\"},\"sameAs\":[\"http:\\\/\\\/www.gruene-reilingen.de\"],\"url\":\"https:\\\/\\\/gruene-reilingen.de\\\/?author=2\"}]}<\/script>\n<!-- \/ Yoast SEO plugin. -->","yoast_head_json":{"title":"Gr\u00fcnfl\u00e4chen binden mehr CO2 als jeder Wald - B\u00dcNDNIS 90\/DIE GR\u00dcNEN REILINGEN","robots":{"index":"index","follow":"follow","max-snippet":"max-snippet:-1","max-image-preview":"max-image-preview:large","max-video-preview":"max-video-preview:-1"},"canonical":"https:\/\/gruene-reilingen.de\/?p=3016","og_locale":"de_DE","og_type":"article","og_title":"Gr\u00fcnfl\u00e4chen binden mehr CO2 als jeder Wald - B\u00dcNDNIS 90\/DIE GR\u00dcNEN REILINGEN","og_description":"Die Reilinger Gr\u00fcnen und Dr. Andre Baumann MdL hatten zu einer Exkursion zu den Kisselwiesen in Reilingen eingeladen Auf den ersten Blick konnten die zahlreichen Teilnehmerinnen und Teilnehmer auf den [&hellip;]","og_url":"https:\/\/gruene-reilingen.de\/?p=3016","og_site_name":"B\u00dcNDNIS 90\/DIE GR\u00dcNEN REILINGEN","article_published_time":"2024-11-11T11:25:02+00:00","article_modified_time":"2024-11-11T11:25:49+00:00","og_image":[{"url":"https:\/\/gruene-reilingen.de\/wp-content\/uploads\/2024\/11\/Dr.-Andre-Baumann-MdL-berichtet-von-der-Historie-der-Reilinger-Kisselwiesen-667x500.jpg","type":"","width":"","height":""}],"author":"gruene_reilingen","twitter_card":"summary_large_image","twitter_misc":{"Verfasst von":"gruene_reilingen","Gesch\u00e4tzte Lesezeit":"5\u00a0Minuten"},"schema":{"@context":"https:\/\/schema.org","@graph":[{"@type":"Article","@id":"https:\/\/gruene-reilingen.de\/?p=3016#article","isPartOf":{"@id":"https:\/\/gruene-reilingen.de\/?p=3016"},"author":{"name":"gruene_reilingen","@id":"https:\/\/gruene-reilingen.de\/#\/schema\/person\/f9da928f04550d0db757afd781f08df8"},"headline":"Gr\u00fcnfl\u00e4chen binden mehr CO2 als jeder Wald","datePublished":"2024-11-11T11:25:02+00:00","dateModified":"2024-11-11T11:25:49+00:00","mainEntityOfPage":{"@id":"https:\/\/gruene-reilingen.de\/?p=3016"},"wordCount":754,"commentCount":0,"image":{"@id":"https:\/\/gruene-reilingen.de\/?p=3016#primaryimage"},"thumbnailUrl":"https:\/\/gruene-reilingen.de\/wp-content\/uploads\/2024\/11\/Dr.-Andre-Baumann-MdL-berichtet-von-der-Historie-der-Reilinger-Kisselwiesen-667x500.jpg","articleSection":["News"],"inLanguage":"de","potentialAction":[{"@type":"CommentAction","name":"Comment","target":["https:\/\/gruene-reilingen.de\/?p=3016#respond"]}]},{"@type":"WebPage","@id":"https:\/\/gruene-reilingen.de\/?p=3016","url":"https:\/\/gruene-reilingen.de\/?p=3016","name":"Gr\u00fcnfl\u00e4chen binden mehr CO2 als jeder Wald - B\u00dcNDNIS 90\/DIE GR\u00dcNEN REILINGEN","isPartOf":{"@id":"https:\/\/gruene-reilingen.de\/#website"},"primaryImageOfPage":{"@id":"https:\/\/gruene-reilingen.de\/?p=3016#primaryimage"},"image":{"@id":"https:\/\/gruene-reilingen.de\/?p=3016#primaryimage"},"thumbnailUrl":"https:\/\/gruene-reilingen.de\/wp-content\/uploads\/2024\/11\/Dr.-Andre-Baumann-MdL-berichtet-von-der-Historie-der-Reilinger-Kisselwiesen-667x500.jpg","datePublished":"2024-11-11T11:25:02+00:00","dateModified":"2024-11-11T11:25:49+00:00","author":{"@id":"https:\/\/gruene-reilingen.de\/#\/schema\/person\/f9da928f04550d0db757afd781f08df8"},"breadcrumb":{"@id":"https:\/\/gruene-reilingen.de\/?p=3016#breadcrumb"},"inLanguage":"de","potentialAction":[{"@type":"ReadAction","target":["https:\/\/gruene-reilingen.de\/?p=3016"]}]},{"@type":"ImageObject","inLanguage":"de","@id":"https:\/\/gruene-reilingen.de\/?p=3016#primaryimage","url":"https:\/\/gruene-reilingen.de\/wp-content\/uploads\/2024\/11\/Dr.-Andre-Baumann-MdL-berichtet-von-der-Historie-der-Reilinger-Kisselwiesen.jpg","contentUrl":"https:\/\/gruene-reilingen.de\/wp-content\/uploads\/2024\/11\/Dr.-Andre-Baumann-MdL-berichtet-von-der-Historie-der-Reilinger-Kisselwiesen.jpg","width":2016,"height":1512},{"@type":"BreadcrumbList","@id":"https:\/\/gruene-reilingen.de\/?p=3016#breadcrumb","itemListElement":[{"@type":"ListItem","position":1,"name":"Startseite","item":"https:\/\/gruene-reilingen.de\/"},{"@type":"ListItem","position":2,"name":"Gr\u00fcnfl\u00e4chen binden mehr CO2 als jeder Wald"}]},{"@type":"WebSite","@id":"https:\/\/gruene-reilingen.de\/#website","url":"https:\/\/gruene-reilingen.de\/","name":"B\u00dcNDNIS 90\/DIE GR\u00dcNEN REILINGEN","description":"","potentialAction":[{"@type":"SearchAction","target":{"@type":"EntryPoint","urlTemplate":"https:\/\/gruene-reilingen.de\/?s={search_term_string}"},"query-input":{"@type":"PropertyValueSpecification","valueRequired":true,"valueName":"search_term_string"}}],"inLanguage":"de"},{"@type":"Person","@id":"https:\/\/gruene-reilingen.de\/#\/schema\/person\/f9da928f04550d0db757afd781f08df8","name":"gruene_reilingen","image":{"@type":"ImageObject","inLanguage":"de","@id":"https:\/\/secure.gravatar.com\/avatar\/913acc38ce102bffd85b7d788472a0913fa53d9b1fe59056f1fe4e704a8231cb?s=96&d=mm&r=g","url":"https:\/\/secure.gravatar.com\/avatar\/913acc38ce102bffd85b7d788472a0913fa53d9b1fe59056f1fe4e704a8231cb?s=96&d=mm&r=g","contentUrl":"https:\/\/secure.gravatar.com\/avatar\/913acc38ce102bffd85b7d788472a0913fa53d9b1fe59056f1fe4e704a8231cb?s=96&d=mm&r=g","caption":"gruene_reilingen"},"sameAs":["http:\/\/www.gruene-reilingen.de"],"url":"https:\/\/gruene-reilingen.de\/?author=2"}]}},"_links":{"self":[{"href":"https:\/\/gruene-reilingen.de\/index.php?rest_route=\/wp\/v2\/posts\/3016","targetHints":{"allow":["GET"]}}],"collection":[{"href":"https:\/\/gruene-reilingen.de\/index.php?rest_route=\/wp\/v2\/posts"}],"about":[{"href":"https:\/\/gruene-reilingen.de\/index.php?rest_route=\/wp\/v2\/types\/post"}],"author":[{"embeddable":true,"href":"https:\/\/gruene-reilingen.de\/index.php?rest_route=\/wp\/v2\/users\/2"}],"replies":[{"embeddable":true,"href":"https:\/\/gruene-reilingen.de\/index.php?rest_route=%2Fwp%2Fv2%2Fcomments&post=3016"}],"version-history":[{"count":2,"href":"https:\/\/gruene-reilingen.de\/index.php?rest_route=\/wp\/v2\/posts\/3016\/revisions"}],"predecessor-version":[{"id":3020,"href":"https:\/\/gruene-reilingen.de\/index.php?rest_route=\/wp\/v2\/posts\/3016\/revisions\/3020"}],"wp:attachment":[{"href":"https:\/\/gruene-reilingen.de\/index.php?rest_route=%2Fwp%2Fv2%2Fmedia&parent=3016"}],"wp:term":[{"taxonomy":"category","embeddable":true,"href":"https:\/\/gruene-reilingen.de\/index.php?rest_route=%2Fwp%2Fv2%2Fcategories&post=3016"},{"taxonomy":"post_tag","embeddable":true,"href":"https:\/\/gruene-reilingen.de\/index.php?rest_route=%2Fwp%2Fv2%2Ftags&post=3016"}],"curies":[{"name":"wp","href":"https:\/\/api.w.org\/{rel}","templated":true}]}}