{"id":3066,"date":"2025-03-09T14:16:25","date_gmt":"2025-03-09T14:16:25","guid":{"rendered":"https:\/\/gruene-reilingen.de\/?p=3066"},"modified":"2025-05-14T14:11:10","modified_gmt":"2025-05-14T14:11:10","slug":"komm-zur-2-reilinger-pflanzentauschparty","status":"publish","type":"post","link":"https:\/\/gruene-reilingen.de\/?p=3066","title":{"rendered":"2.Reilinger Pflanzentauschparty"},"content":{"rendered":"\r\n\r\n\r\n\r\n\r\n\r\n\r\n\r\n \r\n\r\n\n<p>Bei der 2. Reilinger Pflanzentauschparty wurden wieder Setzlinge, Ableger, Blumenzwiebeln, Blument\u00f6pfe und G\u00e4rtnertipps in geselliger Atmosph\u00e4re miteinander getauscht. Viele tolle Pflanzen wurden mitgebracht, die auch ein neues Zuhause gefunden haben. Danke an alle, die das m\u00f6glich gemacht haben und Danke f\u00fcr den Austausch.<\/p>\n\n\n\n<figure class=\"wp-block-image size-large\"><a href=\"https:\/\/gruene-reilingen.de\/wp-content\/uploads\/2025\/05\/1000000386.jpg\"><img loading=\"lazy\" decoding=\"async\" width=\"667\" height=\"500\" src=\"https:\/\/gruene-reilingen.de\/wp-content\/uploads\/2025\/05\/1000000386-667x500.jpg\" alt=\"\" class=\"wp-image-3139\" srcset=\"https:\/\/gruene-reilingen.de\/wp-content\/uploads\/2025\/05\/1000000386-667x500.jpg 667w, https:\/\/gruene-reilingen.de\/wp-content\/uploads\/2025\/05\/1000000386-493x370.jpg 493w, https:\/\/gruene-reilingen.de\/wp-content\/uploads\/2025\/05\/1000000386-768x576.jpg 768w, https:\/\/gruene-reilingen.de\/wp-content\/uploads\/2025\/05\/1000000386-1536x1152.jpg 1536w, https:\/\/gruene-reilingen.de\/wp-content\/uploads\/2025\/05\/1000000386.jpg 1600w\" sizes=\"auto, (max-width: 667px) 100vw, 667px\" \/><\/a><\/figure>\n","protected":false},"excerpt":{"rendered":"<p>Bei der 2. Reilinger Pflanzentauschparty wurden wieder Setzlinge, Ableger, Blumenzwiebeln, Blument\u00f6pfe und G\u00e4rtnertipps in geselliger Atmosph\u00e4re miteinander getauscht. Viele tolle Pflanzen wurden mitgebracht, die auch ein neues Zuhause gefunden haben. [&hellip;]<\/p>\n","protected":false},"author":-1,"featured_media":0,"comment_status":"open","ping_status":"open","sticky":false,"template":"","format":"standard","meta":{"footnotes":""},"categories":[3],"tags":[],"class_list":["post-3066","post","type-post","status-publish","format-standard","hentry","category-news"],"yoast_head":"<!-- This site is optimized with the Yoast SEO plugin v27.5 - https:\/\/yoast.com\/product\/yoast-seo-wordpress\/ -->\n<title>2.Reilinger Pflanzentauschparty - B\u00dcNDNIS 90\/DIE GR\u00dcNEN REILINGEN<\/title>\n<meta name=\"robots\" content=\"index, follow, max-snippet:-1, max-image-preview:large, max-video-preview:-1\" \/>\n<link rel=\"canonical\" href=\"https:\/\/gruene-reilingen.de\/?p=3066\" \/>\n<meta property=\"og:locale\" content=\"de_DE\" \/>\n<meta property=\"og:type\" content=\"article\" \/>\n<meta property=\"og:title\" content=\"2.Reilinger Pflanzentauschparty - B\u00dcNDNIS 90\/DIE GR\u00dcNEN REILINGEN\" \/>\n<meta property=\"og:description\" content=\"Bei der 2. Reilinger Pflanzentauschparty wurden wieder Setzlinge, Ableger, Blumenzwiebeln, Blument\u00f6pfe und G\u00e4rtnertipps in geselliger Atmosph\u00e4re miteinander getauscht. Viele tolle Pflanzen wurden mitgebracht, die auch ein neues Zuhause gefunden haben. [&hellip;]\" \/>\n<meta property=\"og:url\" content=\"https:\/\/gruene-reilingen.de\/?p=3066\" \/>\n<meta property=\"og:site_name\" content=\"B\u00dcNDNIS 90\/DIE GR\u00dcNEN REILINGEN\" \/>\n<meta property=\"article:published_time\" content=\"2025-03-09T14:16:25+00:00\" \/>\n<meta property=\"article:modified_time\" content=\"2025-05-14T14:11:10+00:00\" \/>\n<meta property=\"og:image\" content=\"https:\/\/gruene-reilingen.de\/wp-content\/uploads\/2025\/05\/1000000386-667x500.jpg\" \/>\n<meta name=\"author\" content=\"gruene_reilingen\" \/>\n<meta name=\"twitter:card\" content=\"summary_large_image\" \/>\n<meta name=\"twitter:label1\" content=\"Verfasst von\" \/>\n\t<meta name=\"twitter:data1\" content=\"gruene_reilingen\" \/>\n\t<meta name=\"twitter:label2\" content=\"Gesch\u00e4tzte Lesezeit\" \/>\n\t<meta name=\"twitter:data2\" content=\"1\u00a0Minute\" \/>\n<script type=\"application\/ld+json\" class=\"yoast-schema-graph\">{\"@context\":\"https:\\\/\\\/schema.org\",\"@graph\":[{\"@type\":\"Article\",\"@id\":\"https:\\\/\\\/gruene-reilingen.de\\\/?p=3066#article\",\"isPartOf\":{\"@id\":\"https:\\\/\\\/gruene-reilingen.de\\\/?p=3066\"},\"author\":{\"name\":\"gruene_reilingen\",\"@id\":\"https:\\\/\\\/gruene-reilingen.de\\\/#\\\/schema\\\/person\\\/f9da928f04550d0db757afd781f08df8\"},\"headline\":\"2.Reilinger Pflanzentauschparty\",\"datePublished\":\"2025-03-09T14:16:25+00:00\",\"dateModified\":\"2025-05-14T14:11:10+00:00\",\"mainEntityOfPage\":{\"@id\":\"https:\\\/\\\/gruene-reilingen.de\\\/?p=3066\"},\"wordCount\":49,\"commentCount\":0,\"image\":{\"@id\":\"https:\\\/\\\/gruene-reilingen.de\\\/?p=3066#primaryimage\"},\"thumbnailUrl\":\"https:\\\/\\\/gruene-reilingen.de\\\/wp-content\\\/uploads\\\/2025\\\/05\\\/1000000386-667x500.jpg\",\"articleSection\":[\"News\"],\"inLanguage\":\"de\",\"potentialAction\":[{\"@type\":\"CommentAction\",\"name\":\"Comment\",\"target\":[\"https:\\\/\\\/gruene-reilingen.de\\\/?p=3066#respond\"]}]},{\"@type\":\"WebPage\",\"@id\":\"https:\\\/\\\/gruene-reilingen.de\\\/?p=3066\",\"url\":\"https:\\\/\\\/gruene-reilingen.de\\\/?p=3066\",\"name\":\"2.Reilinger Pflanzentauschparty - B\u00dcNDNIS 90\\\/DIE GR\u00dcNEN REILINGEN\",\"isPartOf\":{\"@id\":\"https:\\\/\\\/gruene-reilingen.de\\\/#website\"},\"primaryImageOfPage\":{\"@id\":\"https:\\\/\\\/gruene-reilingen.de\\\/?p=3066#primaryimage\"},\"image\":{\"@id\":\"https:\\\/\\\/gruene-reilingen.de\\\/?p=3066#primaryimage\"},\"thumbnailUrl\":\"https:\\\/\\\/gruene-reilingen.de\\\/wp-content\\\/uploads\\\/2025\\\/05\\\/1000000386-667x500.jpg\",\"datePublished\":\"2025-03-09T14:16:25+00:00\",\"dateModified\":\"2025-05-14T14:11:10+00:00\",\"author\":{\"@id\":\"https:\\\/\\\/gruene-reilingen.de\\\/#\\\/schema\\\/person\\\/f9da928f04550d0db757afd781f08df8\"},\"breadcrumb\":{\"@id\":\"https:\\\/\\\/gruene-reilingen.de\\\/?p=3066#breadcrumb\"},\"inLanguage\":\"de\",\"potentialAction\":[{\"@type\":\"ReadAction\",\"target\":[\"https:\\\/\\\/gruene-reilingen.de\\\/?p=3066\"]}]},{\"@type\":\"ImageObject\",\"inLanguage\":\"de\",\"@id\":\"https:\\\/\\\/gruene-reilingen.de\\\/?p=3066#primaryimage\",\"url\":\"https:\\\/\\\/gruene-reilingen.de\\\/wp-content\\\/uploads\\\/2025\\\/05\\\/1000000386.jpg\",\"contentUrl\":\"https:\\\/\\\/gruene-reilingen.de\\\/wp-content\\\/uploads\\\/2025\\\/05\\\/1000000386.jpg\",\"width\":1600,\"height\":1200},{\"@type\":\"BreadcrumbList\",\"@id\":\"https:\\\/\\\/gruene-reilingen.de\\\/?p=3066#breadcrumb\",\"itemListElement\":[{\"@type\":\"ListItem\",\"position\":1,\"name\":\"Startseite\",\"item\":\"https:\\\/\\\/gruene-reilingen.de\\\/\"},{\"@type\":\"ListItem\",\"position\":2,\"name\":\"2.Reilinger Pflanzentauschparty\"}]},{\"@type\":\"WebSite\",\"@id\":\"https:\\\/\\\/gruene-reilingen.de\\\/#website\",\"url\":\"https:\\\/\\\/gruene-reilingen.de\\\/\",\"name\":\"B\u00dcNDNIS 90\\\/DIE GR\u00dcNEN REILINGEN\",\"description\":\"\",\"potentialAction\":[{\"@type\":\"SearchAction\",\"target\":{\"@type\":\"EntryPoint\",\"urlTemplate\":\"https:\\\/\\\/gruene-reilingen.de\\\/?s={search_term_string}\"},\"query-input\":{\"@type\":\"PropertyValueSpecification\",\"valueRequired\":true,\"valueName\":\"search_term_string\"}}],\"inLanguage\":\"de\"},{\"@type\":\"Person\",\"@id\":\"https:\\\/\\\/gruene-reilingen.de\\\/#\\\/schema\\\/person\\\/f9da928f04550d0db757afd781f08df8\",\"name\":\"gruene_reilingen\",\"image\":{\"@type\":\"ImageObject\",\"inLanguage\":\"de\",\"@id\":\"https:\\\/\\\/secure.gravatar.com\\\/avatar\\\/913acc38ce102bffd85b7d788472a0913fa53d9b1fe59056f1fe4e704a8231cb?s=96&d=mm&r=g\",\"url\":\"https:\\\/\\\/secure.gravatar.com\\\/avatar\\\/913acc38ce102bffd85b7d788472a0913fa53d9b1fe59056f1fe4e704a8231cb?s=96&d=mm&r=g\",\"contentUrl\":\"https:\\\/\\\/secure.gravatar.com\\\/avatar\\\/913acc38ce102bffd85b7d788472a0913fa53d9b1fe59056f1fe4e704a8231cb?s=96&d=mm&r=g\",\"caption\":\"gruene_reilingen\"},\"sameAs\":[\"http:\\\/\\\/www.gruene-reilingen.de\"],\"url\":\"https:\\\/\\\/gruene-reilingen.de\\\/?author=2\"}]}<\/script>\n<!-- \/ Yoast SEO plugin. -->","yoast_head_json":{"title":"2.Reilinger Pflanzentauschparty - B\u00dcNDNIS 90\/DIE GR\u00dcNEN REILINGEN","robots":{"index":"index","follow":"follow","max-snippet":"max-snippet:-1","max-image-preview":"max-image-preview:large","max-video-preview":"max-video-preview:-1"},"canonical":"https:\/\/gruene-reilingen.de\/?p=3066","og_locale":"de_DE","og_type":"article","og_title":"2.Reilinger Pflanzentauschparty - B\u00dcNDNIS 90\/DIE GR\u00dcNEN REILINGEN","og_description":"Bei der 2. Reilinger Pflanzentauschparty wurden wieder Setzlinge, Ableger, Blumenzwiebeln, Blument\u00f6pfe und G\u00e4rtnertipps in geselliger Atmosph\u00e4re miteinander getauscht. Viele tolle Pflanzen wurden mitgebracht, die auch ein neues Zuhause gefunden haben. [&hellip;]","og_url":"https:\/\/gruene-reilingen.de\/?p=3066","og_site_name":"B\u00dcNDNIS 90\/DIE GR\u00dcNEN REILINGEN","article_published_time":"2025-03-09T14:16:25+00:00","article_modified_time":"2025-05-14T14:11:10+00:00","og_image":[{"url":"https:\/\/gruene-reilingen.de\/wp-content\/uploads\/2025\/05\/1000000386-667x500.jpg","type":"","width":"","height":""}],"author":"gruene_reilingen","twitter_card":"summary_large_image","twitter_misc":{"Verfasst von":"gruene_reilingen","Gesch\u00e4tzte Lesezeit":"1\u00a0Minute"},"schema":{"@context":"https:\/\/schema.org","@graph":[{"@type":"Article","@id":"https:\/\/gruene-reilingen.de\/?p=3066#article","isPartOf":{"@id":"https:\/\/gruene-reilingen.de\/?p=3066"},"author":{"name":"gruene_reilingen","@id":"https:\/\/gruene-reilingen.de\/#\/schema\/person\/f9da928f04550d0db757afd781f08df8"},"headline":"2.Reilinger Pflanzentauschparty","datePublished":"2025-03-09T14:16:25+00:00","dateModified":"2025-05-14T14:11:10+00:00","mainEntityOfPage":{"@id":"https:\/\/gruene-reilingen.de\/?p=3066"},"wordCount":49,"commentCount":0,"image":{"@id":"https:\/\/gruene-reilingen.de\/?p=3066#primaryimage"},"thumbnailUrl":"https:\/\/gruene-reilingen.de\/wp-content\/uploads\/2025\/05\/1000000386-667x500.jpg","articleSection":["News"],"inLanguage":"de","potentialAction":[{"@type":"CommentAction","name":"Comment","target":["https:\/\/gruene-reilingen.de\/?p=3066#respond"]}]},{"@type":"WebPage","@id":"https:\/\/gruene-reilingen.de\/?p=3066","url":"https:\/\/gruene-reilingen.de\/?p=3066","name":"2.Reilinger Pflanzentauschparty - B\u00dcNDNIS 90\/DIE GR\u00dcNEN REILINGEN","isPartOf":{"@id":"https:\/\/gruene-reilingen.de\/#website"},"primaryImageOfPage":{"@id":"https:\/\/gruene-reilingen.de\/?p=3066#primaryimage"},"image":{"@id":"https:\/\/gruene-reilingen.de\/?p=3066#primaryimage"},"thumbnailUrl":"https:\/\/gruene-reilingen.de\/wp-content\/uploads\/2025\/05\/1000000386-667x500.jpg","datePublished":"2025-03-09T14:16:25+00:00","dateModified":"2025-05-14T14:11:10+00:00","author":{"@id":"https:\/\/gruene-reilingen.de\/#\/schema\/person\/f9da928f04550d0db757afd781f08df8"},"breadcrumb":{"@id":"https:\/\/gruene-reilingen.de\/?p=3066#breadcrumb"},"inLanguage":"de","potentialAction":[{"@type":"ReadAction","target":["https:\/\/gruene-reilingen.de\/?p=3066"]}]},{"@type":"ImageObject","inLanguage":"de","@id":"https:\/\/gruene-reilingen.de\/?p=3066#primaryimage","url":"https:\/\/gruene-reilingen.de\/wp-content\/uploads\/2025\/05\/1000000386.jpg","contentUrl":"https:\/\/gruene-reilingen.de\/wp-content\/uploads\/2025\/05\/1000000386.jpg","width":1600,"height":1200},{"@type":"BreadcrumbList","@id":"https:\/\/gruene-reilingen.de\/?p=3066#breadcrumb","itemListElement":[{"@type":"ListItem","position":1,"name":"Startseite","item":"https:\/\/gruene-reilingen.de\/"},{"@type":"ListItem","position":2,"name":"2.Reilinger Pflanzentauschparty"}]},{"@type":"WebSite","@id":"https:\/\/gruene-reilingen.de\/#website","url":"https:\/\/gruene-reilingen.de\/","name":"B\u00dcNDNIS 90\/DIE GR\u00dcNEN REILINGEN","description":"","potentialAction":[{"@type":"SearchAction","target":{"@type":"EntryPoint","urlTemplate":"https:\/\/gruene-reilingen.de\/?s={search_term_string}"},"query-input":{"@type":"PropertyValueSpecification","valueRequired":true,"valueName":"search_term_string"}}],"inLanguage":"de"},{"@type":"Person","@id":"https:\/\/gruene-reilingen.de\/#\/schema\/person\/f9da928f04550d0db757afd781f08df8","name":"gruene_reilingen","image":{"@type":"ImageObject","inLanguage":"de","@id":"https:\/\/secure.gravatar.com\/avatar\/913acc38ce102bffd85b7d788472a0913fa53d9b1fe59056f1fe4e704a8231cb?s=96&d=mm&r=g","url":"https:\/\/secure.gravatar.com\/avatar\/913acc38ce102bffd85b7d788472a0913fa53d9b1fe59056f1fe4e704a8231cb?s=96&d=mm&r=g","contentUrl":"https:\/\/secure.gravatar.com\/avatar\/913acc38ce102bffd85b7d788472a0913fa53d9b1fe59056f1fe4e704a8231cb?s=96&d=mm&r=g","caption":"gruene_reilingen"},"sameAs":["http:\/\/www.gruene-reilingen.de"],"url":"https:\/\/gruene-reilingen.de\/?author=2"}]}},"_links":{"self":[{"href":"https:\/\/gruene-reilingen.de\/index.php?rest_route=\/wp\/v2\/posts\/3066","targetHints":{"allow":["GET"]}}],"collection":[{"href":"https:\/\/gruene-reilingen.de\/index.php?rest_route=\/wp\/v2\/posts"}],"about":[{"href":"https:\/\/gruene-reilingen.de\/index.php?rest_route=\/wp\/v2\/types\/post"}],"author":[{"embeddable":true,"href":"https:\/\/gruene-reilingen.de\/index.php?rest_route=\/wp\/v2\/users\/2"}],"replies":[{"embeddable":true,"href":"https:\/\/gruene-reilingen.de\/index.php?rest_route=%2Fwp%2Fv2%2Fcomments&post=3066"}],"version-history":[{"count":4,"href":"https:\/\/gruene-reilingen.de\/index.php?rest_route=\/wp\/v2\/posts\/3066\/revisions"}],"predecessor-version":[{"id":3140,"href":"https:\/\/gruene-reilingen.de\/index.php?rest_route=\/wp\/v2\/posts\/3066\/revisions\/3140"}],"wp:attachment":[{"href":"https:\/\/gruene-reilingen.de\/index.php?rest_route=%2Fwp%2Fv2%2Fmedia&parent=3066"}],"wp:term":[{"taxonomy":"category","embeddable":true,"href":"https:\/\/gruene-reilingen.de\/index.php?rest_route=%2Fwp%2Fv2%2Fcategories&post=3066"},{"taxonomy":"post_tag","embeddable":true,"href":"https:\/\/gruene-reilingen.de\/index.php?rest_route=%2Fwp%2Fv2%2Ftags&post=3066"}],"curies":[{"name":"wp","href":"https:\/\/api.w.org\/{rel}","templated":true}]}}