{"id":3116,"date":"2025-04-26T18:14:33","date_gmt":"2025-04-26T18:14:33","guid":{"rendered":"https:\/\/gruene-reilingen.de\/?p=3116"},"modified":"2025-04-27T18:08:19","modified_gmt":"2025-04-27T18:08:19","slug":"gut-besuchte-kleidertauschparty","status":"publish","type":"post","link":"https:\/\/gruene-reilingen.de\/?p=3116","title":{"rendered":"Gut besuchte Kleidertauschparty"},"content":{"rendered":"\r\n\r\n\r\n\r\n\r\n\r\n\r\n\r\n \r\n\r\n\n<p>Bereits zum dritten Mal veranstalteten die Reilinger Gr\u00fcnen eine Kleidertauschparty auf dem Wersauer Hof. Bis zu 15 Teile durften mitgebracht werden. Ortsverbandssprecherin Anna-Lena Becker: \u201eAuch wenn der April heute nochmal alles gegeben hat und wir h\u00e4ufiger Kleiderst\u00e4nder ins Trockene bringen mussten, hatten wir viele Besucher*innen, die viele sch\u00f6ne Teile gebracht haben und auch h\u00e4ufig wieder etwas &#8222;Neues&#8220; mitnehmen konnten .\u201c<\/p>\n\n\n\n<p>Die \u00fcbrig gebliebenen Kleidungsst\u00fccke werden wieder wohlt\u00e4tigen Zwecken gespendet.<\/p>\n\n\n\n<p>Ortsverbandssprecher Jochen Rotter: \u201eWir freuen uns schon auf eine Wiederholung im n\u00e4chsten Fr\u00fchjahr.\u201c<\/p>\n\n\n\n<figure class=\"wp-block-image size-large\"><a href=\"https:\/\/gruene-reilingen.de\/wp-content\/uploads\/2025\/04\/1000028270.jpg\"><img loading=\"lazy\" decoding=\"async\" width=\"847\" height=\"476\" src=\"https:\/\/gruene-reilingen.de\/wp-content\/uploads\/2025\/04\/1000028270-847x476.jpg\" alt=\"\" class=\"wp-image-3118\" srcset=\"https:\/\/gruene-reilingen.de\/wp-content\/uploads\/2025\/04\/1000028270-847x476.jpg 847w, https:\/\/gruene-reilingen.de\/wp-content\/uploads\/2025\/04\/1000028270-540x304.jpg 540w, https:\/\/gruene-reilingen.de\/wp-content\/uploads\/2025\/04\/1000028270-768x432.jpg 768w, https:\/\/gruene-reilingen.de\/wp-content\/uploads\/2025\/04\/1000028270-1536x864.jpg 1536w, https:\/\/gruene-reilingen.de\/wp-content\/uploads\/2025\/04\/1000028270.jpg 2048w\" sizes=\"auto, (max-width: 847px) 100vw, 847px\" \/><\/a><\/figure>\n\n\n\n<figure class=\"wp-block-image size-large\"><a href=\"https:\/\/gruene-reilingen.de\/wp-content\/uploads\/2025\/04\/1000028354.jpg\"><img loading=\"lazy\" decoding=\"async\" width=\"667\" height=\"500\" src=\"https:\/\/gruene-reilingen.de\/wp-content\/uploads\/2025\/04\/1000028354-667x500.jpg\" alt=\"\" class=\"wp-image-3122\" srcset=\"https:\/\/gruene-reilingen.de\/wp-content\/uploads\/2025\/04\/1000028354-667x500.jpg 667w, https:\/\/gruene-reilingen.de\/wp-content\/uploads\/2025\/04\/1000028354-493x370.jpg 493w, https:\/\/gruene-reilingen.de\/wp-content\/uploads\/2025\/04\/1000028354-768x576.jpg 768w, https:\/\/gruene-reilingen.de\/wp-content\/uploads\/2025\/04\/1000028354-1536x1152.jpg 1536w, https:\/\/gruene-reilingen.de\/wp-content\/uploads\/2025\/04\/1000028354.jpg 2048w\" sizes=\"auto, (max-width: 667px) 100vw, 667px\" \/><\/a><\/figure>\n\n\n\n<figure class=\"wp-block-image size-large\"><a href=\"https:\/\/gruene-reilingen.de\/wp-content\/uploads\/2025\/04\/1000028271-1.jpg\"><img loading=\"lazy\" decoding=\"async\" width=\"375\" height=\"500\" src=\"https:\/\/gruene-reilingen.de\/wp-content\/uploads\/2025\/04\/1000028271-1-375x500.jpg\" alt=\"\" class=\"wp-image-3124\" srcset=\"https:\/\/gruene-reilingen.de\/wp-content\/uploads\/2025\/04\/1000028271-1-375x500.jpg 375w, https:\/\/gruene-reilingen.de\/wp-content\/uploads\/2025\/04\/1000028271-1-278x370.jpg 278w, https:\/\/gruene-reilingen.de\/wp-content\/uploads\/2025\/04\/1000028271-1-768x1024.jpg 768w, https:\/\/gruene-reilingen.de\/wp-content\/uploads\/2025\/04\/1000028271-1-1152x1536.jpg 1152w, https:\/\/gruene-reilingen.de\/wp-content\/uploads\/2025\/04\/1000028271-1.jpg 1536w\" sizes=\"auto, (max-width: 375px) 100vw, 375px\" \/><\/a><\/figure>\n","protected":false},"excerpt":{"rendered":"<p>Bereits zum dritten Mal veranstalteten die Reilinger Gr\u00fcnen eine Kleidertauschparty auf dem Wersauer Hof. Bis zu 15 Teile durften mitgebracht werden. Ortsverbandssprecherin Anna-Lena Becker: \u201eAuch wenn der April heute nochmal [&hellip;]<\/p>\n","protected":false},"author":-1,"featured_media":0,"comment_status":"open","ping_status":"open","sticky":false,"template":"","format":"standard","meta":{"footnotes":""},"categories":[3],"tags":[],"class_list":["post-3116","post","type-post","status-publish","format-standard","hentry","category-news"],"yoast_head":"<!-- This site is optimized with the Yoast SEO plugin v27.5 - https:\/\/yoast.com\/product\/yoast-seo-wordpress\/ -->\n<title>Gut besuchte Kleidertauschparty - B\u00dcNDNIS 90\/DIE GR\u00dcNEN REILINGEN<\/title>\n<meta name=\"robots\" content=\"index, follow, max-snippet:-1, max-image-preview:large, max-video-preview:-1\" \/>\n<link rel=\"canonical\" href=\"https:\/\/gruene-reilingen.de\/?p=3116\" \/>\n<meta property=\"og:locale\" content=\"de_DE\" \/>\n<meta property=\"og:type\" content=\"article\" \/>\n<meta property=\"og:title\" content=\"Gut besuchte Kleidertauschparty - B\u00dcNDNIS 90\/DIE GR\u00dcNEN REILINGEN\" \/>\n<meta property=\"og:description\" content=\"Bereits zum dritten Mal veranstalteten die Reilinger Gr\u00fcnen eine Kleidertauschparty auf dem Wersauer Hof. Bis zu 15 Teile durften mitgebracht werden. Ortsverbandssprecherin Anna-Lena Becker: \u201eAuch wenn der April heute nochmal [&hellip;]\" \/>\n<meta property=\"og:url\" content=\"https:\/\/gruene-reilingen.de\/?p=3116\" \/>\n<meta property=\"og:site_name\" content=\"B\u00dcNDNIS 90\/DIE GR\u00dcNEN REILINGEN\" \/>\n<meta property=\"article:published_time\" content=\"2025-04-26T18:14:33+00:00\" \/>\n<meta property=\"article:modified_time\" content=\"2025-04-27T18:08:19+00:00\" \/>\n<meta property=\"og:image\" content=\"https:\/\/gruene-reilingen.de\/wp-content\/uploads\/2025\/04\/1000028270-847x476.jpg\" \/>\n<meta name=\"author\" content=\"gruene_reilingen\" \/>\n<meta name=\"twitter:card\" content=\"summary_large_image\" \/>\n<meta name=\"twitter:label1\" content=\"Verfasst von\" \/>\n\t<meta name=\"twitter:data1\" content=\"gruene_reilingen\" \/>\n\t<meta name=\"twitter:label2\" content=\"Gesch\u00e4tzte Lesezeit\" \/>\n\t<meta name=\"twitter:data2\" content=\"2\u00a0Minuten\" \/>\n<script type=\"application\/ld+json\" class=\"yoast-schema-graph\">{\"@context\":\"https:\\\/\\\/schema.org\",\"@graph\":[{\"@type\":\"Article\",\"@id\":\"https:\\\/\\\/gruene-reilingen.de\\\/?p=3116#article\",\"isPartOf\":{\"@id\":\"https:\\\/\\\/gruene-reilingen.de\\\/?p=3116\"},\"author\":{\"name\":\"gruene_reilingen\",\"@id\":\"https:\\\/\\\/gruene-reilingen.de\\\/#\\\/schema\\\/person\\\/f9da928f04550d0db757afd781f08df8\"},\"headline\":\"Gut besuchte Kleidertauschparty\",\"datePublished\":\"2025-04-26T18:14:33+00:00\",\"dateModified\":\"2025-04-27T18:08:19+00:00\",\"mainEntityOfPage\":{\"@id\":\"https:\\\/\\\/gruene-reilingen.de\\\/?p=3116\"},\"wordCount\":93,\"commentCount\":0,\"image\":{\"@id\":\"https:\\\/\\\/gruene-reilingen.de\\\/?p=3116#primaryimage\"},\"thumbnailUrl\":\"https:\\\/\\\/gruene-reilingen.de\\\/wp-content\\\/uploads\\\/2025\\\/04\\\/1000028270-847x476.jpg\",\"articleSection\":[\"News\"],\"inLanguage\":\"de\",\"potentialAction\":[{\"@type\":\"CommentAction\",\"name\":\"Comment\",\"target\":[\"https:\\\/\\\/gruene-reilingen.de\\\/?p=3116#respond\"]}]},{\"@type\":\"WebPage\",\"@id\":\"https:\\\/\\\/gruene-reilingen.de\\\/?p=3116\",\"url\":\"https:\\\/\\\/gruene-reilingen.de\\\/?p=3116\",\"name\":\"Gut besuchte Kleidertauschparty - B\u00dcNDNIS 90\\\/DIE GR\u00dcNEN REILINGEN\",\"isPartOf\":{\"@id\":\"https:\\\/\\\/gruene-reilingen.de\\\/#website\"},\"primaryImageOfPage\":{\"@id\":\"https:\\\/\\\/gruene-reilingen.de\\\/?p=3116#primaryimage\"},\"image\":{\"@id\":\"https:\\\/\\\/gruene-reilingen.de\\\/?p=3116#primaryimage\"},\"thumbnailUrl\":\"https:\\\/\\\/gruene-reilingen.de\\\/wp-content\\\/uploads\\\/2025\\\/04\\\/1000028270-847x476.jpg\",\"datePublished\":\"2025-04-26T18:14:33+00:00\",\"dateModified\":\"2025-04-27T18:08:19+00:00\",\"author\":{\"@id\":\"https:\\\/\\\/gruene-reilingen.de\\\/#\\\/schema\\\/person\\\/f9da928f04550d0db757afd781f08df8\"},\"breadcrumb\":{\"@id\":\"https:\\\/\\\/gruene-reilingen.de\\\/?p=3116#breadcrumb\"},\"inLanguage\":\"de\",\"potentialAction\":[{\"@type\":\"ReadAction\",\"target\":[\"https:\\\/\\\/gruene-reilingen.de\\\/?p=3116\"]}]},{\"@type\":\"ImageObject\",\"inLanguage\":\"de\",\"@id\":\"https:\\\/\\\/gruene-reilingen.de\\\/?p=3116#primaryimage\",\"url\":\"https:\\\/\\\/gruene-reilingen.de\\\/wp-content\\\/uploads\\\/2025\\\/04\\\/1000028270.jpg\",\"contentUrl\":\"https:\\\/\\\/gruene-reilingen.de\\\/wp-content\\\/uploads\\\/2025\\\/04\\\/1000028270.jpg\",\"width\":2048,\"height\":1152},{\"@type\":\"BreadcrumbList\",\"@id\":\"https:\\\/\\\/gruene-reilingen.de\\\/?p=3116#breadcrumb\",\"itemListElement\":[{\"@type\":\"ListItem\",\"position\":1,\"name\":\"Startseite\",\"item\":\"https:\\\/\\\/gruene-reilingen.de\\\/\"},{\"@type\":\"ListItem\",\"position\":2,\"name\":\"Gut besuchte Kleidertauschparty\"}]},{\"@type\":\"WebSite\",\"@id\":\"https:\\\/\\\/gruene-reilingen.de\\\/#website\",\"url\":\"https:\\\/\\\/gruene-reilingen.de\\\/\",\"name\":\"B\u00dcNDNIS 90\\\/DIE GR\u00dcNEN REILINGEN\",\"description\":\"\",\"potentialAction\":[{\"@type\":\"SearchAction\",\"target\":{\"@type\":\"EntryPoint\",\"urlTemplate\":\"https:\\\/\\\/gruene-reilingen.de\\\/?s={search_term_string}\"},\"query-input\":{\"@type\":\"PropertyValueSpecification\",\"valueRequired\":true,\"valueName\":\"search_term_string\"}}],\"inLanguage\":\"de\"},{\"@type\":\"Person\",\"@id\":\"https:\\\/\\\/gruene-reilingen.de\\\/#\\\/schema\\\/person\\\/f9da928f04550d0db757afd781f08df8\",\"name\":\"gruene_reilingen\",\"image\":{\"@type\":\"ImageObject\",\"inLanguage\":\"de\",\"@id\":\"https:\\\/\\\/secure.gravatar.com\\\/avatar\\\/913acc38ce102bffd85b7d788472a0913fa53d9b1fe59056f1fe4e704a8231cb?s=96&d=mm&r=g\",\"url\":\"https:\\\/\\\/secure.gravatar.com\\\/avatar\\\/913acc38ce102bffd85b7d788472a0913fa53d9b1fe59056f1fe4e704a8231cb?s=96&d=mm&r=g\",\"contentUrl\":\"https:\\\/\\\/secure.gravatar.com\\\/avatar\\\/913acc38ce102bffd85b7d788472a0913fa53d9b1fe59056f1fe4e704a8231cb?s=96&d=mm&r=g\",\"caption\":\"gruene_reilingen\"},\"sameAs\":[\"http:\\\/\\\/www.gruene-reilingen.de\"],\"url\":\"https:\\\/\\\/gruene-reilingen.de\\\/?author=2\"}]}<\/script>\n<!-- \/ Yoast SEO plugin. -->","yoast_head_json":{"title":"Gut besuchte Kleidertauschparty - B\u00dcNDNIS 90\/DIE GR\u00dcNEN REILINGEN","robots":{"index":"index","follow":"follow","max-snippet":"max-snippet:-1","max-image-preview":"max-image-preview:large","max-video-preview":"max-video-preview:-1"},"canonical":"https:\/\/gruene-reilingen.de\/?p=3116","og_locale":"de_DE","og_type":"article","og_title":"Gut besuchte Kleidertauschparty - B\u00dcNDNIS 90\/DIE GR\u00dcNEN REILINGEN","og_description":"Bereits zum dritten Mal veranstalteten die Reilinger Gr\u00fcnen eine Kleidertauschparty auf dem Wersauer Hof. Bis zu 15 Teile durften mitgebracht werden. Ortsverbandssprecherin Anna-Lena Becker: \u201eAuch wenn der April heute nochmal [&hellip;]","og_url":"https:\/\/gruene-reilingen.de\/?p=3116","og_site_name":"B\u00dcNDNIS 90\/DIE GR\u00dcNEN REILINGEN","article_published_time":"2025-04-26T18:14:33+00:00","article_modified_time":"2025-04-27T18:08:19+00:00","og_image":[{"url":"https:\/\/gruene-reilingen.de\/wp-content\/uploads\/2025\/04\/1000028270-847x476.jpg","type":"","width":"","height":""}],"author":"gruene_reilingen","twitter_card":"summary_large_image","twitter_misc":{"Verfasst von":"gruene_reilingen","Gesch\u00e4tzte Lesezeit":"2\u00a0Minuten"},"schema":{"@context":"https:\/\/schema.org","@graph":[{"@type":"Article","@id":"https:\/\/gruene-reilingen.de\/?p=3116#article","isPartOf":{"@id":"https:\/\/gruene-reilingen.de\/?p=3116"},"author":{"name":"gruene_reilingen","@id":"https:\/\/gruene-reilingen.de\/#\/schema\/person\/f9da928f04550d0db757afd781f08df8"},"headline":"Gut besuchte Kleidertauschparty","datePublished":"2025-04-26T18:14:33+00:00","dateModified":"2025-04-27T18:08:19+00:00","mainEntityOfPage":{"@id":"https:\/\/gruene-reilingen.de\/?p=3116"},"wordCount":93,"commentCount":0,"image":{"@id":"https:\/\/gruene-reilingen.de\/?p=3116#primaryimage"},"thumbnailUrl":"https:\/\/gruene-reilingen.de\/wp-content\/uploads\/2025\/04\/1000028270-847x476.jpg","articleSection":["News"],"inLanguage":"de","potentialAction":[{"@type":"CommentAction","name":"Comment","target":["https:\/\/gruene-reilingen.de\/?p=3116#respond"]}]},{"@type":"WebPage","@id":"https:\/\/gruene-reilingen.de\/?p=3116","url":"https:\/\/gruene-reilingen.de\/?p=3116","name":"Gut besuchte Kleidertauschparty - B\u00dcNDNIS 90\/DIE GR\u00dcNEN REILINGEN","isPartOf":{"@id":"https:\/\/gruene-reilingen.de\/#website"},"primaryImageOfPage":{"@id":"https:\/\/gruene-reilingen.de\/?p=3116#primaryimage"},"image":{"@id":"https:\/\/gruene-reilingen.de\/?p=3116#primaryimage"},"thumbnailUrl":"https:\/\/gruene-reilingen.de\/wp-content\/uploads\/2025\/04\/1000028270-847x476.jpg","datePublished":"2025-04-26T18:14:33+00:00","dateModified":"2025-04-27T18:08:19+00:00","author":{"@id":"https:\/\/gruene-reilingen.de\/#\/schema\/person\/f9da928f04550d0db757afd781f08df8"},"breadcrumb":{"@id":"https:\/\/gruene-reilingen.de\/?p=3116#breadcrumb"},"inLanguage":"de","potentialAction":[{"@type":"ReadAction","target":["https:\/\/gruene-reilingen.de\/?p=3116"]}]},{"@type":"ImageObject","inLanguage":"de","@id":"https:\/\/gruene-reilingen.de\/?p=3116#primaryimage","url":"https:\/\/gruene-reilingen.de\/wp-content\/uploads\/2025\/04\/1000028270.jpg","contentUrl":"https:\/\/gruene-reilingen.de\/wp-content\/uploads\/2025\/04\/1000028270.jpg","width":2048,"height":1152},{"@type":"BreadcrumbList","@id":"https:\/\/gruene-reilingen.de\/?p=3116#breadcrumb","itemListElement":[{"@type":"ListItem","position":1,"name":"Startseite","item":"https:\/\/gruene-reilingen.de\/"},{"@type":"ListItem","position":2,"name":"Gut besuchte Kleidertauschparty"}]},{"@type":"WebSite","@id":"https:\/\/gruene-reilingen.de\/#website","url":"https:\/\/gruene-reilingen.de\/","name":"B\u00dcNDNIS 90\/DIE GR\u00dcNEN REILINGEN","description":"","potentialAction":[{"@type":"SearchAction","target":{"@type":"EntryPoint","urlTemplate":"https:\/\/gruene-reilingen.de\/?s={search_term_string}"},"query-input":{"@type":"PropertyValueSpecification","valueRequired":true,"valueName":"search_term_string"}}],"inLanguage":"de"},{"@type":"Person","@id":"https:\/\/gruene-reilingen.de\/#\/schema\/person\/f9da928f04550d0db757afd781f08df8","name":"gruene_reilingen","image":{"@type":"ImageObject","inLanguage":"de","@id":"https:\/\/secure.gravatar.com\/avatar\/913acc38ce102bffd85b7d788472a0913fa53d9b1fe59056f1fe4e704a8231cb?s=96&d=mm&r=g","url":"https:\/\/secure.gravatar.com\/avatar\/913acc38ce102bffd85b7d788472a0913fa53d9b1fe59056f1fe4e704a8231cb?s=96&d=mm&r=g","contentUrl":"https:\/\/secure.gravatar.com\/avatar\/913acc38ce102bffd85b7d788472a0913fa53d9b1fe59056f1fe4e704a8231cb?s=96&d=mm&r=g","caption":"gruene_reilingen"},"sameAs":["http:\/\/www.gruene-reilingen.de"],"url":"https:\/\/gruene-reilingen.de\/?author=2"}]}},"_links":{"self":[{"href":"https:\/\/gruene-reilingen.de\/index.php?rest_route=\/wp\/v2\/posts\/3116","targetHints":{"allow":["GET"]}}],"collection":[{"href":"https:\/\/gruene-reilingen.de\/index.php?rest_route=\/wp\/v2\/posts"}],"about":[{"href":"https:\/\/gruene-reilingen.de\/index.php?rest_route=\/wp\/v2\/types\/post"}],"author":[{"embeddable":true,"href":"https:\/\/gruene-reilingen.de\/index.php?rest_route=\/wp\/v2\/users\/2"}],"replies":[{"embeddable":true,"href":"https:\/\/gruene-reilingen.de\/index.php?rest_route=%2Fwp%2Fv2%2Fcomments&post=3116"}],"version-history":[{"count":3,"href":"https:\/\/gruene-reilingen.de\/index.php?rest_route=\/wp\/v2\/posts\/3116\/revisions"}],"predecessor-version":[{"id":3125,"href":"https:\/\/gruene-reilingen.de\/index.php?rest_route=\/wp\/v2\/posts\/3116\/revisions\/3125"}],"wp:attachment":[{"href":"https:\/\/gruene-reilingen.de\/index.php?rest_route=%2Fwp%2Fv2%2Fmedia&parent=3116"}],"wp:term":[{"taxonomy":"category","embeddable":true,"href":"https:\/\/gruene-reilingen.de\/index.php?rest_route=%2Fwp%2Fv2%2Fcategories&post=3116"},{"taxonomy":"post_tag","embeddable":true,"href":"https:\/\/gruene-reilingen.de\/index.php?rest_route=%2Fwp%2Fv2%2Ftags&post=3116"}],"curies":[{"name":"wp","href":"https:\/\/api.w.org\/{rel}","templated":true}]}}