{"id":3164,"date":"2025-07-17T20:39:43","date_gmt":"2025-07-17T20:39:43","guid":{"rendered":"https:\/\/gruene-reilingen.de\/?p=3164"},"modified":"2025-09-17T10:03:46","modified_gmt":"2025-09-17T10:03:46","slug":"reilinger-gruene-setzen-sich-fuer-radmobilitaet-ein-radweg-nach-kirrlach-wird-saniert","status":"publish","type":"post","link":"https:\/\/gruene-reilingen.de\/?p=3164","title":{"rendered":"Reilinger Gr\u00fcne setzen sich f\u00fcr Radmobilit\u00e4t ein \/ Sanierung des Radwegs nach Kirrlach nicht befriedigend"},"content":{"rendered":"\r\n\r\n\r\n\r\n\r\n\r\n\r\n\r\n \r\n\r\n\n<p>Die Reilinger Gr\u00fcnen setzen sich seit vielen Jahren f\u00fcr die Radmobilit\u00e4t in Reilingen und Umgebung ein. Mit gro\u00dfer Freude nahmen die Reilinger Gr\u00fcnen daher die Nachricht entgegen, dass der Wald- und Radweg nach Kirrlach nun endlich saniert wird. Nach \u00fcber 10 Jahren des st\u00e4ndigen Einsetzens f\u00fcr eine Sanierung ist es endlich soweit.&nbsp;<\/p>\n\n\n\n<p>Einen weiteren Erfolg konnten die Reilinger Gr\u00fcnen bereits verbuchen:&nbsp; 2014 konnte erreicht werden, dass die Radwegl\u00fccke im Alten Rottweg endlich geschlossen werden konnte.<\/p>\n\n\n\n<p>Seit der Premiere des Stadtradelns in Reilingen sind die Reilinger Gr\u00fcnen mit einem offenem Team \u201eReilinger Gr\u00fcne &amp; Friends\u201c dabei und belegen stets einen der vordersten Pl\u00e4tze. Im letzten Jahr wurden mit 20 Radfahrerinnen und Radfahrern 2.425 km erradelt. Dies entspricht einer CO2-Vermeidung von 402,6 kg. In diesem Jahr erradelt das Team sogar mehr als 2.500 km.<\/p>\n\n\n\n<p>Im Gemeindeentwicklungskonzept \u201eReilingen 2040\u201c nimmt sich die Gemeinde vor, inner\u00f6rtlich fu\u00dfg\u00e4nger- und fahrradfreundlicher zu werden. In den letzten Jahren hat die Gemeinde einige Grundst\u00fccke aufgekauft, um Parkraum f\u00fcr PKWs zu schaffen. Ziel war eine Reduzierung des Parkdrucks. Leider ist das Gegenteil eingetreten, die Ma\u00dfnahmen waren teuer und haben teilweise Fl\u00e4chen versiegelt. Bisher sind auf diesen neu geschaffenen Pl\u00e4tzen keine nennenswerten Abstellm\u00f6glichkeiten f\u00fcr Fahrr\u00e4der bzw. Lastenr\u00e4der entstanden. Dabei k\u00f6nnte die Gemeinde von den zahlreichen F\u00f6rderprogrammen des Landes Baden-W\u00fcrttemberg profitieren. Unter anderem gibt es ein F\u00f6rderprogramm, dass die Errichtung von Fahrradst\u00e4nder im \u00f6ffentlichen Raum finanziell f\u00f6rdert.&nbsp;<\/p>\n\n\n\n<p>Aus Sicht der Reilinger Gr\u00fcnen w\u00e4re es au\u00dferdem sinnvoll, eine weitere Fahrrad-Reparatur-Station zu errichten. Bisher gibt es eine Fahrrad-Reparatur-Station am Sandweg (H\u00f6he Friedhof) und seit neuestem eine weitere Station nahe Wasserwerk in der Speyerer Stra\u00dfe 61. Eine weitere Fahrrad-Reparatur-Station k\u00f6nnte im Bereich Sch\u00fctzenhaus oder am alten Pumpwerk in der Hockenheimer Stra\u00dfe aufgestellt werden. In diesem Bereich kreuzen sich einige Radwege.<\/p>\n\n\n\n<p><strong>Update: Mittlerweile wurde der Radweg fertig saniert. Wir selbst sind den sanierten Radweg gefahren. Der jetzige Zustand ist nicht gut. Uns haben auch mehrere Beschwerden von Radfahrerinnen und Radfahrern erreicht. Wir haben den unbefriedigenden Zustand der Sanierung an die entsprechenden Stellen weitergegeben und setzen uns weiterhin daf\u00fcr ein, dass der Radweg endlich in einen akzeptablen Zustand gebracht wird.<\/strong><\/p>\n\n\n\n<p><\/p>\n","protected":false},"excerpt":{"rendered":"<p>Die Reilinger Gr\u00fcnen setzen sich seit vielen Jahren f\u00fcr die Radmobilit\u00e4t in Reilingen und Umgebung ein. Mit gro\u00dfer Freude nahmen die Reilinger Gr\u00fcnen daher die Nachricht entgegen, dass der Wald- [&hellip;]<\/p>\n","protected":false},"author":-1,"featured_media":0,"comment_status":"open","ping_status":"open","sticky":false,"template":"","format":"standard","meta":{"footnotes":""},"categories":[3],"tags":[],"class_list":["post-3164","post","type-post","status-publish","format-standard","hentry","category-news"],"yoast_head":"<!-- This site is optimized with the Yoast SEO plugin v27.5 - https:\/\/yoast.com\/product\/yoast-seo-wordpress\/ -->\n<title>Reilinger Gr\u00fcne setzen sich f\u00fcr Radmobilit\u00e4t ein \/ Sanierung des Radwegs nach Kirrlach nicht befriedigend - B\u00dcNDNIS 90\/DIE GR\u00dcNEN REILINGEN<\/title>\n<meta name=\"robots\" content=\"index, follow, max-snippet:-1, max-image-preview:large, max-video-preview:-1\" \/>\n<link rel=\"canonical\" href=\"https:\/\/gruene-reilingen.de\/?p=3164\" \/>\n<meta property=\"og:locale\" content=\"de_DE\" \/>\n<meta property=\"og:type\" content=\"article\" \/>\n<meta property=\"og:title\" content=\"Reilinger Gr\u00fcne setzen sich f\u00fcr Radmobilit\u00e4t ein \/ Sanierung des Radwegs nach Kirrlach nicht befriedigend - B\u00dcNDNIS 90\/DIE GR\u00dcNEN REILINGEN\" \/>\n<meta property=\"og:description\" content=\"Die Reilinger Gr\u00fcnen setzen sich seit vielen Jahren f\u00fcr die Radmobilit\u00e4t in Reilingen und Umgebung ein. Mit gro\u00dfer Freude nahmen die Reilinger Gr\u00fcnen daher die Nachricht entgegen, dass der Wald- [&hellip;]\" \/>\n<meta property=\"og:url\" content=\"https:\/\/gruene-reilingen.de\/?p=3164\" \/>\n<meta property=\"og:site_name\" content=\"B\u00dcNDNIS 90\/DIE GR\u00dcNEN REILINGEN\" \/>\n<meta property=\"article:published_time\" content=\"2025-07-17T20:39:43+00:00\" \/>\n<meta property=\"article:modified_time\" content=\"2025-09-17T10:03:46+00:00\" \/>\n<meta name=\"author\" content=\"gruene_reilingen\" \/>\n<meta name=\"twitter:card\" content=\"summary_large_image\" \/>\n<meta name=\"twitter:label1\" content=\"Verfasst von\" \/>\n\t<meta name=\"twitter:data1\" content=\"gruene_reilingen\" \/>\n<script type=\"application\/ld+json\" class=\"yoast-schema-graph\">{\"@context\":\"https:\\\/\\\/schema.org\",\"@graph\":[{\"@type\":\"Article\",\"@id\":\"https:\\\/\\\/gruene-reilingen.de\\\/?p=3164#article\",\"isPartOf\":{\"@id\":\"https:\\\/\\\/gruene-reilingen.de\\\/?p=3164\"},\"author\":{\"name\":\"gruene_reilingen\",\"@id\":\"https:\\\/\\\/gruene-reilingen.de\\\/#\\\/schema\\\/person\\\/f9da928f04550d0db757afd781f08df8\"},\"headline\":\"Reilinger Gr\u00fcne setzen sich f\u00fcr Radmobilit\u00e4t ein \\\/ Sanierung des Radwegs nach Kirrlach nicht befriedigend\",\"datePublished\":\"2025-07-17T20:39:43+00:00\",\"dateModified\":\"2025-09-17T10:03:46+00:00\",\"mainEntityOfPage\":{\"@id\":\"https:\\\/\\\/gruene-reilingen.de\\\/?p=3164\"},\"wordCount\":396,\"commentCount\":0,\"articleSection\":[\"News\"],\"inLanguage\":\"de\",\"potentialAction\":[{\"@type\":\"CommentAction\",\"name\":\"Comment\",\"target\":[\"https:\\\/\\\/gruene-reilingen.de\\\/?p=3164#respond\"]}]},{\"@type\":\"WebPage\",\"@id\":\"https:\\\/\\\/gruene-reilingen.de\\\/?p=3164\",\"url\":\"https:\\\/\\\/gruene-reilingen.de\\\/?p=3164\",\"name\":\"Reilinger Gr\u00fcne setzen sich f\u00fcr Radmobilit\u00e4t ein \\\/ Sanierung des Radwegs nach Kirrlach nicht befriedigend - B\u00dcNDNIS 90\\\/DIE GR\u00dcNEN REILINGEN\",\"isPartOf\":{\"@id\":\"https:\\\/\\\/gruene-reilingen.de\\\/#website\"},\"datePublished\":\"2025-07-17T20:39:43+00:00\",\"dateModified\":\"2025-09-17T10:03:46+00:00\",\"author\":{\"@id\":\"https:\\\/\\\/gruene-reilingen.de\\\/#\\\/schema\\\/person\\\/f9da928f04550d0db757afd781f08df8\"},\"breadcrumb\":{\"@id\":\"https:\\\/\\\/gruene-reilingen.de\\\/?p=3164#breadcrumb\"},\"inLanguage\":\"de\",\"potentialAction\":[{\"@type\":\"ReadAction\",\"target\":[\"https:\\\/\\\/gruene-reilingen.de\\\/?p=3164\"]}]},{\"@type\":\"BreadcrumbList\",\"@id\":\"https:\\\/\\\/gruene-reilingen.de\\\/?p=3164#breadcrumb\",\"itemListElement\":[{\"@type\":\"ListItem\",\"position\":1,\"name\":\"Startseite\",\"item\":\"https:\\\/\\\/gruene-reilingen.de\\\/\"},{\"@type\":\"ListItem\",\"position\":2,\"name\":\"Reilinger Gr\u00fcne setzen sich f\u00fcr Radmobilit\u00e4t ein \\\/ Sanierung des Radwegs nach Kirrlach nicht befriedigend\"}]},{\"@type\":\"WebSite\",\"@id\":\"https:\\\/\\\/gruene-reilingen.de\\\/#website\",\"url\":\"https:\\\/\\\/gruene-reilingen.de\\\/\",\"name\":\"B\u00dcNDNIS 90\\\/DIE GR\u00dcNEN REILINGEN\",\"description\":\"\",\"potentialAction\":[{\"@type\":\"SearchAction\",\"target\":{\"@type\":\"EntryPoint\",\"urlTemplate\":\"https:\\\/\\\/gruene-reilingen.de\\\/?s={search_term_string}\"},\"query-input\":{\"@type\":\"PropertyValueSpecification\",\"valueRequired\":true,\"valueName\":\"search_term_string\"}}],\"inLanguage\":\"de\"},{\"@type\":\"Person\",\"@id\":\"https:\\\/\\\/gruene-reilingen.de\\\/#\\\/schema\\\/person\\\/f9da928f04550d0db757afd781f08df8\",\"name\":\"gruene_reilingen\",\"image\":{\"@type\":\"ImageObject\",\"inLanguage\":\"de\",\"@id\":\"https:\\\/\\\/secure.gravatar.com\\\/avatar\\\/913acc38ce102bffd85b7d788472a0913fa53d9b1fe59056f1fe4e704a8231cb?s=96&d=mm&r=g\",\"url\":\"https:\\\/\\\/secure.gravatar.com\\\/avatar\\\/913acc38ce102bffd85b7d788472a0913fa53d9b1fe59056f1fe4e704a8231cb?s=96&d=mm&r=g\",\"contentUrl\":\"https:\\\/\\\/secure.gravatar.com\\\/avatar\\\/913acc38ce102bffd85b7d788472a0913fa53d9b1fe59056f1fe4e704a8231cb?s=96&d=mm&r=g\",\"caption\":\"gruene_reilingen\"},\"sameAs\":[\"http:\\\/\\\/www.gruene-reilingen.de\"],\"url\":\"https:\\\/\\\/gruene-reilingen.de\\\/?author=2\"}]}<\/script>\n<!-- \/ Yoast SEO plugin. -->","yoast_head_json":{"title":"Reilinger Gr\u00fcne setzen sich f\u00fcr Radmobilit\u00e4t ein \/ Sanierung des Radwegs nach Kirrlach nicht befriedigend - B\u00dcNDNIS 90\/DIE GR\u00dcNEN REILINGEN","robots":{"index":"index","follow":"follow","max-snippet":"max-snippet:-1","max-image-preview":"max-image-preview:large","max-video-preview":"max-video-preview:-1"},"canonical":"https:\/\/gruene-reilingen.de\/?p=3164","og_locale":"de_DE","og_type":"article","og_title":"Reilinger Gr\u00fcne setzen sich f\u00fcr Radmobilit\u00e4t ein \/ Sanierung des Radwegs nach Kirrlach nicht befriedigend - B\u00dcNDNIS 90\/DIE GR\u00dcNEN REILINGEN","og_description":"Die Reilinger Gr\u00fcnen setzen sich seit vielen Jahren f\u00fcr die Radmobilit\u00e4t in Reilingen und Umgebung ein. Mit gro\u00dfer Freude nahmen die Reilinger Gr\u00fcnen daher die Nachricht entgegen, dass der Wald- [&hellip;]","og_url":"https:\/\/gruene-reilingen.de\/?p=3164","og_site_name":"B\u00dcNDNIS 90\/DIE GR\u00dcNEN REILINGEN","article_published_time":"2025-07-17T20:39:43+00:00","article_modified_time":"2025-09-17T10:03:46+00:00","author":"gruene_reilingen","twitter_card":"summary_large_image","twitter_misc":{"Verfasst von":"gruene_reilingen"},"schema":{"@context":"https:\/\/schema.org","@graph":[{"@type":"Article","@id":"https:\/\/gruene-reilingen.de\/?p=3164#article","isPartOf":{"@id":"https:\/\/gruene-reilingen.de\/?p=3164"},"author":{"name":"gruene_reilingen","@id":"https:\/\/gruene-reilingen.de\/#\/schema\/person\/f9da928f04550d0db757afd781f08df8"},"headline":"Reilinger Gr\u00fcne setzen sich f\u00fcr Radmobilit\u00e4t ein \/ Sanierung des Radwegs nach Kirrlach nicht befriedigend","datePublished":"2025-07-17T20:39:43+00:00","dateModified":"2025-09-17T10:03:46+00:00","mainEntityOfPage":{"@id":"https:\/\/gruene-reilingen.de\/?p=3164"},"wordCount":396,"commentCount":0,"articleSection":["News"],"inLanguage":"de","potentialAction":[{"@type":"CommentAction","name":"Comment","target":["https:\/\/gruene-reilingen.de\/?p=3164#respond"]}]},{"@type":"WebPage","@id":"https:\/\/gruene-reilingen.de\/?p=3164","url":"https:\/\/gruene-reilingen.de\/?p=3164","name":"Reilinger Gr\u00fcne setzen sich f\u00fcr Radmobilit\u00e4t ein \/ Sanierung des Radwegs nach Kirrlach nicht befriedigend - B\u00dcNDNIS 90\/DIE GR\u00dcNEN REILINGEN","isPartOf":{"@id":"https:\/\/gruene-reilingen.de\/#website"},"datePublished":"2025-07-17T20:39:43+00:00","dateModified":"2025-09-17T10:03:46+00:00","author":{"@id":"https:\/\/gruene-reilingen.de\/#\/schema\/person\/f9da928f04550d0db757afd781f08df8"},"breadcrumb":{"@id":"https:\/\/gruene-reilingen.de\/?p=3164#breadcrumb"},"inLanguage":"de","potentialAction":[{"@type":"ReadAction","target":["https:\/\/gruene-reilingen.de\/?p=3164"]}]},{"@type":"BreadcrumbList","@id":"https:\/\/gruene-reilingen.de\/?p=3164#breadcrumb","itemListElement":[{"@type":"ListItem","position":1,"name":"Startseite","item":"https:\/\/gruene-reilingen.de\/"},{"@type":"ListItem","position":2,"name":"Reilinger Gr\u00fcne setzen sich f\u00fcr Radmobilit\u00e4t ein \/ Sanierung des Radwegs nach Kirrlach nicht befriedigend"}]},{"@type":"WebSite","@id":"https:\/\/gruene-reilingen.de\/#website","url":"https:\/\/gruene-reilingen.de\/","name":"B\u00dcNDNIS 90\/DIE GR\u00dcNEN REILINGEN","description":"","potentialAction":[{"@type":"SearchAction","target":{"@type":"EntryPoint","urlTemplate":"https:\/\/gruene-reilingen.de\/?s={search_term_string}"},"query-input":{"@type":"PropertyValueSpecification","valueRequired":true,"valueName":"search_term_string"}}],"inLanguage":"de"},{"@type":"Person","@id":"https:\/\/gruene-reilingen.de\/#\/schema\/person\/f9da928f04550d0db757afd781f08df8","name":"gruene_reilingen","image":{"@type":"ImageObject","inLanguage":"de","@id":"https:\/\/secure.gravatar.com\/avatar\/913acc38ce102bffd85b7d788472a0913fa53d9b1fe59056f1fe4e704a8231cb?s=96&d=mm&r=g","url":"https:\/\/secure.gravatar.com\/avatar\/913acc38ce102bffd85b7d788472a0913fa53d9b1fe59056f1fe4e704a8231cb?s=96&d=mm&r=g","contentUrl":"https:\/\/secure.gravatar.com\/avatar\/913acc38ce102bffd85b7d788472a0913fa53d9b1fe59056f1fe4e704a8231cb?s=96&d=mm&r=g","caption":"gruene_reilingen"},"sameAs":["http:\/\/www.gruene-reilingen.de"],"url":"https:\/\/gruene-reilingen.de\/?author=2"}]}},"_links":{"self":[{"href":"https:\/\/gruene-reilingen.de\/index.php?rest_route=\/wp\/v2\/posts\/3164","targetHints":{"allow":["GET"]}}],"collection":[{"href":"https:\/\/gruene-reilingen.de\/index.php?rest_route=\/wp\/v2\/posts"}],"about":[{"href":"https:\/\/gruene-reilingen.de\/index.php?rest_route=\/wp\/v2\/types\/post"}],"author":[{"embeddable":true,"href":"https:\/\/gruene-reilingen.de\/index.php?rest_route=\/wp\/v2\/users\/2"}],"replies":[{"embeddable":true,"href":"https:\/\/gruene-reilingen.de\/index.php?rest_route=%2Fwp%2Fv2%2Fcomments&post=3164"}],"version-history":[{"count":5,"href":"https:\/\/gruene-reilingen.de\/index.php?rest_route=\/wp\/v2\/posts\/3164\/revisions"}],"predecessor-version":[{"id":3204,"href":"https:\/\/gruene-reilingen.de\/index.php?rest_route=\/wp\/v2\/posts\/3164\/revisions\/3204"}],"wp:attachment":[{"href":"https:\/\/gruene-reilingen.de\/index.php?rest_route=%2Fwp%2Fv2%2Fmedia&parent=3164"}],"wp:term":[{"taxonomy":"category","embeddable":true,"href":"https:\/\/gruene-reilingen.de\/index.php?rest_route=%2Fwp%2Fv2%2Fcategories&post=3164"},{"taxonomy":"post_tag","embeddable":true,"href":"https:\/\/gruene-reilingen.de\/index.php?rest_route=%2Fwp%2Fv2%2Ftags&post=3164"}],"curies":[{"name":"wp","href":"https:\/\/api.w.org\/{rel}","templated":true}]}}