{"id":3180,"date":"2025-07-24T10:46:14","date_gmt":"2025-07-24T10:46:14","guid":{"rendered":"https:\/\/gruene-reilingen.de\/?p=3180"},"modified":"2025-08-06T15:39:18","modified_gmt":"2025-08-06T15:39:18","slug":"stellungnahme-der-gruenen-fraktion-zur-verstaerkung-der-schulsozialarbeit","status":"publish","type":"post","link":"https:\/\/gruene-reilingen.de\/?p=3180","title":{"rendered":"Stellungnahme der Gr\u00fcnen-Fraktion zur Verst\u00e4rkung der Schulsozialarbeit"},"content":{"rendered":"\r\n\r\n\r\n\r\n\r\n\r\n\r\n\r\n \r\n\r\n\n<p>Sehr geehrte Damen und Herren!<\/p>\n\n\n\n<p>Das bisherige Verh\u00e4ltnis von Schulsozialarbeitenden zur Sch\u00fcler*innenzahl ist mit einer Stelle auf \u00fcber 700 Sch\u00fclerinnen und Sch\u00fclern deutlich unterdurchschnittlich. In etwa anderthalb Stellen sollten es alleine sein, wollten wir zum Landes- oder Kreisdurchschnitt aufschlie\u00dfen. Ob die dann durchschnittliche Versorgung an Schulen hierbei in Sachen Kindeswohl tats\u00e4chlich ausreichend oder gar gut w\u00e4re, l\u00e4sst sich einfach beantworten, wenn Empfehlungen von Fachverb\u00e4nden f\u00fcr Schulsozialarbeit f\u00fcr eine Schule unserer Gr\u00f6\u00dfe sich mehr als drei Vollzeitstellen w\u00fcnschen. In Anbetracht der finanziellen Lage und des doch eher l\u00e4ndlichen Einzugsgebiets unseres Schulstandorts sollten zwei Stellen jedoch gerechtfertigt sein. Die unsch\u00e4tzbare Arbeit von Tobias Dorn, der \u00fcber den Postillon e.V. an unserer Schule die bisherige Schulsozialarbeit \u00fcbernimmt, w\u00fcrde mit der Verst\u00e4rkung durch eine zweite Stelle soweit ausgebaut werden k\u00f6nnen, dass Sch\u00fcler und auch Sch\u00fclerinnen wirklich ad\u00e4quat betreut werden k\u00f6nnten. Klassische Vorstellungen, dass Lehrer*innen alle Probleme ihrer Klasse auffangen k\u00f6nnen, decken sich nicht mit der Realit\u00e4t. Sie haben es wahrscheinlich nie getan. Nur durch eine zus\u00e4tzliche, moderne und vom Umfang her angemessene Schulsozialarbeit k\u00f6nnen wir allen Sch\u00fcler*innen gerecht werden.<\/p>\n\n\n\n<p>Etliche Vorteile wurden von der Verwaltung aufgef\u00fchrt. Der einzige Nachteil besteht darin, dass gute Arbeit nun einmal gutes Geld kostet. Nehmen wir jedoch bitte jetzt welches in die Hand und schaffen die zus\u00e4tzliche Stelle, um F\u00f6rderungen hierf\u00fcr nachhaltig zu generieren, statt in einigen Jahren dann noch mehr zahlen zu m\u00fcssen, aus eigener Kasse. Der Haushalt unserer Gemeinde steht nicht besonders gut da, jedoch ist die Dramatisierung der Lage nicht angemessen und aus unserer Sicht auch nicht angebracht. Sei es als pers\u00f6nliche Meinung, die der Zeitung zu entnehmen war, oder als stetes Argument gegen viele sinnvolle Entscheidungen, wie etwa bei der knappen Entsagung einer einmalig zus\u00e4tzlichen f\u00fcnften Klasse in der letzten Sitzung.<\/p>\n\n\n\n<p>Wie 2024 in unserem kommunalen Wahlprogramm f\u00fcr Reilingen \u00f6ffentlich zu lesen war, machen wir uns f\u00fcr den Ausbau der Schulsozialarbeit stark. Es ist uns eine Herzensangelegenheit. Somit stimmt die Fraktion B\u00fcndnis&#8217;90\/Die Gr\u00fcnen f\u00fcr den Vorschlag der Verwaltung, also f\u00fcr eine Schaffung einer weiteren Vollzeitstelle f\u00fcr Schulsozialarbeit.<\/p>\n\n\n\n<p>Simon Schell<\/p>\n\n\n\n<p>Fraktionssprecher<\/p>\n","protected":false},"excerpt":{"rendered":"<p>Sehr geehrte Damen und Herren! Das bisherige Verh\u00e4ltnis von Schulsozialarbeitenden zur Sch\u00fcler*innenzahl ist mit einer Stelle auf \u00fcber 700 Sch\u00fclerinnen und Sch\u00fclern deutlich unterdurchschnittlich. In etwa anderthalb Stellen sollten es [&hellip;]<\/p>\n","protected":false},"author":-1,"featured_media":0,"comment_status":"open","ping_status":"open","sticky":false,"template":"","format":"standard","meta":{"footnotes":""},"categories":[3],"tags":[],"class_list":["post-3180","post","type-post","status-publish","format-standard","hentry","category-news"],"yoast_head":"<!-- This site is optimized with the Yoast SEO plugin v27.5 - https:\/\/yoast.com\/product\/yoast-seo-wordpress\/ -->\n<title>Stellungnahme der Gr\u00fcnen-Fraktion zur Verst\u00e4rkung der Schulsozialarbeit - B\u00dcNDNIS 90\/DIE GR\u00dcNEN REILINGEN<\/title>\n<meta name=\"robots\" content=\"index, follow, max-snippet:-1, max-image-preview:large, max-video-preview:-1\" \/>\n<link rel=\"canonical\" href=\"https:\/\/gruene-reilingen.de\/?p=3180\" \/>\n<meta property=\"og:locale\" content=\"de_DE\" \/>\n<meta property=\"og:type\" content=\"article\" \/>\n<meta property=\"og:title\" content=\"Stellungnahme der Gr\u00fcnen-Fraktion zur Verst\u00e4rkung der Schulsozialarbeit - B\u00dcNDNIS 90\/DIE GR\u00dcNEN REILINGEN\" \/>\n<meta property=\"og:description\" content=\"Sehr geehrte Damen und Herren! Das bisherige Verh\u00e4ltnis von Schulsozialarbeitenden zur Sch\u00fcler*innenzahl ist mit einer Stelle auf \u00fcber 700 Sch\u00fclerinnen und Sch\u00fclern deutlich unterdurchschnittlich. In etwa anderthalb Stellen sollten es [&hellip;]\" \/>\n<meta property=\"og:url\" content=\"https:\/\/gruene-reilingen.de\/?p=3180\" \/>\n<meta property=\"og:site_name\" content=\"B\u00dcNDNIS 90\/DIE GR\u00dcNEN REILINGEN\" \/>\n<meta property=\"article:published_time\" content=\"2025-07-24T10:46:14+00:00\" \/>\n<meta property=\"article:modified_time\" content=\"2025-08-06T15:39:18+00:00\" \/>\n<meta name=\"author\" content=\"gruene_reilingen\" \/>\n<meta name=\"twitter:card\" content=\"summary_large_image\" \/>\n<meta name=\"twitter:label1\" content=\"Verfasst von\" \/>\n\t<meta name=\"twitter:data1\" content=\"gruene_reilingen\" \/>\n\t<meta name=\"twitter:label2\" content=\"Gesch\u00e4tzte Lesezeit\" \/>\n\t<meta name=\"twitter:data2\" content=\"2\u00a0Minuten\" \/>\n<script type=\"application\/ld+json\" class=\"yoast-schema-graph\">{\"@context\":\"https:\\\/\\\/schema.org\",\"@graph\":[{\"@type\":\"Article\",\"@id\":\"https:\\\/\\\/gruene-reilingen.de\\\/?p=3180#article\",\"isPartOf\":{\"@id\":\"https:\\\/\\\/gruene-reilingen.de\\\/?p=3180\"},\"author\":{\"name\":\"gruene_reilingen\",\"@id\":\"https:\\\/\\\/gruene-reilingen.de\\\/#\\\/schema\\\/person\\\/f9da928f04550d0db757afd781f08df8\"},\"headline\":\"Stellungnahme der Gr\u00fcnen-Fraktion zur Verst\u00e4rkung der Schulsozialarbeit\",\"datePublished\":\"2025-07-24T10:46:14+00:00\",\"dateModified\":\"2025-08-06T15:39:18+00:00\",\"mainEntityOfPage\":{\"@id\":\"https:\\\/\\\/gruene-reilingen.de\\\/?p=3180\"},\"wordCount\":389,\"commentCount\":0,\"articleSection\":[\"News\"],\"inLanguage\":\"de\",\"potentialAction\":[{\"@type\":\"CommentAction\",\"name\":\"Comment\",\"target\":[\"https:\\\/\\\/gruene-reilingen.de\\\/?p=3180#respond\"]}]},{\"@type\":\"WebPage\",\"@id\":\"https:\\\/\\\/gruene-reilingen.de\\\/?p=3180\",\"url\":\"https:\\\/\\\/gruene-reilingen.de\\\/?p=3180\",\"name\":\"Stellungnahme der Gr\u00fcnen-Fraktion zur Verst\u00e4rkung der Schulsozialarbeit - B\u00dcNDNIS 90\\\/DIE GR\u00dcNEN REILINGEN\",\"isPartOf\":{\"@id\":\"https:\\\/\\\/gruene-reilingen.de\\\/#website\"},\"datePublished\":\"2025-07-24T10:46:14+00:00\",\"dateModified\":\"2025-08-06T15:39:18+00:00\",\"author\":{\"@id\":\"https:\\\/\\\/gruene-reilingen.de\\\/#\\\/schema\\\/person\\\/f9da928f04550d0db757afd781f08df8\"},\"breadcrumb\":{\"@id\":\"https:\\\/\\\/gruene-reilingen.de\\\/?p=3180#breadcrumb\"},\"inLanguage\":\"de\",\"potentialAction\":[{\"@type\":\"ReadAction\",\"target\":[\"https:\\\/\\\/gruene-reilingen.de\\\/?p=3180\"]}]},{\"@type\":\"BreadcrumbList\",\"@id\":\"https:\\\/\\\/gruene-reilingen.de\\\/?p=3180#breadcrumb\",\"itemListElement\":[{\"@type\":\"ListItem\",\"position\":1,\"name\":\"Startseite\",\"item\":\"https:\\\/\\\/gruene-reilingen.de\\\/\"},{\"@type\":\"ListItem\",\"position\":2,\"name\":\"Stellungnahme der Gr\u00fcnen-Fraktion zur Verst\u00e4rkung der Schulsozialarbeit\"}]},{\"@type\":\"WebSite\",\"@id\":\"https:\\\/\\\/gruene-reilingen.de\\\/#website\",\"url\":\"https:\\\/\\\/gruene-reilingen.de\\\/\",\"name\":\"B\u00dcNDNIS 90\\\/DIE GR\u00dcNEN REILINGEN\",\"description\":\"\",\"potentialAction\":[{\"@type\":\"SearchAction\",\"target\":{\"@type\":\"EntryPoint\",\"urlTemplate\":\"https:\\\/\\\/gruene-reilingen.de\\\/?s={search_term_string}\"},\"query-input\":{\"@type\":\"PropertyValueSpecification\",\"valueRequired\":true,\"valueName\":\"search_term_string\"}}],\"inLanguage\":\"de\"},{\"@type\":\"Person\",\"@id\":\"https:\\\/\\\/gruene-reilingen.de\\\/#\\\/schema\\\/person\\\/f9da928f04550d0db757afd781f08df8\",\"name\":\"gruene_reilingen\",\"image\":{\"@type\":\"ImageObject\",\"inLanguage\":\"de\",\"@id\":\"https:\\\/\\\/secure.gravatar.com\\\/avatar\\\/913acc38ce102bffd85b7d788472a0913fa53d9b1fe59056f1fe4e704a8231cb?s=96&d=mm&r=g\",\"url\":\"https:\\\/\\\/secure.gravatar.com\\\/avatar\\\/913acc38ce102bffd85b7d788472a0913fa53d9b1fe59056f1fe4e704a8231cb?s=96&d=mm&r=g\",\"contentUrl\":\"https:\\\/\\\/secure.gravatar.com\\\/avatar\\\/913acc38ce102bffd85b7d788472a0913fa53d9b1fe59056f1fe4e704a8231cb?s=96&d=mm&r=g\",\"caption\":\"gruene_reilingen\"},\"sameAs\":[\"http:\\\/\\\/www.gruene-reilingen.de\"],\"url\":\"https:\\\/\\\/gruene-reilingen.de\\\/?author=2\"}]}<\/script>\n<!-- \/ Yoast SEO plugin. -->","yoast_head_json":{"title":"Stellungnahme der Gr\u00fcnen-Fraktion zur Verst\u00e4rkung der Schulsozialarbeit - B\u00dcNDNIS 90\/DIE GR\u00dcNEN REILINGEN","robots":{"index":"index","follow":"follow","max-snippet":"max-snippet:-1","max-image-preview":"max-image-preview:large","max-video-preview":"max-video-preview:-1"},"canonical":"https:\/\/gruene-reilingen.de\/?p=3180","og_locale":"de_DE","og_type":"article","og_title":"Stellungnahme der Gr\u00fcnen-Fraktion zur Verst\u00e4rkung der Schulsozialarbeit - B\u00dcNDNIS 90\/DIE GR\u00dcNEN REILINGEN","og_description":"Sehr geehrte Damen und Herren! Das bisherige Verh\u00e4ltnis von Schulsozialarbeitenden zur Sch\u00fcler*innenzahl ist mit einer Stelle auf \u00fcber 700 Sch\u00fclerinnen und Sch\u00fclern deutlich unterdurchschnittlich. In etwa anderthalb Stellen sollten es [&hellip;]","og_url":"https:\/\/gruene-reilingen.de\/?p=3180","og_site_name":"B\u00dcNDNIS 90\/DIE GR\u00dcNEN REILINGEN","article_published_time":"2025-07-24T10:46:14+00:00","article_modified_time":"2025-08-06T15:39:18+00:00","author":"gruene_reilingen","twitter_card":"summary_large_image","twitter_misc":{"Verfasst von":"gruene_reilingen","Gesch\u00e4tzte Lesezeit":"2\u00a0Minuten"},"schema":{"@context":"https:\/\/schema.org","@graph":[{"@type":"Article","@id":"https:\/\/gruene-reilingen.de\/?p=3180#article","isPartOf":{"@id":"https:\/\/gruene-reilingen.de\/?p=3180"},"author":{"name":"gruene_reilingen","@id":"https:\/\/gruene-reilingen.de\/#\/schema\/person\/f9da928f04550d0db757afd781f08df8"},"headline":"Stellungnahme der Gr\u00fcnen-Fraktion zur Verst\u00e4rkung der Schulsozialarbeit","datePublished":"2025-07-24T10:46:14+00:00","dateModified":"2025-08-06T15:39:18+00:00","mainEntityOfPage":{"@id":"https:\/\/gruene-reilingen.de\/?p=3180"},"wordCount":389,"commentCount":0,"articleSection":["News"],"inLanguage":"de","potentialAction":[{"@type":"CommentAction","name":"Comment","target":["https:\/\/gruene-reilingen.de\/?p=3180#respond"]}]},{"@type":"WebPage","@id":"https:\/\/gruene-reilingen.de\/?p=3180","url":"https:\/\/gruene-reilingen.de\/?p=3180","name":"Stellungnahme der Gr\u00fcnen-Fraktion zur Verst\u00e4rkung der Schulsozialarbeit - B\u00dcNDNIS 90\/DIE GR\u00dcNEN REILINGEN","isPartOf":{"@id":"https:\/\/gruene-reilingen.de\/#website"},"datePublished":"2025-07-24T10:46:14+00:00","dateModified":"2025-08-06T15:39:18+00:00","author":{"@id":"https:\/\/gruene-reilingen.de\/#\/schema\/person\/f9da928f04550d0db757afd781f08df8"},"breadcrumb":{"@id":"https:\/\/gruene-reilingen.de\/?p=3180#breadcrumb"},"inLanguage":"de","potentialAction":[{"@type":"ReadAction","target":["https:\/\/gruene-reilingen.de\/?p=3180"]}]},{"@type":"BreadcrumbList","@id":"https:\/\/gruene-reilingen.de\/?p=3180#breadcrumb","itemListElement":[{"@type":"ListItem","position":1,"name":"Startseite","item":"https:\/\/gruene-reilingen.de\/"},{"@type":"ListItem","position":2,"name":"Stellungnahme der Gr\u00fcnen-Fraktion zur Verst\u00e4rkung der Schulsozialarbeit"}]},{"@type":"WebSite","@id":"https:\/\/gruene-reilingen.de\/#website","url":"https:\/\/gruene-reilingen.de\/","name":"B\u00dcNDNIS 90\/DIE GR\u00dcNEN REILINGEN","description":"","potentialAction":[{"@type":"SearchAction","target":{"@type":"EntryPoint","urlTemplate":"https:\/\/gruene-reilingen.de\/?s={search_term_string}"},"query-input":{"@type":"PropertyValueSpecification","valueRequired":true,"valueName":"search_term_string"}}],"inLanguage":"de"},{"@type":"Person","@id":"https:\/\/gruene-reilingen.de\/#\/schema\/person\/f9da928f04550d0db757afd781f08df8","name":"gruene_reilingen","image":{"@type":"ImageObject","inLanguage":"de","@id":"https:\/\/secure.gravatar.com\/avatar\/913acc38ce102bffd85b7d788472a0913fa53d9b1fe59056f1fe4e704a8231cb?s=96&d=mm&r=g","url":"https:\/\/secure.gravatar.com\/avatar\/913acc38ce102bffd85b7d788472a0913fa53d9b1fe59056f1fe4e704a8231cb?s=96&d=mm&r=g","contentUrl":"https:\/\/secure.gravatar.com\/avatar\/913acc38ce102bffd85b7d788472a0913fa53d9b1fe59056f1fe4e704a8231cb?s=96&d=mm&r=g","caption":"gruene_reilingen"},"sameAs":["http:\/\/www.gruene-reilingen.de"],"url":"https:\/\/gruene-reilingen.de\/?author=2"}]}},"_links":{"self":[{"href":"https:\/\/gruene-reilingen.de\/index.php?rest_route=\/wp\/v2\/posts\/3180","targetHints":{"allow":["GET"]}}],"collection":[{"href":"https:\/\/gruene-reilingen.de\/index.php?rest_route=\/wp\/v2\/posts"}],"about":[{"href":"https:\/\/gruene-reilingen.de\/index.php?rest_route=\/wp\/v2\/types\/post"}],"author":[{"embeddable":true,"href":"https:\/\/gruene-reilingen.de\/index.php?rest_route=\/wp\/v2\/users\/2"}],"replies":[{"embeddable":true,"href":"https:\/\/gruene-reilingen.de\/index.php?rest_route=%2Fwp%2Fv2%2Fcomments&post=3180"}],"version-history":[{"count":1,"href":"https:\/\/gruene-reilingen.de\/index.php?rest_route=\/wp\/v2\/posts\/3180\/revisions"}],"predecessor-version":[{"id":3181,"href":"https:\/\/gruene-reilingen.de\/index.php?rest_route=\/wp\/v2\/posts\/3180\/revisions\/3181"}],"wp:attachment":[{"href":"https:\/\/gruene-reilingen.de\/index.php?rest_route=%2Fwp%2Fv2%2Fmedia&parent=3180"}],"wp:term":[{"taxonomy":"category","embeddable":true,"href":"https:\/\/gruene-reilingen.de\/index.php?rest_route=%2Fwp%2Fv2%2Fcategories&post=3180"},{"taxonomy":"post_tag","embeddable":true,"href":"https:\/\/gruene-reilingen.de\/index.php?rest_route=%2Fwp%2Fv2%2Ftags&post=3180"}],"curies":[{"name":"wp","href":"https:\/\/api.w.org\/{rel}","templated":true}]}}