{"id":3208,"date":"2025-09-07T07:50:43","date_gmt":"2025-09-07T07:50:43","guid":{"rendered":"https:\/\/gruene-reilingen.de\/?p=3208"},"modified":"2025-09-07T07:50:44","modified_gmt":"2025-09-07T07:50:44","slug":"kraichgaukorn-ein-erfolgsmodell-fuer-artenvielfalt-und-regionale-wertschoepfung","status":"publish","type":"post","link":"https:\/\/gruene-reilingen.de\/?p=3208","title":{"rendered":"KraichgauKorn: \u201eEin Erfolgsmodell f\u00fcr Artenvielfalt und regionale Wertsch\u00f6pfung\u201c"},"content":{"rendered":"\r\n\r\n\r\n\r\n\r\n\r\n\r\n\r\n \r\n\r\n\n<p><strong><em>Dr. Andre Baumann MdL besucht landwirtschaftlichen Betrieb Schell in Reilingen<\/em><\/strong><\/p>\n\n\n\n<p>\u201eLandwirtschaft soll nicht nur gute und gesunde Lebensmittel herstellen, sondern auch unsere Natur f\u00f6rdern, Wasser und B\u00f6den sch\u00fctzen \u2013 sprich, bewahren, was uns erh\u00e4lt\u201c,erkl\u00e4rt Dr. Andre Baumann, Landtagsabgeordneter der Gr\u00fcnen, bei seinem Besuch auf dem landwirtschaftlichen Betrieb von J\u00fcrgen Schell in Reilingen. Im Rahmen seiner Sommertour macht sich der Abgeordnete ein Bild von der Marktgemeinschaft KraichgauKorn, die seit mehr als drei Jahrzehnten zeigt, wie moderne Landwirtschaft \u00f6kologisch verantwortungsvoll und nachhaltig, pestizidfrei und regional vernetzt mit M\u00fchlen und B\u00e4ckereien aus der Region funktionieren kann.<\/p>\n\n\n\n<p>KraichgauKorn steht f\u00fcr eine besondere Form der Landwirtschaft: Das Getreide wird ohne chemische Pflanzenschutzmittel angebaut, vom Saatgut \u00fcber den Anbau bis hin zur Verarbeitung ist jede Stufe f\u00fcr B\u00e4ckereien, aber auch die Verbraucherinnen und Verbraucher transparent und nachvollziehbar. \u201eWer KraichgauKorn-Brot und Br\u00f6tchen kauft, wei\u00df genau, woher das Getreide stammt und unter welchen Bedingungen es w\u00e4chst\u201c, stellt Baumann fest. Die Marktgemeinschaft umfasst rund 45 Landwirte aus der Region zwischen Heidelberg, Heilbronn und Karlsruhe, also dem Kraichgau, zwei regionale M\u00fchlen und etwa 40 B\u00e4ckereien mit rund 120 Verkaufsstellen. Damit ist KraichgauKorn nicht nur ein landwirtschaftliches Projekt, sondern ein lebendiges Netzwerk von Familienbetrieben, die gemeinsam f\u00fcr Qualit\u00e4t, Nachhaltigkeit und regionale Wertsch\u00f6pfung stehen.<\/p>\n\n\n\n<p><strong>Biodiversit\u00e4t auf dem Acker sorgt f\u00fcr Landwirtschaft als Lebensraum<\/strong><\/p>\n\n\n\n<p>Der Betrieb Schell in Reilingen ist ein Musterbeispiel f\u00fcr das KraichgauKorn-Prinzip. Neben dem Verzicht auf Pestizide beim Anbauen von unter anderem Roggen, Weizen, Dinkel wird von J\u00fcrgen Schell gezielt Biodiversit\u00e4t gef\u00f6rdert: \u201eDas Auss\u00e4en von Bl\u00fchstreifen, weite Saatreihen und Untersaaten schaffen Lebensr\u00e4ume f\u00fcr Wildbienen, Schmetterlinge, V\u00f6gel und zahlreiche Wildkr\u00e4uter, und das \u00fcber das gesamte Jahr. Das ist mir pers\u00f6nlich sehr wichtig. Auf den Feldern wachsen unter anderem Kornblume, Kamille und Klatschmohn \u2013 Pflanzen, die zunehmend aus der Agrarlandschaft verschwinden\u201c, berichtet Schell. Dar\u00fcber freut sich Baumann, der seit Jahren auch Natur- und Umweltsch\u00fctzer ist, besonders. \u201eDie Landwirtschaft hier schafft mehr als Nahrung \u2013 sie gestaltet Lebensr\u00e4ume und tr\u00e4gt dazu bei, dass die heimische Agrarlandschaft wieder vielf\u00e4ltiger und artenreicher wird\u201c, so Baumann. \u201eWildinsekten wie Hummeln und Schachbrettfalter, Feldv\u00f6gel und viele weitere Arten finden Nahrung und Schutz. Das ist ein echtes Erfolgsmodell f\u00fcr die Artenvielfalt.\u201c<\/p>\n\n\n\n<p>Ganz bewusst wird bei der Unkrautbek\u00e4mpfung auf Chemie verzichtet. Stattdessen wird ein Striegel benutzt, der die Erde auflockert und kleine Pflanzen mit Erde bedeckt. So wird dem Unkraut das Licht zum Wachsen genommen. Das schont die Pflanzengesundheit und l\u00e4sst gleichzeitig Wildkr\u00e4uter stehen, die bl\u00fchen und Nektar liefern. Davon konnte sich Baumann auf von Schell bewirtschafteten Fl\u00e4chen \u00fcberzeugen. Das Ergebnis: nat\u00fcrliche Pflanzen, die widerstandsf\u00e4hig und stabil wachsen.<\/p>\n\n\n\n<p>Der Abgeordnete betont: \u201eZwischen konventioneller und biologischer Landwirtschaft gibt es viele Zwischent\u00f6ne. KraichgauKorn zeigt, dass es Alternativen gibt, die \u00f6kologisch sinnvoll sind und gleichzeitig wirtschaftlich sind. Durch diese innovative Anbaumethode k\u00f6nnen gesunde Pflanzen wachsen.\u201c Von externen Stellen werden Bodenproben f\u00fcr die D\u00fcngeplanung entnommen und \u00fcberpr\u00fcft, oder durch das Qualit\u00e4tszeichen Baden-W\u00fcrttemberg (QZBW) die Qualit\u00e4t der \u00c4hren vier Woche vor der Ernte kontrolliert. \u201eBelastete Felder werden von der Ernte ausgeschlossen. Durch die Kontrollen haben wir das h\u00f6chste Ma\u00df an Verbraucherschutz\u201c, erl\u00e4utert Schell.<\/p>\n\n\n\n<p><strong>Regionale Wertsch\u00f6pfung und hohe Qualit\u00e4tsstandards<\/strong><\/p>\n\n\n\n<p>Das geerntete Getreide wird in der St\u00f6rrm\u00fchle in Knittlingen und der M\u00f6nsheimer M\u00fchle verarbeitet. Beide M\u00fchlen beliefern regionale Handwerksb\u00e4ckereien, die das KraichgauKorn-Mehl zu hochwertigen Backwaren verarbeiten. So entsteht eine kurze, transparente Wertsch\u00f6pfungskette, die Verbraucherinnen und Verbrauchern Vertrauen und Herkunftssicherheit bietet. Baumann lobt die enge Zusammenarbeit der Familienbetriebe: \u201eVom Landwirt \u00fcber den M\u00fcller bis zum B\u00e4cker \u2013 hier zieht die gesamte Region an einem Strang. Das st\u00e4rkt unsere Heimat, schafft Arbeitspl\u00e4tze und sorgt f\u00fcr beste Qualit\u00e4t auf dem Teller.\u201c<\/p>\n\n\n\n<p>Ein weiterer wichtiger Aspekt von KraichgauKorn ist die \u00d6ffentlichkeitsarbeit: Durch die gro\u00dfen Infotafeln auf den Feldern und Informationsveranstaltungen wird das Bewusstsein f\u00fcr nachhaltige Landwirtschaft und regionale Lebensmittel gest\u00e4rkt. \u201eViele Menschen wissen heute kaum noch, wie das Getreide f\u00fcr ihr Brot w\u00e4chst\u201c, berichtet Schell. \u201eDiese Aufkl\u00e4rung ist entscheidend, damit Verbraucherinnen und Verbraucher bewusste Entscheidungen treffen k\u00f6nnen, und dabei wissen, wo die wichtigste Backzutat hergestellt wird.\u201c&nbsp;<\/p>\n\n\n\n<p>Baumann ist beeindruckt: \u201eWer KraichgauKorn-Brot kauft, unterst\u00fctzt nicht nur die regionale Landwirtschaft, sondern tr\u00e4gt aktiv zum Schutz unserer Natur bei.\u201c Er appelliert an die Verbraucherinnen und Verbraucher: \u201eSetzen Sie ein Zeichen f\u00fcr Artenvielfalt, f\u00fcr pestizidfreien Anbau und f\u00fcr landwirtschaftliche Familienbetriebe in der Region. Bewusster Genuss ist heute mehr denn je auch ein Beitrag zum Klima- und Umweltschutz.\u201c<\/p>\n\n\n\n<div class=\"wp-block-media-text alignwide is-stacked-on-mobile\"><figure class=\"wp-block-media-text__media\"><img loading=\"lazy\" decoding=\"async\" width=\"375\" height=\"500\" src=\"https:\/\/gruene-reilingen.de\/wp-content\/uploads\/2025\/09\/Dr.-Andre-Baumann-r.-hoert-gespannt-den-Ausfuehrungen-von-Juergen-Schell-l.-zu-375x500.jpg\" alt=\"\" class=\"wp-image-3209 size-full\" srcset=\"https:\/\/gruene-reilingen.de\/wp-content\/uploads\/2025\/09\/Dr.-Andre-Baumann-r.-hoert-gespannt-den-Ausfuehrungen-von-Juergen-Schell-l.-zu-375x500.jpg 375w, https:\/\/gruene-reilingen.de\/wp-content\/uploads\/2025\/09\/Dr.-Andre-Baumann-r.-hoert-gespannt-den-Ausfuehrungen-von-Juergen-Schell-l.-zu-278x370.jpg 278w, https:\/\/gruene-reilingen.de\/wp-content\/uploads\/2025\/09\/Dr.-Andre-Baumann-r.-hoert-gespannt-den-Ausfuehrungen-von-Juergen-Schell-l.-zu-768x1024.jpg 768w, https:\/\/gruene-reilingen.de\/wp-content\/uploads\/2025\/09\/Dr.-Andre-Baumann-r.-hoert-gespannt-den-Ausfuehrungen-von-Juergen-Schell-l.-zu-1152x1536.jpg 1152w, https:\/\/gruene-reilingen.de\/wp-content\/uploads\/2025\/09\/Dr.-Andre-Baumann-r.-hoert-gespannt-den-Ausfuehrungen-von-Juergen-Schell-l.-zu.jpg 1512w\" sizes=\"auto, (max-width: 375px) 100vw, 375px\" \/><\/figure><div class=\"wp-block-media-text__content\">\n<p>Dr. Andre Baumann (r.) h\u00f6rt gespannt den Ausf\u00fchrungen von J\u00fcrgen Schell (l.) zu.<\/p>\n<\/div><\/div>\n\n\n\n<p><\/p>\n\n\n\n<div class=\"wp-block-media-text alignwide is-stacked-on-mobile\"><figure class=\"wp-block-media-text__media\"><img loading=\"lazy\" decoding=\"async\" width=\"375\" height=\"500\" src=\"https:\/\/gruene-reilingen.de\/wp-content\/uploads\/2025\/09\/Unknown-375x500.jpg\" alt=\"\" class=\"wp-image-3210 size-full\" srcset=\"https:\/\/gruene-reilingen.de\/wp-content\/uploads\/2025\/09\/Unknown-375x500.jpg 375w, https:\/\/gruene-reilingen.de\/wp-content\/uploads\/2025\/09\/Unknown-278x370.jpg 278w, https:\/\/gruene-reilingen.de\/wp-content\/uploads\/2025\/09\/Unknown.jpg 507w\" sizes=\"auto, (max-width: 375px) 100vw, 375px\" \/><\/figure><div class=\"wp-block-media-text__content\">\n<p>J\u00fcrgen Schell (l.) zeigt Dr. Andre Baumann Wildkr\u00e4uter auf seinen Feldern.<\/p>\n<\/div><\/div>\n\n\n\n<p><\/p>\n\n\n\n<div class=\"wp-block-media-text alignwide is-stacked-on-mobile\"><figure class=\"wp-block-media-text__media\"><img loading=\"lazy\" decoding=\"async\" width=\"375\" height=\"500\" src=\"https:\/\/gruene-reilingen.de\/wp-content\/uploads\/2025\/09\/Unknown-1-375x500.jpg\" alt=\"\" class=\"wp-image-3211 size-full\" srcset=\"https:\/\/gruene-reilingen.de\/wp-content\/uploads\/2025\/09\/Unknown-1-375x500.jpg 375w, https:\/\/gruene-reilingen.de\/wp-content\/uploads\/2025\/09\/Unknown-1-278x370.jpg 278w, https:\/\/gruene-reilingen.de\/wp-content\/uploads\/2025\/09\/Unknown-1.jpg 507w\" sizes=\"auto, (max-width: 375px) 100vw, 375px\" \/><\/figure><div class=\"wp-block-media-text__content\">\n<p>J\u00fcrgen Schell (l.) und Dr. Andre Baumann (r.) im Austausch \u00fcber regionalen Getreideanbau.<\/p>\n<\/div><\/div>\n","protected":false},"excerpt":{"rendered":"<p>Dr. Andre Baumann MdL besucht landwirtschaftlichen Betrieb Schell in Reilingen \u201eLandwirtschaft soll nicht nur gute und gesunde Lebensmittel herstellen, sondern auch unsere Natur f\u00f6rdern, Wasser und B\u00f6den sch\u00fctzen \u2013 sprich, [&hellip;]<\/p>\n","protected":false},"author":-1,"featured_media":0,"comment_status":"open","ping_status":"open","sticky":false,"template":"","format":"standard","meta":{"footnotes":""},"categories":[3],"tags":[],"class_list":["post-3208","post","type-post","status-publish","format-standard","hentry","category-news"],"yoast_head":"<!-- This site is optimized with the Yoast SEO plugin v27.5 - https:\/\/yoast.com\/product\/yoast-seo-wordpress\/ -->\n<title>KraichgauKorn: \u201eEin Erfolgsmodell f\u00fcr Artenvielfalt und regionale Wertsch\u00f6pfung\u201c - B\u00dcNDNIS 90\/DIE GR\u00dcNEN REILINGEN<\/title>\n<meta name=\"robots\" content=\"index, follow, max-snippet:-1, max-image-preview:large, max-video-preview:-1\" \/>\n<link rel=\"canonical\" href=\"https:\/\/gruene-reilingen.de\/?p=3208\" \/>\n<meta property=\"og:locale\" content=\"de_DE\" \/>\n<meta property=\"og:type\" content=\"article\" \/>\n<meta property=\"og:title\" content=\"KraichgauKorn: \u201eEin Erfolgsmodell f\u00fcr Artenvielfalt und regionale Wertsch\u00f6pfung\u201c - B\u00dcNDNIS 90\/DIE GR\u00dcNEN REILINGEN\" \/>\n<meta property=\"og:description\" content=\"Dr. Andre Baumann MdL besucht landwirtschaftlichen Betrieb Schell in Reilingen \u201eLandwirtschaft soll nicht nur gute und gesunde Lebensmittel herstellen, sondern auch unsere Natur f\u00f6rdern, Wasser und B\u00f6den sch\u00fctzen \u2013 sprich, [&hellip;]\" \/>\n<meta property=\"og:url\" content=\"https:\/\/gruene-reilingen.de\/?p=3208\" \/>\n<meta property=\"og:site_name\" content=\"B\u00dcNDNIS 90\/DIE GR\u00dcNEN REILINGEN\" \/>\n<meta property=\"article:published_time\" content=\"2025-09-07T07:50:43+00:00\" \/>\n<meta property=\"article:modified_time\" content=\"2025-09-07T07:50:44+00:00\" \/>\n<meta property=\"og:image\" content=\"https:\/\/gruene-reilingen.de\/wp-content\/uploads\/2025\/09\/Dr.-Andre-Baumann-r.-hoert-gespannt-den-Ausfuehrungen-von-Juergen-Schell-l.-zu-375x500.jpg\" \/>\n<meta name=\"author\" content=\"gruene_reilingen\" \/>\n<meta name=\"twitter:card\" content=\"summary_large_image\" \/>\n<meta name=\"twitter:label1\" content=\"Verfasst von\" \/>\n\t<meta name=\"twitter:data1\" content=\"gruene_reilingen\" \/>\n\t<meta name=\"twitter:label2\" content=\"Gesch\u00e4tzte Lesezeit\" \/>\n\t<meta name=\"twitter:data2\" content=\"5\u00a0Minuten\" \/>\n<script type=\"application\/ld+json\" class=\"yoast-schema-graph\">{\"@context\":\"https:\\\/\\\/schema.org\",\"@graph\":[{\"@type\":\"Article\",\"@id\":\"https:\\\/\\\/gruene-reilingen.de\\\/?p=3208#article\",\"isPartOf\":{\"@id\":\"https:\\\/\\\/gruene-reilingen.de\\\/?p=3208\"},\"author\":{\"name\":\"gruene_reilingen\",\"@id\":\"https:\\\/\\\/gruene-reilingen.de\\\/#\\\/schema\\\/person\\\/f9da928f04550d0db757afd781f08df8\"},\"headline\":\"KraichgauKorn: \u201eEin Erfolgsmodell f\u00fcr Artenvielfalt und regionale Wertsch\u00f6pfung\u201c\",\"datePublished\":\"2025-09-07T07:50:43+00:00\",\"dateModified\":\"2025-09-07T07:50:44+00:00\",\"mainEntityOfPage\":{\"@id\":\"https:\\\/\\\/gruene-reilingen.de\\\/?p=3208\"},\"wordCount\":833,\"commentCount\":0,\"image\":{\"@id\":\"https:\\\/\\\/gruene-reilingen.de\\\/?p=3208#primaryimage\"},\"thumbnailUrl\":\"https:\\\/\\\/gruene-reilingen.de\\\/wp-content\\\/uploads\\\/2025\\\/09\\\/Dr.-Andre-Baumann-r.-hoert-gespannt-den-Ausfuehrungen-von-Juergen-Schell-l.-zu-375x500.jpg\",\"articleSection\":[\"News\"],\"inLanguage\":\"de\",\"potentialAction\":[{\"@type\":\"CommentAction\",\"name\":\"Comment\",\"target\":[\"https:\\\/\\\/gruene-reilingen.de\\\/?p=3208#respond\"]}]},{\"@type\":\"WebPage\",\"@id\":\"https:\\\/\\\/gruene-reilingen.de\\\/?p=3208\",\"url\":\"https:\\\/\\\/gruene-reilingen.de\\\/?p=3208\",\"name\":\"KraichgauKorn: \u201eEin Erfolgsmodell f\u00fcr Artenvielfalt und regionale Wertsch\u00f6pfung\u201c - B\u00dcNDNIS 90\\\/DIE GR\u00dcNEN REILINGEN\",\"isPartOf\":{\"@id\":\"https:\\\/\\\/gruene-reilingen.de\\\/#website\"},\"primaryImageOfPage\":{\"@id\":\"https:\\\/\\\/gruene-reilingen.de\\\/?p=3208#primaryimage\"},\"image\":{\"@id\":\"https:\\\/\\\/gruene-reilingen.de\\\/?p=3208#primaryimage\"},\"thumbnailUrl\":\"https:\\\/\\\/gruene-reilingen.de\\\/wp-content\\\/uploads\\\/2025\\\/09\\\/Dr.-Andre-Baumann-r.-hoert-gespannt-den-Ausfuehrungen-von-Juergen-Schell-l.-zu-375x500.jpg\",\"datePublished\":\"2025-09-07T07:50:43+00:00\",\"dateModified\":\"2025-09-07T07:50:44+00:00\",\"author\":{\"@id\":\"https:\\\/\\\/gruene-reilingen.de\\\/#\\\/schema\\\/person\\\/f9da928f04550d0db757afd781f08df8\"},\"breadcrumb\":{\"@id\":\"https:\\\/\\\/gruene-reilingen.de\\\/?p=3208#breadcrumb\"},\"inLanguage\":\"de\",\"potentialAction\":[{\"@type\":\"ReadAction\",\"target\":[\"https:\\\/\\\/gruene-reilingen.de\\\/?p=3208\"]}]},{\"@type\":\"ImageObject\",\"inLanguage\":\"de\",\"@id\":\"https:\\\/\\\/gruene-reilingen.de\\\/?p=3208#primaryimage\",\"url\":\"https:\\\/\\\/gruene-reilingen.de\\\/wp-content\\\/uploads\\\/2025\\\/09\\\/Dr.-Andre-Baumann-r.-hoert-gespannt-den-Ausfuehrungen-von-Juergen-Schell-l.-zu.jpg\",\"contentUrl\":\"https:\\\/\\\/gruene-reilingen.de\\\/wp-content\\\/uploads\\\/2025\\\/09\\\/Dr.-Andre-Baumann-r.-hoert-gespannt-den-Ausfuehrungen-von-Juergen-Schell-l.-zu.jpg\",\"width\":1512,\"height\":2016},{\"@type\":\"BreadcrumbList\",\"@id\":\"https:\\\/\\\/gruene-reilingen.de\\\/?p=3208#breadcrumb\",\"itemListElement\":[{\"@type\":\"ListItem\",\"position\":1,\"name\":\"Startseite\",\"item\":\"https:\\\/\\\/gruene-reilingen.de\\\/\"},{\"@type\":\"ListItem\",\"position\":2,\"name\":\"KraichgauKorn: \u201eEin Erfolgsmodell f\u00fcr Artenvielfalt und regionale Wertsch\u00f6pfung\u201c\"}]},{\"@type\":\"WebSite\",\"@id\":\"https:\\\/\\\/gruene-reilingen.de\\\/#website\",\"url\":\"https:\\\/\\\/gruene-reilingen.de\\\/\",\"name\":\"B\u00dcNDNIS 90\\\/DIE GR\u00dcNEN REILINGEN\",\"description\":\"\",\"potentialAction\":[{\"@type\":\"SearchAction\",\"target\":{\"@type\":\"EntryPoint\",\"urlTemplate\":\"https:\\\/\\\/gruene-reilingen.de\\\/?s={search_term_string}\"},\"query-input\":{\"@type\":\"PropertyValueSpecification\",\"valueRequired\":true,\"valueName\":\"search_term_string\"}}],\"inLanguage\":\"de\"},{\"@type\":\"Person\",\"@id\":\"https:\\\/\\\/gruene-reilingen.de\\\/#\\\/schema\\\/person\\\/f9da928f04550d0db757afd781f08df8\",\"name\":\"gruene_reilingen\",\"image\":{\"@type\":\"ImageObject\",\"inLanguage\":\"de\",\"@id\":\"https:\\\/\\\/secure.gravatar.com\\\/avatar\\\/913acc38ce102bffd85b7d788472a0913fa53d9b1fe59056f1fe4e704a8231cb?s=96&d=mm&r=g\",\"url\":\"https:\\\/\\\/secure.gravatar.com\\\/avatar\\\/913acc38ce102bffd85b7d788472a0913fa53d9b1fe59056f1fe4e704a8231cb?s=96&d=mm&r=g\",\"contentUrl\":\"https:\\\/\\\/secure.gravatar.com\\\/avatar\\\/913acc38ce102bffd85b7d788472a0913fa53d9b1fe59056f1fe4e704a8231cb?s=96&d=mm&r=g\",\"caption\":\"gruene_reilingen\"},\"sameAs\":[\"http:\\\/\\\/www.gruene-reilingen.de\"],\"url\":\"https:\\\/\\\/gruene-reilingen.de\\\/?author=2\"}]}<\/script>\n<!-- \/ Yoast SEO plugin. -->","yoast_head_json":{"title":"KraichgauKorn: \u201eEin Erfolgsmodell f\u00fcr Artenvielfalt und regionale Wertsch\u00f6pfung\u201c - B\u00dcNDNIS 90\/DIE GR\u00dcNEN REILINGEN","robots":{"index":"index","follow":"follow","max-snippet":"max-snippet:-1","max-image-preview":"max-image-preview:large","max-video-preview":"max-video-preview:-1"},"canonical":"https:\/\/gruene-reilingen.de\/?p=3208","og_locale":"de_DE","og_type":"article","og_title":"KraichgauKorn: \u201eEin Erfolgsmodell f\u00fcr Artenvielfalt und regionale Wertsch\u00f6pfung\u201c - B\u00dcNDNIS 90\/DIE GR\u00dcNEN REILINGEN","og_description":"Dr. Andre Baumann MdL besucht landwirtschaftlichen Betrieb Schell in Reilingen \u201eLandwirtschaft soll nicht nur gute und gesunde Lebensmittel herstellen, sondern auch unsere Natur f\u00f6rdern, Wasser und B\u00f6den sch\u00fctzen \u2013 sprich, [&hellip;]","og_url":"https:\/\/gruene-reilingen.de\/?p=3208","og_site_name":"B\u00dcNDNIS 90\/DIE GR\u00dcNEN REILINGEN","article_published_time":"2025-09-07T07:50:43+00:00","article_modified_time":"2025-09-07T07:50:44+00:00","og_image":[{"url":"https:\/\/gruene-reilingen.de\/wp-content\/uploads\/2025\/09\/Dr.-Andre-Baumann-r.-hoert-gespannt-den-Ausfuehrungen-von-Juergen-Schell-l.-zu-375x500.jpg","type":"","width":"","height":""}],"author":"gruene_reilingen","twitter_card":"summary_large_image","twitter_misc":{"Verfasst von":"gruene_reilingen","Gesch\u00e4tzte Lesezeit":"5\u00a0Minuten"},"schema":{"@context":"https:\/\/schema.org","@graph":[{"@type":"Article","@id":"https:\/\/gruene-reilingen.de\/?p=3208#article","isPartOf":{"@id":"https:\/\/gruene-reilingen.de\/?p=3208"},"author":{"name":"gruene_reilingen","@id":"https:\/\/gruene-reilingen.de\/#\/schema\/person\/f9da928f04550d0db757afd781f08df8"},"headline":"KraichgauKorn: \u201eEin Erfolgsmodell f\u00fcr Artenvielfalt und regionale Wertsch\u00f6pfung\u201c","datePublished":"2025-09-07T07:50:43+00:00","dateModified":"2025-09-07T07:50:44+00:00","mainEntityOfPage":{"@id":"https:\/\/gruene-reilingen.de\/?p=3208"},"wordCount":833,"commentCount":0,"image":{"@id":"https:\/\/gruene-reilingen.de\/?p=3208#primaryimage"},"thumbnailUrl":"https:\/\/gruene-reilingen.de\/wp-content\/uploads\/2025\/09\/Dr.-Andre-Baumann-r.-hoert-gespannt-den-Ausfuehrungen-von-Juergen-Schell-l.-zu-375x500.jpg","articleSection":["News"],"inLanguage":"de","potentialAction":[{"@type":"CommentAction","name":"Comment","target":["https:\/\/gruene-reilingen.de\/?p=3208#respond"]}]},{"@type":"WebPage","@id":"https:\/\/gruene-reilingen.de\/?p=3208","url":"https:\/\/gruene-reilingen.de\/?p=3208","name":"KraichgauKorn: \u201eEin Erfolgsmodell f\u00fcr Artenvielfalt und regionale Wertsch\u00f6pfung\u201c - B\u00dcNDNIS 90\/DIE GR\u00dcNEN REILINGEN","isPartOf":{"@id":"https:\/\/gruene-reilingen.de\/#website"},"primaryImageOfPage":{"@id":"https:\/\/gruene-reilingen.de\/?p=3208#primaryimage"},"image":{"@id":"https:\/\/gruene-reilingen.de\/?p=3208#primaryimage"},"thumbnailUrl":"https:\/\/gruene-reilingen.de\/wp-content\/uploads\/2025\/09\/Dr.-Andre-Baumann-r.-hoert-gespannt-den-Ausfuehrungen-von-Juergen-Schell-l.-zu-375x500.jpg","datePublished":"2025-09-07T07:50:43+00:00","dateModified":"2025-09-07T07:50:44+00:00","author":{"@id":"https:\/\/gruene-reilingen.de\/#\/schema\/person\/f9da928f04550d0db757afd781f08df8"},"breadcrumb":{"@id":"https:\/\/gruene-reilingen.de\/?p=3208#breadcrumb"},"inLanguage":"de","potentialAction":[{"@type":"ReadAction","target":["https:\/\/gruene-reilingen.de\/?p=3208"]}]},{"@type":"ImageObject","inLanguage":"de","@id":"https:\/\/gruene-reilingen.de\/?p=3208#primaryimage","url":"https:\/\/gruene-reilingen.de\/wp-content\/uploads\/2025\/09\/Dr.-Andre-Baumann-r.-hoert-gespannt-den-Ausfuehrungen-von-Juergen-Schell-l.-zu.jpg","contentUrl":"https:\/\/gruene-reilingen.de\/wp-content\/uploads\/2025\/09\/Dr.-Andre-Baumann-r.-hoert-gespannt-den-Ausfuehrungen-von-Juergen-Schell-l.-zu.jpg","width":1512,"height":2016},{"@type":"BreadcrumbList","@id":"https:\/\/gruene-reilingen.de\/?p=3208#breadcrumb","itemListElement":[{"@type":"ListItem","position":1,"name":"Startseite","item":"https:\/\/gruene-reilingen.de\/"},{"@type":"ListItem","position":2,"name":"KraichgauKorn: \u201eEin Erfolgsmodell f\u00fcr Artenvielfalt und regionale Wertsch\u00f6pfung\u201c"}]},{"@type":"WebSite","@id":"https:\/\/gruene-reilingen.de\/#website","url":"https:\/\/gruene-reilingen.de\/","name":"B\u00dcNDNIS 90\/DIE GR\u00dcNEN REILINGEN","description":"","potentialAction":[{"@type":"SearchAction","target":{"@type":"EntryPoint","urlTemplate":"https:\/\/gruene-reilingen.de\/?s={search_term_string}"},"query-input":{"@type":"PropertyValueSpecification","valueRequired":true,"valueName":"search_term_string"}}],"inLanguage":"de"},{"@type":"Person","@id":"https:\/\/gruene-reilingen.de\/#\/schema\/person\/f9da928f04550d0db757afd781f08df8","name":"gruene_reilingen","image":{"@type":"ImageObject","inLanguage":"de","@id":"https:\/\/secure.gravatar.com\/avatar\/913acc38ce102bffd85b7d788472a0913fa53d9b1fe59056f1fe4e704a8231cb?s=96&d=mm&r=g","url":"https:\/\/secure.gravatar.com\/avatar\/913acc38ce102bffd85b7d788472a0913fa53d9b1fe59056f1fe4e704a8231cb?s=96&d=mm&r=g","contentUrl":"https:\/\/secure.gravatar.com\/avatar\/913acc38ce102bffd85b7d788472a0913fa53d9b1fe59056f1fe4e704a8231cb?s=96&d=mm&r=g","caption":"gruene_reilingen"},"sameAs":["http:\/\/www.gruene-reilingen.de"],"url":"https:\/\/gruene-reilingen.de\/?author=2"}]}},"_links":{"self":[{"href":"https:\/\/gruene-reilingen.de\/index.php?rest_route=\/wp\/v2\/posts\/3208","targetHints":{"allow":["GET"]}}],"collection":[{"href":"https:\/\/gruene-reilingen.de\/index.php?rest_route=\/wp\/v2\/posts"}],"about":[{"href":"https:\/\/gruene-reilingen.de\/index.php?rest_route=\/wp\/v2\/types\/post"}],"author":[{"embeddable":true,"href":"https:\/\/gruene-reilingen.de\/index.php?rest_route=\/wp\/v2\/users\/2"}],"replies":[{"embeddable":true,"href":"https:\/\/gruene-reilingen.de\/index.php?rest_route=%2Fwp%2Fv2%2Fcomments&post=3208"}],"version-history":[{"count":1,"href":"https:\/\/gruene-reilingen.de\/index.php?rest_route=\/wp\/v2\/posts\/3208\/revisions"}],"predecessor-version":[{"id":3212,"href":"https:\/\/gruene-reilingen.de\/index.php?rest_route=\/wp\/v2\/posts\/3208\/revisions\/3212"}],"wp:attachment":[{"href":"https:\/\/gruene-reilingen.de\/index.php?rest_route=%2Fwp%2Fv2%2Fmedia&parent=3208"}],"wp:term":[{"taxonomy":"category","embeddable":true,"href":"https:\/\/gruene-reilingen.de\/index.php?rest_route=%2Fwp%2Fv2%2Fcategories&post=3208"},{"taxonomy":"post_tag","embeddable":true,"href":"https:\/\/gruene-reilingen.de\/index.php?rest_route=%2Fwp%2Fv2%2Ftags&post=3208"}],"curies":[{"name":"wp","href":"https:\/\/api.w.org\/{rel}","templated":true}]}}