{"id":3213,"date":"2025-09-07T07:55:05","date_gmt":"2025-09-07T07:55:05","guid":{"rendered":"https:\/\/gruene-reilingen.de\/?p=3213"},"modified":"2025-09-07T07:55:07","modified_gmt":"2025-09-07T07:55:07","slug":"tour-zu-besonderen-hofguetern","status":"publish","type":"post","link":"https:\/\/gruene-reilingen.de\/?p=3213","title":{"rendered":"Tour zu besonderen Hofg\u00fctern"},"content":{"rendered":"\r\n\r\n\r\n\r\n\r\n\r\n\r\n\r\n \r\n\r\n\n<p><strong><em>Gr\u00fcne Landtagsabgeordnete Dr. Andre Baumann und Ralf Nentwich haben Wersauer Hof und Johanneshof besucht<\/em><\/strong><\/p>\n\n\n\n<p>\u201eWunderbarer Betrieb, wunderbare Bio-Produkte!\u201c Dr. Andre Baumann, Landtagsabgeordneter der Gr\u00fcnen, ist voll des Lobes \u00fcber den Wersauer Hof in Reilingen. Wie eigentlich immer, wenn er Bio-Landwirt Michael Hoffmann und seine Frau Helga dort besucht. Das tut der Politiker regelm\u00e4\u00dfig, um sich \u00fcber die aktuelle Lage der Landwirtinnen und Landwirte auszutauschen. Und an diesem Tag lauschen sogar vier Ohren den Schilderungen der Hofbetreiber: Baumann hat seinen Landtagskollegen Ralf Nentwich MdL, Abgeordneter aus dem Wahlkreis Backnang und Gr\u00fcner Sprecher f\u00fcr Ern\u00e4hrung, f\u00fcr einen Tag zu sich in den Wahlkreis eingeladen. Auch Nentwich ist begeistert von dem Betrieb, in dem seit 2009 \u00f6kologische Landwirtschaft betrieben wird. \u201eEs ist wirklich toll hier! Und es ist sch\u00f6n zu sehen, dass ein Hofgut auf vielen Standbeinen stehen kann. Auf dem Wersauer Hof f\u00fcgen sich verschiedene Arbeitsbereiche zu einem sehr sch\u00f6nen Gesamtgef\u00fcge zusammen.\u201c<\/p>\n\n\n\n<p>Die Familie Hoffmann bewirtschaftet den Wersauer Hof seit 1999. Neben einer extensiven Rinderhaltung und Landschaftspflege in Schutzgebieten rund um Reilingen werden sowohl ein Hofladen als auch eine Gastronomie betrieben. Au\u00dferdem hat sich der Wersauer Hof als Pferde-Pension mit Aktivstall und als idyllisch gelegenes Hotel Ferme-Auberge im denkmalgesch\u00fctzten Geb\u00e4ude-Ensemble einen regionalen Ruf erarbeitet. Zudem gibt es regelm\u00e4\u00dfige, gut besuchte Musikveranstaltungen. Und das ist noch nicht alles: \u201eWir bauen in geringem Ma\u00dfe Kartoffeln- und Getreide an und machen unser Heu selbst\u201c, sagt Hoffmann. Vor allem Letzteres freut den Natursch\u00fctzer Baumann: \u201ePferden fressen viel n\u00e4hrstoffarmes Heu, und so entstehen Wiesen, die Raum f\u00fcr Artenvielfalt bieten.\u201c<\/p>\n\n\n\n<p>F\u00fcr Landwirt Hoffmann ist es wichtig, mit der Politik im Dialog zu bleiben, wie er sagt. Baumann: \u201eWir haben heute wieder viel Interessantes geh\u00f6rt und gesehen. Aber auch, dass die Aufwendungen teils sehr hoch sind. Wir nehmen einige Aufgaben mit nach Stuttgart.\u201c Genau f\u00fcr solche landwirtschaftlichen Betriebe wie den Wersauer Hof setze sich die Gr\u00fcne Politik ein: \u201eWir m\u00fcssen aber noch einiges tun, damit solche Betriebe eine gute Zukunft haben.\u201c<\/p>\n\n\n\n<p>Neben weiteren Stationen an diesem Tag, besuchten Baumann und Nentwich einen weiteren regional bekannten und etablierten landwirtschaftlichen Betrieb in Baumanns Wahlkreis: Im Johanneshof in Hockenheim kehrten die beiden Landtagsabgeordneten zum Mittagessen ein. Johannes H\u00e4rdle und Harald Schlumpp betreiben auf dem Johanneshof Obst- und Gem\u00fcseanbau, eine Gastwirtschaft, einen Hof- und Stadtladen sowie ein G\u00e4stehaus. Die Politiker genossen nicht nur das gastronomische Essensangebot; auch am Hofladen konnte Ralf Nentwich nicht vorbeigehen: Gleich eine ganze Palette frische Erdbeeren zum Marmeladekochen brachte er sich und seiner Familie mit nach Hause.<\/p>\n\n\n\n<div class=\"wp-block-media-text alignwide is-stacked-on-mobile\"><figure class=\"wp-block-media-text__media\"><img loading=\"lazy\" decoding=\"async\" width=\"436\" height=\"500\" src=\"https:\/\/gruene-reilingen.de\/wp-content\/uploads\/2025\/09\/Unknown-2-436x500.jpg\" alt=\"\" class=\"wp-image-3214 size-full\" srcset=\"https:\/\/gruene-reilingen.de\/wp-content\/uploads\/2025\/09\/Unknown-2-436x500.jpg 436w, https:\/\/gruene-reilingen.de\/wp-content\/uploads\/2025\/09\/Unknown-2-323x370.jpg 323w, https:\/\/gruene-reilingen.de\/wp-content\/uploads\/2025\/09\/Unknown-2.jpg 590w\" sizes=\"auto, (max-width: 436px) 100vw, 436px\" \/><\/figure><div class=\"wp-block-media-text__content\">\n<p>Zum Mittagessen kehrten Ralf Nentwich MdL (links) und Dr. Andre Baumann MdL im Johanneshof in Hockenheim ein und genossen die regionale Produktvielfalt<\/p>\n<\/div><\/div>\n\n\n\n<p><\/p>\n\n\n\n<div class=\"wp-block-media-text alignwide is-stacked-on-mobile\"><figure class=\"wp-block-media-text__media\"><img loading=\"lazy\" decoding=\"async\" width=\"430\" height=\"500\" src=\"https:\/\/gruene-reilingen.de\/wp-content\/uploads\/2025\/09\/Unknown-3-430x500.jpg\" alt=\"\" class=\"wp-image-3215 size-full\" srcset=\"https:\/\/gruene-reilingen.de\/wp-content\/uploads\/2025\/09\/Unknown-3-430x500.jpg 430w, https:\/\/gruene-reilingen.de\/wp-content\/uploads\/2025\/09\/Unknown-3-319x370.jpg 319w, https:\/\/gruene-reilingen.de\/wp-content\/uploads\/2025\/09\/Unknown-3.jpg 582w\" sizes=\"auto, (max-width: 430px) 100vw, 430px\" \/><\/figure><div class=\"wp-block-media-text__content\">\n<p>Haben Bio-Landwirt Michael Hoffmann (rechts im Bild) auf dem Wersauer Hof in Reilingen besucht Dr. Andre Baumann MdL (Mitte) und Ralf Nentwich MdL<\/p>\n<\/div><\/div>\n\n\n\n<p><\/p>\n\n\n\n<div class=\"wp-block-media-text alignwide is-stacked-on-mobile\"><figure class=\"wp-block-media-text__media\"><img loading=\"lazy\" decoding=\"async\" width=\"667\" height=\"500\" src=\"https:\/\/gruene-reilingen.de\/wp-content\/uploads\/2025\/09\/2_Ein-ausfuehrlicher-Austausch-war-sowohl-dem-Landwirt-als-auch-den-Politikern-wichtig-von-links-Ralf-Nentwich-MdL-Dr.-Andre-Baumann-MdL-und-Michael-Hoffmann_Foto-Decher-667x500.jpeg\" alt=\"\" class=\"wp-image-3216 size-full\" srcset=\"https:\/\/gruene-reilingen.de\/wp-content\/uploads\/2025\/09\/2_Ein-ausfuehrlicher-Austausch-war-sowohl-dem-Landwirt-als-auch-den-Politikern-wichtig-von-links-Ralf-Nentwich-MdL-Dr.-Andre-Baumann-MdL-und-Michael-Hoffmann_Foto-Decher-667x500.jpeg 667w, https:\/\/gruene-reilingen.de\/wp-content\/uploads\/2025\/09\/2_Ein-ausfuehrlicher-Austausch-war-sowohl-dem-Landwirt-als-auch-den-Politikern-wichtig-von-links-Ralf-Nentwich-MdL-Dr.-Andre-Baumann-MdL-und-Michael-Hoffmann_Foto-Decher-493x370.jpeg 493w, https:\/\/gruene-reilingen.de\/wp-content\/uploads\/2025\/09\/2_Ein-ausfuehrlicher-Austausch-war-sowohl-dem-Landwirt-als-auch-den-Politikern-wichtig-von-links-Ralf-Nentwich-MdL-Dr.-Andre-Baumann-MdL-und-Michael-Hoffmann_Foto-Decher-768x576.jpeg 768w, https:\/\/gruene-reilingen.de\/wp-content\/uploads\/2025\/09\/2_Ein-ausfuehrlicher-Austausch-war-sowohl-dem-Landwirt-als-auch-den-Politikern-wichtig-von-links-Ralf-Nentwich-MdL-Dr.-Andre-Baumann-MdL-und-Michael-Hoffmann_Foto-Decher-1536x1152.jpeg 1536w, https:\/\/gruene-reilingen.de\/wp-content\/uploads\/2025\/09\/2_Ein-ausfuehrlicher-Austausch-war-sowohl-dem-Landwirt-als-auch-den-Politikern-wichtig-von-links-Ralf-Nentwich-MdL-Dr.-Andre-Baumann-MdL-und-Michael-Hoffmann_Foto-Decher.jpeg 2048w\" sizes=\"auto, (max-width: 667px) 100vw, 667px\" \/><\/figure><div class=\"wp-block-media-text__content\">\n<p>Ein ausf\u00fchrlicher Austausch war sowohl dem Landwirt als auch den Politikern wichtig (von links) Ralf Nentwich MdL, Dr. Andre Baumann MdL und Michael Hoffmann<\/p>\n<\/div><\/div>\n","protected":false},"excerpt":{"rendered":"<p>Gr\u00fcne Landtagsabgeordnete Dr. Andre Baumann und Ralf Nentwich haben Wersauer Hof und Johanneshof besucht \u201eWunderbarer Betrieb, wunderbare Bio-Produkte!\u201c Dr. Andre Baumann, Landtagsabgeordneter der Gr\u00fcnen, ist voll des Lobes \u00fcber den [&hellip;]<\/p>\n","protected":false},"author":-1,"featured_media":0,"comment_status":"open","ping_status":"open","sticky":false,"template":"","format":"standard","meta":{"footnotes":""},"categories":[3],"tags":[],"class_list":["post-3213","post","type-post","status-publish","format-standard","hentry","category-news"],"yoast_head":"<!-- This site is optimized with the Yoast SEO plugin v27.5 - https:\/\/yoast.com\/product\/yoast-seo-wordpress\/ -->\n<title>Tour zu besonderen Hofg\u00fctern - B\u00dcNDNIS 90\/DIE GR\u00dcNEN REILINGEN<\/title>\n<meta name=\"robots\" content=\"index, follow, max-snippet:-1, max-image-preview:large, max-video-preview:-1\" \/>\n<link rel=\"canonical\" href=\"https:\/\/gruene-reilingen.de\/?p=3213\" \/>\n<meta property=\"og:locale\" content=\"de_DE\" \/>\n<meta property=\"og:type\" content=\"article\" \/>\n<meta property=\"og:title\" content=\"Tour zu besonderen Hofg\u00fctern - B\u00dcNDNIS 90\/DIE GR\u00dcNEN REILINGEN\" \/>\n<meta property=\"og:description\" content=\"Gr\u00fcne Landtagsabgeordnete Dr. Andre Baumann und Ralf Nentwich haben Wersauer Hof und Johanneshof besucht \u201eWunderbarer Betrieb, wunderbare Bio-Produkte!\u201c Dr. Andre Baumann, Landtagsabgeordneter der Gr\u00fcnen, ist voll des Lobes \u00fcber den [&hellip;]\" \/>\n<meta property=\"og:url\" content=\"https:\/\/gruene-reilingen.de\/?p=3213\" \/>\n<meta property=\"og:site_name\" content=\"B\u00dcNDNIS 90\/DIE GR\u00dcNEN REILINGEN\" \/>\n<meta property=\"article:published_time\" content=\"2025-09-07T07:55:05+00:00\" \/>\n<meta property=\"article:modified_time\" content=\"2025-09-07T07:55:07+00:00\" \/>\n<meta property=\"og:image\" content=\"https:\/\/gruene-reilingen.de\/wp-content\/uploads\/2025\/09\/Unknown-2-436x500.jpg\" \/>\n<meta name=\"author\" content=\"gruene_reilingen\" \/>\n<meta name=\"twitter:card\" content=\"summary_large_image\" \/>\n<meta name=\"twitter:label1\" content=\"Verfasst von\" \/>\n\t<meta name=\"twitter:data1\" content=\"gruene_reilingen\" \/>\n\t<meta name=\"twitter:label2\" content=\"Gesch\u00e4tzte Lesezeit\" \/>\n\t<meta name=\"twitter:data2\" content=\"4\u00a0Minuten\" \/>\n<script type=\"application\/ld+json\" class=\"yoast-schema-graph\">{\"@context\":\"https:\\\/\\\/schema.org\",\"@graph\":[{\"@type\":\"Article\",\"@id\":\"https:\\\/\\\/gruene-reilingen.de\\\/?p=3213#article\",\"isPartOf\":{\"@id\":\"https:\\\/\\\/gruene-reilingen.de\\\/?p=3213\"},\"author\":{\"name\":\"gruene_reilingen\",\"@id\":\"https:\\\/\\\/gruene-reilingen.de\\\/#\\\/schema\\\/person\\\/f9da928f04550d0db757afd781f08df8\"},\"headline\":\"Tour zu besonderen Hofg\u00fctern\",\"datePublished\":\"2025-09-07T07:55:05+00:00\",\"dateModified\":\"2025-09-07T07:55:07+00:00\",\"mainEntityOfPage\":{\"@id\":\"https:\\\/\\\/gruene-reilingen.de\\\/?p=3213\"},\"wordCount\":508,\"commentCount\":0,\"image\":{\"@id\":\"https:\\\/\\\/gruene-reilingen.de\\\/?p=3213#primaryimage\"},\"thumbnailUrl\":\"https:\\\/\\\/gruene-reilingen.de\\\/wp-content\\\/uploads\\\/2025\\\/09\\\/Unknown-2-436x500.jpg\",\"articleSection\":[\"News\"],\"inLanguage\":\"de\",\"potentialAction\":[{\"@type\":\"CommentAction\",\"name\":\"Comment\",\"target\":[\"https:\\\/\\\/gruene-reilingen.de\\\/?p=3213#respond\"]}]},{\"@type\":\"WebPage\",\"@id\":\"https:\\\/\\\/gruene-reilingen.de\\\/?p=3213\",\"url\":\"https:\\\/\\\/gruene-reilingen.de\\\/?p=3213\",\"name\":\"Tour zu besonderen Hofg\u00fctern - B\u00dcNDNIS 90\\\/DIE GR\u00dcNEN REILINGEN\",\"isPartOf\":{\"@id\":\"https:\\\/\\\/gruene-reilingen.de\\\/#website\"},\"primaryImageOfPage\":{\"@id\":\"https:\\\/\\\/gruene-reilingen.de\\\/?p=3213#primaryimage\"},\"image\":{\"@id\":\"https:\\\/\\\/gruene-reilingen.de\\\/?p=3213#primaryimage\"},\"thumbnailUrl\":\"https:\\\/\\\/gruene-reilingen.de\\\/wp-content\\\/uploads\\\/2025\\\/09\\\/Unknown-2-436x500.jpg\",\"datePublished\":\"2025-09-07T07:55:05+00:00\",\"dateModified\":\"2025-09-07T07:55:07+00:00\",\"author\":{\"@id\":\"https:\\\/\\\/gruene-reilingen.de\\\/#\\\/schema\\\/person\\\/f9da928f04550d0db757afd781f08df8\"},\"breadcrumb\":{\"@id\":\"https:\\\/\\\/gruene-reilingen.de\\\/?p=3213#breadcrumb\"},\"inLanguage\":\"de\",\"potentialAction\":[{\"@type\":\"ReadAction\",\"target\":[\"https:\\\/\\\/gruene-reilingen.de\\\/?p=3213\"]}]},{\"@type\":\"ImageObject\",\"inLanguage\":\"de\",\"@id\":\"https:\\\/\\\/gruene-reilingen.de\\\/?p=3213#primaryimage\",\"url\":\"https:\\\/\\\/gruene-reilingen.de\\\/wp-content\\\/uploads\\\/2025\\\/09\\\/Unknown-2.jpg\",\"contentUrl\":\"https:\\\/\\\/gruene-reilingen.de\\\/wp-content\\\/uploads\\\/2025\\\/09\\\/Unknown-2.jpg\",\"width\":590,\"height\":676},{\"@type\":\"BreadcrumbList\",\"@id\":\"https:\\\/\\\/gruene-reilingen.de\\\/?p=3213#breadcrumb\",\"itemListElement\":[{\"@type\":\"ListItem\",\"position\":1,\"name\":\"Startseite\",\"item\":\"https:\\\/\\\/gruene-reilingen.de\\\/\"},{\"@type\":\"ListItem\",\"position\":2,\"name\":\"Tour zu besonderen Hofg\u00fctern\"}]},{\"@type\":\"WebSite\",\"@id\":\"https:\\\/\\\/gruene-reilingen.de\\\/#website\",\"url\":\"https:\\\/\\\/gruene-reilingen.de\\\/\",\"name\":\"B\u00dcNDNIS 90\\\/DIE GR\u00dcNEN REILINGEN\",\"description\":\"\",\"potentialAction\":[{\"@type\":\"SearchAction\",\"target\":{\"@type\":\"EntryPoint\",\"urlTemplate\":\"https:\\\/\\\/gruene-reilingen.de\\\/?s={search_term_string}\"},\"query-input\":{\"@type\":\"PropertyValueSpecification\",\"valueRequired\":true,\"valueName\":\"search_term_string\"}}],\"inLanguage\":\"de\"},{\"@type\":\"Person\",\"@id\":\"https:\\\/\\\/gruene-reilingen.de\\\/#\\\/schema\\\/person\\\/f9da928f04550d0db757afd781f08df8\",\"name\":\"gruene_reilingen\",\"image\":{\"@type\":\"ImageObject\",\"inLanguage\":\"de\",\"@id\":\"https:\\\/\\\/secure.gravatar.com\\\/avatar\\\/913acc38ce102bffd85b7d788472a0913fa53d9b1fe59056f1fe4e704a8231cb?s=96&d=mm&r=g\",\"url\":\"https:\\\/\\\/secure.gravatar.com\\\/avatar\\\/913acc38ce102bffd85b7d788472a0913fa53d9b1fe59056f1fe4e704a8231cb?s=96&d=mm&r=g\",\"contentUrl\":\"https:\\\/\\\/secure.gravatar.com\\\/avatar\\\/913acc38ce102bffd85b7d788472a0913fa53d9b1fe59056f1fe4e704a8231cb?s=96&d=mm&r=g\",\"caption\":\"gruene_reilingen\"},\"sameAs\":[\"http:\\\/\\\/www.gruene-reilingen.de\"],\"url\":\"https:\\\/\\\/gruene-reilingen.de\\\/?author=2\"}]}<\/script>\n<!-- \/ Yoast SEO plugin. -->","yoast_head_json":{"title":"Tour zu besonderen Hofg\u00fctern - B\u00dcNDNIS 90\/DIE GR\u00dcNEN REILINGEN","robots":{"index":"index","follow":"follow","max-snippet":"max-snippet:-1","max-image-preview":"max-image-preview:large","max-video-preview":"max-video-preview:-1"},"canonical":"https:\/\/gruene-reilingen.de\/?p=3213","og_locale":"de_DE","og_type":"article","og_title":"Tour zu besonderen Hofg\u00fctern - B\u00dcNDNIS 90\/DIE GR\u00dcNEN REILINGEN","og_description":"Gr\u00fcne Landtagsabgeordnete Dr. Andre Baumann und Ralf Nentwich haben Wersauer Hof und Johanneshof besucht \u201eWunderbarer Betrieb, wunderbare Bio-Produkte!\u201c Dr. Andre Baumann, Landtagsabgeordneter der Gr\u00fcnen, ist voll des Lobes \u00fcber den [&hellip;]","og_url":"https:\/\/gruene-reilingen.de\/?p=3213","og_site_name":"B\u00dcNDNIS 90\/DIE GR\u00dcNEN REILINGEN","article_published_time":"2025-09-07T07:55:05+00:00","article_modified_time":"2025-09-07T07:55:07+00:00","og_image":[{"url":"https:\/\/gruene-reilingen.de\/wp-content\/uploads\/2025\/09\/Unknown-2-436x500.jpg","type":"","width":"","height":""}],"author":"gruene_reilingen","twitter_card":"summary_large_image","twitter_misc":{"Verfasst von":"gruene_reilingen","Gesch\u00e4tzte Lesezeit":"4\u00a0Minuten"},"schema":{"@context":"https:\/\/schema.org","@graph":[{"@type":"Article","@id":"https:\/\/gruene-reilingen.de\/?p=3213#article","isPartOf":{"@id":"https:\/\/gruene-reilingen.de\/?p=3213"},"author":{"name":"gruene_reilingen","@id":"https:\/\/gruene-reilingen.de\/#\/schema\/person\/f9da928f04550d0db757afd781f08df8"},"headline":"Tour zu besonderen Hofg\u00fctern","datePublished":"2025-09-07T07:55:05+00:00","dateModified":"2025-09-07T07:55:07+00:00","mainEntityOfPage":{"@id":"https:\/\/gruene-reilingen.de\/?p=3213"},"wordCount":508,"commentCount":0,"image":{"@id":"https:\/\/gruene-reilingen.de\/?p=3213#primaryimage"},"thumbnailUrl":"https:\/\/gruene-reilingen.de\/wp-content\/uploads\/2025\/09\/Unknown-2-436x500.jpg","articleSection":["News"],"inLanguage":"de","potentialAction":[{"@type":"CommentAction","name":"Comment","target":["https:\/\/gruene-reilingen.de\/?p=3213#respond"]}]},{"@type":"WebPage","@id":"https:\/\/gruene-reilingen.de\/?p=3213","url":"https:\/\/gruene-reilingen.de\/?p=3213","name":"Tour zu besonderen Hofg\u00fctern - B\u00dcNDNIS 90\/DIE GR\u00dcNEN REILINGEN","isPartOf":{"@id":"https:\/\/gruene-reilingen.de\/#website"},"primaryImageOfPage":{"@id":"https:\/\/gruene-reilingen.de\/?p=3213#primaryimage"},"image":{"@id":"https:\/\/gruene-reilingen.de\/?p=3213#primaryimage"},"thumbnailUrl":"https:\/\/gruene-reilingen.de\/wp-content\/uploads\/2025\/09\/Unknown-2-436x500.jpg","datePublished":"2025-09-07T07:55:05+00:00","dateModified":"2025-09-07T07:55:07+00:00","author":{"@id":"https:\/\/gruene-reilingen.de\/#\/schema\/person\/f9da928f04550d0db757afd781f08df8"},"breadcrumb":{"@id":"https:\/\/gruene-reilingen.de\/?p=3213#breadcrumb"},"inLanguage":"de","potentialAction":[{"@type":"ReadAction","target":["https:\/\/gruene-reilingen.de\/?p=3213"]}]},{"@type":"ImageObject","inLanguage":"de","@id":"https:\/\/gruene-reilingen.de\/?p=3213#primaryimage","url":"https:\/\/gruene-reilingen.de\/wp-content\/uploads\/2025\/09\/Unknown-2.jpg","contentUrl":"https:\/\/gruene-reilingen.de\/wp-content\/uploads\/2025\/09\/Unknown-2.jpg","width":590,"height":676},{"@type":"BreadcrumbList","@id":"https:\/\/gruene-reilingen.de\/?p=3213#breadcrumb","itemListElement":[{"@type":"ListItem","position":1,"name":"Startseite","item":"https:\/\/gruene-reilingen.de\/"},{"@type":"ListItem","position":2,"name":"Tour zu besonderen Hofg\u00fctern"}]},{"@type":"WebSite","@id":"https:\/\/gruene-reilingen.de\/#website","url":"https:\/\/gruene-reilingen.de\/","name":"B\u00dcNDNIS 90\/DIE GR\u00dcNEN REILINGEN","description":"","potentialAction":[{"@type":"SearchAction","target":{"@type":"EntryPoint","urlTemplate":"https:\/\/gruene-reilingen.de\/?s={search_term_string}"},"query-input":{"@type":"PropertyValueSpecification","valueRequired":true,"valueName":"search_term_string"}}],"inLanguage":"de"},{"@type":"Person","@id":"https:\/\/gruene-reilingen.de\/#\/schema\/person\/f9da928f04550d0db757afd781f08df8","name":"gruene_reilingen","image":{"@type":"ImageObject","inLanguage":"de","@id":"https:\/\/secure.gravatar.com\/avatar\/913acc38ce102bffd85b7d788472a0913fa53d9b1fe59056f1fe4e704a8231cb?s=96&d=mm&r=g","url":"https:\/\/secure.gravatar.com\/avatar\/913acc38ce102bffd85b7d788472a0913fa53d9b1fe59056f1fe4e704a8231cb?s=96&d=mm&r=g","contentUrl":"https:\/\/secure.gravatar.com\/avatar\/913acc38ce102bffd85b7d788472a0913fa53d9b1fe59056f1fe4e704a8231cb?s=96&d=mm&r=g","caption":"gruene_reilingen"},"sameAs":["http:\/\/www.gruene-reilingen.de"],"url":"https:\/\/gruene-reilingen.de\/?author=2"}]}},"_links":{"self":[{"href":"https:\/\/gruene-reilingen.de\/index.php?rest_route=\/wp\/v2\/posts\/3213","targetHints":{"allow":["GET"]}}],"collection":[{"href":"https:\/\/gruene-reilingen.de\/index.php?rest_route=\/wp\/v2\/posts"}],"about":[{"href":"https:\/\/gruene-reilingen.de\/index.php?rest_route=\/wp\/v2\/types\/post"}],"author":[{"embeddable":true,"href":"https:\/\/gruene-reilingen.de\/index.php?rest_route=\/wp\/v2\/users\/2"}],"replies":[{"embeddable":true,"href":"https:\/\/gruene-reilingen.de\/index.php?rest_route=%2Fwp%2Fv2%2Fcomments&post=3213"}],"version-history":[{"count":1,"href":"https:\/\/gruene-reilingen.de\/index.php?rest_route=\/wp\/v2\/posts\/3213\/revisions"}],"predecessor-version":[{"id":3217,"href":"https:\/\/gruene-reilingen.de\/index.php?rest_route=\/wp\/v2\/posts\/3213\/revisions\/3217"}],"wp:attachment":[{"href":"https:\/\/gruene-reilingen.de\/index.php?rest_route=%2Fwp%2Fv2%2Fmedia&parent=3213"}],"wp:term":[{"taxonomy":"category","embeddable":true,"href":"https:\/\/gruene-reilingen.de\/index.php?rest_route=%2Fwp%2Fv2%2Fcategories&post=3213"},{"taxonomy":"post_tag","embeddable":true,"href":"https:\/\/gruene-reilingen.de\/index.php?rest_route=%2Fwp%2Fv2%2Ftags&post=3213"}],"curies":[{"name":"wp","href":"https:\/\/api.w.org\/{rel}","templated":true}]}}